{"id":2534,"date":"2009-12-06T16:52:32","date_gmt":"2009-12-06T13:52:32","guid":{"rendered":"http:\/\/localhost\/wordpress\/2009\/12\/06\/askta-yarin-yoktur-sevgili\/"},"modified":"2009-12-06T16:52:32","modified_gmt":"2009-12-06T13:52:32","slug":"askta-yarin-yoktur-sevgili","status":"publish","type":"post","link":"https:\/\/narteks.net\/index.php\/2009\/12\/06\/askta-yarin-yoktur-sevgili\/","title":{"rendered":"A\u015eKTA YARIN YOKTUR SEVG\u0130L\u0130"},"content":{"rendered":"<p>\u00a0<\/p>\n<p>A\u015fk bu d\u00fcnyan\u0131n \u00f6l\u00e7\u00fcleriyle a\u00e7\u0131klanamaz sevgili. <br \/> O ilkel bir ac\u0131d\u0131r, yaban bir a\u011fr\u0131d\u0131r. <br \/> Gelir  ve i\u00e7imizdeki o \u00e7ok eski bir \u015feye dokunur.<br \/> Sonra bir perde a\u00e7\u0131l\u0131r ve yolculuk ba\u015flar. <br \/> Bu yolculukta art\u0131k para, tarifeler, beklentiler, randevular, taksitler, i\u015f,<br \/> anneler ve korkular yoktur. <br \/> A\u015fk\u0131n kendi ger\u00e7ekli\u011fi vard\u0131r sevgili. <br \/> \u0130nsan bir ba\u015fka \u0131\u015f\u0131\u011fa teslim olur&#8230;   <br \/> A\u015fkta yar\u0131n yoktur sevgili. Zaman ileri do\u011fru de\u011fil, <br \/> i\u00e7eri, y\u00fcreklere, derinlere do\u011fru i\u015flemeye ba\u015flar, bilgele\u015fir. <br \/> Hi\u00e7 bilmedi\u011fi sezgileriyle bulu\u015fur. Y\u00fck\u00fc \u00e7ok a\u011f\u0131rd\u0131r, kendiyle bulu\u015fmu\u015ftur. <br \/> Hem d\u0131\u015f\u0131ndad\u0131r d\u00fcnyan\u0131n, hem de ortas\u0131nda.   <\/p>\n<p> Hindistan&#8217;da Ganj Nehri&#8217;nin k\u0131y\u0131s\u0131nda yak\u0131lan yoksul adam\u0131n <br \/> hissettikleri de onunlad\u0131r, yitirdikleri de&#8230; <br \/> Newyork&#8217;ta, bir sokakta, o kartondan kul\u00fcbesinde ya\u015fayan kad\u0131n\u0131n <br \/> \u00e7\u0131plak yaln\u0131zl\u0131\u011f\u0131 da. Her \u015fey onunlad\u0131r, ona emanettir<br \/> sanki, ama o, \u00e7\u0131ld\u0131rt\u0131c\u0131 bir yaln\u0131zl\u0131k i\u00e7indedir yine de&#8230; <\/p>\n<p> A\u015fk\u0131n k\u00fclt\u00fcrl\u00fc olmakla, bilgili olmakla da ilgisi yoktur sevgili, <br \/> kan\u0131m\u0131za kar\u0131\u015fan ilkel ac\u0131, o yaban a\u011fr\u0131yla hi\u00e7bir kitab\u0131n yazmad\u0131\u011f\u0131 <br \/> hakikatlere daha yak\u0131n\u0131zd\u0131r, inan&#8230;   <br \/> Kim demi\u015fti hat\u0131rlam\u0131yorum, a\u015fk varl\u0131\u011f\u0131n de\u011fil, yoklu\u011fun ac\u0131s\u0131d\u0131r diye. <br \/> Belki de bu y\u00fczden ilk gen\u00e7li\u011fimde, o yo\u011fun a\u015f\u0131k oldu\u011fum y\u0131llarda, <br \/> g\u00f6z\u00fcme uyku girmez, duda\u011f\u0131mda bir \u0131sl\u0131kla b\u00fct\u00fcn gece \u015fehri, <br \/> o karanl\u0131k, o h\u00fcz\u00fcnl\u00fc sokaklar\u0131 dola\u015f\u0131r, insanlar\u0131 uykular\u0131ndan uyand\u0131rmak isterdim. <br \/> Uyan\u0131p, i\u00e7imde derin bir s\u0131z\u0131yla uyanan o derin sanc\u0131n\u0131n ac\u0131s\u0131na ortak olsunlar diye&#8230;<\/p>\n<p> A\u015fk \u00e7ok eski bir \u015feydir sevgili. <br \/> Onun i\u00e7inden o \u00e7ileli \u00e7ocuklu\u011fumuz ge\u00e7er. <br \/> Sevdi\u011fimiz insanlar\u0131n \u00e7ocukluklar\u0131 da&#8230; <br \/> Oradan \u00fcvey anneler, eksik babalar, paras\u0131z yat\u0131l\u0131lar ge\u00e7er. <br \/> Ve sonra a\u015fk b\u00fct\u00fcn bunlar\u0131 al\u0131r, daha da eskilere gider,<br \/> hep o ilkel ac\u0131ya, o yaban a\u011fr\u0131ya&#8230;   <\/p>\n<p> \u0130nsan bazen nedensiz yere umutsuzlu\u011fa kap\u0131l\u0131r. <br \/> Kimselere veremez sevgisini, kimselere kendini anlatamaz, evlere kapan\u0131r&#8230; <br \/> Bazen denizler, k\u0131y\u0131lar \u00e7eker insan\u0131. <br \/> \u0130nsan bu kap\u0131lmay\u0131 anlayamaz, oysa \u00e7ok eski bir yerde <br \/> ya\u015fanmas\u0131ndan korkulup vazge\u00e7ilmez a\u015fklar\u0131n s\u0131z\u0131s\u0131d\u0131r bu. <br \/> Bu s\u0131z\u0131, bu yenilgi mevsimlerle y\u0131llarla devredilir ba\u015fka insanlara&#8230; <br \/> Bir insan\u0131n yapt\u0131\u011f\u0131 bir hatan\u0131n t\u00fcm insanlara yay\u0131lmas\u0131 gibi&#8230;   <\/p>\n<p> \u0130\u015fte \u015fimdi biz de sevgili, ya olmad\u0131k zamanlarda <br \/> umutsuzlu\u011fa kap\u0131l\u0131p, solu\u011fu evlerde alaca\u011f\u0131z, ya da denizler,<br \/> k\u0131y\u0131lar \u00e7ekecek bizi. Nas\u0131l biz ba\u015fkalar\u0131n\u0131n <br \/> korkakl\u0131\u011f\u0131n\u0131 ta\u015f\u0131yorsak, ba\u015fkalar\u0131 da bizim korkakl\u0131\u011f\u0131m\u0131z\u0131 ta\u015f\u0131yacak, yenilgimizi, umutsuzlu\u011fumuzu&#8230;   <\/p>\n<p> Birazdan sabah olacak&#8230;   <br \/> Para, tarifeler, beklentiler, randevular, taksitler, i\u015f, <br \/> anneler ve korkular ba\u015flayacak&#8230; <br \/> Bunlar varsa ve bizim i\u00e7in ge\u00e7erliyse a\u015fk yoktur ve<br \/> hi\u00e7 olmam\u0131\u015ft\u0131r sevgili. Birbirimizi kand\u0131rmayal\u0131m&#8230;   <\/p>\n<p> Hadi g\u00fcne haz\u0131rlan. Ya\u015fad\u0131klar\u0131m\u0131z\u0131 unutmaya \u00e7al\u0131\u015f.<br \/> A\u015fk bize g\u00fcvenip verdi\u011fi b\u00fcy\u00fcs\u00fcn\u00fc, s\u0131rlar\u0131n\u0131,<br \/> cesaretini, bilgeli\u011fini ve o ilkel, o yaban a\u011fr\u0131s\u0131n\u0131 geri<br \/> alacak. Bunlar olurken i\u00e7imiz bir an \u00e7ok \u00fc\u015f\u00fcyecek, sonra ge\u00e7ecek&#8230;   <\/p>\n<p> Hadi, oyalanma birazdan yar\u0131n olacak&#8230;   <\/p>\n<p> A\u015fkta yar\u0131n yoktur sevgili&#8230;<\/p>\n<p>Cezmi ERS\u00d6Z<\/p>\n","protected":false},"excerpt":{"rendered":"<p>\u00a0 A\u015fk bu d\u00fcnyan\u0131n \u00f6l\u00e7\u00fcleriyle a\u00e7\u0131klanamaz sevgili. O ilkel bir ac\u0131d\u0131r, yaban bir a\u011fr\u0131d\u0131r. Gelir ve i\u00e7imizdeki o \u00e7ok eski bir \u015feye dokunur. Sonra bir perde a\u00e7\u0131l\u0131r ve yolculuk ba\u015flar. Bu yolculukta art\u0131k para, tarifeler, beklentiler, randevular, taksitler, i\u015f, anneler ve korkular yoktur. A\u015fk\u0131n kendi ger\u00e7ekli\u011fi vard\u0131r sevgili. \u0130nsan bir ba\u015fka \u0131\u015f\u0131\u011fa teslim olur&#8230; A\u015fkta [&hellip;]<\/p>\n","protected":false},"author":1,"featured_media":0,"comment_status":"open","ping_status":"open","sticky":false,"template":"","format":"standard","meta":{"footnotes":""},"categories":[18],"tags":[],"class_list":{"0":"post-2534","1":"post","2":"type-post","3":"status-publish","4":"format-standard","6":"category-cezmi-ersoz"},"yoast_head":"<!-- This site is optimized with the Yoast SEO Premium plugin v24.9 (Yoast SEO v24.9) - https:\/\/yoast.com\/wordpress\/plugins\/seo\/ -->\n<title>A\u015eKTA YARIN YOKTUR SEVG\u0130L\u0130 - narteks.net<\/title>\n<meta name=\"robots\" content=\"index, follow, max-snippet:-1, max-image-preview:large, max-video-preview:-1\" \/>\n<link rel=\"canonical\" href=\"https:\/\/narteks.net\/index.php\/2009\/12\/06\/askta-yarin-yoktur-sevgili\/\" \/>\n<meta property=\"og:locale\" content=\"tr_TR\" \/>\n<meta property=\"og:type\" content=\"article\" \/>\n<meta property=\"og:title\" content=\"A\u015eKTA YARIN YOKTUR SEVG\u0130L\u0130\" \/>\n<meta property=\"og:description\" content=\"\u00a0 A\u015fk bu d\u00fcnyan\u0131n \u00f6l\u00e7\u00fcleriyle a\u00e7\u0131klanamaz sevgili. O ilkel bir ac\u0131d\u0131r, yaban bir a\u011fr\u0131d\u0131r. Gelir ve i\u00e7imizdeki o \u00e7ok eski bir \u015feye dokunur. Sonra bir perde a\u00e7\u0131l\u0131r ve yolculuk ba\u015flar. Bu yolculukta art\u0131k para, tarifeler, beklentiler, randevular, taksitler, i\u015f, anneler ve korkular yoktur. A\u015fk\u0131n kendi ger\u00e7ekli\u011fi vard\u0131r sevgili. \u0130nsan bir ba\u015fka \u0131\u015f\u0131\u011fa teslim olur&#8230; A\u015fkta [&hellip;]\" \/>\n<meta property=\"og:url\" content=\"https:\/\/narteks.net\/index.php\/2009\/12\/06\/askta-yarin-yoktur-sevgili\/\" \/>\n<meta property=\"og:site_name\" content=\"narteks.net\" \/>\n<meta property=\"article:published_time\" content=\"2009-12-06T13:52:32+00:00\" \/>\n<meta property=\"og:image\" content=\"https:\/\/narteks.net\/wp-content\/uploads\/narteks.png\" \/>\n\t<meta property=\"og:image:width\" content=\"300\" \/>\n\t<meta property=\"og:image:height\" content=\"90\" \/>\n\t<meta property=\"og:image:type\" content=\"image\/png\" \/>\n<meta name=\"author\" content=\"Tar\u0131k\" \/>\n<meta name=\"twitter:card\" content=\"summary_large_image\" \/>\n<meta name=\"twitter:creator\" content=\"@narteks\" \/>\n<meta name=\"twitter:site\" content=\"@narteks\" \/>\n<meta name=\"twitter:label1\" content=\"Yazan:\" \/>\n\t<meta name=\"twitter:data1\" content=\"Tar\u0131k\" \/>\n\t<meta name=\"twitter:label2\" content=\"Tahmini okuma s\u00fcresi\" \/>\n\t<meta name=\"twitter:data2\" content=\"3 dakika\" \/>\n<script type=\"application\/ld+json\" class=\"yoast-schema-graph\">{\"@context\":\"https:\/\/schema.org\",\"@graph\":[{\"@type\":\"Article\",\"@id\":\"https:\/\/narteks.net\/index.php\/2009\/12\/06\/askta-yarin-yoktur-sevgili\/#article\",\"isPartOf\":{\"@id\":\"https:\/\/narteks.net\/index.php\/2009\/12\/06\/askta-yarin-yoktur-sevgili\/\"},\"author\":{\"name\":\"Tar\u0131k\",\"@id\":\"https:\/\/narteks.net\/#\/schema\/person\/61f37d9834294b72d31d274e7ed79bca\"},\"headline\":\"A\u015eKTA YARIN YOKTUR SEVG\u0130L\u0130\",\"datePublished\":\"2009-12-06T13:52:32+00:00\",\"mainEntityOfPage\":{\"@id\":\"https:\/\/narteks.net\/index.php\/2009\/12\/06\/askta-yarin-yoktur-sevgili\/\"},\"wordCount\":596,\"commentCount\":0,\"publisher\":{\"@id\":\"https:\/\/narteks.net\/#organization\"},\"articleSection\":[\"Cezmi ERS\u00d6Z\"],\"inLanguage\":\"tr\",\"potentialAction\":[{\"@type\":\"CommentAction\",\"name\":\"Comment\",\"target\":[\"https:\/\/narteks.net\/index.php\/2009\/12\/06\/askta-yarin-yoktur-sevgili\/#respond\"]}]},{\"@type\":\"WebPage\",\"@id\":\"https:\/\/narteks.net\/index.php\/2009\/12\/06\/askta-yarin-yoktur-sevgili\/\",\"url\":\"https:\/\/narteks.net\/index.php\/2009\/12\/06\/askta-yarin-yoktur-sevgili\/\",\"name\":\"A\u015eKTA YARIN YOKTUR SEVG\u0130L\u0130 - narteks.net\",\"isPartOf\":{\"@id\":\"https:\/\/narteks.net\/#website\"},\"datePublished\":\"2009-12-06T13:52:32+00:00\",\"breadcrumb\":{\"@id\":\"https:\/\/narteks.net\/index.php\/2009\/12\/06\/askta-yarin-yoktur-sevgili\/#breadcrumb\"},\"inLanguage\":\"tr\",\"potentialAction\":[{\"@type\":\"ReadAction\",\"target\":[\"https:\/\/narteks.net\/index.php\/2009\/12\/06\/askta-yarin-yoktur-sevgili\/\"]}]},{\"@type\":\"BreadcrumbList\",\"@id\":\"https:\/\/narteks.net\/index.php\/2009\/12\/06\/askta-yarin-yoktur-sevgili\/#breadcrumb\",\"itemListElement\":[{\"@type\":\"ListItem\",\"position\":1,\"name\":\"Anasayfa\",\"item\":\"https:\/\/narteks.net\/\"},{\"@type\":\"ListItem\",\"position\":2,\"name\":\"A\u015eKTA YARIN YOKTUR SEVG\u0130L\u0130\"}]},{\"@type\":\"WebSite\",\"@id\":\"https:\/\/narteks.net\/#website\",\"url\":\"https:\/\/narteks.net\/\",\"name\":\"narteks.net\",\"description\":\"K\u00fclt\u00fcr Sanat Edebiyat Felsefe\",\"publisher\":{\"@id\":\"https:\/\/narteks.net\/#organization\"},\"alternateName\":\"K\u00fclt\u00fcr Sanat Edebiyat Felsefe\",\"potentialAction\":[{\"@type\":\"SearchAction\",\"target\":{\"@type\":\"EntryPoint\",\"urlTemplate\":\"https:\/\/narteks.net\/?s={search_term_string}\"},\"query-input\":{\"@type\":\"PropertyValueSpecification\",\"valueRequired\":true,\"valueName\":\"search_term_string\"}}],\"inLanguage\":\"tr\"},{\"@type\":\"Organization\",\"@id\":\"https:\/\/narteks.net\/#organization\",\"name\":\"narteks.net\",\"url\":\"https:\/\/narteks.net\/\",\"logo\":{\"@type\":\"ImageObject\",\"inLanguage\":\"tr\",\"@id\":\"https:\/\/narteks.net\/#\/schema\/logo\/image\/\",\"url\":\"https:\/\/narteks.net\/wp-content\/uploads\/narteks.png\",\"contentUrl\":\"https:\/\/narteks.net\/wp-content\/uploads\/narteks.png\",\"width\":300,\"height\":90,\"caption\":\"narteks.net\"},\"image\":{\"@id\":\"https:\/\/narteks.net\/#\/schema\/logo\/image\/\"},\"sameAs\":[\"https:\/\/x.com\/narteks\",\"https:\/\/instagram.com\/narteksnet\"]},{\"@type\":\"Person\",\"@id\":\"https:\/\/narteks.net\/#\/schema\/person\/61f37d9834294b72d31d274e7ed79bca\",\"name\":\"Tar\u0131k\",\"image\":{\"@type\":\"ImageObject\",\"inLanguage\":\"tr\",\"@id\":\"https:\/\/narteks.net\/#\/schema\/person\/image\/\",\"url\":\"https:\/\/secure.gravatar.com\/avatar\/50865afb55632c4ae467e0af0930f6510aa2297d8014be502a55b14f3b7550cf?s=96&d=mm&r=g\",\"contentUrl\":\"https:\/\/secure.gravatar.com\/avatar\/50865afb55632c4ae467e0af0930f6510aa2297d8014be502a55b14f3b7550cf?s=96&d=mm&r=g\",\"caption\":\"Tar\u0131k\"},\"sameAs\":[\"http:\/\/narteks.net\"],\"url\":\"https:\/\/narteks.net\/index.php\/author\/narbak\/\"}]}<\/script>\n<!-- \/ Yoast SEO Premium plugin. -->","yoast_head_json":{"title":"A\u015eKTA YARIN YOKTUR SEVG\u0130L\u0130 - narteks.net","robots":{"index":"index","follow":"follow","max-snippet":"max-snippet:-1","max-image-preview":"max-image-preview:large","max-video-preview":"max-video-preview:-1"},"canonical":"https:\/\/narteks.net\/index.php\/2009\/12\/06\/askta-yarin-yoktur-sevgili\/","og_locale":"tr_TR","og_type":"article","og_title":"A\u015eKTA YARIN YOKTUR SEVG\u0130L\u0130","og_description":"\u00a0 A\u015fk bu d\u00fcnyan\u0131n \u00f6l\u00e7\u00fcleriyle a\u00e7\u0131klanamaz sevgili. O ilkel bir ac\u0131d\u0131r, yaban bir a\u011fr\u0131d\u0131r. Gelir ve i\u00e7imizdeki o \u00e7ok eski bir \u015feye dokunur. Sonra bir perde a\u00e7\u0131l\u0131r ve yolculuk ba\u015flar. Bu yolculukta art\u0131k para, tarifeler, beklentiler, randevular, taksitler, i\u015f, anneler ve korkular yoktur. A\u015fk\u0131n kendi ger\u00e7ekli\u011fi vard\u0131r sevgili. \u0130nsan bir ba\u015fka \u0131\u015f\u0131\u011fa teslim olur&#8230; A\u015fkta [&hellip;]","og_url":"https:\/\/narteks.net\/index.php\/2009\/12\/06\/askta-yarin-yoktur-sevgili\/","og_site_name":"narteks.net","article_published_time":"2009-12-06T13:52:32+00:00","og_image":[{"width":300,"height":90,"url":"https:\/\/narteks.net\/wp-content\/uploads\/narteks.png","type":"image\/png"}],"author":"Tar\u0131k","twitter_card":"summary_large_image","twitter_creator":"@narteks","twitter_site":"@narteks","twitter_misc":{"Yazan:":"Tar\u0131k","Tahmini okuma s\u00fcresi":"3 dakika"},"schema":{"@context":"https:\/\/schema.org","@graph":[{"@type":"Article","@id":"https:\/\/narteks.net\/index.php\/2009\/12\/06\/askta-yarin-yoktur-sevgili\/#article","isPartOf":{"@id":"https:\/\/narteks.net\/index.php\/2009\/12\/06\/askta-yarin-yoktur-sevgili\/"},"author":{"name":"Tar\u0131k","@id":"https:\/\/narteks.net\/#\/schema\/person\/61f37d9834294b72d31d274e7ed79bca"},"headline":"A\u015eKTA YARIN YOKTUR SEVG\u0130L\u0130","datePublished":"2009-12-06T13:52:32+00:00","mainEntityOfPage":{"@id":"https:\/\/narteks.net\/index.php\/2009\/12\/06\/askta-yarin-yoktur-sevgili\/"},"wordCount":596,"commentCount":0,"publisher":{"@id":"https:\/\/narteks.net\/#organization"},"articleSection":["Cezmi ERS\u00d6Z"],"inLanguage":"tr","potentialAction":[{"@type":"CommentAction","name":"Comment","target":["https:\/\/narteks.net\/index.php\/2009\/12\/06\/askta-yarin-yoktur-sevgili\/#respond"]}]},{"@type":"WebPage","@id":"https:\/\/narteks.net\/index.php\/2009\/12\/06\/askta-yarin-yoktur-sevgili\/","url":"https:\/\/narteks.net\/index.php\/2009\/12\/06\/askta-yarin-yoktur-sevgili\/","name":"A\u015eKTA YARIN YOKTUR SEVG\u0130L\u0130 - narteks.net","isPartOf":{"@id":"https:\/\/narteks.net\/#website"},"datePublished":"2009-12-06T13:52:32+00:00","breadcrumb":{"@id":"https:\/\/narteks.net\/index.php\/2009\/12\/06\/askta-yarin-yoktur-sevgili\/#breadcrumb"},"inLanguage":"tr","potentialAction":[{"@type":"ReadAction","target":["https:\/\/narteks.net\/index.php\/2009\/12\/06\/askta-yarin-yoktur-sevgili\/"]}]},{"@type":"BreadcrumbList","@id":"https:\/\/narteks.net\/index.php\/2009\/12\/06\/askta-yarin-yoktur-sevgili\/#breadcrumb","itemListElement":[{"@type":"ListItem","position":1,"name":"Anasayfa","item":"https:\/\/narteks.net\/"},{"@type":"ListItem","position":2,"name":"A\u015eKTA YARIN YOKTUR SEVG\u0130L\u0130"}]},{"@type":"WebSite","@id":"https:\/\/narteks.net\/#website","url":"https:\/\/narteks.net\/","name":"narteks.net","description":"K\u00fclt\u00fcr Sanat Edebiyat Felsefe","publisher":{"@id":"https:\/\/narteks.net\/#organization"},"alternateName":"K\u00fclt\u00fcr Sanat Edebiyat Felsefe","potentialAction":[{"@type":"SearchAction","target":{"@type":"EntryPoint","urlTemplate":"https:\/\/narteks.net\/?s={search_term_string}"},"query-input":{"@type":"PropertyValueSpecification","valueRequired":true,"valueName":"search_term_string"}}],"inLanguage":"tr"},{"@type":"Organization","@id":"https:\/\/narteks.net\/#organization","name":"narteks.net","url":"https:\/\/narteks.net\/","logo":{"@type":"ImageObject","inLanguage":"tr","@id":"https:\/\/narteks.net\/#\/schema\/logo\/image\/","url":"https:\/\/narteks.net\/wp-content\/uploads\/narteks.png","contentUrl":"https:\/\/narteks.net\/wp-content\/uploads\/narteks.png","width":300,"height":90,"caption":"narteks.net"},"image":{"@id":"https:\/\/narteks.net\/#\/schema\/logo\/image\/"},"sameAs":["https:\/\/x.com\/narteks","https:\/\/instagram.com\/narteksnet"]},{"@type":"Person","@id":"https:\/\/narteks.net\/#\/schema\/person\/61f37d9834294b72d31d274e7ed79bca","name":"Tar\u0131k","image":{"@type":"ImageObject","inLanguage":"tr","@id":"https:\/\/narteks.net\/#\/schema\/person\/image\/","url":"https:\/\/secure.gravatar.com\/avatar\/50865afb55632c4ae467e0af0930f6510aa2297d8014be502a55b14f3b7550cf?s=96&d=mm&r=g","contentUrl":"https:\/\/secure.gravatar.com\/avatar\/50865afb55632c4ae467e0af0930f6510aa2297d8014be502a55b14f3b7550cf?s=96&d=mm&r=g","caption":"Tar\u0131k"},"sameAs":["http:\/\/narteks.net"],"url":"https:\/\/narteks.net\/index.php\/author\/narbak\/"}]}},"_links":{"self":[{"href":"https:\/\/narteks.net\/index.php\/wp-json\/wp\/v2\/posts\/2534","targetHints":{"allow":["GET"]}}],"collection":[{"href":"https:\/\/narteks.net\/index.php\/wp-json\/wp\/v2\/posts"}],"about":[{"href":"https:\/\/narteks.net\/index.php\/wp-json\/wp\/v2\/types\/post"}],"author":[{"embeddable":true,"href":"https:\/\/narteks.net\/index.php\/wp-json\/wp\/v2\/users\/1"}],"replies":[{"embeddable":true,"href":"https:\/\/narteks.net\/index.php\/wp-json\/wp\/v2\/comments?post=2534"}],"version-history":[{"count":0,"href":"https:\/\/narteks.net\/index.php\/wp-json\/wp\/v2\/posts\/2534\/revisions"}],"wp:attachment":[{"href":"https:\/\/narteks.net\/index.php\/wp-json\/wp\/v2\/media?parent=2534"}],"wp:term":[{"taxonomy":"category","embeddable":true,"href":"https:\/\/narteks.net\/index.php\/wp-json\/wp\/v2\/categories?post=2534"},{"taxonomy":"post_tag","embeddable":true,"href":"https:\/\/narteks.net\/index.php\/wp-json\/wp\/v2\/tags?post=2534"}],"curies":[{"name":"wp","href":"https:\/\/api.w.org\/{rel}","templated":true}]}}