{"id":2538,"date":"2009-12-06T16:56:50","date_gmt":"2009-12-06T13:56:50","guid":{"rendered":"http:\/\/localhost\/wordpress\/2009\/12\/06\/ben-yazarken-kendi-yuzume-tukuruyorum\/"},"modified":"2009-12-06T16:56:50","modified_gmt":"2009-12-06T13:56:50","slug":"ben-yazarken-kendi-yuzume-tukuruyorum","status":"publish","type":"post","link":"https:\/\/narteks.net\/index.php\/2009\/12\/06\/ben-yazarken-kendi-yuzume-tukuruyorum\/","title":{"rendered":"BEN YAZARKEN KEND\u0130 Y\u00dcZ\u00dcME T\u00dcK\u00dcR\u00dcYORUM"},"content":{"rendered":"<p>\u00a0<\/p>\n<p style=\"text-align: justify;\">Geriye do\u011fru bakt\u0131\u011f\u0131mda&#8230;<\/p>\n<p>Geriye do\u011fru bakt\u0131\u011f\u0131mda, \u00e7\u00fcnk\u00fc ancak b\u00f6yle anla\u015f\u0131l\u0131yor baz\u0131 \u015feyler, ben asl\u0131nda ilkokul 4.-5. s\u0131n\u0131ftan itibaren yazar olmay\u0131 kafama koymu\u015fum. Ama bu ciddi, planl\u0131 projeli bir d\u00fc\u015f\u00fcnce halinde de\u011fil. Tabi babamdan gelen Kuvay-\u0131 Milliye, Kemalistlik, subayl\u0131k da var. Bu y\u00fczden iyi, yard\u0131msever, d\u00fcr\u00fcst, \u00e7evresinde say\u0131lan sevilen adam yani bir t\u00fcr kahraman olmak \u00fczere yeti\u015ftirildik biz. \u00c7ok k\u00fc\u00e7\u00fck olanaklarla zengin \u00e7ocuklar\u0131n\u0131n \u00f6n\u00fcne ge\u00e7me projesi&#8230;Kemalizm biraz da b\u00f6yle bir proje. Hadi bakal\u0131m kendinizi g\u00f6sterin projesi, romantik bir proje bu. \u00d6te yandan korkun\u00e7 bir oyun bu. Ba\u015ftan a\u015fa\u011f\u0131 yanl\u0131\u015f hesaplarla dolu. Belli olanaklar baban\u0131n maa\u015f\u0131 belli, makarna yumurta yiyorsun, hadi bakal\u0131m benim \u00e7ocu\u011fum nas\u0131l ge\u00e7ecek sizi projesi, \u00fcstelik iyi adam olacak ve onlar\u0131 da ge\u00e7eceksiniz. Okudu\u011fun okul belli, mahalle devlet okullar\u0131.<\/p>\n<p>Hi\u00e7 unutmuyorum&#8230;<\/p>\n<p>Kabata\u015f Erkek Lisesi&#8217;ne kayd\u0131m\u0131 yapt\u0131racakt\u0131m. Babam hastayd\u0131, ayaklar\u0131 \u015fi\u015fmi\u015fti. Makasla pantolonunun pa\u00e7alar\u0131n\u0131 kesmi\u015fti ve aya\u011f\u0131nda terlik vard\u0131. \u00c7ok komik g\u00f6r\u00fcn\u00fcyordu. Emekli bir albay fakat cebinde paras\u0131 yok. M\u00fcd\u00fcr \u00e7ocu\u011fu yat\u0131l\u0131 verin demi\u015f. Ev Suadiye&#8217;de okul Ortak\u00f6y&#8217;de. O zaman k\u00f6pr\u00fc de yok. Gidi\u015f-d\u00f6n\u00fc\u015f 4 saat. Ama yat\u0131l\u0131 paras\u0131 yok. G\u00fcnd\u00fczc\u00fc olsun, gitsin-gelsin demi\u015f babam. Tart\u0131\u015fm\u0131\u015flar. M\u00fcd\u00fcr, alm\u0131yoruz \u00e7ocu\u011funuzu okula deyince babam \u00e7\u0131karm\u0131\u015f beylik tabancas\u0131n\u0131 m\u00fcd\u00fcr\u00fcn masas\u0131na koymu\u015f. Al\u0131yor musun alm\u0131yor musun?\u00a0 odadan bir \u00e7\u0131kt\u0131, k\u0131pk\u0131rm\u0131z\u0131 bir surat. Gemileri yakt\u0131k o\u011flum dedi. Baba ne gemileri&#8230; dedi ki; O\u011flum durum ciddi. K\u00fc\u00e7\u00fck \u00e7elimsiz bir \u00e7ocu\u011fum. Kayd\u0131m\u0131z\u0131 yapt\u0131rd\u0131k, girdik okula. \u0130lk d\u00f6nem iki zay\u0131f geldi karneye. Hi\u00e7 unutmuyorum, babam teess\u00fcf ederim dedi. Ulan bu okulda birinci olcam dedim. \u00c7\u00fcnk\u00fc baba senin ad\u0131na gurur sava\u015f\u0131 vermi\u015f, gemiler yakm\u0131\u015f, adamca\u011f\u0131z onuruyla ya\u015fam\u0131\u015f ve sen onun misyonunu y\u00fckleniyorsun.<\/p>\n<p>Can havliyle&#8230;<\/p>\n<p>Memur ailelerinde bir \u00e7alkant\u0131 vard\u0131r. Can havliyle okursun, can havliyle ya\u015fars\u0131n. Uzun vadede ne olacak diye d\u00fc\u015f\u00fcnemezsin. Lisede \u00fcniversiteye girebilmek i\u00e7in fen b\u00f6l\u00fcmlerinden mezun olmak gerekir. Ben de fen b\u00f6l\u00fcm\u00fcndeydim. Aras\u0131ra edebiyat s\u0131n\u0131f\u0131na giderdim. Millet orada Necatigil okuyor, Orhan Veli, \u00d6zdemir Asaf okuyor. \u00d6zeniyorum onlara, \u00e7\u00fcnk\u00fc onlar edebiyat deyip kaybetmi\u015fler zaten. \u00dcniversiteye giremeyecekler ama mutlular. Ben ba\u015far\u0131l\u0131 olmay\u0131 mutlu olmaya ye\u011f tuttum. \u00c7\u00fcnk\u00fc ba\u015far\u0131l\u0131 olmak zorundayd\u0131m. Ailenin seni bir kere daha okutma \u015fans\u0131 yok. S\u0131n\u0131f\u0131 ge\u00e7mek zorundas\u0131n. Halkalar \u00e7ok gev\u015fek yani. Hadi lan bu sene de asay\u0131m, hayat\u0131n tad\u0131n\u0131 \u00e7\u0131kartay\u0131m biraz dedi\u011fin anda kayars\u0131n. Yani can havli s\u00f6z konusu oldu\u011funda kimse kimsenin bohem macera aray\u0131\u015f\u0131n\u0131 ta\u015f\u0131yamaz. B\u00f6ylece edebiyat hep gizli, yasak bir tutku olarak varoluyor bende. O da me\u011fer ya\u015fam\u0131n\u0131n ta kendisi olmu\u015f, meslek de\u011fil yani.<\/p>\n<p>Kemalizm&#8217;e g\u00f6n\u00fcl ba\u011flam\u0131\u015f&#8230;<\/p>\n<p>Kemalizm&#8217;e g\u00f6n\u00fcl ba\u011flam\u0131\u015f ve kaybetmi\u015f bir aile benim ailem. Danslar, tangolar, radyo piyeslerine a\u011flamalar, arkas\u0131 yar\u0131nlar \u00fczerine sohbetler&#8230; Bir \u00fctopya ya\u015fam\u0131\u015flar, ama \u00fctopya duvara \u00e7arpm\u0131\u015f. Benim babam o \u00fctopyan\u0131n duvara \u00e7arpt\u0131\u011f\u0131n\u0131 \u00d6zal&#8217;la anlad\u0131. Kemalizm&#8217;in kaybetti\u011fini, Kemalizm&#8217;e g\u00f6n\u00fclden ba\u011flanan o samimi insanlar\u0131n kaybetti\u011fini babamda g\u00f6rd\u00fcm. Babamla beraber ben de yenildim. \u00c7\u00fcnk\u00fc ben o tarihe ne, o insanlar\u0131n yenilmi\u015fli\u011fine tan\u0131\u011f\u0131m.<\/p>\n<p>Cezmi Ers\u00f6z Kaybetmeye&#8230;<\/p>\n<p>Cezmi Ers\u00f6z kaybetmeye mahkumdur. Kaybettik\u00e7e haz al\u0131yorum. Mazo\u015fizm de\u011fil bu. Benim ruhum b\u00f6yle olu\u015fmu\u015f. Kaybetmek bana \u015fiirsel bir tad veriyor. Aya\u011f\u0131m kayd\u0131k\u00e7a, birileri taraf\u0131ndan kazand\u0131\u011f\u0131m ba\u015far\u0131 elimden al\u0131nd\u0131k\u00e7a ben kendime Hah tamam \u015fimdi sensin diyorum. Ben kaybedince kazan\u0131yorum. Kendimle bulu\u015fuyorum. Yenilgiyi \u00f6ven birisi de\u011filim. Ama bu kadar adaletsiz bir toplumda ba\u015far\u0131l\u0131 olmak bana yanl\u0131\u015f m\u0131 yapt\u0131m?\u00a0 sorusunu sorduruyor. Bu soruyu sorunca kendime tezgah a\u00e7\u0131p, kendime \u00e7elme tak\u0131yorum. Bunu yap\u0131yorum ki beni okuyan, yaz\u0131lar\u0131m\u0131 seven insanlara biraz daha yakla\u015fay\u0131m, hi\u00e7 olmazsa onlardan kopmayay\u0131m. Ba\u015far\u0131y\u0131 k\u00fc\u00e7\u00fcmsememizin bir nedeni de bilin\u00e7alt\u0131m\u0131zdaki korku ile ilgili. Ba\u015far\u0131y\u0131 istemiyor muyduk? Hem de \u00e7ok. Biz zaten ba\u015far\u0131ya ko\u015fulland\u0131r\u0131lm\u0131\u015f \u00e7ocuklard\u0131k. Ancak \u00f6te yandan kazand\u0131\u011f\u0131m\u0131z ba\u015far\u0131n\u0131n tad\u0131n\u0131 biraz olsun ya\u015fayamadan, zenginlerin, iktidar sahiplerinin, g\u00fc\u00e7l\u00fc insanlar\u0131n gelip hemen elimizden alaca\u011f\u0131n\u0131 d\u00fc\u015f\u00fcnd\u00fc\u011f\u00fcm\u00fczden, belki de bu ac\u0131y\u0131 hafifletmek i\u00e7in ba\u015far\u0131y\u0131 k\u00fc\u00e7\u00fcmsedik. Kendi oyununu, kendi ba\u015far\u0131n\u0131 g\u00f6lgeleme iste\u011fi.<\/p>\n<p>\u0130nsanlara bak\u0131yorum&#8230;<\/p>\n<p>\u0130nsanlara bak\u0131yorum, inan\u0131lmaz bir tutarl\u0131l\u0131k \u00e7izgisi izliyorlar. O insanlar kendi oyunlar\u0131n\u0131 asla bozamazlar. Benim binlerce okurum var. Fakat hi\u00e7bir bas\u0131n organ\u0131 Cezmi Ers\u00f6z&#8217;den bahsetmiyor. Ben bunu kendim yapt\u0131m.28 ya\u015f\u0131mda egemen medyaya tav\u0131r ald\u0131m. Yani tabancay\u0131 masaya koydum, gemileri yakt\u0131m. Onlar da benim ve benim gibilerin onlar\u0131n hamurundan olmad\u0131\u011f\u0131m\u0131z\u0131 anlad\u0131lar. Bug\u00fcn paraya ihtiyac\u0131m olur, anla\u015fma yapar\u0131m, \u00fc\u00e7 g\u00fcn sonra her\u015feyi yazar \u00e7eker giderim, ellerinde patlar\u0131m yani. Ciddi bir misyonun sahibiyiz bu anlamda.<\/p>\n<p>A\u00e7\u0131k konu\u015fay\u0131m&#8230;<\/p>\n<p>Baz\u0131 \u015feyler giderek netle\u015fiyor. Eurogold b\u00fct\u00fcn gazetelere tam sayfa, yar\u0131m sayfa ilanlar verdi. A\u00e7\u0131k konu\u015fay\u0131m, \u00d6k\u00fcz ve Leman dergisi Eurogold&#8217;un ilan\u0131n\u0131 alsayd\u0131, ben bir daha oraya imzam\u0131 atmazd\u0131m. \u0130nsan yazar arkada\u015f\u0131ndan da bu kadar d\u00fcr\u00fcstl\u00fc\u011f\u00fc bekliyor. Ama zaten holding\u00e7iler b\u0131\u00e7aklamad\u0131 bizi, en b\u00fcy\u00fck darbeyi sa\u011f\u0131m\u0131zdan solumuzdan en yak\u0131n arkada\u015flar\u0131m\u0131zdan yedik. Benim \u00e7ok sevdi\u011fim insanlar ac\u0131 \u00e7ekerek \u00f6ld\u00fcler. Hayatlar\u0131n\u0131 \u00f6rnek ald\u0131\u011f\u0131m, beslendi\u011fim, g\u00f6n\u00fcl ba\u011f\u0131 kurdu\u011fum insanlar \u00e7ok d\u00fc\u015f\u00fck maa\u015flarla, k\u00f6\u015felerinde, hayattan istifa etmi\u015f vaziyette \u00e7\u0131\u011fl\u0131k \u00e7\u0131\u011fl\u0131\u011fa \u00f6ld\u00fcler. \u015eimdi benim onlar\u0131n an\u0131lar\u0131na sad\u0131k olmak gibi bir misyonum var. E\u011fer ben Eurogold&#8217;un ilan\u0131n\u0131 basan bir yerde yazarsam onlara haks\u0131zl\u0131k etmi\u015f olurum. Bu d\u00fcr\u00fcstl\u00fck anlay\u0131\u015f\u0131na bug\u00fcn aptall\u0131k gibi bak\u0131l\u0131yor.<\/p>\n<p>Tesad\u00fcfler, kaos&#8230;<\/p>\n<p>Tesad\u00fcfler, kaos&#8230;bizim hayatlar\u0131m\u0131z\u0131 birisi filme alsa kimse inanmaz. Abs\u00fcrd, ak\u0131ld\u0131\u015f\u0131, tuhaf&#8230; Mesela ben pazarc\u0131l\u0131k yap\u0131yordum. Mahmutpa\u015fa&#8217;dan elbezi, havlu filan ald\u0131m. Pazar\u0131n en k\u00f6t\u00fc yerindeyim, mafya var orada, ya\u011fmur ya\u011f\u0131yor, havlular \u0131sland\u0131. Bir bakt\u0131m bir m\u00fc\u015fteri geldi. Aaa annem! Ka\u00e7a havlular? dedi. Yar\u0131s\u0131n\u0131 anneme satt\u0131m. Bir ba\u015fka zaman sal\u00e7a ald\u0131m.25 kg. sal\u00e7a. Getirirken elimi kesti, ya\u011fmur ya\u011fd\u0131, vapura zor att\u0131m kendimi. A\u00e7t\u0131m, bozuk \u00e7\u0131kt\u0131. Zarar ettim. Akla mant\u0131\u011fa uyan yan\u0131 yok yani. Beyo\u011flu Rumeli Han&#8217;da day\u0131m\u0131n yan\u0131nda ofisboyluk yapt\u0131m. Bankaya para yat\u0131r\u0131r, vergi dairesine, defterdarl\u0131\u011fa giderdim. \u00c7ay, dosya, sigorta bildirgesi ta\u015f\u0131d\u0131\u011f\u0131m yerlerde \u015fimdi imza istiyorlar. Her \u015fey ak\u0131ld\u0131\u015f\u0131 geli\u015fti \u00e7\u00fcnk\u00fc. Mant\u0131\u011f\u0131 yoktu. Hi\u00e7 bir \u015fey planlanmam\u0131\u015ft\u0131. Yine de ben o rastlant\u0131lardan, b\u00fcy\u00fclerden, esinlerden yanay\u0131m. Sait Faik&#8217;de sistem mi vard\u0131? O rastlant\u0131larla ya\u015fayan bir insand\u0131. Hayatlar onu \u00e7ekerdi, insan y\u00fczleri onu \u00e7ekerdi, bak\u0131\u015flar, ad\u0131n\u0131 koyamayaca\u011f\u0131m\u0131z bir tak\u0131m insan davran\u0131\u015flar\u0131, i\u00e7sezi\u015fler ve yo\u011fun duyarl\u0131l\u0131klar onu \u00e7ekerdi. Ekollerin ad\u0131 sonradan konulmu\u015ftur. O\u011fuz Atay&#8217;\u0131 da bu nedenden \u00e7ok seviyorum. K\u00fc\u00e7\u00fck memur ailesi, plan program yok, anl\u0131k duygular&#8230;<\/p>\n<p style=\"text-align: justify;\">Cezmi ERS\u00d6Z<\/p>\n","protected":false},"excerpt":{"rendered":"<p>\u00a0 Geriye do\u011fru bakt\u0131\u011f\u0131mda&#8230; Geriye do\u011fru bakt\u0131\u011f\u0131mda, \u00e7\u00fcnk\u00fc ancak b\u00f6yle anla\u015f\u0131l\u0131yor baz\u0131 \u015feyler, ben asl\u0131nda ilkokul 4.-5. s\u0131n\u0131ftan itibaren yazar olmay\u0131 kafama koymu\u015fum. Ama bu ciddi, planl\u0131 projeli bir d\u00fc\u015f\u00fcnce halinde de\u011fil. Tabi babamdan gelen Kuvay-\u0131 Milliye, Kemalistlik, subayl\u0131k da var. Bu y\u00fczden iyi, yard\u0131msever, d\u00fcr\u00fcst, \u00e7evresinde say\u0131lan sevilen adam yani bir t\u00fcr kahraman olmak [&hellip;]<\/p>\n","protected":false},"author":1,"featured_media":0,"comment_status":"open","ping_status":"open","sticky":false,"template":"","format":"standard","meta":{"footnotes":""},"categories":[18],"tags":[],"class_list":{"0":"post-2538","1":"post","2":"type-post","3":"status-publish","4":"format-standard","6":"category-cezmi-ersoz"},"yoast_head":"<!-- This site is optimized with the Yoast SEO Premium plugin v24.9 (Yoast SEO v24.9) - https:\/\/yoast.com\/wordpress\/plugins\/seo\/ -->\n<title>BEN YAZARKEN KEND\u0130 Y\u00dcZ\u00dcME T\u00dcK\u00dcR\u00dcYORUM - narteks.net<\/title>\n<meta name=\"robots\" content=\"index, follow, max-snippet:-1, max-image-preview:large, max-video-preview:-1\" \/>\n<link rel=\"canonical\" href=\"https:\/\/narteks.net\/index.php\/2009\/12\/06\/ben-yazarken-kendi-yuzume-tukuruyorum\/\" \/>\n<meta property=\"og:locale\" content=\"tr_TR\" \/>\n<meta property=\"og:type\" content=\"article\" \/>\n<meta property=\"og:title\" content=\"BEN YAZARKEN KEND\u0130 Y\u00dcZ\u00dcME T\u00dcK\u00dcR\u00dcYORUM\" \/>\n<meta property=\"og:description\" content=\"\u00a0 Geriye do\u011fru bakt\u0131\u011f\u0131mda&#8230; Geriye do\u011fru bakt\u0131\u011f\u0131mda, \u00e7\u00fcnk\u00fc ancak b\u00f6yle anla\u015f\u0131l\u0131yor baz\u0131 \u015feyler, ben asl\u0131nda ilkokul 4.-5. s\u0131n\u0131ftan itibaren yazar olmay\u0131 kafama koymu\u015fum. Ama bu ciddi, planl\u0131 projeli bir d\u00fc\u015f\u00fcnce halinde de\u011fil. Tabi babamdan gelen Kuvay-\u0131 Milliye, Kemalistlik, subayl\u0131k da var. Bu y\u00fczden iyi, yard\u0131msever, d\u00fcr\u00fcst, \u00e7evresinde say\u0131lan sevilen adam yani bir t\u00fcr kahraman olmak [&hellip;]\" \/>\n<meta property=\"og:url\" content=\"https:\/\/narteks.net\/index.php\/2009\/12\/06\/ben-yazarken-kendi-yuzume-tukuruyorum\/\" \/>\n<meta property=\"og:site_name\" content=\"narteks.net\" \/>\n<meta property=\"article:published_time\" content=\"2009-12-06T13:56:50+00:00\" \/>\n<meta property=\"og:image\" content=\"https:\/\/narteks.net\/wp-content\/uploads\/narteks.png\" \/>\n\t<meta property=\"og:image:width\" content=\"300\" \/>\n\t<meta property=\"og:image:height\" content=\"90\" \/>\n\t<meta property=\"og:image:type\" content=\"image\/png\" \/>\n<meta name=\"author\" content=\"Tar\u0131k\" \/>\n<meta name=\"twitter:card\" content=\"summary_large_image\" \/>\n<meta name=\"twitter:creator\" content=\"@narteks\" \/>\n<meta name=\"twitter:site\" content=\"@narteks\" \/>\n<meta name=\"twitter:label1\" content=\"Yazan:\" \/>\n\t<meta name=\"twitter:data1\" content=\"Tar\u0131k\" \/>\n\t<meta name=\"twitter:label2\" content=\"Tahmini okuma s\u00fcresi\" \/>\n\t<meta name=\"twitter:data2\" content=\"6 dakika\" \/>\n<script type=\"application\/ld+json\" class=\"yoast-schema-graph\">{\"@context\":\"https:\/\/schema.org\",\"@graph\":[{\"@type\":\"Article\",\"@id\":\"https:\/\/narteks.net\/index.php\/2009\/12\/06\/ben-yazarken-kendi-yuzume-tukuruyorum\/#article\",\"isPartOf\":{\"@id\":\"https:\/\/narteks.net\/index.php\/2009\/12\/06\/ben-yazarken-kendi-yuzume-tukuruyorum\/\"},\"author\":{\"name\":\"Tar\u0131k\",\"@id\":\"https:\/\/narteks.net\/#\/schema\/person\/61f37d9834294b72d31d274e7ed79bca\"},\"headline\":\"BEN YAZARKEN KEND\u0130 Y\u00dcZ\u00dcME T\u00dcK\u00dcR\u00dcYORUM\",\"datePublished\":\"2009-12-06T13:56:50+00:00\",\"mainEntityOfPage\":{\"@id\":\"https:\/\/narteks.net\/index.php\/2009\/12\/06\/ben-yazarken-kendi-yuzume-tukuruyorum\/\"},\"wordCount\":1309,\"commentCount\":0,\"publisher\":{\"@id\":\"https:\/\/narteks.net\/#organization\"},\"articleSection\":[\"Cezmi ERS\u00d6Z\"],\"inLanguage\":\"tr\",\"potentialAction\":[{\"@type\":\"CommentAction\",\"name\":\"Comment\",\"target\":[\"https:\/\/narteks.net\/index.php\/2009\/12\/06\/ben-yazarken-kendi-yuzume-tukuruyorum\/#respond\"]}]},{\"@type\":\"WebPage\",\"@id\":\"https:\/\/narteks.net\/index.php\/2009\/12\/06\/ben-yazarken-kendi-yuzume-tukuruyorum\/\",\"url\":\"https:\/\/narteks.net\/index.php\/2009\/12\/06\/ben-yazarken-kendi-yuzume-tukuruyorum\/\",\"name\":\"BEN YAZARKEN KEND\u0130 Y\u00dcZ\u00dcME T\u00dcK\u00dcR\u00dcYORUM - narteks.net\",\"isPartOf\":{\"@id\":\"https:\/\/narteks.net\/#website\"},\"datePublished\":\"2009-12-06T13:56:50+00:00\",\"breadcrumb\":{\"@id\":\"https:\/\/narteks.net\/index.php\/2009\/12\/06\/ben-yazarken-kendi-yuzume-tukuruyorum\/#breadcrumb\"},\"inLanguage\":\"tr\",\"potentialAction\":[{\"@type\":\"ReadAction\",\"target\":[\"https:\/\/narteks.net\/index.php\/2009\/12\/06\/ben-yazarken-kendi-yuzume-tukuruyorum\/\"]}]},{\"@type\":\"BreadcrumbList\",\"@id\":\"https:\/\/narteks.net\/index.php\/2009\/12\/06\/ben-yazarken-kendi-yuzume-tukuruyorum\/#breadcrumb\",\"itemListElement\":[{\"@type\":\"ListItem\",\"position\":1,\"name\":\"Anasayfa\",\"item\":\"https:\/\/narteks.net\/\"},{\"@type\":\"ListItem\",\"position\":2,\"name\":\"BEN YAZARKEN KEND\u0130 Y\u00dcZ\u00dcME T\u00dcK\u00dcR\u00dcYORUM\"}]},{\"@type\":\"WebSite\",\"@id\":\"https:\/\/narteks.net\/#website\",\"url\":\"https:\/\/narteks.net\/\",\"name\":\"narteks.net\",\"description\":\"K\u00fclt\u00fcr Sanat Edebiyat Felsefe\",\"publisher\":{\"@id\":\"https:\/\/narteks.net\/#organization\"},\"alternateName\":\"K\u00fclt\u00fcr Sanat Edebiyat Felsefe\",\"potentialAction\":[{\"@type\":\"SearchAction\",\"target\":{\"@type\":\"EntryPoint\",\"urlTemplate\":\"https:\/\/narteks.net\/?s={search_term_string}\"},\"query-input\":{\"@type\":\"PropertyValueSpecification\",\"valueRequired\":true,\"valueName\":\"search_term_string\"}}],\"inLanguage\":\"tr\"},{\"@type\":\"Organization\",\"@id\":\"https:\/\/narteks.net\/#organization\",\"name\":\"narteks.net\",\"url\":\"https:\/\/narteks.net\/\",\"logo\":{\"@type\":\"ImageObject\",\"inLanguage\":\"tr\",\"@id\":\"https:\/\/narteks.net\/#\/schema\/logo\/image\/\",\"url\":\"https:\/\/narteks.net\/wp-content\/uploads\/narteks.png\",\"contentUrl\":\"https:\/\/narteks.net\/wp-content\/uploads\/narteks.png\",\"width\":300,\"height\":90,\"caption\":\"narteks.net\"},\"image\":{\"@id\":\"https:\/\/narteks.net\/#\/schema\/logo\/image\/\"},\"sameAs\":[\"https:\/\/x.com\/narteks\",\"https:\/\/instagram.com\/narteksnet\"]},{\"@type\":\"Person\",\"@id\":\"https:\/\/narteks.net\/#\/schema\/person\/61f37d9834294b72d31d274e7ed79bca\",\"name\":\"Tar\u0131k\",\"image\":{\"@type\":\"ImageObject\",\"inLanguage\":\"tr\",\"@id\":\"https:\/\/narteks.net\/#\/schema\/person\/image\/\",\"url\":\"https:\/\/secure.gravatar.com\/avatar\/50865afb55632c4ae467e0af0930f6510aa2297d8014be502a55b14f3b7550cf?s=96&d=mm&r=g\",\"contentUrl\":\"https:\/\/secure.gravatar.com\/avatar\/50865afb55632c4ae467e0af0930f6510aa2297d8014be502a55b14f3b7550cf?s=96&d=mm&r=g\",\"caption\":\"Tar\u0131k\"},\"sameAs\":[\"http:\/\/narteks.net\"],\"url\":\"https:\/\/narteks.net\/index.php\/author\/narbak\/\"}]}<\/script>\n<!-- \/ Yoast SEO Premium plugin. -->","yoast_head_json":{"title":"BEN YAZARKEN KEND\u0130 Y\u00dcZ\u00dcME T\u00dcK\u00dcR\u00dcYORUM - narteks.net","robots":{"index":"index","follow":"follow","max-snippet":"max-snippet:-1","max-image-preview":"max-image-preview:large","max-video-preview":"max-video-preview:-1"},"canonical":"https:\/\/narteks.net\/index.php\/2009\/12\/06\/ben-yazarken-kendi-yuzume-tukuruyorum\/","og_locale":"tr_TR","og_type":"article","og_title":"BEN YAZARKEN KEND\u0130 Y\u00dcZ\u00dcME T\u00dcK\u00dcR\u00dcYORUM","og_description":"\u00a0 Geriye do\u011fru bakt\u0131\u011f\u0131mda&#8230; Geriye do\u011fru bakt\u0131\u011f\u0131mda, \u00e7\u00fcnk\u00fc ancak b\u00f6yle anla\u015f\u0131l\u0131yor baz\u0131 \u015feyler, ben asl\u0131nda ilkokul 4.-5. s\u0131n\u0131ftan itibaren yazar olmay\u0131 kafama koymu\u015fum. Ama bu ciddi, planl\u0131 projeli bir d\u00fc\u015f\u00fcnce halinde de\u011fil. Tabi babamdan gelen Kuvay-\u0131 Milliye, Kemalistlik, subayl\u0131k da var. Bu y\u00fczden iyi, yard\u0131msever, d\u00fcr\u00fcst, \u00e7evresinde say\u0131lan sevilen adam yani bir t\u00fcr kahraman olmak [&hellip;]","og_url":"https:\/\/narteks.net\/index.php\/2009\/12\/06\/ben-yazarken-kendi-yuzume-tukuruyorum\/","og_site_name":"narteks.net","article_published_time":"2009-12-06T13:56:50+00:00","og_image":[{"width":300,"height":90,"url":"https:\/\/narteks.net\/wp-content\/uploads\/narteks.png","type":"image\/png"}],"author":"Tar\u0131k","twitter_card":"summary_large_image","twitter_creator":"@narteks","twitter_site":"@narteks","twitter_misc":{"Yazan:":"Tar\u0131k","Tahmini okuma s\u00fcresi":"6 dakika"},"schema":{"@context":"https:\/\/schema.org","@graph":[{"@type":"Article","@id":"https:\/\/narteks.net\/index.php\/2009\/12\/06\/ben-yazarken-kendi-yuzume-tukuruyorum\/#article","isPartOf":{"@id":"https:\/\/narteks.net\/index.php\/2009\/12\/06\/ben-yazarken-kendi-yuzume-tukuruyorum\/"},"author":{"name":"Tar\u0131k","@id":"https:\/\/narteks.net\/#\/schema\/person\/61f37d9834294b72d31d274e7ed79bca"},"headline":"BEN YAZARKEN KEND\u0130 Y\u00dcZ\u00dcME T\u00dcK\u00dcR\u00dcYORUM","datePublished":"2009-12-06T13:56:50+00:00","mainEntityOfPage":{"@id":"https:\/\/narteks.net\/index.php\/2009\/12\/06\/ben-yazarken-kendi-yuzume-tukuruyorum\/"},"wordCount":1309,"commentCount":0,"publisher":{"@id":"https:\/\/narteks.net\/#organization"},"articleSection":["Cezmi ERS\u00d6Z"],"inLanguage":"tr","potentialAction":[{"@type":"CommentAction","name":"Comment","target":["https:\/\/narteks.net\/index.php\/2009\/12\/06\/ben-yazarken-kendi-yuzume-tukuruyorum\/#respond"]}]},{"@type":"WebPage","@id":"https:\/\/narteks.net\/index.php\/2009\/12\/06\/ben-yazarken-kendi-yuzume-tukuruyorum\/","url":"https:\/\/narteks.net\/index.php\/2009\/12\/06\/ben-yazarken-kendi-yuzume-tukuruyorum\/","name":"BEN YAZARKEN KEND\u0130 Y\u00dcZ\u00dcME T\u00dcK\u00dcR\u00dcYORUM - narteks.net","isPartOf":{"@id":"https:\/\/narteks.net\/#website"},"datePublished":"2009-12-06T13:56:50+00:00","breadcrumb":{"@id":"https:\/\/narteks.net\/index.php\/2009\/12\/06\/ben-yazarken-kendi-yuzume-tukuruyorum\/#breadcrumb"},"inLanguage":"tr","potentialAction":[{"@type":"ReadAction","target":["https:\/\/narteks.net\/index.php\/2009\/12\/06\/ben-yazarken-kendi-yuzume-tukuruyorum\/"]}]},{"@type":"BreadcrumbList","@id":"https:\/\/narteks.net\/index.php\/2009\/12\/06\/ben-yazarken-kendi-yuzume-tukuruyorum\/#breadcrumb","itemListElement":[{"@type":"ListItem","position":1,"name":"Anasayfa","item":"https:\/\/narteks.net\/"},{"@type":"ListItem","position":2,"name":"BEN YAZARKEN KEND\u0130 Y\u00dcZ\u00dcME T\u00dcK\u00dcR\u00dcYORUM"}]},{"@type":"WebSite","@id":"https:\/\/narteks.net\/#website","url":"https:\/\/narteks.net\/","name":"narteks.net","description":"K\u00fclt\u00fcr Sanat Edebiyat Felsefe","publisher":{"@id":"https:\/\/narteks.net\/#organization"},"alternateName":"K\u00fclt\u00fcr Sanat Edebiyat Felsefe","potentialAction":[{"@type":"SearchAction","target":{"@type":"EntryPoint","urlTemplate":"https:\/\/narteks.net\/?s={search_term_string}"},"query-input":{"@type":"PropertyValueSpecification","valueRequired":true,"valueName":"search_term_string"}}],"inLanguage":"tr"},{"@type":"Organization","@id":"https:\/\/narteks.net\/#organization","name":"narteks.net","url":"https:\/\/narteks.net\/","logo":{"@type":"ImageObject","inLanguage":"tr","@id":"https:\/\/narteks.net\/#\/schema\/logo\/image\/","url":"https:\/\/narteks.net\/wp-content\/uploads\/narteks.png","contentUrl":"https:\/\/narteks.net\/wp-content\/uploads\/narteks.png","width":300,"height":90,"caption":"narteks.net"},"image":{"@id":"https:\/\/narteks.net\/#\/schema\/logo\/image\/"},"sameAs":["https:\/\/x.com\/narteks","https:\/\/instagram.com\/narteksnet"]},{"@type":"Person","@id":"https:\/\/narteks.net\/#\/schema\/person\/61f37d9834294b72d31d274e7ed79bca","name":"Tar\u0131k","image":{"@type":"ImageObject","inLanguage":"tr","@id":"https:\/\/narteks.net\/#\/schema\/person\/image\/","url":"https:\/\/secure.gravatar.com\/avatar\/50865afb55632c4ae467e0af0930f6510aa2297d8014be502a55b14f3b7550cf?s=96&d=mm&r=g","contentUrl":"https:\/\/secure.gravatar.com\/avatar\/50865afb55632c4ae467e0af0930f6510aa2297d8014be502a55b14f3b7550cf?s=96&d=mm&r=g","caption":"Tar\u0131k"},"sameAs":["http:\/\/narteks.net"],"url":"https:\/\/narteks.net\/index.php\/author\/narbak\/"}]}},"_links":{"self":[{"href":"https:\/\/narteks.net\/index.php\/wp-json\/wp\/v2\/posts\/2538","targetHints":{"allow":["GET"]}}],"collection":[{"href":"https:\/\/narteks.net\/index.php\/wp-json\/wp\/v2\/posts"}],"about":[{"href":"https:\/\/narteks.net\/index.php\/wp-json\/wp\/v2\/types\/post"}],"author":[{"embeddable":true,"href":"https:\/\/narteks.net\/index.php\/wp-json\/wp\/v2\/users\/1"}],"replies":[{"embeddable":true,"href":"https:\/\/narteks.net\/index.php\/wp-json\/wp\/v2\/comments?post=2538"}],"version-history":[{"count":0,"href":"https:\/\/narteks.net\/index.php\/wp-json\/wp\/v2\/posts\/2538\/revisions"}],"wp:attachment":[{"href":"https:\/\/narteks.net\/index.php\/wp-json\/wp\/v2\/media?parent=2538"}],"wp:term":[{"taxonomy":"category","embeddable":true,"href":"https:\/\/narteks.net\/index.php\/wp-json\/wp\/v2\/categories?post=2538"},{"taxonomy":"post_tag","embeddable":true,"href":"https:\/\/narteks.net\/index.php\/wp-json\/wp\/v2\/tags?post=2538"}],"curies":[{"name":"wp","href":"https:\/\/api.w.org\/{rel}","templated":true}]}}