{"id":254,"date":"2009-02-27T22:40:42","date_gmt":"2009-02-27T19:40:42","guid":{"rendered":"http:\/\/localhost\/wordpress\/2009\/02\/27\/ali-kzltu-biyografisi-ve-eserleri\/"},"modified":"2009-02-27T22:40:42","modified_gmt":"2009-02-27T19:40:42","slug":"ali-kzltu-biyografisi-ve-eserleri","status":"publish","type":"post","link":"https:\/\/narteks.net\/index.php\/2009\/02\/27\/ali-kzltu-biyografisi-ve-eserleri\/","title":{"rendered":"Ali K\u0131z\u0131ltu\u011f Biyografisi ve Eserleri"},"content":{"rendered":"<p><img loading=\"lazy\" decoding=\"async\" src=\"http:\/\/www.zerennet.com\/resim\/ali-kiziltug.jpg\" border=\"0\" width=\"155\" height=\"205\" style=\"float: left;\" \/><\/p>\n<div>AL\u0130 KIZILTU\u011e<\/div>\n<p><em>Asr\u0131 Gurbet Harap Etmi\u015f K\u00f6y\u00fcm\u00fc<br \/>B\u00fclb\u00fcl Gitmi\u015f Bayku\u015f Konmu\u015f Gelele<br \/>Ben A\u011fay\u0131m Ben Pa\u015fay\u0131m Diyenler<br \/>Kap\u0131lar\u0131 Kitlemi\u015fler Gel Hele<\/p>\n<p>Saz Elimde \u015eu Elleri Gezerdim<br \/>Dertli \u0130dim Baz\u0131 Destan Yazard\u0131m<br \/>Sen Ali&#8217;ysen Niye Sa\u00e7\u0131n A\u011fartt\u0131n<br \/>K\u0131z\u0131ltu\u011f&#8217;a Benzemiyor Gel Hele <\/em><\/p>\n<p><\/p>\n<div style=\"text-align: justify;\">1944 y\u0131l\u0131nda Sivas ili Divri\u011fi il\u00e7esi Mursal k\u00f6y\u00fcnde d\u00fcnyaya geldi. 1958 y\u0131l\u0131nda ba\u011flama \u00e7almaya ba\u015flad\u0131. Ba\u011flamaya ili\u015fkin temel bilgileri k\u00f6y\u00fcnde bulunan Abbas ustadan \u00f6\u011frendi. \u0130lk y\u0131llarda ba\u015fka a\u015f\u0131klar\u0131n eserlerini ve y\u00f6resel t\u00fcrk\u00fcleri seslendirdi.<\/p>\n<p>1969 y\u0131l\u0131nda ilk pla\u011f\u0131 olan &#8220;Asr\u0131 gurbet harab etmi\u015f k\u00f6y\u00fcm\u00fc&#8221; \u00e7\u0131kt\u0131. Bug\u00fcne kadar 103 plak ve 87 kaseti yay\u0131nland\u0131. 2160 eseri bulunmakta ve bunlar\u0131n 550 tanesi ba\u015fka sanat\u00e7\u0131lar taraf\u0131ndan seslendirildi.<\/p>\n<p>1969 dan bu yana sadece kendi eserlerini seslendiriyor. Eserlerini haz\u0131rlarken genellikle <br \/>\u00f6nce \u015fiir olarak yaz\u0131p sonra onlar\u0131 besteliyor. Ancak do\u011fa\u00e7lamada \u00e7al\u0131p s\u00f6yl\u00fcyor, 1971 y\u0131l\u0131nda \u0130stanbul Tepeba\u015f\u0131nda yap\u0131lan ve t\u00fcm ozanlar\u0131n kat\u0131ld\u0131\u011f\u0131 bir at\u0131\u015fma yar\u0131\u015fmas\u0131nda birinci se\u00e7ildi.<\/p>\n<p>Ge\u00e7im s\u0131k\u0131nt\u0131s\u0131 nedeniyle g\u00f6\u00e7 etmek zorunda kal\u0131r ve 1973 de Ankaraya yerle\u015fti.<\/p>\n<p>A\u015f\u0131k Veysel ve A\u015f\u0131k Mahzuni onu en \u00e7ok etkileyen a\u015f\u0131klard\u0131r. <\/p>\n<p>Uzun sap ba\u011flama \u00e7al\u0131yor ve ba\u011flamas\u0131n\u0131 h\u00fcseyni d\u00fczenine akort ediyor.<\/p>\n<p>&#8220;Bayku\u015flara kalan k\u00f6y&#8221; ve &#8220;Sorma efendim&#8221; ad\u0131nda iki kitab\u0131 yay\u0131mland\u0131 ve di\u011fer eserlerini de 10 cilt kitap halinde yay\u0131nlamay\u0131 d\u00fc\u015f\u00fcnmektedir.<\/p>\n<p>Memur emeklisi ve 4 \u00e7ocuk babas\u0131 olan Ali K\u0131z\u0131ltu\u011f halen Ankara&#8217;da ikamet etmekte ve kendisini \u015f\u00f6yle \u00f6zetliyor: &#8220;Ne yarimden vazge\u00e7tim, ne saz\u0131mdan vazge\u00e7tim, ne de vatan\u0131mdan vazge\u00e7tim. Nas\u0131l Mursal&#8217;dan geldiysem, o nazl\u0131m, sefil, tertemiz bir k\u00f6yl\u00fc \u00e7ocu\u011fu isem \u015fimdide ayn\u0131y\u0131m&#8230;&#8221;.<\/p><\/div>\n<p style=\"text-align: justify;\">\n<p>ali onur<br \/>Ekim 2002<\/p>\n<p><strong>Eserlerinden baz\u0131lar\u0131:<\/strong><\/p>\n<p><strong>Asr\u0131 Gurbet Harap Etmi\u015f K\u00f6y\u00fcm\u00fc<\/strong><\/p>\n<p>Asr\u0131 Gurbet Harap Etmi\u015f K\u00f6y\u00fcm\u00fc<br \/>B\u00fclb\u00fcl Gitmi\u015f Bayku\u015f Konmu\u015f Gelele<br \/>Ben A\u011fay\u0131m Ben Pa\u015fay\u0131m Diyenler<br \/>Kap\u0131lar\u0131 Kitlemi\u015fler Gel Hele<\/p>\n<p>Bir Ev Burda Bir Ev Kar\u015f\u0131da Kalm\u0131\u015f<br \/>Sorun Hele Bizim Kom\u015fular N&#8217;olmu\u015f<br \/>K\u0131rk Senelik A\u011fa\u00e7 Kurumu\u015f Kalm\u0131\u015f<br \/>Bizim K\u00f6ye Benzemiyor Gel Hele<\/p>\n<p>Saz Elimde \u015eu Elleri Gezerdim<br \/>Dertli \u0130dim Baz\u0131 Destan Yazard\u0131m<br \/>Sen Ali&#8217;ysen Niye Sa\u00e7\u0131n A\u011fartt\u0131n<br \/>K\u0131z\u0131ltu\u011f&#8217;a Benzemiyor Gel Hele<\/p>\n<p><strong>Hangi Da\u011f\u0131n Ard\u0131ndas\u0131n Sevdi\u011fim*<\/strong><\/p>\n<p>Hangi Da\u011f\u0131n Ard\u0131ndas\u0131n Sevdi\u011fim<br \/>Oyann\u0131ya D\u00f6nem D\u00f6nem A\u011fl\u0131yam<br \/>Bir Mektup Yolla Ki Gurban Oldu\u011fum<br \/>Y\u00fczlerime S\u00fcrem S\u00fcrem A\u011fl\u0131yam<\/p>\n<p>Ya Bir Kom\u015fularda Ya Bir Dosttaysan<br \/>Bir \u015eeye \u00dcz\u00fcld\u00fcn Kara Yastaysan<br \/>Yataklara D\u00fc\u015ft\u00fcn A\u011f\u0131r Hastaysan<br \/>Karalar\u0131 Giyem Giyem A\u011fl\u0131yam<\/p>\n<p>K\u0131z\u0131ltu\u011f&#8217;um Gurbet Elin Yolunda <br \/>Nazl\u0131 Yarinen Ayr\u0131 D\u00fc\u015ft\u00fck Sonunda<br \/>Sen \u00d6ld\u00fcysen Neyim Kald\u0131 S\u0131lada<br \/>Gurbet Elde Duram Duram A\u011fl\u0131yam<\/p>\n<p><strong>Sen Gittin Gideli Deliye D\u00f6nd\u00fcm<\/strong><\/p>\n<p>Sen Gittin Gideli Deliye D\u00f6nd\u00fcm<br \/>Her G\u00fcn G\u00f6zya\u015f\u0131m\u0131 D\u00f6kerim Ali<br \/>Ana Bac\u0131 Garda\u015f Bilmez Diyorlar<br \/>Duyduk\u00e7a \u0130\u00e7imi \u00c7ekerim Ali<\/p>\n<p>Seni Sevenlerin Yaral\u0131 Dertli<br \/>\u015eu Elin Zal\u0131m\u0131 Bizden K\u0131ymetli<br \/>Keramet Sahibiydin G\u00fc\u00e7l\u00fc Kuvvetli<br \/>Yoksa Bir Kul \u0130din \u00d6ld\u00fcnm\u00fc Ali<\/p>\n<p>Zalimin Zulum\u00fc Bizi Yakarsa<br \/>A\u011flad\u0131p Kar\u015f\u0131dan Bakarsa<br \/>Ahirette Elimiz Bo\u015fa \u00c7\u0131karsa<br \/>Tutar Z\u00fclfikar\u0131 K\u0131rar\u0131m Ali<\/p>\n<p>Zalim Yazd\u0131 Katlimize Ferman\u0131<br \/>T\u00fct\u00fcyor Ba\u015f\u0131mda Derdin Duman\u0131<br \/>Geleceksen Tez Gel Tam Da Zaman\u0131<br \/>Yoksa \u0130krar\u0131mdan D\u00f6nerim Ali<\/p>\n<p>K\u0131z\u0131ltu\u011f&#8217;um Pire G\u00f6n\u00fcl Ba\u011flad\u0131m<br \/>Y\u0131llar Var Ki \u0130\u00e7in \u0130\u00e7in A\u011flad\u0131m<br \/>Can Bo\u011faza Geldi K\u00fcst\u00fcm S\u00f6yledim<br \/>Yine Senden \u00d6z\u00fcr Dilerim Ali<\/p>\n<p><strong>De\u011firmenim Terse D\u00f6nd\u00fc Bu Sene <\/strong><\/p>\n<p>De\u011firmenim Terse D\u00f6nd\u00fc Bu Sene <br \/>Bulgura M\u0131 Yanam, Una M\u0131 Yanam. <br \/>Yar Orada Kanser Olmu\u015f Ben Burada Verem<br \/>Ben Bana M\u0131 Yanam Sana M\u0131 Yanam <\/p>\n<p>\u00d6yle G\u00fczel Bulamam Ki Kusursuz<br \/>Seven Ne\u015feliymi\u015f Kendisi Mutsuz<br \/>Kendi Murats\u0131zsa Bende Huzursuz<br \/>Ben Bana M\u0131 Yanam Sana M\u0131 Yanam<\/p>\n<p>Sad\u0131k Yarim Deyip Beni Aldatt\u0131<br \/>G\u00f6zlerimden Kanl\u0131 Ya\u015flar \u00c7a\u011flatt\u0131<br \/>Kendi Yatt\u0131 Bana Tohum Aratt\u0131<br \/>Ben Bana M\u0131 Yanam Sana M\u0131 Yanam<\/p>\n<p>K\u0131z\u0131ltu\u011f&#8217;um Dert B\u00fcr\u00fcd\u00fc Sinemi<br \/>Sevenler G\u00fclmezmi\u015f G\u00fcrc\u00fcm \u00d6yle Mi<br \/>Sen Asl\u0131y\u0131 Ge\u00e7tiysen Bende Keremi<br \/>Ben Bana M\u0131 Yanam Sana M\u0131 Yanam<\/p>\n<p><strong>Kar\u015f\u0131ki Tarlan\u0131n Ekini Seyrek (U.H.)<\/strong><\/p>\n<p>Kaynak: Ali K\u0131z\u0131ltu\u011f<\/p>\n<p>Kar\u015f\u0131ki Tarlan\u0131n Ekini Seyrek<br \/>Yorulmu\u015f Nazl\u0131 Yar Yard\u0131ma Gidek<br \/>Dedimki Sevdi\u011fim Benim Olursan<br \/>Dediki Sevdi\u011fim Barabar Gidek<\/p>\n<p>Ba\u015f\u0131na Ba\u011flam\u0131\u015f Oyal\u0131 Yazma<br \/>Yazman\u0131n Etraf\u0131 G\u00fcl\u00fcnen Dizme<br \/>Mevlay\u0131 Seversen Elinen Gezme<br \/>Elinen Gezersen Ar Gelir Bana<\/p>\n<p>Y\u00fcce Da\u011f Ba\u015f\u0131nda Bir Kuru Dikme<br \/>Dikmenin Dibine Karanfil Ekme<br \/>Mevlay\u0131 Seversen H\u0131\u015fm\u0131nan Bakma<br \/>H\u0131\u015fm\u0131nan Bakarsan Zor Gelir Bana <\/p>\n<p><strong>Mursal&#8217;dan \u00c7\u0131kt\u0131m Hekme&#8217;ye Do\u011fru (Barabar)<\/strong><\/p>\n<p>Mursal&#8217;dan \u00c7\u0131kt\u0131m Hekme&#8217;ye Do\u011fru<br \/>Bir Gelin Yavruma \u00c7a\u011fr\u0131y\u0131 Nenni Nenni Nenni <br \/>Dedim Bac\u0131m Nerelisin Dedi Mursal&#8217;l\u0131<br \/>Yolda\u015f Olam \u015eu Yollarda Barabar<\/p>\n<p>Barabar Barabar Barabar<br \/>\u00d6lek \u00d6lek \u00d6lek Barabar<br \/>Gelin Dedi Bu Yoncal\u0131k Gayr\u0131 \u00c7am\u0131rl\u0131k<br \/>Bir Ahd Eyledim Ki Garda\u015f Of Of O Da \u00d6m\u00fcrl\u00fck <br \/>Ali&#8217;mi Salm\u0131y\u0131 Zal\u0131m Ayr\u0131l\u0131k<br \/>Mektup Yazak \u015eu Yollarda Barabar<\/p>\n<p>O\u011flan Dedi Tan\u0131mam Ki Yazay\u0131m<br \/>Goyver Bac\u0131m \u015eu Da\u011flar\u0131 Gezeyim<br \/>Evliyisen Sennen Nas\u0131l Gideyim<br \/>Ben Ayr\u0131ld\u0131m Gar\u015f\u0131 Yoldan Barabar<\/p>\n<p>Barabar Barabar Barabar<br \/>\u00d6lek \u00d6lek \u00d6lek Barabar<br \/>Gelin Dedi Bu Yoncal\u0131k Gayr\u0131 \u00c7am\u0131rl\u0131k<br \/>Bir Ahd Eyledim Ki Garda\u015f Of Of O Da \u00d6m\u00fcrl\u00fck <br \/>Ali&#8217;mi Salm\u0131y\u0131 Zal\u0131m Ayr\u0131l\u0131k<br \/>Mektup Yazak \u015eu Yollarda Barabar<\/p>\n<p>Gelin Dedi \u015eu Gedi\u011fi Savu\u015ftur<br \/>Gorkiyim Allah Ali Nerdeyse Bana Kavu\u015ftur <br \/>Garda\u015f Oruyaca Beni Yolla Barabar<\/p>\n<p>Barabar Barabar Barabar<br \/>\u00d6lek \u00d6lek \u00d6lek Barabar<br \/>Gelin Dedi Bu Yoncal\u0131k Gayr\u0131 \u00c7am\u0131rl\u0131k<br \/>Bir Ahd Eyledim Ki Garda\u015f Of Of O Da \u00d6m\u00fcrl\u00fck <br \/>Ali&#8217;mi Salm\u0131y\u0131 Zal\u0131m Ayr\u0131l\u0131k<br \/>Mektup Yazak \u015eu Yollarda Barabar<\/p>\n<p>O\u011flan Dedi Ki Ben \u00d6lem Bac\u0131m<br \/>Ekin De\u011fmi\u015f Ke\u00e7eye D\u00f6nm\u00fc\u015f Sa\u00e7\u0131<br \/>\u0130\u015fte Ben Ali&#8217;yim Can\u0131m\u0131n \u0130\u00e7i<br \/>Yol \u00dcst\u00fcnde A\u011flad\u0131rlar Ki Barabar<\/p>\n<p>Barabar Barabar Barabar<br \/>\u00d6lek \u00d6lek \u00d6lek Barabar<br \/>Gelin Dedi Bu Yoncal\u0131k Gayr\u0131 \u00c7am\u0131rl\u0131k<br \/>Bir Ahd Eyledim Ki Garda\u015f Of Of O Da \u00d6m\u00fcrl\u00fck <br \/>Ali&#8217;mi Salm\u0131y\u0131 Zal\u0131m Ayr\u0131l\u0131k<br \/>Mektup Yazak \u015eu Yollarda Barabar<\/p>\n<p><strong>Dam \u00dcst\u00fcne \u00c7ul Serer <\/strong><\/p>\n<p>Kaynak: Ali K\u0131z\u0131ltu\u011f<\/p>\n<p>Dam \u00dcst\u00fcne \u00c7ul Serer Loyluda Yar, <br \/>Leylide Yar, Loy Loy Loy<br \/>Bilmem Bu Kimi Sever Halelim <br \/>Nennide K\u0131nal\u0131m Nennide, <br \/>Belal\u0131m Nennide Nenni<br \/>Bunun Bir Sevdi\u011fi Var <br \/>Loyluda Yar, Leylide Yar, Loy Loy Loy<br \/>G\u00fcnde On \u00c7e\u015fit Geyer Halelim <br \/>Nennide K\u0131nal\u0131m Nennide, <br \/>Belal\u0131m Nennide Nenni<\/p>\n<p>Onu Bana Verseler Loyluda Yar, <br \/>Leylide Yar, Loy Loy Loy<br \/>Cihana Bildirseler Halelim <br \/>Nennide K\u0131nal\u0131m Nennide, <br \/>Belal\u0131m Nennide Nenni<br \/>Gitsem Yarin Yan\u0131na Loyluda Yar, <br \/>Leylide Yar, Loy Loy Loy<br \/>Sabahtan \u00d6ld\u00fcrseler Halelim <br \/>Nennide K\u0131nal\u0131m Nennide, <br \/>Belal\u0131m Nennide Nenni<\/p>\n<p>A\u011f Da\u015f\u0131 Kald\u0131rsalar Loyluda Yar, <br \/>Leylide Yar, Loy Loy Loy<br \/>Y\u0131lan\u0131 \u00d6ld\u00fcrseler Halelim <br \/>Nennide K\u0131nal\u0131m Nennide, <br \/>Belal\u0131m Nennide Nenni<br \/>K\u00fc\u00e7\u00fckten Yar Seveni Loyluda Yar, <br \/>Leylide Yar, Loy Loy Loy<br \/>Cennete G\u00f6nderseler Halelim <br \/>Nennide K\u0131nal\u0131m Nennide, <br \/>Belal\u0131m Nennide <br \/><strong><br \/><\/strong><\/p>\n","protected":false},"excerpt":{"rendered":"<p>AL\u0130 KIZILTU\u011e Asr\u0131 Gurbet Harap Etmi\u015f K\u00f6y\u00fcm\u00fcB\u00fclb\u00fcl Gitmi\u015f Bayku\u015f Konmu\u015f GeleleBen A\u011fay\u0131m Ben Pa\u015fay\u0131m DiyenlerKap\u0131lar\u0131 Kitlemi\u015fler Gel Hele Saz Elimde \u015eu Elleri GezerdimDertli \u0130dim Baz\u0131 Destan Yazard\u0131mSen Ali&#8217;ysen Niye Sa\u00e7\u0131n A\u011fartt\u0131nK\u0131z\u0131ltu\u011f&#8217;a Benzemiyor Gel Hele 1944 y\u0131l\u0131nda Sivas ili Divri\u011fi il\u00e7esi Mursal k\u00f6y\u00fcnde d\u00fcnyaya geldi. 1958 y\u0131l\u0131nda ba\u011flama \u00e7almaya ba\u015flad\u0131. Ba\u011flamaya ili\u015fkin temel bilgileri k\u00f6y\u00fcnde bulunan [&hellip;]<\/p>\n","protected":false},"author":1,"featured_media":0,"comment_status":"open","ping_status":"open","sticky":false,"template":"","format":"standard","meta":{"footnotes":""},"categories":[172],"tags":[],"class_list":["post-254","post","type-post","status-publish","format-standard","category-ozanlar-ve-eserleri"],"yoast_head":"<!-- This site is optimized with the Yoast SEO Premium plugin v24.9 (Yoast SEO v24.9) - https:\/\/yoast.com\/wordpress\/plugins\/seo\/ -->\n<title>Ali K\u0131z\u0131ltu\u011f Biyografisi ve Eserleri - narteks.net<\/title>\n<meta name=\"robots\" content=\"index, follow, max-snippet:-1, max-image-preview:large, max-video-preview:-1\" \/>\n<link rel=\"canonical\" href=\"https:\/\/narteks.net\/index.php\/2009\/02\/27\/ali-kzltu-biyografisi-ve-eserleri\/\" \/>\n<meta property=\"og:locale\" content=\"tr_TR\" \/>\n<meta property=\"og:type\" content=\"article\" \/>\n<meta property=\"og:title\" content=\"Ali K\u0131z\u0131ltu\u011f Biyografisi ve Eserleri\" \/>\n<meta property=\"og:description\" content=\"AL\u0130 KIZILTU\u011e Asr\u0131 Gurbet Harap Etmi\u015f K\u00f6y\u00fcm\u00fcB\u00fclb\u00fcl Gitmi\u015f Bayku\u015f Konmu\u015f GeleleBen A\u011fay\u0131m Ben Pa\u015fay\u0131m DiyenlerKap\u0131lar\u0131 Kitlemi\u015fler Gel Hele Saz Elimde \u015eu Elleri GezerdimDertli \u0130dim Baz\u0131 Destan Yazard\u0131mSen Ali&#8217;ysen Niye Sa\u00e7\u0131n A\u011fartt\u0131nK\u0131z\u0131ltu\u011f&#8217;a Benzemiyor Gel Hele 1944 y\u0131l\u0131nda Sivas ili Divri\u011fi il\u00e7esi Mursal k\u00f6y\u00fcnde d\u00fcnyaya geldi. 1958 y\u0131l\u0131nda ba\u011flama \u00e7almaya ba\u015flad\u0131. Ba\u011flamaya ili\u015fkin temel bilgileri k\u00f6y\u00fcnde bulunan [&hellip;]\" \/>\n<meta property=\"og:url\" content=\"https:\/\/narteks.net\/index.php\/2009\/02\/27\/ali-kzltu-biyografisi-ve-eserleri\/\" \/>\n<meta property=\"og:site_name\" content=\"narteks.net\" \/>\n<meta property=\"article:published_time\" content=\"2009-02-27T19:40:42+00:00\" \/>\n<meta property=\"og:image\" content=\"http:\/\/www.zerennet.com\/resim\/ali-kiziltug.jpg\" \/>\n<meta name=\"author\" content=\"Tar\u0131k\" \/>\n<meta name=\"twitter:card\" content=\"summary_large_image\" \/>\n<meta name=\"twitter:creator\" content=\"@narteks\" \/>\n<meta name=\"twitter:site\" content=\"@narteks\" \/>\n<meta name=\"twitter:label1\" content=\"Yazan:\" \/>\n\t<meta name=\"twitter:data1\" content=\"Tar\u0131k\" \/>\n\t<meta name=\"twitter:label2\" content=\"Tahmini okuma s\u00fcresi\" \/>\n\t<meta name=\"twitter:data2\" content=\"6 dakika\" \/>\n<script type=\"application\/ld+json\" class=\"yoast-schema-graph\">{\"@context\":\"https:\/\/schema.org\",\"@graph\":[{\"@type\":\"Article\",\"@id\":\"https:\/\/narteks.net\/index.php\/2009\/02\/27\/ali-kzltu-biyografisi-ve-eserleri\/#article\",\"isPartOf\":{\"@id\":\"https:\/\/narteks.net\/index.php\/2009\/02\/27\/ali-kzltu-biyografisi-ve-eserleri\/\"},\"author\":{\"name\":\"Tar\u0131k\",\"@id\":\"https:\/\/narteks.net\/#\/schema\/person\/61f37d9834294b72d31d274e7ed79bca\"},\"headline\":\"Ali K\u0131z\u0131ltu\u011f Biyografisi ve Eserleri\",\"datePublished\":\"2009-02-27T19:40:42+00:00\",\"mainEntityOfPage\":{\"@id\":\"https:\/\/narteks.net\/index.php\/2009\/02\/27\/ali-kzltu-biyografisi-ve-eserleri\/\"},\"wordCount\":1209,\"commentCount\":0,\"publisher\":{\"@id\":\"https:\/\/narteks.net\/#organization\"},\"image\":{\"@id\":\"https:\/\/narteks.net\/index.php\/2009\/02\/27\/ali-kzltu-biyografisi-ve-eserleri\/#primaryimage\"},\"thumbnailUrl\":\"http:\/\/www.zerennet.com\/resim\/ali-kiziltug.jpg\",\"articleSection\":[\"Ozanlar ve Eserleri\"],\"inLanguage\":\"tr\",\"potentialAction\":[{\"@type\":\"CommentAction\",\"name\":\"Comment\",\"target\":[\"https:\/\/narteks.net\/index.php\/2009\/02\/27\/ali-kzltu-biyografisi-ve-eserleri\/#respond\"]}]},{\"@type\":\"WebPage\",\"@id\":\"https:\/\/narteks.net\/index.php\/2009\/02\/27\/ali-kzltu-biyografisi-ve-eserleri\/\",\"url\":\"https:\/\/narteks.net\/index.php\/2009\/02\/27\/ali-kzltu-biyografisi-ve-eserleri\/\",\"name\":\"Ali K\u0131z\u0131ltu\u011f Biyografisi ve Eserleri - narteks.net\",\"isPartOf\":{\"@id\":\"https:\/\/narteks.net\/#website\"},\"primaryImageOfPage\":{\"@id\":\"https:\/\/narteks.net\/index.php\/2009\/02\/27\/ali-kzltu-biyografisi-ve-eserleri\/#primaryimage\"},\"image\":{\"@id\":\"https:\/\/narteks.net\/index.php\/2009\/02\/27\/ali-kzltu-biyografisi-ve-eserleri\/#primaryimage\"},\"thumbnailUrl\":\"http:\/\/www.zerennet.com\/resim\/ali-kiziltug.jpg\",\"datePublished\":\"2009-02-27T19:40:42+00:00\",\"breadcrumb\":{\"@id\":\"https:\/\/narteks.net\/index.php\/2009\/02\/27\/ali-kzltu-biyografisi-ve-eserleri\/#breadcrumb\"},\"inLanguage\":\"tr\",\"potentialAction\":[{\"@type\":\"ReadAction\",\"target\":[\"https:\/\/narteks.net\/index.php\/2009\/02\/27\/ali-kzltu-biyografisi-ve-eserleri\/\"]}]},{\"@type\":\"ImageObject\",\"inLanguage\":\"tr\",\"@id\":\"https:\/\/narteks.net\/index.php\/2009\/02\/27\/ali-kzltu-biyografisi-ve-eserleri\/#primaryimage\",\"url\":\"http:\/\/www.zerennet.com\/resim\/ali-kiziltug.jpg\",\"contentUrl\":\"http:\/\/www.zerennet.com\/resim\/ali-kiziltug.jpg\"},{\"@type\":\"BreadcrumbList\",\"@id\":\"https:\/\/narteks.net\/index.php\/2009\/02\/27\/ali-kzltu-biyografisi-ve-eserleri\/#breadcrumb\",\"itemListElement\":[{\"@type\":\"ListItem\",\"position\":1,\"name\":\"Anasayfa\",\"item\":\"https:\/\/narteks.net\/\"},{\"@type\":\"ListItem\",\"position\":2,\"name\":\"Ali K\u0131z\u0131ltu\u011f Biyografisi ve Eserleri\"}]},{\"@type\":\"WebSite\",\"@id\":\"https:\/\/narteks.net\/#website\",\"url\":\"https:\/\/narteks.net\/\",\"name\":\"narteks.net\",\"description\":\"K\u00fclt\u00fcr Sanat Edebiyat Felsefe\",\"publisher\":{\"@id\":\"https:\/\/narteks.net\/#organization\"},\"alternateName\":\"K\u00fclt\u00fcr Sanat Edebiyat Felsefe\",\"potentialAction\":[{\"@type\":\"SearchAction\",\"target\":{\"@type\":\"EntryPoint\",\"urlTemplate\":\"https:\/\/narteks.net\/?s={search_term_string}\"},\"query-input\":{\"@type\":\"PropertyValueSpecification\",\"valueRequired\":true,\"valueName\":\"search_term_string\"}}],\"inLanguage\":\"tr\"},{\"@type\":\"Organization\",\"@id\":\"https:\/\/narteks.net\/#organization\",\"name\":\"narteks.net\",\"url\":\"https:\/\/narteks.net\/\",\"logo\":{\"@type\":\"ImageObject\",\"inLanguage\":\"tr\",\"@id\":\"https:\/\/narteks.net\/#\/schema\/logo\/image\/\",\"url\":\"https:\/\/narteks.net\/wp-content\/uploads\/narteks.png\",\"contentUrl\":\"https:\/\/narteks.net\/wp-content\/uploads\/narteks.png\",\"width\":300,\"height\":90,\"caption\":\"narteks.net\"},\"image\":{\"@id\":\"https:\/\/narteks.net\/#\/schema\/logo\/image\/\"},\"sameAs\":[\"https:\/\/x.com\/narteks\",\"https:\/\/instagram.com\/narteksnet\"]},{\"@type\":\"Person\",\"@id\":\"https:\/\/narteks.net\/#\/schema\/person\/61f37d9834294b72d31d274e7ed79bca\",\"name\":\"Tar\u0131k\",\"image\":{\"@type\":\"ImageObject\",\"inLanguage\":\"tr\",\"@id\":\"https:\/\/narteks.net\/#\/schema\/person\/image\/\",\"url\":\"https:\/\/secure.gravatar.com\/avatar\/50865afb55632c4ae467e0af0930f6510aa2297d8014be502a55b14f3b7550cf?s=96&d=mm&r=g\",\"contentUrl\":\"https:\/\/secure.gravatar.com\/avatar\/50865afb55632c4ae467e0af0930f6510aa2297d8014be502a55b14f3b7550cf?s=96&d=mm&r=g\",\"caption\":\"Tar\u0131k\"},\"sameAs\":[\"http:\/\/narteks.net\"],\"url\":\"https:\/\/narteks.net\/index.php\/author\/narbak\/\"}]}<\/script>\n<!-- \/ Yoast SEO Premium plugin. -->","yoast_head_json":{"title":"Ali K\u0131z\u0131ltu\u011f Biyografisi ve Eserleri - narteks.net","robots":{"index":"index","follow":"follow","max-snippet":"max-snippet:-1","max-image-preview":"max-image-preview:large","max-video-preview":"max-video-preview:-1"},"canonical":"https:\/\/narteks.net\/index.php\/2009\/02\/27\/ali-kzltu-biyografisi-ve-eserleri\/","og_locale":"tr_TR","og_type":"article","og_title":"Ali K\u0131z\u0131ltu\u011f Biyografisi ve Eserleri","og_description":"AL\u0130 KIZILTU\u011e Asr\u0131 Gurbet Harap Etmi\u015f K\u00f6y\u00fcm\u00fcB\u00fclb\u00fcl Gitmi\u015f Bayku\u015f Konmu\u015f GeleleBen A\u011fay\u0131m Ben Pa\u015fay\u0131m DiyenlerKap\u0131lar\u0131 Kitlemi\u015fler Gel Hele Saz Elimde \u015eu Elleri GezerdimDertli \u0130dim Baz\u0131 Destan Yazard\u0131mSen Ali&#8217;ysen Niye Sa\u00e7\u0131n A\u011fartt\u0131nK\u0131z\u0131ltu\u011f&#8217;a Benzemiyor Gel Hele 1944 y\u0131l\u0131nda Sivas ili Divri\u011fi il\u00e7esi Mursal k\u00f6y\u00fcnde d\u00fcnyaya geldi. 1958 y\u0131l\u0131nda ba\u011flama \u00e7almaya ba\u015flad\u0131. Ba\u011flamaya ili\u015fkin temel bilgileri k\u00f6y\u00fcnde bulunan [&hellip;]","og_url":"https:\/\/narteks.net\/index.php\/2009\/02\/27\/ali-kzltu-biyografisi-ve-eserleri\/","og_site_name":"narteks.net","article_published_time":"2009-02-27T19:40:42+00:00","og_image":[{"url":"http:\/\/www.zerennet.com\/resim\/ali-kiziltug.jpg","type":"","width":"","height":""}],"author":"Tar\u0131k","twitter_card":"summary_large_image","twitter_creator":"@narteks","twitter_site":"@narteks","twitter_misc":{"Yazan:":"Tar\u0131k","Tahmini okuma s\u00fcresi":"6 dakika"},"schema":{"@context":"https:\/\/schema.org","@graph":[{"@type":"Article","@id":"https:\/\/narteks.net\/index.php\/2009\/02\/27\/ali-kzltu-biyografisi-ve-eserleri\/#article","isPartOf":{"@id":"https:\/\/narteks.net\/index.php\/2009\/02\/27\/ali-kzltu-biyografisi-ve-eserleri\/"},"author":{"name":"Tar\u0131k","@id":"https:\/\/narteks.net\/#\/schema\/person\/61f37d9834294b72d31d274e7ed79bca"},"headline":"Ali K\u0131z\u0131ltu\u011f Biyografisi ve Eserleri","datePublished":"2009-02-27T19:40:42+00:00","mainEntityOfPage":{"@id":"https:\/\/narteks.net\/index.php\/2009\/02\/27\/ali-kzltu-biyografisi-ve-eserleri\/"},"wordCount":1209,"commentCount":0,"publisher":{"@id":"https:\/\/narteks.net\/#organization"},"image":{"@id":"https:\/\/narteks.net\/index.php\/2009\/02\/27\/ali-kzltu-biyografisi-ve-eserleri\/#primaryimage"},"thumbnailUrl":"http:\/\/www.zerennet.com\/resim\/ali-kiziltug.jpg","articleSection":["Ozanlar ve Eserleri"],"inLanguage":"tr","potentialAction":[{"@type":"CommentAction","name":"Comment","target":["https:\/\/narteks.net\/index.php\/2009\/02\/27\/ali-kzltu-biyografisi-ve-eserleri\/#respond"]}]},{"@type":"WebPage","@id":"https:\/\/narteks.net\/index.php\/2009\/02\/27\/ali-kzltu-biyografisi-ve-eserleri\/","url":"https:\/\/narteks.net\/index.php\/2009\/02\/27\/ali-kzltu-biyografisi-ve-eserleri\/","name":"Ali K\u0131z\u0131ltu\u011f Biyografisi ve Eserleri - narteks.net","isPartOf":{"@id":"https:\/\/narteks.net\/#website"},"primaryImageOfPage":{"@id":"https:\/\/narteks.net\/index.php\/2009\/02\/27\/ali-kzltu-biyografisi-ve-eserleri\/#primaryimage"},"image":{"@id":"https:\/\/narteks.net\/index.php\/2009\/02\/27\/ali-kzltu-biyografisi-ve-eserleri\/#primaryimage"},"thumbnailUrl":"http:\/\/www.zerennet.com\/resim\/ali-kiziltug.jpg","datePublished":"2009-02-27T19:40:42+00:00","breadcrumb":{"@id":"https:\/\/narteks.net\/index.php\/2009\/02\/27\/ali-kzltu-biyografisi-ve-eserleri\/#breadcrumb"},"inLanguage":"tr","potentialAction":[{"@type":"ReadAction","target":["https:\/\/narteks.net\/index.php\/2009\/02\/27\/ali-kzltu-biyografisi-ve-eserleri\/"]}]},{"@type":"ImageObject","inLanguage":"tr","@id":"https:\/\/narteks.net\/index.php\/2009\/02\/27\/ali-kzltu-biyografisi-ve-eserleri\/#primaryimage","url":"http:\/\/www.zerennet.com\/resim\/ali-kiziltug.jpg","contentUrl":"http:\/\/www.zerennet.com\/resim\/ali-kiziltug.jpg"},{"@type":"BreadcrumbList","@id":"https:\/\/narteks.net\/index.php\/2009\/02\/27\/ali-kzltu-biyografisi-ve-eserleri\/#breadcrumb","itemListElement":[{"@type":"ListItem","position":1,"name":"Anasayfa","item":"https:\/\/narteks.net\/"},{"@type":"ListItem","position":2,"name":"Ali K\u0131z\u0131ltu\u011f Biyografisi ve Eserleri"}]},{"@type":"WebSite","@id":"https:\/\/narteks.net\/#website","url":"https:\/\/narteks.net\/","name":"narteks.net","description":"K\u00fclt\u00fcr Sanat Edebiyat Felsefe","publisher":{"@id":"https:\/\/narteks.net\/#organization"},"alternateName":"K\u00fclt\u00fcr Sanat Edebiyat Felsefe","potentialAction":[{"@type":"SearchAction","target":{"@type":"EntryPoint","urlTemplate":"https:\/\/narteks.net\/?s={search_term_string}"},"query-input":{"@type":"PropertyValueSpecification","valueRequired":true,"valueName":"search_term_string"}}],"inLanguage":"tr"},{"@type":"Organization","@id":"https:\/\/narteks.net\/#organization","name":"narteks.net","url":"https:\/\/narteks.net\/","logo":{"@type":"ImageObject","inLanguage":"tr","@id":"https:\/\/narteks.net\/#\/schema\/logo\/image\/","url":"https:\/\/narteks.net\/wp-content\/uploads\/narteks.png","contentUrl":"https:\/\/narteks.net\/wp-content\/uploads\/narteks.png","width":300,"height":90,"caption":"narteks.net"},"image":{"@id":"https:\/\/narteks.net\/#\/schema\/logo\/image\/"},"sameAs":["https:\/\/x.com\/narteks","https:\/\/instagram.com\/narteksnet"]},{"@type":"Person","@id":"https:\/\/narteks.net\/#\/schema\/person\/61f37d9834294b72d31d274e7ed79bca","name":"Tar\u0131k","image":{"@type":"ImageObject","inLanguage":"tr","@id":"https:\/\/narteks.net\/#\/schema\/person\/image\/","url":"https:\/\/secure.gravatar.com\/avatar\/50865afb55632c4ae467e0af0930f6510aa2297d8014be502a55b14f3b7550cf?s=96&d=mm&r=g","contentUrl":"https:\/\/secure.gravatar.com\/avatar\/50865afb55632c4ae467e0af0930f6510aa2297d8014be502a55b14f3b7550cf?s=96&d=mm&r=g","caption":"Tar\u0131k"},"sameAs":["http:\/\/narteks.net"],"url":"https:\/\/narteks.net\/index.php\/author\/narbak\/"}]}},"_links":{"self":[{"href":"https:\/\/narteks.net\/index.php\/wp-json\/wp\/v2\/posts\/254","targetHints":{"allow":["GET"]}}],"collection":[{"href":"https:\/\/narteks.net\/index.php\/wp-json\/wp\/v2\/posts"}],"about":[{"href":"https:\/\/narteks.net\/index.php\/wp-json\/wp\/v2\/types\/post"}],"author":[{"embeddable":true,"href":"https:\/\/narteks.net\/index.php\/wp-json\/wp\/v2\/users\/1"}],"replies":[{"embeddable":true,"href":"https:\/\/narteks.net\/index.php\/wp-json\/wp\/v2\/comments?post=254"}],"version-history":[{"count":0,"href":"https:\/\/narteks.net\/index.php\/wp-json\/wp\/v2\/posts\/254\/revisions"}],"wp:attachment":[{"href":"https:\/\/narteks.net\/index.php\/wp-json\/wp\/v2\/media?parent=254"}],"wp:term":[{"taxonomy":"category","embeddable":true,"href":"https:\/\/narteks.net\/index.php\/wp-json\/wp\/v2\/categories?post=254"},{"taxonomy":"post_tag","embeddable":true,"href":"https:\/\/narteks.net\/index.php\/wp-json\/wp\/v2\/tags?post=254"}],"curies":[{"name":"wp","href":"https:\/\/api.w.org\/{rel}","templated":true}]}}