{"id":2548,"date":"2009-12-06T20:06:28","date_gmt":"2009-12-06T17:06:28","guid":{"rendered":"http:\/\/localhost\/wordpress\/2009\/12\/06\/bu-sehir-yikilmayacak\/"},"modified":"2009-12-06T20:06:28","modified_gmt":"2009-12-06T17:06:28","slug":"bu-sehir-yikilmayacak","status":"publish","type":"post","link":"https:\/\/narteks.net\/index.php\/2009\/12\/06\/bu-sehir-yikilmayacak\/","title":{"rendered":"BU \u015eEH\u0130R YIKILMAYACAK"},"content":{"rendered":"<p>\u00a0<\/p>\n<p style=\"text-align: justify;\">Ben bir tek sana inan\u0131yorum sevgili. Ve sen de bu \u015fehirde ya\u015f\u0131yorsun. Bu bana yetiyor. Benim bu \u015fehre sonuna dek inanmam i\u00e7in bundan iyi bir neden yok \u015fu an.<\/p>\n<p>D\u00fcnyan\u0131n en yaln\u0131z, en karamsar, i\u00e7imizdeki o b\u00fcy\u00fck ve o kapanmaz bo\u015fluklar\u0131yla ya\u015fayan iki insan\u0131yd\u0131k biz tan\u0131\u015ft\u0131\u011f\u0131m\u0131zda. Birbirimiz i\u00e7in hem en b\u00fcy\u00fck \u00f6d\u00fcl, hem de en b\u00fcy\u00fck cezayd\u0131k.<\/p>\n<p>Kimse bizim i\u00e7imizi g\u00f6rm\u00fcyordu. G\u00f6rmedikleri i\u00e7in d\u0131\u015far\u0131da kal\u0131yor ve nefret edip \u00e7ekip gidiyordu. Sonra bize duyduklar\u0131 bu nefreti bir yerde \u00f6ylesine unutup ba\u015fkas\u0131na gidiyorlard\u0131. Sonra bize duyduklar\u0131 bu nefreti hi\u00e7 olmad\u0131k bir yerde unutulmu\u015f bir \u015fekilde buluyor, onu i\u00e7imizdeki yaraya sapl\u0131yorduk. Hi\u00e7 haberleri olmuyordu. Bizi hat\u0131rlad\u0131klar\u0131nda bizden nefret ettiklerini bile unutmu\u015f oluyorlard\u0131 \u00e7o\u011fu kez. Bizi bo\u015fluklar\u0131na \u00e7ekmek istiyorlard\u0131 bu kez. Bize geriye cam k\u0131r\u0131klar\u0131n\u0131 b\u0131rak\u0131yorlard\u0131. Nefes ald\u0131k\u00e7a i\u00e7imize batan cam k\u0131r\u0131klar\u0131n\u0131. Oysa nefes almaya tap\u0131yorduk biz; biz ikimiz d\u00fcnyan\u0131n en karamsar ya\u015fama sevdal\u0131s\u0131yd\u0131k. Ama nefes ald\u0131k\u00e7a, o en \u00e7ok sevdi\u011fimiz \u015feyi tekrarlad\u0131k\u00e7a i\u00e7imiz parampar\u00e7a oluyordu.<\/p>\n<p>En \u00e7ok bu ac\u0131 hat\u0131rlat\u0131yordu bize ya\u015fad\u0131\u011f\u0131m\u0131z\u0131.<\/p>\n<p>Ben bu \u015fehre tap\u0131yorum sevgili. Ve bir\u00e7oklar\u0131 y\u0131k\u0131mdan ve yokolu\u015ftan bahsedip bu \u015fehirden ka\u00e7may\u0131 d\u00fc\u015flerken, \u015fimdi en \u00e7ok sen benziyorsun bu \u015fehre. \u00c7\u00fcnk\u00fc bug\u00fcne dek kar\u015f\u0131na \u00e7\u0131kanlar senin sadece g\u00fczelli\u011fini, o dayan\u0131lmaz \u00e7ekicili\u011fini, o ula\u015f\u0131lmas\u0131 kolay sand\u0131klar\u0131 b\u00fcy\u00fcn\u00fc g\u00f6rd\u00fcler. Kimse i\u00e7indeki kanayan y\u00fcre\u011fini, o derin, kapanmas\u0131 g\u00fc\u00e7 bo\u015fluklar\u0131n\u0131, nefes al\u0131rken kalbine, damarlar\u0131na batan cam k\u0131r\u0131klar\u0131n\u0131 g\u00f6rmedi. \u0130\u00e7ine giremedikleri i\u00e7in senden nefret edip ka\u00e7t\u0131lar, sonra nefretlerini olmad\u0131k bir yerde unutup bir ba\u015fkas\u0131na gittiler.<\/p>\n<p>Sen bu unutulmu\u015f nefretleri aray\u0131p bulmak i\u00e7in kimbilir ka\u00e7 kez kaybolmu\u015ftun bu \u015fehirde.<\/p>\n<p>\u015eimdi sen en \u00e7ok bu \u015fehre benziyorsun sevgili. Bir yan\u0131n g\u00f6ky\u00fcz\u00fcnde \u00e7\u0131lg\u0131nca \u015fark\u0131 s\u00f6yl\u00fcyor, bir yan\u0131n d\u00fcnyan\u0131n en dokunulmaz fahi\u015fesi. Ama her nefes ald\u0131\u011f\u0131nda i\u00e7ine cam k\u0131r\u0131klar\u0131 bat\u0131yor. Her nefes ald\u0131\u011f\u0131nda i\u00e7indeki karanl\u0131k biraz daha b\u00fcy\u00fcyor. Biraz daha ula\u015f\u0131lmaz, biraz daha uzak oluyorsun. \u00c7\u00fcnk\u00fc insanlara yakla\u015ft\u0131k\u00e7a hep daha uzaklara itildin sen. Sar\u0131lmak istedik\u00e7e onlara, biraz daha bo\u015flu\u011fa savruldun.<\/p>\n<p>Ama unutma, sen de benim gibi hi\u00e7 b\u00fcy\u00fcmeyen bir \u00e7ocuksun. Tap\u0131yorsun ya\u015famaya, tap\u0131yorsun nefes almaya. Onca ac\u0131 \u00e7ekmene ra\u011fmen A\u015eKA A\u015eIKSIN sen de bu \u015fehir gibi\u00a0 BEN\u0130M G\u0130B\u0130<\/p>\n<p style=\"text-align: justify;\">Cezmi ERS\u00d6Z<\/p>\n","protected":false},"excerpt":{"rendered":"<p>\u00a0 Ben bir tek sana inan\u0131yorum sevgili. Ve sen de bu \u015fehirde ya\u015f\u0131yorsun. Bu bana yetiyor. Benim bu \u015fehre sonuna dek inanmam i\u00e7in bundan iyi bir neden yok \u015fu an. D\u00fcnyan\u0131n en yaln\u0131z, en karamsar, i\u00e7imizdeki o b\u00fcy\u00fck ve o kapanmaz bo\u015fluklar\u0131yla ya\u015fayan iki insan\u0131yd\u0131k biz tan\u0131\u015ft\u0131\u011f\u0131m\u0131zda. Birbirimiz i\u00e7in hem en b\u00fcy\u00fck \u00f6d\u00fcl, hem de [&hellip;]<\/p>\n","protected":false},"author":1,"featured_media":0,"comment_status":"open","ping_status":"open","sticky":false,"template":"","format":"standard","meta":{"footnotes":""},"categories":[18],"tags":[],"class_list":{"0":"post-2548","1":"post","2":"type-post","3":"status-publish","4":"format-standard","6":"category-cezmi-ersoz"},"yoast_head":"<!-- This site is optimized with the Yoast SEO Premium plugin v24.9 (Yoast SEO v24.9) - https:\/\/yoast.com\/wordpress\/plugins\/seo\/ -->\n<title>BU \u015eEH\u0130R YIKILMAYACAK - narteks.net<\/title>\n<meta name=\"robots\" content=\"index, follow, max-snippet:-1, max-image-preview:large, max-video-preview:-1\" \/>\n<link rel=\"canonical\" href=\"https:\/\/narteks.net\/index.php\/2009\/12\/06\/bu-sehir-yikilmayacak\/\" \/>\n<meta property=\"og:locale\" content=\"tr_TR\" \/>\n<meta property=\"og:type\" content=\"article\" \/>\n<meta property=\"og:title\" content=\"BU \u015eEH\u0130R YIKILMAYACAK\" \/>\n<meta property=\"og:description\" content=\"\u00a0 Ben bir tek sana inan\u0131yorum sevgili. Ve sen de bu \u015fehirde ya\u015f\u0131yorsun. Bu bana yetiyor. Benim bu \u015fehre sonuna dek inanmam i\u00e7in bundan iyi bir neden yok \u015fu an. D\u00fcnyan\u0131n en yaln\u0131z, en karamsar, i\u00e7imizdeki o b\u00fcy\u00fck ve o kapanmaz bo\u015fluklar\u0131yla ya\u015fayan iki insan\u0131yd\u0131k biz tan\u0131\u015ft\u0131\u011f\u0131m\u0131zda. Birbirimiz i\u00e7in hem en b\u00fcy\u00fck \u00f6d\u00fcl, hem de [&hellip;]\" \/>\n<meta property=\"og:url\" content=\"https:\/\/narteks.net\/index.php\/2009\/12\/06\/bu-sehir-yikilmayacak\/\" \/>\n<meta property=\"og:site_name\" content=\"narteks.net\" \/>\n<meta property=\"article:published_time\" content=\"2009-12-06T17:06:28+00:00\" \/>\n<meta property=\"og:image\" content=\"https:\/\/narteks.net\/wp-content\/uploads\/narteks.png\" \/>\n\t<meta property=\"og:image:width\" content=\"300\" \/>\n\t<meta property=\"og:image:height\" content=\"90\" \/>\n\t<meta property=\"og:image:type\" content=\"image\/png\" \/>\n<meta name=\"author\" content=\"Tar\u0131k\" \/>\n<meta name=\"twitter:card\" content=\"summary_large_image\" \/>\n<meta name=\"twitter:creator\" content=\"@narteks\" \/>\n<meta name=\"twitter:site\" content=\"@narteks\" \/>\n<meta name=\"twitter:label1\" content=\"Yazan:\" \/>\n\t<meta name=\"twitter:data1\" content=\"Tar\u0131k\" \/>\n\t<meta name=\"twitter:label2\" content=\"Tahmini okuma s\u00fcresi\" \/>\n\t<meta name=\"twitter:data2\" content=\"2 dakika\" \/>\n<script type=\"application\/ld+json\" class=\"yoast-schema-graph\">{\"@context\":\"https:\/\/schema.org\",\"@graph\":[{\"@type\":\"Article\",\"@id\":\"https:\/\/narteks.net\/index.php\/2009\/12\/06\/bu-sehir-yikilmayacak\/#article\",\"isPartOf\":{\"@id\":\"https:\/\/narteks.net\/index.php\/2009\/12\/06\/bu-sehir-yikilmayacak\/\"},\"author\":{\"name\":\"Tar\u0131k\",\"@id\":\"https:\/\/narteks.net\/#\/schema\/person\/61f37d9834294b72d31d274e7ed79bca\"},\"headline\":\"BU \u015eEH\u0130R YIKILMAYACAK\",\"datePublished\":\"2009-12-06T17:06:28+00:00\",\"mainEntityOfPage\":{\"@id\":\"https:\/\/narteks.net\/index.php\/2009\/12\/06\/bu-sehir-yikilmayacak\/\"},\"wordCount\":488,\"commentCount\":0,\"publisher\":{\"@id\":\"https:\/\/narteks.net\/#organization\"},\"articleSection\":[\"Cezmi ERS\u00d6Z\"],\"inLanguage\":\"tr\",\"potentialAction\":[{\"@type\":\"CommentAction\",\"name\":\"Comment\",\"target\":[\"https:\/\/narteks.net\/index.php\/2009\/12\/06\/bu-sehir-yikilmayacak\/#respond\"]}]},{\"@type\":\"WebPage\",\"@id\":\"https:\/\/narteks.net\/index.php\/2009\/12\/06\/bu-sehir-yikilmayacak\/\",\"url\":\"https:\/\/narteks.net\/index.php\/2009\/12\/06\/bu-sehir-yikilmayacak\/\",\"name\":\"BU \u015eEH\u0130R YIKILMAYACAK - narteks.net\",\"isPartOf\":{\"@id\":\"https:\/\/narteks.net\/#website\"},\"datePublished\":\"2009-12-06T17:06:28+00:00\",\"breadcrumb\":{\"@id\":\"https:\/\/narteks.net\/index.php\/2009\/12\/06\/bu-sehir-yikilmayacak\/#breadcrumb\"},\"inLanguage\":\"tr\",\"potentialAction\":[{\"@type\":\"ReadAction\",\"target\":[\"https:\/\/narteks.net\/index.php\/2009\/12\/06\/bu-sehir-yikilmayacak\/\"]}]},{\"@type\":\"BreadcrumbList\",\"@id\":\"https:\/\/narteks.net\/index.php\/2009\/12\/06\/bu-sehir-yikilmayacak\/#breadcrumb\",\"itemListElement\":[{\"@type\":\"ListItem\",\"position\":1,\"name\":\"Anasayfa\",\"item\":\"https:\/\/narteks.net\/\"},{\"@type\":\"ListItem\",\"position\":2,\"name\":\"BU \u015eEH\u0130R YIKILMAYACAK\"}]},{\"@type\":\"WebSite\",\"@id\":\"https:\/\/narteks.net\/#website\",\"url\":\"https:\/\/narteks.net\/\",\"name\":\"narteks.net\",\"description\":\"K\u00fclt\u00fcr Sanat Edebiyat Felsefe\",\"publisher\":{\"@id\":\"https:\/\/narteks.net\/#organization\"},\"alternateName\":\"K\u00fclt\u00fcr Sanat Edebiyat Felsefe\",\"potentialAction\":[{\"@type\":\"SearchAction\",\"target\":{\"@type\":\"EntryPoint\",\"urlTemplate\":\"https:\/\/narteks.net\/?s={search_term_string}\"},\"query-input\":{\"@type\":\"PropertyValueSpecification\",\"valueRequired\":true,\"valueName\":\"search_term_string\"}}],\"inLanguage\":\"tr\"},{\"@type\":\"Organization\",\"@id\":\"https:\/\/narteks.net\/#organization\",\"name\":\"narteks.net\",\"url\":\"https:\/\/narteks.net\/\",\"logo\":{\"@type\":\"ImageObject\",\"inLanguage\":\"tr\",\"@id\":\"https:\/\/narteks.net\/#\/schema\/logo\/image\/\",\"url\":\"https:\/\/narteks.net\/wp-content\/uploads\/narteks.png\",\"contentUrl\":\"https:\/\/narteks.net\/wp-content\/uploads\/narteks.png\",\"width\":300,\"height\":90,\"caption\":\"narteks.net\"},\"image\":{\"@id\":\"https:\/\/narteks.net\/#\/schema\/logo\/image\/\"},\"sameAs\":[\"https:\/\/x.com\/narteks\",\"https:\/\/instagram.com\/narteksnet\"]},{\"@type\":\"Person\",\"@id\":\"https:\/\/narteks.net\/#\/schema\/person\/61f37d9834294b72d31d274e7ed79bca\",\"name\":\"Tar\u0131k\",\"image\":{\"@type\":\"ImageObject\",\"inLanguage\":\"tr\",\"@id\":\"https:\/\/narteks.net\/#\/schema\/person\/image\/\",\"url\":\"https:\/\/secure.gravatar.com\/avatar\/50865afb55632c4ae467e0af0930f6510aa2297d8014be502a55b14f3b7550cf?s=96&d=mm&r=g\",\"contentUrl\":\"https:\/\/secure.gravatar.com\/avatar\/50865afb55632c4ae467e0af0930f6510aa2297d8014be502a55b14f3b7550cf?s=96&d=mm&r=g\",\"caption\":\"Tar\u0131k\"},\"sameAs\":[\"http:\/\/narteks.net\"],\"url\":\"https:\/\/narteks.net\/index.php\/author\/narbak\/\"}]}<\/script>\n<!-- \/ Yoast SEO Premium plugin. -->","yoast_head_json":{"title":"BU \u015eEH\u0130R YIKILMAYACAK - narteks.net","robots":{"index":"index","follow":"follow","max-snippet":"max-snippet:-1","max-image-preview":"max-image-preview:large","max-video-preview":"max-video-preview:-1"},"canonical":"https:\/\/narteks.net\/index.php\/2009\/12\/06\/bu-sehir-yikilmayacak\/","og_locale":"tr_TR","og_type":"article","og_title":"BU \u015eEH\u0130R YIKILMAYACAK","og_description":"\u00a0 Ben bir tek sana inan\u0131yorum sevgili. Ve sen de bu \u015fehirde ya\u015f\u0131yorsun. Bu bana yetiyor. Benim bu \u015fehre sonuna dek inanmam i\u00e7in bundan iyi bir neden yok \u015fu an. D\u00fcnyan\u0131n en yaln\u0131z, en karamsar, i\u00e7imizdeki o b\u00fcy\u00fck ve o kapanmaz bo\u015fluklar\u0131yla ya\u015fayan iki insan\u0131yd\u0131k biz tan\u0131\u015ft\u0131\u011f\u0131m\u0131zda. Birbirimiz i\u00e7in hem en b\u00fcy\u00fck \u00f6d\u00fcl, hem de [&hellip;]","og_url":"https:\/\/narteks.net\/index.php\/2009\/12\/06\/bu-sehir-yikilmayacak\/","og_site_name":"narteks.net","article_published_time":"2009-12-06T17:06:28+00:00","og_image":[{"width":300,"height":90,"url":"https:\/\/narteks.net\/wp-content\/uploads\/narteks.png","type":"image\/png"}],"author":"Tar\u0131k","twitter_card":"summary_large_image","twitter_creator":"@narteks","twitter_site":"@narteks","twitter_misc":{"Yazan:":"Tar\u0131k","Tahmini okuma s\u00fcresi":"2 dakika"},"schema":{"@context":"https:\/\/schema.org","@graph":[{"@type":"Article","@id":"https:\/\/narteks.net\/index.php\/2009\/12\/06\/bu-sehir-yikilmayacak\/#article","isPartOf":{"@id":"https:\/\/narteks.net\/index.php\/2009\/12\/06\/bu-sehir-yikilmayacak\/"},"author":{"name":"Tar\u0131k","@id":"https:\/\/narteks.net\/#\/schema\/person\/61f37d9834294b72d31d274e7ed79bca"},"headline":"BU \u015eEH\u0130R YIKILMAYACAK","datePublished":"2009-12-06T17:06:28+00:00","mainEntityOfPage":{"@id":"https:\/\/narteks.net\/index.php\/2009\/12\/06\/bu-sehir-yikilmayacak\/"},"wordCount":488,"commentCount":0,"publisher":{"@id":"https:\/\/narteks.net\/#organization"},"articleSection":["Cezmi ERS\u00d6Z"],"inLanguage":"tr","potentialAction":[{"@type":"CommentAction","name":"Comment","target":["https:\/\/narteks.net\/index.php\/2009\/12\/06\/bu-sehir-yikilmayacak\/#respond"]}]},{"@type":"WebPage","@id":"https:\/\/narteks.net\/index.php\/2009\/12\/06\/bu-sehir-yikilmayacak\/","url":"https:\/\/narteks.net\/index.php\/2009\/12\/06\/bu-sehir-yikilmayacak\/","name":"BU \u015eEH\u0130R YIKILMAYACAK - narteks.net","isPartOf":{"@id":"https:\/\/narteks.net\/#website"},"datePublished":"2009-12-06T17:06:28+00:00","breadcrumb":{"@id":"https:\/\/narteks.net\/index.php\/2009\/12\/06\/bu-sehir-yikilmayacak\/#breadcrumb"},"inLanguage":"tr","potentialAction":[{"@type":"ReadAction","target":["https:\/\/narteks.net\/index.php\/2009\/12\/06\/bu-sehir-yikilmayacak\/"]}]},{"@type":"BreadcrumbList","@id":"https:\/\/narteks.net\/index.php\/2009\/12\/06\/bu-sehir-yikilmayacak\/#breadcrumb","itemListElement":[{"@type":"ListItem","position":1,"name":"Anasayfa","item":"https:\/\/narteks.net\/"},{"@type":"ListItem","position":2,"name":"BU \u015eEH\u0130R YIKILMAYACAK"}]},{"@type":"WebSite","@id":"https:\/\/narteks.net\/#website","url":"https:\/\/narteks.net\/","name":"narteks.net","description":"K\u00fclt\u00fcr Sanat Edebiyat Felsefe","publisher":{"@id":"https:\/\/narteks.net\/#organization"},"alternateName":"K\u00fclt\u00fcr Sanat Edebiyat Felsefe","potentialAction":[{"@type":"SearchAction","target":{"@type":"EntryPoint","urlTemplate":"https:\/\/narteks.net\/?s={search_term_string}"},"query-input":{"@type":"PropertyValueSpecification","valueRequired":true,"valueName":"search_term_string"}}],"inLanguage":"tr"},{"@type":"Organization","@id":"https:\/\/narteks.net\/#organization","name":"narteks.net","url":"https:\/\/narteks.net\/","logo":{"@type":"ImageObject","inLanguage":"tr","@id":"https:\/\/narteks.net\/#\/schema\/logo\/image\/","url":"https:\/\/narteks.net\/wp-content\/uploads\/narteks.png","contentUrl":"https:\/\/narteks.net\/wp-content\/uploads\/narteks.png","width":300,"height":90,"caption":"narteks.net"},"image":{"@id":"https:\/\/narteks.net\/#\/schema\/logo\/image\/"},"sameAs":["https:\/\/x.com\/narteks","https:\/\/instagram.com\/narteksnet"]},{"@type":"Person","@id":"https:\/\/narteks.net\/#\/schema\/person\/61f37d9834294b72d31d274e7ed79bca","name":"Tar\u0131k","image":{"@type":"ImageObject","inLanguage":"tr","@id":"https:\/\/narteks.net\/#\/schema\/person\/image\/","url":"https:\/\/secure.gravatar.com\/avatar\/50865afb55632c4ae467e0af0930f6510aa2297d8014be502a55b14f3b7550cf?s=96&d=mm&r=g","contentUrl":"https:\/\/secure.gravatar.com\/avatar\/50865afb55632c4ae467e0af0930f6510aa2297d8014be502a55b14f3b7550cf?s=96&d=mm&r=g","caption":"Tar\u0131k"},"sameAs":["http:\/\/narteks.net"],"url":"https:\/\/narteks.net\/index.php\/author\/narbak\/"}]}},"_links":{"self":[{"href":"https:\/\/narteks.net\/index.php\/wp-json\/wp\/v2\/posts\/2548","targetHints":{"allow":["GET"]}}],"collection":[{"href":"https:\/\/narteks.net\/index.php\/wp-json\/wp\/v2\/posts"}],"about":[{"href":"https:\/\/narteks.net\/index.php\/wp-json\/wp\/v2\/types\/post"}],"author":[{"embeddable":true,"href":"https:\/\/narteks.net\/index.php\/wp-json\/wp\/v2\/users\/1"}],"replies":[{"embeddable":true,"href":"https:\/\/narteks.net\/index.php\/wp-json\/wp\/v2\/comments?post=2548"}],"version-history":[{"count":0,"href":"https:\/\/narteks.net\/index.php\/wp-json\/wp\/v2\/posts\/2548\/revisions"}],"wp:attachment":[{"href":"https:\/\/narteks.net\/index.php\/wp-json\/wp\/v2\/media?parent=2548"}],"wp:term":[{"taxonomy":"category","embeddable":true,"href":"https:\/\/narteks.net\/index.php\/wp-json\/wp\/v2\/categories?post=2548"},{"taxonomy":"post_tag","embeddable":true,"href":"https:\/\/narteks.net\/index.php\/wp-json\/wp\/v2\/tags?post=2548"}],"curies":[{"name":"wp","href":"https:\/\/api.w.org\/{rel}","templated":true}]}}