{"id":255,"date":"2009-02-27T22:54:52","date_gmt":"2009-02-27T19:54:52","guid":{"rendered":"http:\/\/localhost\/wordpress\/2009\/02\/27\/ak-daimi-biyografisi-ve-eserleri\/"},"modified":"2009-02-27T22:54:52","modified_gmt":"2009-02-27T19:54:52","slug":"ak-daimi-biyografisi-ve-eserleri","status":"publish","type":"post","link":"https:\/\/narteks.net\/index.php\/2009\/02\/27\/ak-daimi-biyografisi-ve-eserleri\/","title":{"rendered":"A\u015f\u0131k Daimi Biyografisi ve Eserleri"},"content":{"rendered":"<p style=\"text-align: justify;\"><img loading=\"lazy\" decoding=\"async\" src=\"http:\/\/www.ozanlar.biz\/daimi\/images\/D-P05.jpg\" border=\"0\" width=\"155\" height=\"205\" style=\"float: left;\" \/><br \/> A\u015f\u0131k Daimi (\u0130smail Ayd\u0131n)<\/p>\n<p> <em>Ne A\u011flars\u0131n Benim Z\u00fclf\u00fc Siyahim,<br \/> Bu Da Gelir Bu Da Ge\u00e7er A\u011flama.<br \/> G\u00f6klere Eri\u015fti Fig\u00e2n\u0131m Ah\u0131m,<br \/> Bu Da Gelir Bu Da Ge\u00e7er A\u011flama.<\/p>\n<p> Daimi&#8217;yem Her Can Ermez Bu S\u0131rra,<br \/> Ger\u00e7ek A\u015f\u0131k Olan Erer O N\u00fbra.<br \/> Yusuf Sab\u0131r \u0130le Vard\u0131 M\u0131s\u0131r\u2019a,<br \/> Bu Da Gelir Bu Da Ge\u00e7er A\u011flama.<\/em><\/p>\n<p> A\u015f\u0131k Daimi 1932 y\u0131l\u0131nda \u0130stanbul&#8217;da do\u011fdu, aslen Erzincan&#8217;\u0131n Tercan il\u00e7esindendir. Ali Babao\u011fullar\u0131ndan Baba Daimi, Birinci D\u00fcnya sava\u015f\u0131 s\u0131ralar\u0131nda \u0130stanbul&#8217;a g\u00f6\u00e7 etmi\u015ftir. A\u015f\u0131k Dami&#8217;nin iki dedesi de saz \u015fairiydi o nedenle saz \u00e7almay\u0131 ve s\u00f6ylemeyi kolayca \u00f6\u011frendi. Bir s\u00fcre sonra da kendi deyi\u015flerini okumu\u015ftur. \u0130stanbul&#8217;dan ayr\u0131larak bir s\u00fcre baba diyar\u0131nda kalan a\u015f\u0131k 1950 y\u0131l\u0131nda evlendi iki k\u0131z\u0131 ile iki o\u011flu d\u00fcnyaya geldi. 1962 y\u0131l\u0131nda bir daha d\u00f6nmemek \u00fczere \u0130stanbul&#8217;a yerle\u015fti.<\/p>\n<p> TRT Genel M\u00fcd\u00fcrl\u00fc\u011f\u00fc&#8217;nce a\u00e7\u0131lan s\u0131nav\u0131 kazand\u0131. O tarihten sonra ka\u015feli sanat\u00e7\u0131 olarak g\u00f6revini s\u00fcrd\u00fcrd\u00fc. Zaman zaman yurti\u00e7i ve yurtd\u0131\u015f\u0131nda konserler verdi. 17 Nisan 1983 tarihinde aram\u0131zdan ayr\u0131ld\u0131. En \u00e7ok bilinen eserleri: Ne a\u011flars\u0131n, seherde bir ba\u011fa girdim, bir seher vaktinde&#8230;&#8230;.<\/p>\n<p><strong>Bir Seher Vaktinde<\/strong><\/p>\n<p>Bir Seher Vaktinde \u0130ndim Ba\u011flara<br \/>\u00d6ter \u015eeyda B\u00fclb\u00fcl, Dil Yarelenir<br \/>Bakmaz M\u0131s\u0131n Sinemde Da\u011flara<br \/>Derdim D\u00f6kmeye Dil Yarelenir<\/p>\n<p>Bo\u015f Ge\u00e7irmeyelim Gel Bu \u00c7a\u011flar\u0131<br \/>Dola\u015fal\u0131m Sahralar\u0131 Da\u011flar\u0131<br \/>Bir G\u00fcn Gazel D\u00f6ker \u00d6mr\u00fcn Ba\u011flar\u0131<br \/>Eser Sam\u00a0 Yelleri Dal Yarelenir<\/p>\n<p>Daimi\u2019yim Yanar A\u015fk\u0131n \u00c7\u0131ra\u011f\u0131<br \/>Dostun Muhabbeti Cennet Ota\u011f\u0131<br \/>Ancak \u015eu D\u00fcnyada Derdim Orta\u011f\u0131<br \/>Saz\u0131m Figan Eder Tel Yarelenir<\/p>\n<p><strong>Ne A\u011flars\u0131n Benim Z\u00fclf\u00fc Siyahim<\/strong><\/p>\n<p>Ne A\u011flars\u0131n Benim Z\u00fclf\u00fc Siyahim,<br \/>Bu Da Gelir Bu Da Ge\u00e7er A\u011flama.<br \/>G\u00f6klere Eri\u015fti Fig\u00e2n\u0131m Ah\u0131m,<br \/>Bu Da Gelir Bu Da Ge\u00e7er A\u011flama.<\/p>\n<p>Bir G\u00fcl\u00fcn \u00c7evresi Dikendir Hard\u0131r,<br \/>B\u00fclb\u00fcl Har Elinde Ah \u0130le Zard\u0131r.<br \/>Ne Olsa Da K\u0131\u015f\u0131n Sonu Bahard\u0131r,<br \/>Bu Da Gelir Bu Da Ge\u00e7er A\u011flama.<\/p>\n<p>Daimi&#8217;yem Her Can Ermez Bu S\u0131rra,<br \/>Ger\u00e7ek A\u015f\u0131k Olan Erer O N\u00fbra.<br \/>Yusuf Sab\u0131r \u0130le Vard\u0131 M\u0131s\u0131r\u2019a,<br \/>Bu Da Gelir Bu Da Ge\u00e7er A\u011flama.<\/p>\n","protected":false},"excerpt":{"rendered":"<p>A\u015f\u0131k Daimi (\u0130smail Ayd\u0131n) Ne A\u011flars\u0131n Benim Z\u00fclf\u00fc Siyahim, Bu Da Gelir Bu Da Ge\u00e7er A\u011flama. G\u00f6klere Eri\u015fti Fig\u00e2n\u0131m Ah\u0131m, Bu Da Gelir Bu Da Ge\u00e7er A\u011flama. Daimi&#8217;yem Her Can Ermez Bu S\u0131rra, Ger\u00e7ek A\u015f\u0131k Olan Erer O N\u00fbra. Yusuf Sab\u0131r \u0130le Vard\u0131 M\u0131s\u0131r\u2019a, Bu Da Gelir Bu Da Ge\u00e7er A\u011flama. A\u015f\u0131k Daimi 1932 y\u0131l\u0131nda [&hellip;]<\/p>\n","protected":false},"author":1,"featured_media":0,"comment_status":"open","ping_status":"open","sticky":false,"template":"","format":"standard","meta":{"footnotes":""},"categories":[172],"tags":[],"class_list":{"0":"post-255","1":"post","2":"type-post","3":"status-publish","4":"format-standard","6":"category-ozanlar-ve-eserleri"},"yoast_head":"<!-- This site is optimized with the Yoast SEO Premium plugin v24.9 (Yoast SEO v24.9) - https:\/\/yoast.com\/wordpress\/plugins\/seo\/ -->\n<title>A\u015f\u0131k Daimi Biyografisi ve Eserleri - narteks.net<\/title>\n<meta name=\"robots\" content=\"index, follow, max-snippet:-1, max-image-preview:large, max-video-preview:-1\" \/>\n<link rel=\"canonical\" href=\"https:\/\/narteks.net\/index.php\/2009\/02\/27\/ak-daimi-biyografisi-ve-eserleri\/\" \/>\n<meta property=\"og:locale\" content=\"tr_TR\" \/>\n<meta property=\"og:type\" content=\"article\" \/>\n<meta property=\"og:title\" content=\"A\u015f\u0131k Daimi Biyografisi ve Eserleri\" \/>\n<meta property=\"og:description\" content=\"A\u015f\u0131k Daimi (\u0130smail Ayd\u0131n) Ne A\u011flars\u0131n Benim Z\u00fclf\u00fc Siyahim, Bu Da Gelir Bu Da Ge\u00e7er A\u011flama. G\u00f6klere Eri\u015fti Fig\u00e2n\u0131m Ah\u0131m, Bu Da Gelir Bu Da Ge\u00e7er A\u011flama. Daimi&#8217;yem Her Can Ermez Bu S\u0131rra, Ger\u00e7ek A\u015f\u0131k Olan Erer O N\u00fbra. Yusuf Sab\u0131r \u0130le Vard\u0131 M\u0131s\u0131r\u2019a, Bu Da Gelir Bu Da Ge\u00e7er A\u011flama. A\u015f\u0131k Daimi 1932 y\u0131l\u0131nda [&hellip;]\" \/>\n<meta property=\"og:url\" content=\"https:\/\/narteks.net\/index.php\/2009\/02\/27\/ak-daimi-biyografisi-ve-eserleri\/\" \/>\n<meta property=\"og:site_name\" content=\"narteks.net\" \/>\n<meta property=\"article:published_time\" content=\"2009-02-27T19:54:52+00:00\" \/>\n<meta property=\"og:image\" content=\"http:\/\/www.ozanlar.biz\/daimi\/images\/D-P05.jpg\" \/>\n<meta name=\"author\" content=\"Tar\u0131k\" \/>\n<meta name=\"twitter:card\" content=\"summary_large_image\" \/>\n<meta name=\"twitter:creator\" content=\"@narteks\" \/>\n<meta name=\"twitter:site\" content=\"@narteks\" \/>\n<meta name=\"twitter:label1\" content=\"Yazan:\" \/>\n\t<meta name=\"twitter:data1\" content=\"Tar\u0131k\" \/>\n\t<meta name=\"twitter:label2\" content=\"Tahmini okuma s\u00fcresi\" \/>\n\t<meta name=\"twitter:data2\" content=\"2 dakika\" \/>\n<script type=\"application\/ld+json\" class=\"yoast-schema-graph\">{\"@context\":\"https:\/\/schema.org\",\"@graph\":[{\"@type\":\"Article\",\"@id\":\"https:\/\/narteks.net\/index.php\/2009\/02\/27\/ak-daimi-biyografisi-ve-eserleri\/#article\",\"isPartOf\":{\"@id\":\"https:\/\/narteks.net\/index.php\/2009\/02\/27\/ak-daimi-biyografisi-ve-eserleri\/\"},\"author\":{\"name\":\"Tar\u0131k\",\"@id\":\"https:\/\/narteks.net\/#\/schema\/person\/61f37d9834294b72d31d274e7ed79bca\"},\"headline\":\"A\u015f\u0131k Daimi Biyografisi ve Eserleri\",\"datePublished\":\"2009-02-27T19:54:52+00:00\",\"mainEntityOfPage\":{\"@id\":\"https:\/\/narteks.net\/index.php\/2009\/02\/27\/ak-daimi-biyografisi-ve-eserleri\/\"},\"wordCount\":419,\"commentCount\":0,\"publisher\":{\"@id\":\"https:\/\/narteks.net\/#organization\"},\"image\":{\"@id\":\"https:\/\/narteks.net\/index.php\/2009\/02\/27\/ak-daimi-biyografisi-ve-eserleri\/#primaryimage\"},\"thumbnailUrl\":\"http:\/\/www.ozanlar.biz\/daimi\/images\/D-P05.jpg\",\"articleSection\":[\"Ozanlar ve Eserleri\"],\"inLanguage\":\"tr\",\"potentialAction\":[{\"@type\":\"CommentAction\",\"name\":\"Comment\",\"target\":[\"https:\/\/narteks.net\/index.php\/2009\/02\/27\/ak-daimi-biyografisi-ve-eserleri\/#respond\"]}]},{\"@type\":\"WebPage\",\"@id\":\"https:\/\/narteks.net\/index.php\/2009\/02\/27\/ak-daimi-biyografisi-ve-eserleri\/\",\"url\":\"https:\/\/narteks.net\/index.php\/2009\/02\/27\/ak-daimi-biyografisi-ve-eserleri\/\",\"name\":\"A\u015f\u0131k Daimi Biyografisi ve Eserleri - narteks.net\",\"isPartOf\":{\"@id\":\"https:\/\/narteks.net\/#website\"},\"primaryImageOfPage\":{\"@id\":\"https:\/\/narteks.net\/index.php\/2009\/02\/27\/ak-daimi-biyografisi-ve-eserleri\/#primaryimage\"},\"image\":{\"@id\":\"https:\/\/narteks.net\/index.php\/2009\/02\/27\/ak-daimi-biyografisi-ve-eserleri\/#primaryimage\"},\"thumbnailUrl\":\"http:\/\/www.ozanlar.biz\/daimi\/images\/D-P05.jpg\",\"datePublished\":\"2009-02-27T19:54:52+00:00\",\"breadcrumb\":{\"@id\":\"https:\/\/narteks.net\/index.php\/2009\/02\/27\/ak-daimi-biyografisi-ve-eserleri\/#breadcrumb\"},\"inLanguage\":\"tr\",\"potentialAction\":[{\"@type\":\"ReadAction\",\"target\":[\"https:\/\/narteks.net\/index.php\/2009\/02\/27\/ak-daimi-biyografisi-ve-eserleri\/\"]}]},{\"@type\":\"ImageObject\",\"inLanguage\":\"tr\",\"@id\":\"https:\/\/narteks.net\/index.php\/2009\/02\/27\/ak-daimi-biyografisi-ve-eserleri\/#primaryimage\",\"url\":\"http:\/\/www.ozanlar.biz\/daimi\/images\/D-P05.jpg\",\"contentUrl\":\"http:\/\/www.ozanlar.biz\/daimi\/images\/D-P05.jpg\"},{\"@type\":\"BreadcrumbList\",\"@id\":\"https:\/\/narteks.net\/index.php\/2009\/02\/27\/ak-daimi-biyografisi-ve-eserleri\/#breadcrumb\",\"itemListElement\":[{\"@type\":\"ListItem\",\"position\":1,\"name\":\"Anasayfa\",\"item\":\"https:\/\/narteks.net\/\"},{\"@type\":\"ListItem\",\"position\":2,\"name\":\"A\u015f\u0131k Daimi Biyografisi ve Eserleri\"}]},{\"@type\":\"WebSite\",\"@id\":\"https:\/\/narteks.net\/#website\",\"url\":\"https:\/\/narteks.net\/\",\"name\":\"narteks.net\",\"description\":\"K\u00fclt\u00fcr Sanat Edebiyat Felsefe\",\"publisher\":{\"@id\":\"https:\/\/narteks.net\/#organization\"},\"alternateName\":\"K\u00fclt\u00fcr Sanat Edebiyat Felsefe\",\"potentialAction\":[{\"@type\":\"SearchAction\",\"target\":{\"@type\":\"EntryPoint\",\"urlTemplate\":\"https:\/\/narteks.net\/?s={search_term_string}\"},\"query-input\":{\"@type\":\"PropertyValueSpecification\",\"valueRequired\":true,\"valueName\":\"search_term_string\"}}],\"inLanguage\":\"tr\"},{\"@type\":\"Organization\",\"@id\":\"https:\/\/narteks.net\/#organization\",\"name\":\"narteks.net\",\"url\":\"https:\/\/narteks.net\/\",\"logo\":{\"@type\":\"ImageObject\",\"inLanguage\":\"tr\",\"@id\":\"https:\/\/narteks.net\/#\/schema\/logo\/image\/\",\"url\":\"https:\/\/narteks.net\/wp-content\/uploads\/narteks.png\",\"contentUrl\":\"https:\/\/narteks.net\/wp-content\/uploads\/narteks.png\",\"width\":300,\"height\":90,\"caption\":\"narteks.net\"},\"image\":{\"@id\":\"https:\/\/narteks.net\/#\/schema\/logo\/image\/\"},\"sameAs\":[\"https:\/\/x.com\/narteks\",\"https:\/\/instagram.com\/narteksnet\"]},{\"@type\":\"Person\",\"@id\":\"https:\/\/narteks.net\/#\/schema\/person\/61f37d9834294b72d31d274e7ed79bca\",\"name\":\"Tar\u0131k\",\"image\":{\"@type\":\"ImageObject\",\"inLanguage\":\"tr\",\"@id\":\"https:\/\/narteks.net\/#\/schema\/person\/image\/\",\"url\":\"https:\/\/secure.gravatar.com\/avatar\/50865afb55632c4ae467e0af0930f6510aa2297d8014be502a55b14f3b7550cf?s=96&d=mm&r=g\",\"contentUrl\":\"https:\/\/secure.gravatar.com\/avatar\/50865afb55632c4ae467e0af0930f6510aa2297d8014be502a55b14f3b7550cf?s=96&d=mm&r=g\",\"caption\":\"Tar\u0131k\"},\"sameAs\":[\"http:\/\/narteks.net\"],\"url\":\"https:\/\/narteks.net\/index.php\/author\/narbak\/\"}]}<\/script>\n<!-- \/ Yoast SEO Premium plugin. -->","yoast_head_json":{"title":"A\u015f\u0131k Daimi Biyografisi ve Eserleri - narteks.net","robots":{"index":"index","follow":"follow","max-snippet":"max-snippet:-1","max-image-preview":"max-image-preview:large","max-video-preview":"max-video-preview:-1"},"canonical":"https:\/\/narteks.net\/index.php\/2009\/02\/27\/ak-daimi-biyografisi-ve-eserleri\/","og_locale":"tr_TR","og_type":"article","og_title":"A\u015f\u0131k Daimi Biyografisi ve Eserleri","og_description":"A\u015f\u0131k Daimi (\u0130smail Ayd\u0131n) Ne A\u011flars\u0131n Benim Z\u00fclf\u00fc Siyahim, Bu Da Gelir Bu Da Ge\u00e7er A\u011flama. G\u00f6klere Eri\u015fti Fig\u00e2n\u0131m Ah\u0131m, Bu Da Gelir Bu Da Ge\u00e7er A\u011flama. Daimi&#8217;yem Her Can Ermez Bu S\u0131rra, Ger\u00e7ek A\u015f\u0131k Olan Erer O N\u00fbra. Yusuf Sab\u0131r \u0130le Vard\u0131 M\u0131s\u0131r\u2019a, Bu Da Gelir Bu Da Ge\u00e7er A\u011flama. A\u015f\u0131k Daimi 1932 y\u0131l\u0131nda [&hellip;]","og_url":"https:\/\/narteks.net\/index.php\/2009\/02\/27\/ak-daimi-biyografisi-ve-eserleri\/","og_site_name":"narteks.net","article_published_time":"2009-02-27T19:54:52+00:00","og_image":[{"url":"http:\/\/www.ozanlar.biz\/daimi\/images\/D-P05.jpg","type":"","width":"","height":""}],"author":"Tar\u0131k","twitter_card":"summary_large_image","twitter_creator":"@narteks","twitter_site":"@narteks","twitter_misc":{"Yazan:":"Tar\u0131k","Tahmini okuma s\u00fcresi":"2 dakika"},"schema":{"@context":"https:\/\/schema.org","@graph":[{"@type":"Article","@id":"https:\/\/narteks.net\/index.php\/2009\/02\/27\/ak-daimi-biyografisi-ve-eserleri\/#article","isPartOf":{"@id":"https:\/\/narteks.net\/index.php\/2009\/02\/27\/ak-daimi-biyografisi-ve-eserleri\/"},"author":{"name":"Tar\u0131k","@id":"https:\/\/narteks.net\/#\/schema\/person\/61f37d9834294b72d31d274e7ed79bca"},"headline":"A\u015f\u0131k Daimi Biyografisi ve Eserleri","datePublished":"2009-02-27T19:54:52+00:00","mainEntityOfPage":{"@id":"https:\/\/narteks.net\/index.php\/2009\/02\/27\/ak-daimi-biyografisi-ve-eserleri\/"},"wordCount":419,"commentCount":0,"publisher":{"@id":"https:\/\/narteks.net\/#organization"},"image":{"@id":"https:\/\/narteks.net\/index.php\/2009\/02\/27\/ak-daimi-biyografisi-ve-eserleri\/#primaryimage"},"thumbnailUrl":"http:\/\/www.ozanlar.biz\/daimi\/images\/D-P05.jpg","articleSection":["Ozanlar ve Eserleri"],"inLanguage":"tr","potentialAction":[{"@type":"CommentAction","name":"Comment","target":["https:\/\/narteks.net\/index.php\/2009\/02\/27\/ak-daimi-biyografisi-ve-eserleri\/#respond"]}]},{"@type":"WebPage","@id":"https:\/\/narteks.net\/index.php\/2009\/02\/27\/ak-daimi-biyografisi-ve-eserleri\/","url":"https:\/\/narteks.net\/index.php\/2009\/02\/27\/ak-daimi-biyografisi-ve-eserleri\/","name":"A\u015f\u0131k Daimi Biyografisi ve Eserleri - narteks.net","isPartOf":{"@id":"https:\/\/narteks.net\/#website"},"primaryImageOfPage":{"@id":"https:\/\/narteks.net\/index.php\/2009\/02\/27\/ak-daimi-biyografisi-ve-eserleri\/#primaryimage"},"image":{"@id":"https:\/\/narteks.net\/index.php\/2009\/02\/27\/ak-daimi-biyografisi-ve-eserleri\/#primaryimage"},"thumbnailUrl":"http:\/\/www.ozanlar.biz\/daimi\/images\/D-P05.jpg","datePublished":"2009-02-27T19:54:52+00:00","breadcrumb":{"@id":"https:\/\/narteks.net\/index.php\/2009\/02\/27\/ak-daimi-biyografisi-ve-eserleri\/#breadcrumb"},"inLanguage":"tr","potentialAction":[{"@type":"ReadAction","target":["https:\/\/narteks.net\/index.php\/2009\/02\/27\/ak-daimi-biyografisi-ve-eserleri\/"]}]},{"@type":"ImageObject","inLanguage":"tr","@id":"https:\/\/narteks.net\/index.php\/2009\/02\/27\/ak-daimi-biyografisi-ve-eserleri\/#primaryimage","url":"http:\/\/www.ozanlar.biz\/daimi\/images\/D-P05.jpg","contentUrl":"http:\/\/www.ozanlar.biz\/daimi\/images\/D-P05.jpg"},{"@type":"BreadcrumbList","@id":"https:\/\/narteks.net\/index.php\/2009\/02\/27\/ak-daimi-biyografisi-ve-eserleri\/#breadcrumb","itemListElement":[{"@type":"ListItem","position":1,"name":"Anasayfa","item":"https:\/\/narteks.net\/"},{"@type":"ListItem","position":2,"name":"A\u015f\u0131k Daimi Biyografisi ve Eserleri"}]},{"@type":"WebSite","@id":"https:\/\/narteks.net\/#website","url":"https:\/\/narteks.net\/","name":"narteks.net","description":"K\u00fclt\u00fcr Sanat Edebiyat Felsefe","publisher":{"@id":"https:\/\/narteks.net\/#organization"},"alternateName":"K\u00fclt\u00fcr Sanat Edebiyat Felsefe","potentialAction":[{"@type":"SearchAction","target":{"@type":"EntryPoint","urlTemplate":"https:\/\/narteks.net\/?s={search_term_string}"},"query-input":{"@type":"PropertyValueSpecification","valueRequired":true,"valueName":"search_term_string"}}],"inLanguage":"tr"},{"@type":"Organization","@id":"https:\/\/narteks.net\/#organization","name":"narteks.net","url":"https:\/\/narteks.net\/","logo":{"@type":"ImageObject","inLanguage":"tr","@id":"https:\/\/narteks.net\/#\/schema\/logo\/image\/","url":"https:\/\/narteks.net\/wp-content\/uploads\/narteks.png","contentUrl":"https:\/\/narteks.net\/wp-content\/uploads\/narteks.png","width":300,"height":90,"caption":"narteks.net"},"image":{"@id":"https:\/\/narteks.net\/#\/schema\/logo\/image\/"},"sameAs":["https:\/\/x.com\/narteks","https:\/\/instagram.com\/narteksnet"]},{"@type":"Person","@id":"https:\/\/narteks.net\/#\/schema\/person\/61f37d9834294b72d31d274e7ed79bca","name":"Tar\u0131k","image":{"@type":"ImageObject","inLanguage":"tr","@id":"https:\/\/narteks.net\/#\/schema\/person\/image\/","url":"https:\/\/secure.gravatar.com\/avatar\/50865afb55632c4ae467e0af0930f6510aa2297d8014be502a55b14f3b7550cf?s=96&d=mm&r=g","contentUrl":"https:\/\/secure.gravatar.com\/avatar\/50865afb55632c4ae467e0af0930f6510aa2297d8014be502a55b14f3b7550cf?s=96&d=mm&r=g","caption":"Tar\u0131k"},"sameAs":["http:\/\/narteks.net"],"url":"https:\/\/narteks.net\/index.php\/author\/narbak\/"}]}},"_links":{"self":[{"href":"https:\/\/narteks.net\/index.php\/wp-json\/wp\/v2\/posts\/255","targetHints":{"allow":["GET"]}}],"collection":[{"href":"https:\/\/narteks.net\/index.php\/wp-json\/wp\/v2\/posts"}],"about":[{"href":"https:\/\/narteks.net\/index.php\/wp-json\/wp\/v2\/types\/post"}],"author":[{"embeddable":true,"href":"https:\/\/narteks.net\/index.php\/wp-json\/wp\/v2\/users\/1"}],"replies":[{"embeddable":true,"href":"https:\/\/narteks.net\/index.php\/wp-json\/wp\/v2\/comments?post=255"}],"version-history":[{"count":0,"href":"https:\/\/narteks.net\/index.php\/wp-json\/wp\/v2\/posts\/255\/revisions"}],"wp:attachment":[{"href":"https:\/\/narteks.net\/index.php\/wp-json\/wp\/v2\/media?parent=255"}],"wp:term":[{"taxonomy":"category","embeddable":true,"href":"https:\/\/narteks.net\/index.php\/wp-json\/wp\/v2\/categories?post=255"},{"taxonomy":"post_tag","embeddable":true,"href":"https:\/\/narteks.net\/index.php\/wp-json\/wp\/v2\/tags?post=255"}],"curies":[{"name":"wp","href":"https:\/\/api.w.org\/{rel}","templated":true}]}}