{"id":2552,"date":"2009-12-06T20:10:52","date_gmt":"2009-12-06T17:10:52","guid":{"rendered":"http:\/\/localhost\/wordpress\/2009\/12\/06\/daha-fazla-yabanci-qolmekq-istemiyorum-sana\/"},"modified":"2009-12-06T20:10:52","modified_gmt":"2009-12-06T17:10:52","slug":"daha-fazla-yabanci-qolmekq-istemiyorum-sana","status":"publish","type":"post","link":"https:\/\/narteks.net\/index.php\/2009\/12\/06\/daha-fazla-yabanci-qolmekq-istemiyorum-sana\/","title":{"rendered":"DAHA FAZLA YABANCI &#8220;\u00d6LMEK&#8221; \u0130STEM\u0130YORUM SANA"},"content":{"rendered":"<p>\u00a0<\/p>\n<p style=\"text-align: justify;\">\u0130yilikten, safl\u0131ktan ula\u015famad\u0131m kendime burada Buras\u0131 durmadan h\u0131zlanan bir kent. Burada sonsuz arzu \u00e7arp\u0131\u015f\u0131r. Sonsuz ac\u0131 Sonsuz h\u0131rs<br \/>En ba\u015flarda ne istedim tam bilmiyorum. Ama \u00f6yle a\u00e7\u0131k ve duruydu ki g\u00f6rd\u00fc\u011f\u00fcm her\u015fey, nereye ve kime baksam beni kendisine inand\u0131r\u0131yordu. Hen\u00fcz i\u00e7imde bir ba\u015fkas\u0131 yoktu. \u0130\u00e7imde benden ayr\u0131, bana kar\u015f\u0131 bir ses yoktu. Gidemedi\u011fim yerleri mutlu \u00f6zlerdim, \u00e7\u00fcnk\u00fc gitmesem bile bilirdim ki oralar\u0131 da benden bir par\u00e7ayd\u0131.<br \/>\u00c7ok az ve usulca konu\u015fulurdu.<br \/>\u00c7\u00fcnk\u00fc sessizlik vard\u0131 ve ve bu sessizlikte en k\u00fc\u00e7\u00fck sesler bile \u00e7abucak yay\u0131l\u0131rd\u0131 heryere. Sessizlik kutsald\u0131, \u00e7\u00fcnk\u00fc b\u00fct\u00fcn sesleri o saklard\u0131 koynunda.<br \/>Evlerin \u00f6n\u00fcnde k\u00fc\u00e7\u00fck bah\u00e7eler vard\u0131. Geceleri \u0131\u015f\u0131l \u0131\u015f\u0131l yanan k\u00fc\u00e7\u00fck d\u00fc\u015f a\u011fa\u00e7lar\u0131 vard\u0131. Her\u015fey bizim i\u00e7in yarat\u0131lm\u0131\u015ft\u0131 sanki, g\u00f6r\u00fcnd\u00fc\u011f\u00fc gibi olan ruhumuza g\u00f6re. Geceler g\u00fcnd\u00fczlere usulca sokulurdu. Yava\u015ft\u0131 her\u015fey. \u00c7ok yava\u015f<br \/>Kutsal ve sonsuz bir aynayd\u0131 g\u00f6ky\u00fcz\u00fc. Kendisine i\u00e7tenlikle ve sab\u0131rla bakanlar\u0131n ismini say\u0131klard\u0131<br \/>O zaman da vard\u0131 k\u00f6t\u00fcl\u00fck ve \u015fiddet O zaman da vard\u0131 yalan ve sevgisizlik Ama yava\u015f d\u00f6nerdi d\u00fcnya. Garip, kutsal bir sessizlik vard\u0131 heryerde. Utan\u0131rd\u0131 k\u00f6t\u00fcler yapt\u0131klar\u0131ndan. Pi\u015fmanl\u0131k duyulurdu her yalandan sonra. Sanki mecbur kal\u0131nd\u0131\u011f\u0131 i\u00e7in sevgisizdi insanlar.<br \/>Top oynard\u0131k mezarl\u0131klarda. \u00d6l\u00fcler d\u00fcnyan\u0131n en sevecen insanlar\u0131yd\u0131lar. Hayat\u0131 onlar sevdirirdi bize. Ayn\u0131 g\u00fcne\u015fin alt\u0131na uzan\u0131rd\u0131k birlikte.<br \/>O zaman bir tek kalbim vard\u0131 benim. G\u00f6zlerim bana aitti nereye gitsem. \u0130\u00e7imde kendi sesimden ba\u015fka hi\u00e7bir ses yoktu.<br \/>Hayat\u0131n o dinmeyen a\u011fr\u0131s\u0131yla hat\u0131rlard\u0131m kendimi. Susar dinlerdim. O a\u011fr\u0131y\u0131 incitmemeye \u00e7al\u0131\u015f\u0131rd\u0131m. Ka\u00e7mazd\u0131m ondan. Bilirdim ki istesem de ka\u00e7amam ondan. G\u00fcne\u015fin do\u011fu\u015fu ya da bat\u0131\u015f\u0131na nas\u0131l sayg\u0131 duyuyorsam ona da \u00f6yle derin bir sayg\u0131 duyard\u0131m<br \/>Toprak, i\u00e7imde saklad\u0131\u011f\u0131m halde ula\u015famad\u0131\u011f\u0131m sevgiliydi Kendimle de\u011fil, topra\u011f\u0131n s\u0131rr\u0131yla yar\u0131\u015f\u0131rd\u0131m. Kendimden de\u011fil, topra\u011f\u0131n s\u0131rr\u0131ndan \u00fcrkerdim Bu \u00fcrk\u00fcnt\u00fcyle bar\u0131\u015fmak i\u00e7in s\u0131k s\u0131k topra\u011fa y\u00fcz s\u00fcrerdim. Koklard\u0131m onu. \u00c7\u0131plak bir hazla y\u00fcr\u00fcrd\u00fcm \u00fczerinde. Kalbimin \u00fczerinde y\u00fcr\u00fcr gibi<br \/>Sonra sular geliyor akl\u0131ma. Akt\u0131k\u00e7a y\u00fcz\u00fcn gibi ayd\u0131nlanan sular. \u0130lk orada hat\u0131rl\u0131yorum seni. \u0130\u00e7imde hen\u00fcz ba\u015fka bir ses yokken. Kalbim ve g\u00f6zlerim sadece bana aitken<br \/>O sular\u0131n pe\u015finde, hayat\u0131m\u0131n pe\u015finde, y\u00fcz\u00fcn\u00fcn pe\u015finde<br \/>\u0130lk orada ak\u0131p giden sularda seninle kendimi g\u00f6rd\u00fcm. En \u00e7ok sende sevdim kendimi. Ak\u0131p giden sularda. \u0130lk kez sende g\u00f6rd\u00fcm \u00f6zlemlerimi Ak\u0131p giden kalbimi O par\u00e7alanm\u0131\u015f ve sadece sana ait benli\u011fimi ilk kez sende g\u00f6rd\u00fcm<br \/>O yava\u015f\u00e7a d\u00f6nen d\u00fcnyay\u0131, b\u00fct\u00fcn sesleri i\u00e7inde saklayan o kutsal sessizli\u011fi Kendisine sab\u0131rla ve i\u00e7tenlikle bakan\u0131n ad\u0131n\u0131 say\u0131klayan o sonsuz g\u00f6ky\u00fcz\u00fcn\u00fc G\u00f6ky\u00fcz\u00fcn\u00fcn el verdi\u011fi o k\u00fc\u00e7\u00fck d\u00fc\u015f bah\u00e7elerini<br \/>Toprakla sular aras\u0131ndayd\u0131 kalbim. Bu yak\u0131nl\u0131kta ne varsa, bu s\u0131r nereye varacaksa g\u00f6rmek isterdim. \u00c7\u00fcnk\u00fc \u00f6yle inan\u0131rd\u0131m ki kendime, nereye baksam seni g\u00f6r\u00fcrd\u00fcm. Toprakla sular aras\u0131nda giderek ayd\u0131nlanan y\u00fcz\u00fcn\u00fc.<br \/>Dalgalar\u0131n ayd\u0131nl\u0131\u011f\u0131 vururdu terkedilmi\u015f evlere. Bir kap\u0131 a\u00e7\u0131l\u0131r, i\u00e7eri \u00fc\u015f\u00fcm\u00fc\u015f bir \u0131\u015f\u0131k girerdi. D\u0131\u015far\u0131da bir sonsuzluk kimsesiz yanard\u0131. Bir ceset vururdu sahile, \u00f6mr\u00fcm olurdu yorgun ve \u0131slak sa\u00e7lar\u0131 Sen olurdun y\u00fcz\u00fcn\u00fc saklayan herkes Sonra Sonra biterdi toprak Akmaz olurdu sular. Kirlenirdi o kutsal sessizlik D\u00fc\u015f a\u011fa\u00e7lar\u0131 kesilirdi Seni bekleyecek yer b\u0131rakmazlard\u0131 bana S\u00fcr\u00fcklerdi beni pe\u015finden h\u0131zlanan d\u00fcnya, bu durmadan h\u0131zlanan kent S\u00fcr\u00fcklerdi beni kalbimden ayr\u0131lan ikinci kalp, s\u00fcr\u00fcklerdi beni g\u00f6z\u00fcmden ayr\u0131lan ikinci g\u00f6z Ruhumdan ayr\u0131lan \u00f6b\u00fcr ruh, s\u00fcr\u00fcklerdi beni<br \/>Art\u0131k bu kent o kent de\u011fil, bu kalp o kalp de\u011fil, bu g\u00f6zler o g\u00f6zler de\u011fil Seni sevdi\u011fine inand\u0131\u011f\u0131m o insan bu insan de\u011fil<br \/>Burada gidilecek hi\u00e7bir yer yok. \u0130nsan en fazla o \u00f6b\u00fcr, o yalanc\u0131 kalbine \u00e7arp\u0131yor Burada insan en fazla o sahte g\u00f6z\u00fcn\u00fc hissediyor i\u00e7i ac\u0131yarak Ne kadar sevse de d\u00fcnyan\u0131n b\u00fct\u00fcn sevgisizli\u011fini \u00fczerine al\u0131yor burada insan Hep ba\u015fkalar\u0131n\u0131n sahte yas\u0131n\u0131 tutuyor<br \/>Burada her sabah, her ak\u015fam insan yeniden, hep yeniden ba\u015fl\u0131yor hayat\u0131na. Sanki hi\u00e7 ya\u015fanmam\u0131\u015f gibi, hi\u00e7 gidilmemi\u015f gibi, hi\u00e7 ders al\u0131nmam\u0131\u015f gibi Burada insan\u0131n yalan y\u00fcz\u00fc de\u011fil, o en derinde saklad\u0131\u011f\u0131 kalbi karar\u0131yor \u00f6nce<br \/>Art\u0131k buras\u0131 herhangi bir kent: Kalabal\u0131k, doyumsuz, aceleci, konu\u015fkan, ac\u0131mas\u0131z, tela\u015fl\u0131 unutkan, intikam dolu ve hep kaybetmi\u015f Burada sistem, kirletilmi\u015f arzularla i\u00e7imize, beynimize s\u0131z\u0131yor, o kurtar\u0131lm\u0131\u015f beyin h\u00fccrelerimize. \u0130\u015fte sevgiyi, yitirdi\u011fimiz ve \u00f6zledi\u011fimiz a\u015fk\u0131m\u0131z\u0131, i\u015fte en derinde yatan insanl\u0131\u011f\u0131m\u0131z\u0131 arad\u0131\u011f\u0131m\u0131z yer buras\u0131<br \/>\u0130\u015fte seni arad\u0131\u011f\u0131m yer buras\u0131: Her\u015fey sat\u0131l\u0131k burada, her\u015fey ambalajl\u0131. Sevgi, umut, \u00fctopya, ba\u015fkald\u0131r\u0131, inan\u00e7, \u00f6l\u00fcm, farkl\u0131 hayatlar Her\u015fey, her\u015fey sat\u0131l\u0131k burada.. Burada her\u015feyin bir fiyat\u0131 var\u00a0 Buras\u0131 durmadan h\u0131zlanan bir kent A\u015fk bile burada serbest piyasa kurallar\u0131na ba\u011fl\u0131 Sahte bir kalple pe\u015finden ko\u015ftu\u011fum bu d\u00fcnya seni bana anlatmaz, art\u0131k biliyorum<br \/>Buras\u0131 benim \u00f6n\u00fcmden ko\u015fan bir kent Burada ikinci kalbimle, ikinci g\u00f6z\u00fcmle, ikinci benli\u011fimle yar\u0131\u015f\u0131yorum. Burada kendimle amans\u0131z kavgal\u0131y\u0131m<br \/>Seni sevdi\u011fim kadar sevmedim bu hayat\u0131, inan Ne olur bir tek buna inan<br \/>\u00c7\u00fcnk\u00fc sende g\u00f6ky\u00fcz\u00fcm var. sende sonsuz ya\u011fmurlar\u0131m, kutsal sessizliklerim var Sende o k\u00fc\u00e7\u00fck d\u00fc\u015f a\u011fa\u00e7lar\u0131m var Affet bu k\u00fc\u00e7\u00fck insanl\u0131\u011f\u0131m\u0131 Affet pe\u015finden geldi\u011fim bu kenti Affet o derin doyumsuzlu\u011fumu<br \/>G\u00f6remedim affet, sen bu kentte denizden \u00e7\u0131kan bir cesettin. O yorgun ve \u0131slak sa\u00e7lar\u0131 \u00f6mr\u00fcm olan bir ceset Affet beni Gidilecek ba\u015fka bir yer yokmu\u015f bu kentte Toprakla akan su aras\u0131ndaki y\u00fcz\u00fcnden ba\u015fka \u0130\u015fte bunu \u00f6\u011frettin bana O sessiz, o kutsal y\u00fcz\u00fcnle bana bunu \u00f6\u011frettin. Bu kentte a\u015fk olamayaca\u011f\u0131n\u0131 Beni kendine \u00e7a\u011f\u0131rd\u0131n. Ak\u015fam\u0131n o \u0131st\u0131rapl\u0131 e\u015fi\u011fine<br \/>Son bir umutla sana sar\u0131l\u0131yorum sevgili. D\u00fcnya nereye giderse gitsin, bir tek sen kald\u0131n bu kentte, birtek sen kald\u0131n i\u00e7imdeki iyilik y\u00fcz\u00fcnden utand\u0131rmayan beni<br \/>Ben bu d\u00fcnyadan ka\u00e7t\u0131m ve gidecek ba\u015fka yerim yok<br \/>Buras\u0131 i\u00e7imi kanatarak h\u0131zlanan bir kent<br \/>Bir yan\u0131m \u00f6l\u00fc, bir yan\u0131m sen<br \/>Sevgiliysen tan\u0131 beni, bil \u00f6yleyse<br \/>Dedi\u011fin gibi sevgili, daha fazla yabanc\u0131 \u00f6lmek istemiyorum sana<\/p>\n<p style=\"text-align: justify;\">Cezmi ERS\u00d6Z<\/p>\n","protected":false},"excerpt":{"rendered":"<p>\u00a0 \u0130yilikten, safl\u0131ktan ula\u015famad\u0131m kendime burada Buras\u0131 durmadan h\u0131zlanan bir kent. Burada sonsuz arzu \u00e7arp\u0131\u015f\u0131r. Sonsuz ac\u0131 Sonsuz h\u0131rsEn ba\u015flarda ne istedim tam bilmiyorum. Ama \u00f6yle a\u00e7\u0131k ve duruydu ki g\u00f6rd\u00fc\u011f\u00fcm her\u015fey, nereye ve kime baksam beni kendisine inand\u0131r\u0131yordu. Hen\u00fcz i\u00e7imde bir ba\u015fkas\u0131 yoktu. \u0130\u00e7imde benden ayr\u0131, bana kar\u015f\u0131 bir ses yoktu. Gidemedi\u011fim yerleri mutlu [&hellip;]<\/p>\n","protected":false},"author":1,"featured_media":0,"comment_status":"open","ping_status":"open","sticky":false,"template":"","format":"standard","meta":{"footnotes":""},"categories":[18],"tags":[],"class_list":{"0":"post-2552","1":"post","2":"type-post","3":"status-publish","4":"format-standard","6":"category-cezmi-ersoz"},"yoast_head":"<!-- This site is optimized with the Yoast SEO Premium plugin v24.9 (Yoast SEO v24.9) - https:\/\/yoast.com\/wordpress\/plugins\/seo\/ -->\n<title>DAHA FAZLA YABANCI &quot;\u00d6LMEK&quot; \u0130STEM\u0130YORUM SANA - narteks.net<\/title>\n<meta name=\"robots\" content=\"index, follow, max-snippet:-1, max-image-preview:large, max-video-preview:-1\" \/>\n<link rel=\"canonical\" href=\"https:\/\/narteks.net\/index.php\/2009\/12\/06\/daha-fazla-yabanci-qolmekq-istemiyorum-sana\/\" \/>\n<meta property=\"og:locale\" content=\"tr_TR\" \/>\n<meta property=\"og:type\" content=\"article\" \/>\n<meta property=\"og:title\" content=\"DAHA FAZLA YABANCI &quot;\u00d6LMEK&quot; \u0130STEM\u0130YORUM SANA\" \/>\n<meta property=\"og:description\" content=\"\u00a0 \u0130yilikten, safl\u0131ktan ula\u015famad\u0131m kendime burada Buras\u0131 durmadan h\u0131zlanan bir kent. Burada sonsuz arzu \u00e7arp\u0131\u015f\u0131r. Sonsuz ac\u0131 Sonsuz h\u0131rsEn ba\u015flarda ne istedim tam bilmiyorum. Ama \u00f6yle a\u00e7\u0131k ve duruydu ki g\u00f6rd\u00fc\u011f\u00fcm her\u015fey, nereye ve kime baksam beni kendisine inand\u0131r\u0131yordu. Hen\u00fcz i\u00e7imde bir ba\u015fkas\u0131 yoktu. \u0130\u00e7imde benden ayr\u0131, bana kar\u015f\u0131 bir ses yoktu. Gidemedi\u011fim yerleri mutlu [&hellip;]\" \/>\n<meta property=\"og:url\" content=\"https:\/\/narteks.net\/index.php\/2009\/12\/06\/daha-fazla-yabanci-qolmekq-istemiyorum-sana\/\" \/>\n<meta property=\"og:site_name\" content=\"narteks.net\" \/>\n<meta property=\"article:published_time\" content=\"2009-12-06T17:10:52+00:00\" \/>\n<meta property=\"og:image\" content=\"https:\/\/narteks.net\/wp-content\/uploads\/narteks.png\" \/>\n\t<meta property=\"og:image:width\" content=\"300\" \/>\n\t<meta property=\"og:image:height\" content=\"90\" \/>\n\t<meta property=\"og:image:type\" content=\"image\/png\" \/>\n<meta name=\"author\" content=\"Tar\u0131k\" \/>\n<meta name=\"twitter:card\" content=\"summary_large_image\" \/>\n<meta name=\"twitter:creator\" content=\"@narteks\" \/>\n<meta name=\"twitter:site\" content=\"@narteks\" \/>\n<meta name=\"twitter:label1\" content=\"Yazan:\" \/>\n\t<meta name=\"twitter:data1\" content=\"Tar\u0131k\" \/>\n\t<meta name=\"twitter:label2\" content=\"Tahmini okuma s\u00fcresi\" \/>\n\t<meta name=\"twitter:data2\" content=\"6 dakika\" \/>\n<script type=\"application\/ld+json\" class=\"yoast-schema-graph\">{\"@context\":\"https:\/\/schema.org\",\"@graph\":[{\"@type\":\"Article\",\"@id\":\"https:\/\/narteks.net\/index.php\/2009\/12\/06\/daha-fazla-yabanci-qolmekq-istemiyorum-sana\/#article\",\"isPartOf\":{\"@id\":\"https:\/\/narteks.net\/index.php\/2009\/12\/06\/daha-fazla-yabanci-qolmekq-istemiyorum-sana\/\"},\"author\":{\"name\":\"Tar\u0131k\",\"@id\":\"https:\/\/narteks.net\/#\/schema\/person\/61f37d9834294b72d31d274e7ed79bca\"},\"headline\":\"DAHA FAZLA YABANCI &#8220;\u00d6LMEK&#8221; \u0130STEM\u0130YORUM SANA\",\"datePublished\":\"2009-12-06T17:10:52+00:00\",\"mainEntityOfPage\":{\"@id\":\"https:\/\/narteks.net\/index.php\/2009\/12\/06\/daha-fazla-yabanci-qolmekq-istemiyorum-sana\/\"},\"wordCount\":1207,\"commentCount\":0,\"publisher\":{\"@id\":\"https:\/\/narteks.net\/#organization\"},\"articleSection\":[\"Cezmi ERS\u00d6Z\"],\"inLanguage\":\"tr\",\"potentialAction\":[{\"@type\":\"CommentAction\",\"name\":\"Comment\",\"target\":[\"https:\/\/narteks.net\/index.php\/2009\/12\/06\/daha-fazla-yabanci-qolmekq-istemiyorum-sana\/#respond\"]}]},{\"@type\":\"WebPage\",\"@id\":\"https:\/\/narteks.net\/index.php\/2009\/12\/06\/daha-fazla-yabanci-qolmekq-istemiyorum-sana\/\",\"url\":\"https:\/\/narteks.net\/index.php\/2009\/12\/06\/daha-fazla-yabanci-qolmekq-istemiyorum-sana\/\",\"name\":\"DAHA FAZLA YABANCI \\\"\u00d6LMEK\\\" \u0130STEM\u0130YORUM SANA - narteks.net\",\"isPartOf\":{\"@id\":\"https:\/\/narteks.net\/#website\"},\"datePublished\":\"2009-12-06T17:10:52+00:00\",\"breadcrumb\":{\"@id\":\"https:\/\/narteks.net\/index.php\/2009\/12\/06\/daha-fazla-yabanci-qolmekq-istemiyorum-sana\/#breadcrumb\"},\"inLanguage\":\"tr\",\"potentialAction\":[{\"@type\":\"ReadAction\",\"target\":[\"https:\/\/narteks.net\/index.php\/2009\/12\/06\/daha-fazla-yabanci-qolmekq-istemiyorum-sana\/\"]}]},{\"@type\":\"BreadcrumbList\",\"@id\":\"https:\/\/narteks.net\/index.php\/2009\/12\/06\/daha-fazla-yabanci-qolmekq-istemiyorum-sana\/#breadcrumb\",\"itemListElement\":[{\"@type\":\"ListItem\",\"position\":1,\"name\":\"Anasayfa\",\"item\":\"https:\/\/narteks.net\/\"},{\"@type\":\"ListItem\",\"position\":2,\"name\":\"DAHA FAZLA YABANCI &#8220;\u00d6LMEK&#8221; \u0130STEM\u0130YORUM SANA\"}]},{\"@type\":\"WebSite\",\"@id\":\"https:\/\/narteks.net\/#website\",\"url\":\"https:\/\/narteks.net\/\",\"name\":\"narteks.net\",\"description\":\"K\u00fclt\u00fcr Sanat Edebiyat Felsefe\",\"publisher\":{\"@id\":\"https:\/\/narteks.net\/#organization\"},\"alternateName\":\"K\u00fclt\u00fcr Sanat Edebiyat Felsefe\",\"potentialAction\":[{\"@type\":\"SearchAction\",\"target\":{\"@type\":\"EntryPoint\",\"urlTemplate\":\"https:\/\/narteks.net\/?s={search_term_string}\"},\"query-input\":{\"@type\":\"PropertyValueSpecification\",\"valueRequired\":true,\"valueName\":\"search_term_string\"}}],\"inLanguage\":\"tr\"},{\"@type\":\"Organization\",\"@id\":\"https:\/\/narteks.net\/#organization\",\"name\":\"narteks.net\",\"url\":\"https:\/\/narteks.net\/\",\"logo\":{\"@type\":\"ImageObject\",\"inLanguage\":\"tr\",\"@id\":\"https:\/\/narteks.net\/#\/schema\/logo\/image\/\",\"url\":\"https:\/\/narteks.net\/wp-content\/uploads\/narteks.png\",\"contentUrl\":\"https:\/\/narteks.net\/wp-content\/uploads\/narteks.png\",\"width\":300,\"height\":90,\"caption\":\"narteks.net\"},\"image\":{\"@id\":\"https:\/\/narteks.net\/#\/schema\/logo\/image\/\"},\"sameAs\":[\"https:\/\/x.com\/narteks\",\"https:\/\/instagram.com\/narteksnet\"]},{\"@type\":\"Person\",\"@id\":\"https:\/\/narteks.net\/#\/schema\/person\/61f37d9834294b72d31d274e7ed79bca\",\"name\":\"Tar\u0131k\",\"image\":{\"@type\":\"ImageObject\",\"inLanguage\":\"tr\",\"@id\":\"https:\/\/narteks.net\/#\/schema\/person\/image\/\",\"url\":\"https:\/\/secure.gravatar.com\/avatar\/50865afb55632c4ae467e0af0930f6510aa2297d8014be502a55b14f3b7550cf?s=96&d=mm&r=g\",\"contentUrl\":\"https:\/\/secure.gravatar.com\/avatar\/50865afb55632c4ae467e0af0930f6510aa2297d8014be502a55b14f3b7550cf?s=96&d=mm&r=g\",\"caption\":\"Tar\u0131k\"},\"sameAs\":[\"http:\/\/narteks.net\"],\"url\":\"https:\/\/narteks.net\/index.php\/author\/narbak\/\"}]}<\/script>\n<!-- \/ Yoast SEO Premium plugin. -->","yoast_head_json":{"title":"DAHA FAZLA YABANCI \"\u00d6LMEK\" \u0130STEM\u0130YORUM SANA - narteks.net","robots":{"index":"index","follow":"follow","max-snippet":"max-snippet:-1","max-image-preview":"max-image-preview:large","max-video-preview":"max-video-preview:-1"},"canonical":"https:\/\/narteks.net\/index.php\/2009\/12\/06\/daha-fazla-yabanci-qolmekq-istemiyorum-sana\/","og_locale":"tr_TR","og_type":"article","og_title":"DAHA FAZLA YABANCI \"\u00d6LMEK\" \u0130STEM\u0130YORUM SANA","og_description":"\u00a0 \u0130yilikten, safl\u0131ktan ula\u015famad\u0131m kendime burada Buras\u0131 durmadan h\u0131zlanan bir kent. Burada sonsuz arzu \u00e7arp\u0131\u015f\u0131r. Sonsuz ac\u0131 Sonsuz h\u0131rsEn ba\u015flarda ne istedim tam bilmiyorum. Ama \u00f6yle a\u00e7\u0131k ve duruydu ki g\u00f6rd\u00fc\u011f\u00fcm her\u015fey, nereye ve kime baksam beni kendisine inand\u0131r\u0131yordu. Hen\u00fcz i\u00e7imde bir ba\u015fkas\u0131 yoktu. \u0130\u00e7imde benden ayr\u0131, bana kar\u015f\u0131 bir ses yoktu. Gidemedi\u011fim yerleri mutlu [&hellip;]","og_url":"https:\/\/narteks.net\/index.php\/2009\/12\/06\/daha-fazla-yabanci-qolmekq-istemiyorum-sana\/","og_site_name":"narteks.net","article_published_time":"2009-12-06T17:10:52+00:00","og_image":[{"width":300,"height":90,"url":"https:\/\/narteks.net\/wp-content\/uploads\/narteks.png","type":"image\/png"}],"author":"Tar\u0131k","twitter_card":"summary_large_image","twitter_creator":"@narteks","twitter_site":"@narteks","twitter_misc":{"Yazan:":"Tar\u0131k","Tahmini okuma s\u00fcresi":"6 dakika"},"schema":{"@context":"https:\/\/schema.org","@graph":[{"@type":"Article","@id":"https:\/\/narteks.net\/index.php\/2009\/12\/06\/daha-fazla-yabanci-qolmekq-istemiyorum-sana\/#article","isPartOf":{"@id":"https:\/\/narteks.net\/index.php\/2009\/12\/06\/daha-fazla-yabanci-qolmekq-istemiyorum-sana\/"},"author":{"name":"Tar\u0131k","@id":"https:\/\/narteks.net\/#\/schema\/person\/61f37d9834294b72d31d274e7ed79bca"},"headline":"DAHA FAZLA YABANCI &#8220;\u00d6LMEK&#8221; \u0130STEM\u0130YORUM SANA","datePublished":"2009-12-06T17:10:52+00:00","mainEntityOfPage":{"@id":"https:\/\/narteks.net\/index.php\/2009\/12\/06\/daha-fazla-yabanci-qolmekq-istemiyorum-sana\/"},"wordCount":1207,"commentCount":0,"publisher":{"@id":"https:\/\/narteks.net\/#organization"},"articleSection":["Cezmi ERS\u00d6Z"],"inLanguage":"tr","potentialAction":[{"@type":"CommentAction","name":"Comment","target":["https:\/\/narteks.net\/index.php\/2009\/12\/06\/daha-fazla-yabanci-qolmekq-istemiyorum-sana\/#respond"]}]},{"@type":"WebPage","@id":"https:\/\/narteks.net\/index.php\/2009\/12\/06\/daha-fazla-yabanci-qolmekq-istemiyorum-sana\/","url":"https:\/\/narteks.net\/index.php\/2009\/12\/06\/daha-fazla-yabanci-qolmekq-istemiyorum-sana\/","name":"DAHA FAZLA YABANCI \"\u00d6LMEK\" \u0130STEM\u0130YORUM SANA - narteks.net","isPartOf":{"@id":"https:\/\/narteks.net\/#website"},"datePublished":"2009-12-06T17:10:52+00:00","breadcrumb":{"@id":"https:\/\/narteks.net\/index.php\/2009\/12\/06\/daha-fazla-yabanci-qolmekq-istemiyorum-sana\/#breadcrumb"},"inLanguage":"tr","potentialAction":[{"@type":"ReadAction","target":["https:\/\/narteks.net\/index.php\/2009\/12\/06\/daha-fazla-yabanci-qolmekq-istemiyorum-sana\/"]}]},{"@type":"BreadcrumbList","@id":"https:\/\/narteks.net\/index.php\/2009\/12\/06\/daha-fazla-yabanci-qolmekq-istemiyorum-sana\/#breadcrumb","itemListElement":[{"@type":"ListItem","position":1,"name":"Anasayfa","item":"https:\/\/narteks.net\/"},{"@type":"ListItem","position":2,"name":"DAHA FAZLA YABANCI &#8220;\u00d6LMEK&#8221; \u0130STEM\u0130YORUM SANA"}]},{"@type":"WebSite","@id":"https:\/\/narteks.net\/#website","url":"https:\/\/narteks.net\/","name":"narteks.net","description":"K\u00fclt\u00fcr Sanat Edebiyat Felsefe","publisher":{"@id":"https:\/\/narteks.net\/#organization"},"alternateName":"K\u00fclt\u00fcr Sanat Edebiyat Felsefe","potentialAction":[{"@type":"SearchAction","target":{"@type":"EntryPoint","urlTemplate":"https:\/\/narteks.net\/?s={search_term_string}"},"query-input":{"@type":"PropertyValueSpecification","valueRequired":true,"valueName":"search_term_string"}}],"inLanguage":"tr"},{"@type":"Organization","@id":"https:\/\/narteks.net\/#organization","name":"narteks.net","url":"https:\/\/narteks.net\/","logo":{"@type":"ImageObject","inLanguage":"tr","@id":"https:\/\/narteks.net\/#\/schema\/logo\/image\/","url":"https:\/\/narteks.net\/wp-content\/uploads\/narteks.png","contentUrl":"https:\/\/narteks.net\/wp-content\/uploads\/narteks.png","width":300,"height":90,"caption":"narteks.net"},"image":{"@id":"https:\/\/narteks.net\/#\/schema\/logo\/image\/"},"sameAs":["https:\/\/x.com\/narteks","https:\/\/instagram.com\/narteksnet"]},{"@type":"Person","@id":"https:\/\/narteks.net\/#\/schema\/person\/61f37d9834294b72d31d274e7ed79bca","name":"Tar\u0131k","image":{"@type":"ImageObject","inLanguage":"tr","@id":"https:\/\/narteks.net\/#\/schema\/person\/image\/","url":"https:\/\/secure.gravatar.com\/avatar\/50865afb55632c4ae467e0af0930f6510aa2297d8014be502a55b14f3b7550cf?s=96&d=mm&r=g","contentUrl":"https:\/\/secure.gravatar.com\/avatar\/50865afb55632c4ae467e0af0930f6510aa2297d8014be502a55b14f3b7550cf?s=96&d=mm&r=g","caption":"Tar\u0131k"},"sameAs":["http:\/\/narteks.net"],"url":"https:\/\/narteks.net\/index.php\/author\/narbak\/"}]}},"_links":{"self":[{"href":"https:\/\/narteks.net\/index.php\/wp-json\/wp\/v2\/posts\/2552","targetHints":{"allow":["GET"]}}],"collection":[{"href":"https:\/\/narteks.net\/index.php\/wp-json\/wp\/v2\/posts"}],"about":[{"href":"https:\/\/narteks.net\/index.php\/wp-json\/wp\/v2\/types\/post"}],"author":[{"embeddable":true,"href":"https:\/\/narteks.net\/index.php\/wp-json\/wp\/v2\/users\/1"}],"replies":[{"embeddable":true,"href":"https:\/\/narteks.net\/index.php\/wp-json\/wp\/v2\/comments?post=2552"}],"version-history":[{"count":0,"href":"https:\/\/narteks.net\/index.php\/wp-json\/wp\/v2\/posts\/2552\/revisions"}],"wp:attachment":[{"href":"https:\/\/narteks.net\/index.php\/wp-json\/wp\/v2\/media?parent=2552"}],"wp:term":[{"taxonomy":"category","embeddable":true,"href":"https:\/\/narteks.net\/index.php\/wp-json\/wp\/v2\/categories?post=2552"},{"taxonomy":"post_tag","embeddable":true,"href":"https:\/\/narteks.net\/index.php\/wp-json\/wp\/v2\/tags?post=2552"}],"curies":[{"name":"wp","href":"https:\/\/api.w.org\/{rel}","templated":true}]}}