{"id":256,"date":"2009-02-27T23:01:05","date_gmt":"2009-02-27T20:01:05","guid":{"rendered":"http:\/\/localhost\/wordpress\/2009\/02\/27\/ak-hsani-biyografisi-ve-eserleri\/"},"modified":"2009-02-27T23:01:05","modified_gmt":"2009-02-27T20:01:05","slug":"ak-hsani-biyografisi-ve-eserleri","status":"publish","type":"post","link":"https:\/\/narteks.net\/index.php\/2009\/02\/27\/ak-hsani-biyografisi-ve-eserleri\/","title":{"rendered":"A\u015f\u0131k \u0130hsani Biyografisi ve Eserleri"},"content":{"rendered":"<p style=\"text-align: justify;\"><img loading=\"lazy\" decoding=\"async\" src=\"http:\/\/media2.ntvmsnbc.com\/j\/NTVMSNBC\/Components\/ArtAndPhoto-Fronts\/Sections-StoryLevel\/K%C3%BClt%C3%BCr%20Sanat\/M%C3%BCzik\/090422-A%C5%9F%C4%B1k-%C4%B0hsani-VM.widec.jpg\" border=\"0\" width=\"155\" height=\"205\" style=\"float: left;\" \/>A\u015f\u0131k \u0130hsani<br \/><em>A beyler derdimiz buldu y\u00fcz bini <br \/>A\u015ft\u0131 onun i\u00e7in a\u011flar \u0130hsani <br \/>Konmu\u015ftu kafesten bir g\u00f6n\u00fcl ku\u015fu <br \/>U\u00e7tu onun i\u00e7in a\u011flar \u0130hsani<\/p>\n<p>\u0130hsani kadere boyun e\u011ferim <br \/>Al\u0131r kara ta\u015fla ba\u011fr\u0131m d\u00f6\u011ferim <br \/>Zalim gurbet ilde top top ci\u011ferim <br \/>Pi\u015fti onun i\u00e7in a\u011flar \u0130hsan\u0131<br \/><\/em><\/p>\n<p> 1930 y\u0131l\u0131nda Diyarbak\u0131r&#8217;da do\u011fdu. Azerbaycan k\u00f6kenli bir aileye mensuptur. \u0130ki ya\u015f\u0131nda babas\u0131 Filit&#8217;i yitirdi. Anas\u0131 onu bin bir s\u0131k\u0131nt\u0131yla b\u00fcy\u00fctt\u00fc. Biraz boy at\u0131nca anas\u0131yla tezek toplad\u0131. Kaz \u00e7obanl\u0131\u011f\u0131 yapt\u0131. Bir \u015feyhin m\u00fcridi oldu. Gitmedi\u011fi yer, girmedi\u011fi i\u015f kalmad\u0131. Do\u011fuda, toprak, G\u00fcneyde pamuk, Ege de yap\u0131, Trakya da maden i\u015f\u00e7ili\u011fi yapt\u0131. Askerli\u011fini Erzurum da yapt\u0131. 1957&#8217;de U\u015fak \u015eeker Fabrikas\u0131na girdi. Orada G\u00fcll\u00fc \u015fah (Sevim) ile tan\u0131\u015ft\u0131. A\u015f\u0131k G\u00fcll\u00fc\u015fah&#8217;la uzun bir a\u015f\u0131kl\u0131k d\u00f6nemi sonunda evlendi. Garip ve Elif ad\u0131nda iki \u00e7ocuklar\u0131 oldu. Anadolu&#8217;yu kent kent, kasaba kasaba dola\u015ft\u0131lar. Hatta k\u00f6ylere bile gittiler. Birlikte bir \u00e7ok t\u00fcrk\u00fcler, ezgiler s\u00f6ylediler. Halk \u015fiirini yayd\u0131lar, sevdirdiler, ya\u015fatt\u0131lar. Sesiyle, s\u00f6z\u00fcyle, saz\u0131yla durmadan y\u0131lmadan politika yapt\u0131, \u015fenliklere kat\u0131ld\u0131.<br \/>Toplumun \u00e7e\u015fitli sorunlar\u0131yla toplumsal ve ekonomik konularla ilgili bir\u00e7ok \u015fiirler yazd\u0131lar.<\/p>\n<p>Baz\u0131 \u015fiirlerinde su\u00e7 \u00f6\u011feleri g\u00f6r\u00fclerek hakk\u0131nda cezai soru\u015fturmalar yap\u0131ld\u0131. Birka\u00e7 kez tutukland\u0131. Siyasetle u\u011fra\u015ft\u0131. Sonradan kapat\u0131lan T\u00fcrkiye \u0130\u015f\u00e7i Partisine girdi, faal olarak \u00e7al\u0131\u015ft\u0131. \u015eiirlerini A\u011fal\u0131 D\u00fcnya, Yazaca\u011f\u0131m, Bakal\u0131m Hele isimli kitaplarda toplayarak yay\u0131nlad\u0131. Halk \u015fiiri gelene\u011fiyle toplumcu g\u00f6r\u00fc\u015f\u00fc birle\u015ftirdi. Kendine \u00f6zg\u00fc vurucu bir deyi\u015fi g\u00fcr bir sesi vard\u0131r. G\u00f6z\u00fc peklikle konulara girer. Etkileyicidir. Doyurucu bir mant\u0131kla konular\u0131 i\u015fler.<\/p>\n<p> 1<br \/>A beyler derdimiz buldu y\u00fcz bini <br \/>A\u015ft\u0131 onun i\u00e7in a\u011flar \u0130hsani <br \/>Konmu\u015ftu kafesten bir g\u00f6n\u00fcl ku\u015fu <br \/>U\u00e7tu onun i\u00e7in a\u011flar \u0130hsani<\/p>\n<p>A\u015ft\u0131m geldim nice y\u00fcce bellerden <br \/>Mahrum kald\u0131m \u015feker ezen dillerden <br \/>Nazl\u0131 yarin ili bizim illerden<br \/>G\u00f6\u00e7t\u00fc onun i\u00e7in a\u011flar \u0130hsani <\/p>\n<p>\u0130hsani kadere boyun e\u011ferim <br \/>Al\u0131r kara ta\u015fla ba\u011fr\u0131m d\u00f6\u011ferim <br \/>Zalim gurbet ilde top top ci\u011ferim <br \/>Pi\u015fti onun i\u00e7in a\u011flar \u0130hsan\u0131<\/p>\n<p>2<br \/>Y\u00fcce Tanr\u0131m figan\u0131m\u0131 <br \/>Duyarsan neyin eksilir <br \/>Beni cehalete kar\u015f\u0131<br \/>Uyarsan neyin eksilir<\/p>\n<p>\u015e\u00f6yle gerine gerine <br \/>\u0130dris Nebi&#8217;nin yerine <br \/>Sekiz cennetten birine <br \/>Koyarsan neyin eksilir<\/p>\n<p>Versen \u00fc\u00e7 huri han\u0131m\u0131 <br \/>Gelip sarsalar yan\u0131m\u0131<br \/>Otursam yesem karn\u0131m\u0131 <br \/>Doyursam neyin eksilir<\/p>\n<p>Bir g\u00fczele g\u00f6ndersem a\u015fk <br \/>A\u015fk\u0131 bile eylesek me\u015fk <br \/>Ak\u015fama yatmaya bir k\u00f6\u015fk <br \/>Ay\u0131rsan neyin eksilir<\/p>\n<p>\u0130hsaniyem ey a cana <br \/>Bir g\u00fcn \u00e7\u0131k\u0131p gelsem sana <br \/>Seni davet etsem bana <br \/>Buyursan neyin eksilir.<\/p>\n<p>3<br \/>Y\u00fcce Tanr\u0131m hi\u00e7 kimseye <br \/>Uzun dilli kar\u0131 verme <br \/>Bana verdin d\u00fc\u015fman\u0131ma <br \/>Uzun dilli kar\u0131 verme<\/p>\n<p>E\u011fer vereceksen mert ver <br \/>Vars\u0131n \u00e7irkin olsun \u00f6rt ver <br \/>Hastal\u0131k ver t\u00fcrl\u00fc dert ver <br \/>Uzun dilli kar\u0131 verme<\/p>\n<p>\u0130hsaniyem g\u00f6kten melek <br \/>\u0130nse gene istemem \u00e7ek <br \/>Bekarl\u0131\u011fa raz\u0131y\u0131m tek <br \/>Uzun dilli kar\u0131 verme<\/p>\n<p>4<br \/>Mor ya\u015fmaklum bahar geldi <br \/>Sende durma eserek gel <br \/>Bah\u00e7e bah\u00e7e kucak kucak <br \/>Lale s\u00fcnb\u00fcl keserek gel<\/p>\n<p>Kopar ayr\u0131l\u0131k ba\u011f\u0131n\u0131 <br \/>Sevda ya\u015fas\u0131n \u00e7a\u011f\u0131n\u0131 <br \/>Kavu\u015fman\u0131n bayra\u011f\u0131n\u0131 <br \/>Daldan dala asarak gel<\/p>\n<p>\u0130hsaniyem sen seni sar <br \/>Aya\u011f\u0131n incinmesin yar <br \/>Yollar\u0131nda g\u00f6zlerim var <br \/>\u00dczerine basarak gel<\/p>\n<p>5<br \/>Sakal seni g\u00fczel i\u00e7in ta\u015f\u0131r\u0131m <br \/>Ben seni kesemem kara sakal\u0131m <br \/>G\u00fczel g\u00f6r\u00fcnce hafifce ka\u015f\u0131r\u0131m <br \/>Ben seni kesemem kara sakal\u0131m<\/p>\n<p>Hac\u0131 gibi \u00fc\u00e7 be\u015f kar\u0131 almadan <br \/>Sofu gibi yanl\u0131\u015f namaz k\u0131lmadan <br \/>Camilerde hal\u0131 kilim \u00e7almadan <br \/>Ben seni kesemem kara sakal\u0131m<\/p>\n<p>\u0130hsaniyem sakal de\u011fil g\u00f6z\u00fcms\u00fcn <br \/>Kullanma\u011fa elde b\u00fcy\u00fck kozumsun <br \/>Halk\u0131 kand\u0131rma\u011fa bana laz\u0131ms\u0131n <br \/>Ben seni kesemem kara sakal\u0131m<\/p>\n","protected":false},"excerpt":{"rendered":"<p>A\u015f\u0131k \u0130hsaniA beyler derdimiz buldu y\u00fcz bini A\u015ft\u0131 onun i\u00e7in a\u011flar \u0130hsani Konmu\u015ftu kafesten bir g\u00f6n\u00fcl ku\u015fu U\u00e7tu onun i\u00e7in a\u011flar \u0130hsani \u0130hsani kadere boyun e\u011ferim Al\u0131r kara ta\u015fla ba\u011fr\u0131m d\u00f6\u011ferim Zalim gurbet ilde top top ci\u011ferim Pi\u015fti onun i\u00e7in a\u011flar \u0130hsan\u0131 1930 y\u0131l\u0131nda Diyarbak\u0131r&#8217;da do\u011fdu. Azerbaycan k\u00f6kenli bir aileye mensuptur. \u0130ki ya\u015f\u0131nda babas\u0131 Filit&#8217;i [&hellip;]<\/p>\n","protected":false},"author":1,"featured_media":0,"comment_status":"open","ping_status":"open","sticky":false,"template":"","format":"standard","meta":{"footnotes":""},"categories":[172],"tags":[],"class_list":{"0":"post-256","1":"post","2":"type-post","3":"status-publish","4":"format-standard","6":"category-ozanlar-ve-eserleri"},"yoast_head":"<!-- This site is optimized with the Yoast SEO Premium plugin v24.9 (Yoast SEO v24.9) - https:\/\/yoast.com\/wordpress\/plugins\/seo\/ -->\n<title>A\u015f\u0131k \u0130hsani Biyografisi ve Eserleri - narteks.net<\/title>\n<meta name=\"robots\" content=\"index, follow, max-snippet:-1, max-image-preview:large, max-video-preview:-1\" \/>\n<link rel=\"canonical\" href=\"https:\/\/narteks.net\/index.php\/2009\/02\/27\/ak-hsani-biyografisi-ve-eserleri\/\" \/>\n<meta property=\"og:locale\" content=\"tr_TR\" \/>\n<meta property=\"og:type\" content=\"article\" \/>\n<meta property=\"og:title\" content=\"A\u015f\u0131k \u0130hsani Biyografisi ve Eserleri\" \/>\n<meta property=\"og:description\" content=\"A\u015f\u0131k \u0130hsaniA beyler derdimiz buldu y\u00fcz bini A\u015ft\u0131 onun i\u00e7in a\u011flar \u0130hsani Konmu\u015ftu kafesten bir g\u00f6n\u00fcl ku\u015fu U\u00e7tu onun i\u00e7in a\u011flar \u0130hsani \u0130hsani kadere boyun e\u011ferim Al\u0131r kara ta\u015fla ba\u011fr\u0131m d\u00f6\u011ferim Zalim gurbet ilde top top ci\u011ferim Pi\u015fti onun i\u00e7in a\u011flar \u0130hsan\u0131 1930 y\u0131l\u0131nda Diyarbak\u0131r&#8217;da do\u011fdu. Azerbaycan k\u00f6kenli bir aileye mensuptur. \u0130ki ya\u015f\u0131nda babas\u0131 Filit&#8217;i [&hellip;]\" \/>\n<meta property=\"og:url\" content=\"https:\/\/narteks.net\/index.php\/2009\/02\/27\/ak-hsani-biyografisi-ve-eserleri\/\" \/>\n<meta property=\"og:site_name\" content=\"narteks.net\" \/>\n<meta property=\"article:published_time\" content=\"2009-02-27T20:01:05+00:00\" \/>\n<meta property=\"og:image\" content=\"http:\/\/media2.ntvmsnbc.com\/j\/NTVMSNBC\/Components\/ArtAndPhoto-Fronts\/Sections-StoryLevel\/K%C3%BClt%C3%BCr%20Sanat\/M%C3%BCzik\/090422-A%C5%9F%C4%B1k-%C4%B0hsani-VM.widec.jpg\" \/>\n<meta name=\"author\" content=\"Tar\u0131k\" \/>\n<meta name=\"twitter:card\" content=\"summary_large_image\" \/>\n<meta name=\"twitter:creator\" content=\"@narteks\" \/>\n<meta name=\"twitter:site\" content=\"@narteks\" \/>\n<meta name=\"twitter:label1\" content=\"Yazan:\" \/>\n\t<meta name=\"twitter:data1\" content=\"Tar\u0131k\" \/>\n\t<meta name=\"twitter:label2\" content=\"Tahmini okuma s\u00fcresi\" \/>\n\t<meta name=\"twitter:data2\" content=\"3 dakika\" \/>\n<script type=\"application\/ld+json\" class=\"yoast-schema-graph\">{\"@context\":\"https:\/\/schema.org\",\"@graph\":[{\"@type\":\"Article\",\"@id\":\"https:\/\/narteks.net\/index.php\/2009\/02\/27\/ak-hsani-biyografisi-ve-eserleri\/#article\",\"isPartOf\":{\"@id\":\"https:\/\/narteks.net\/index.php\/2009\/02\/27\/ak-hsani-biyografisi-ve-eserleri\/\"},\"author\":{\"name\":\"Tar\u0131k\",\"@id\":\"https:\/\/narteks.net\/#\/schema\/person\/61f37d9834294b72d31d274e7ed79bca\"},\"headline\":\"A\u015f\u0131k \u0130hsani Biyografisi ve Eserleri\",\"datePublished\":\"2009-02-27T20:01:05+00:00\",\"mainEntityOfPage\":{\"@id\":\"https:\/\/narteks.net\/index.php\/2009\/02\/27\/ak-hsani-biyografisi-ve-eserleri\/\"},\"wordCount\":691,\"commentCount\":0,\"publisher\":{\"@id\":\"https:\/\/narteks.net\/#organization\"},\"image\":{\"@id\":\"https:\/\/narteks.net\/index.php\/2009\/02\/27\/ak-hsani-biyografisi-ve-eserleri\/#primaryimage\"},\"thumbnailUrl\":\"http:\/\/media2.ntvmsnbc.com\/j\/NTVMSNBC\/Components\/ArtAndPhoto-Fronts\/Sections-StoryLevel\/K%C3%BClt%C3%BCr%20Sanat\/M%C3%BCzik\/090422-A%C5%9F%C4%B1k-%C4%B0hsani-VM.widec.jpg\",\"articleSection\":[\"Ozanlar ve Eserleri\"],\"inLanguage\":\"tr\",\"potentialAction\":[{\"@type\":\"CommentAction\",\"name\":\"Comment\",\"target\":[\"https:\/\/narteks.net\/index.php\/2009\/02\/27\/ak-hsani-biyografisi-ve-eserleri\/#respond\"]}]},{\"@type\":\"WebPage\",\"@id\":\"https:\/\/narteks.net\/index.php\/2009\/02\/27\/ak-hsani-biyografisi-ve-eserleri\/\",\"url\":\"https:\/\/narteks.net\/index.php\/2009\/02\/27\/ak-hsani-biyografisi-ve-eserleri\/\",\"name\":\"A\u015f\u0131k \u0130hsani Biyografisi ve Eserleri - narteks.net\",\"isPartOf\":{\"@id\":\"https:\/\/narteks.net\/#website\"},\"primaryImageOfPage\":{\"@id\":\"https:\/\/narteks.net\/index.php\/2009\/02\/27\/ak-hsani-biyografisi-ve-eserleri\/#primaryimage\"},\"image\":{\"@id\":\"https:\/\/narteks.net\/index.php\/2009\/02\/27\/ak-hsani-biyografisi-ve-eserleri\/#primaryimage\"},\"thumbnailUrl\":\"http:\/\/media2.ntvmsnbc.com\/j\/NTVMSNBC\/Components\/ArtAndPhoto-Fronts\/Sections-StoryLevel\/K%C3%BClt%C3%BCr%20Sanat\/M%C3%BCzik\/090422-A%C5%9F%C4%B1k-%C4%B0hsani-VM.widec.jpg\",\"datePublished\":\"2009-02-27T20:01:05+00:00\",\"breadcrumb\":{\"@id\":\"https:\/\/narteks.net\/index.php\/2009\/02\/27\/ak-hsani-biyografisi-ve-eserleri\/#breadcrumb\"},\"inLanguage\":\"tr\",\"potentialAction\":[{\"@type\":\"ReadAction\",\"target\":[\"https:\/\/narteks.net\/index.php\/2009\/02\/27\/ak-hsani-biyografisi-ve-eserleri\/\"]}]},{\"@type\":\"ImageObject\",\"inLanguage\":\"tr\",\"@id\":\"https:\/\/narteks.net\/index.php\/2009\/02\/27\/ak-hsani-biyografisi-ve-eserleri\/#primaryimage\",\"url\":\"http:\/\/media2.ntvmsnbc.com\/j\/NTVMSNBC\/Components\/ArtAndPhoto-Fronts\/Sections-StoryLevel\/K%C3%BClt%C3%BCr%20Sanat\/M%C3%BCzik\/090422-A%C5%9F%C4%B1k-%C4%B0hsani-VM.widec.jpg\",\"contentUrl\":\"http:\/\/media2.ntvmsnbc.com\/j\/NTVMSNBC\/Components\/ArtAndPhoto-Fronts\/Sections-StoryLevel\/K%C3%BClt%C3%BCr%20Sanat\/M%C3%BCzik\/090422-A%C5%9F%C4%B1k-%C4%B0hsani-VM.widec.jpg\"},{\"@type\":\"BreadcrumbList\",\"@id\":\"https:\/\/narteks.net\/index.php\/2009\/02\/27\/ak-hsani-biyografisi-ve-eserleri\/#breadcrumb\",\"itemListElement\":[{\"@type\":\"ListItem\",\"position\":1,\"name\":\"Anasayfa\",\"item\":\"https:\/\/narteks.net\/\"},{\"@type\":\"ListItem\",\"position\":2,\"name\":\"A\u015f\u0131k \u0130hsani Biyografisi ve Eserleri\"}]},{\"@type\":\"WebSite\",\"@id\":\"https:\/\/narteks.net\/#website\",\"url\":\"https:\/\/narteks.net\/\",\"name\":\"narteks.net\",\"description\":\"K\u00fclt\u00fcr Sanat Edebiyat Felsefe\",\"publisher\":{\"@id\":\"https:\/\/narteks.net\/#organization\"},\"alternateName\":\"K\u00fclt\u00fcr Sanat Edebiyat Felsefe\",\"potentialAction\":[{\"@type\":\"SearchAction\",\"target\":{\"@type\":\"EntryPoint\",\"urlTemplate\":\"https:\/\/narteks.net\/?s={search_term_string}\"},\"query-input\":{\"@type\":\"PropertyValueSpecification\",\"valueRequired\":true,\"valueName\":\"search_term_string\"}}],\"inLanguage\":\"tr\"},{\"@type\":\"Organization\",\"@id\":\"https:\/\/narteks.net\/#organization\",\"name\":\"narteks.net\",\"url\":\"https:\/\/narteks.net\/\",\"logo\":{\"@type\":\"ImageObject\",\"inLanguage\":\"tr\",\"@id\":\"https:\/\/narteks.net\/#\/schema\/logo\/image\/\",\"url\":\"https:\/\/narteks.net\/wp-content\/uploads\/narteks.png\",\"contentUrl\":\"https:\/\/narteks.net\/wp-content\/uploads\/narteks.png\",\"width\":300,\"height\":90,\"caption\":\"narteks.net\"},\"image\":{\"@id\":\"https:\/\/narteks.net\/#\/schema\/logo\/image\/\"},\"sameAs\":[\"https:\/\/x.com\/narteks\",\"https:\/\/instagram.com\/narteksnet\"]},{\"@type\":\"Person\",\"@id\":\"https:\/\/narteks.net\/#\/schema\/person\/61f37d9834294b72d31d274e7ed79bca\",\"name\":\"Tar\u0131k\",\"image\":{\"@type\":\"ImageObject\",\"inLanguage\":\"tr\",\"@id\":\"https:\/\/narteks.net\/#\/schema\/person\/image\/\",\"url\":\"https:\/\/secure.gravatar.com\/avatar\/50865afb55632c4ae467e0af0930f6510aa2297d8014be502a55b14f3b7550cf?s=96&d=mm&r=g\",\"contentUrl\":\"https:\/\/secure.gravatar.com\/avatar\/50865afb55632c4ae467e0af0930f6510aa2297d8014be502a55b14f3b7550cf?s=96&d=mm&r=g\",\"caption\":\"Tar\u0131k\"},\"sameAs\":[\"http:\/\/narteks.net\"],\"url\":\"https:\/\/narteks.net\/index.php\/author\/narbak\/\"}]}<\/script>\n<!-- \/ Yoast SEO Premium plugin. -->","yoast_head_json":{"title":"A\u015f\u0131k \u0130hsani Biyografisi ve Eserleri - narteks.net","robots":{"index":"index","follow":"follow","max-snippet":"max-snippet:-1","max-image-preview":"max-image-preview:large","max-video-preview":"max-video-preview:-1"},"canonical":"https:\/\/narteks.net\/index.php\/2009\/02\/27\/ak-hsani-biyografisi-ve-eserleri\/","og_locale":"tr_TR","og_type":"article","og_title":"A\u015f\u0131k \u0130hsani Biyografisi ve Eserleri","og_description":"A\u015f\u0131k \u0130hsaniA beyler derdimiz buldu y\u00fcz bini A\u015ft\u0131 onun i\u00e7in a\u011flar \u0130hsani Konmu\u015ftu kafesten bir g\u00f6n\u00fcl ku\u015fu U\u00e7tu onun i\u00e7in a\u011flar \u0130hsani \u0130hsani kadere boyun e\u011ferim Al\u0131r kara ta\u015fla ba\u011fr\u0131m d\u00f6\u011ferim Zalim gurbet ilde top top ci\u011ferim Pi\u015fti onun i\u00e7in a\u011flar \u0130hsan\u0131 1930 y\u0131l\u0131nda Diyarbak\u0131r&#8217;da do\u011fdu. Azerbaycan k\u00f6kenli bir aileye mensuptur. \u0130ki ya\u015f\u0131nda babas\u0131 Filit&#8217;i [&hellip;]","og_url":"https:\/\/narteks.net\/index.php\/2009\/02\/27\/ak-hsani-biyografisi-ve-eserleri\/","og_site_name":"narteks.net","article_published_time":"2009-02-27T20:01:05+00:00","og_image":[{"url":"http:\/\/media2.ntvmsnbc.com\/j\/NTVMSNBC\/Components\/ArtAndPhoto-Fronts\/Sections-StoryLevel\/K%C3%BClt%C3%BCr%20Sanat\/M%C3%BCzik\/090422-A%C5%9F%C4%B1k-%C4%B0hsani-VM.widec.jpg","type":"","width":"","height":""}],"author":"Tar\u0131k","twitter_card":"summary_large_image","twitter_creator":"@narteks","twitter_site":"@narteks","twitter_misc":{"Yazan:":"Tar\u0131k","Tahmini okuma s\u00fcresi":"3 dakika"},"schema":{"@context":"https:\/\/schema.org","@graph":[{"@type":"Article","@id":"https:\/\/narteks.net\/index.php\/2009\/02\/27\/ak-hsani-biyografisi-ve-eserleri\/#article","isPartOf":{"@id":"https:\/\/narteks.net\/index.php\/2009\/02\/27\/ak-hsani-biyografisi-ve-eserleri\/"},"author":{"name":"Tar\u0131k","@id":"https:\/\/narteks.net\/#\/schema\/person\/61f37d9834294b72d31d274e7ed79bca"},"headline":"A\u015f\u0131k \u0130hsani Biyografisi ve Eserleri","datePublished":"2009-02-27T20:01:05+00:00","mainEntityOfPage":{"@id":"https:\/\/narteks.net\/index.php\/2009\/02\/27\/ak-hsani-biyografisi-ve-eserleri\/"},"wordCount":691,"commentCount":0,"publisher":{"@id":"https:\/\/narteks.net\/#organization"},"image":{"@id":"https:\/\/narteks.net\/index.php\/2009\/02\/27\/ak-hsani-biyografisi-ve-eserleri\/#primaryimage"},"thumbnailUrl":"http:\/\/media2.ntvmsnbc.com\/j\/NTVMSNBC\/Components\/ArtAndPhoto-Fronts\/Sections-StoryLevel\/K%C3%BClt%C3%BCr%20Sanat\/M%C3%BCzik\/090422-A%C5%9F%C4%B1k-%C4%B0hsani-VM.widec.jpg","articleSection":["Ozanlar ve Eserleri"],"inLanguage":"tr","potentialAction":[{"@type":"CommentAction","name":"Comment","target":["https:\/\/narteks.net\/index.php\/2009\/02\/27\/ak-hsani-biyografisi-ve-eserleri\/#respond"]}]},{"@type":"WebPage","@id":"https:\/\/narteks.net\/index.php\/2009\/02\/27\/ak-hsani-biyografisi-ve-eserleri\/","url":"https:\/\/narteks.net\/index.php\/2009\/02\/27\/ak-hsani-biyografisi-ve-eserleri\/","name":"A\u015f\u0131k \u0130hsani Biyografisi ve Eserleri - narteks.net","isPartOf":{"@id":"https:\/\/narteks.net\/#website"},"primaryImageOfPage":{"@id":"https:\/\/narteks.net\/index.php\/2009\/02\/27\/ak-hsani-biyografisi-ve-eserleri\/#primaryimage"},"image":{"@id":"https:\/\/narteks.net\/index.php\/2009\/02\/27\/ak-hsani-biyografisi-ve-eserleri\/#primaryimage"},"thumbnailUrl":"http:\/\/media2.ntvmsnbc.com\/j\/NTVMSNBC\/Components\/ArtAndPhoto-Fronts\/Sections-StoryLevel\/K%C3%BClt%C3%BCr%20Sanat\/M%C3%BCzik\/090422-A%C5%9F%C4%B1k-%C4%B0hsani-VM.widec.jpg","datePublished":"2009-02-27T20:01:05+00:00","breadcrumb":{"@id":"https:\/\/narteks.net\/index.php\/2009\/02\/27\/ak-hsani-biyografisi-ve-eserleri\/#breadcrumb"},"inLanguage":"tr","potentialAction":[{"@type":"ReadAction","target":["https:\/\/narteks.net\/index.php\/2009\/02\/27\/ak-hsani-biyografisi-ve-eserleri\/"]}]},{"@type":"ImageObject","inLanguage":"tr","@id":"https:\/\/narteks.net\/index.php\/2009\/02\/27\/ak-hsani-biyografisi-ve-eserleri\/#primaryimage","url":"http:\/\/media2.ntvmsnbc.com\/j\/NTVMSNBC\/Components\/ArtAndPhoto-Fronts\/Sections-StoryLevel\/K%C3%BClt%C3%BCr%20Sanat\/M%C3%BCzik\/090422-A%C5%9F%C4%B1k-%C4%B0hsani-VM.widec.jpg","contentUrl":"http:\/\/media2.ntvmsnbc.com\/j\/NTVMSNBC\/Components\/ArtAndPhoto-Fronts\/Sections-StoryLevel\/K%C3%BClt%C3%BCr%20Sanat\/M%C3%BCzik\/090422-A%C5%9F%C4%B1k-%C4%B0hsani-VM.widec.jpg"},{"@type":"BreadcrumbList","@id":"https:\/\/narteks.net\/index.php\/2009\/02\/27\/ak-hsani-biyografisi-ve-eserleri\/#breadcrumb","itemListElement":[{"@type":"ListItem","position":1,"name":"Anasayfa","item":"https:\/\/narteks.net\/"},{"@type":"ListItem","position":2,"name":"A\u015f\u0131k \u0130hsani Biyografisi ve Eserleri"}]},{"@type":"WebSite","@id":"https:\/\/narteks.net\/#website","url":"https:\/\/narteks.net\/","name":"narteks.net","description":"K\u00fclt\u00fcr Sanat Edebiyat Felsefe","publisher":{"@id":"https:\/\/narteks.net\/#organization"},"alternateName":"K\u00fclt\u00fcr Sanat Edebiyat Felsefe","potentialAction":[{"@type":"SearchAction","target":{"@type":"EntryPoint","urlTemplate":"https:\/\/narteks.net\/?s={search_term_string}"},"query-input":{"@type":"PropertyValueSpecification","valueRequired":true,"valueName":"search_term_string"}}],"inLanguage":"tr"},{"@type":"Organization","@id":"https:\/\/narteks.net\/#organization","name":"narteks.net","url":"https:\/\/narteks.net\/","logo":{"@type":"ImageObject","inLanguage":"tr","@id":"https:\/\/narteks.net\/#\/schema\/logo\/image\/","url":"https:\/\/narteks.net\/wp-content\/uploads\/narteks.png","contentUrl":"https:\/\/narteks.net\/wp-content\/uploads\/narteks.png","width":300,"height":90,"caption":"narteks.net"},"image":{"@id":"https:\/\/narteks.net\/#\/schema\/logo\/image\/"},"sameAs":["https:\/\/x.com\/narteks","https:\/\/instagram.com\/narteksnet"]},{"@type":"Person","@id":"https:\/\/narteks.net\/#\/schema\/person\/61f37d9834294b72d31d274e7ed79bca","name":"Tar\u0131k","image":{"@type":"ImageObject","inLanguage":"tr","@id":"https:\/\/narteks.net\/#\/schema\/person\/image\/","url":"https:\/\/secure.gravatar.com\/avatar\/50865afb55632c4ae467e0af0930f6510aa2297d8014be502a55b14f3b7550cf?s=96&d=mm&r=g","contentUrl":"https:\/\/secure.gravatar.com\/avatar\/50865afb55632c4ae467e0af0930f6510aa2297d8014be502a55b14f3b7550cf?s=96&d=mm&r=g","caption":"Tar\u0131k"},"sameAs":["http:\/\/narteks.net"],"url":"https:\/\/narteks.net\/index.php\/author\/narbak\/"}]}},"_links":{"self":[{"href":"https:\/\/narteks.net\/index.php\/wp-json\/wp\/v2\/posts\/256","targetHints":{"allow":["GET"]}}],"collection":[{"href":"https:\/\/narteks.net\/index.php\/wp-json\/wp\/v2\/posts"}],"about":[{"href":"https:\/\/narteks.net\/index.php\/wp-json\/wp\/v2\/types\/post"}],"author":[{"embeddable":true,"href":"https:\/\/narteks.net\/index.php\/wp-json\/wp\/v2\/users\/1"}],"replies":[{"embeddable":true,"href":"https:\/\/narteks.net\/index.php\/wp-json\/wp\/v2\/comments?post=256"}],"version-history":[{"count":0,"href":"https:\/\/narteks.net\/index.php\/wp-json\/wp\/v2\/posts\/256\/revisions"}],"wp:attachment":[{"href":"https:\/\/narteks.net\/index.php\/wp-json\/wp\/v2\/media?parent=256"}],"wp:term":[{"taxonomy":"category","embeddable":true,"href":"https:\/\/narteks.net\/index.php\/wp-json\/wp\/v2\/categories?post=256"},{"taxonomy":"post_tag","embeddable":true,"href":"https:\/\/narteks.net\/index.php\/wp-json\/wp\/v2\/tags?post=256"}],"curies":[{"name":"wp","href":"https:\/\/api.w.org\/{rel}","templated":true}]}}