{"id":2563,"date":"2009-12-06T20:25:40","date_gmt":"2009-12-06T17:25:40","guid":{"rendered":"http:\/\/localhost\/wordpress\/2009\/12\/06\/hayat-bir-emrin-var-mi-titrek-bir-mum-isiginda\/"},"modified":"2009-12-06T20:25:40","modified_gmt":"2009-12-06T17:25:40","slug":"hayat-bir-emrin-var-mi-titrek-bir-mum-isiginda","status":"publish","type":"post","link":"https:\/\/narteks.net\/index.php\/2009\/12\/06\/hayat-bir-emrin-var-mi-titrek-bir-mum-isiginda\/","title":{"rendered":"HAYAT B\u0130R EMR\u0130N VAR MI \/ T\u0130TREK B\u0130R MUM I\u015eI\u011eINDA"},"content":{"rendered":"<p>\u00a0<\/p>\n<p style=\"text-align: justify;\">Y\u0131llar sonra itiraf etti. \u00dcniversitede okuyan \u00fc\u00e7 erkek \u00e7ocu\u011fu vard\u0131 ve fa\u015fizmin gemiyi az\u0131ya ald\u0131\u011f\u0131 g\u00fcnlerdi. Silahlar\u0131n\u0131 hayatlar\u0131n\u0131n en \u00fcst\u00fcn g\u00fcc\u00fc sayan fa\u015fistler taraf\u0131ndan \u00f6ld\u00fcr\u00fclmemiz an meselesiydi. K\u00fc\u00e7\u00fckyal\u0131 MHP&#8217;de benim i\u00e7in vur emri \u00e7\u0131km\u0131\u015ft\u0131. Eve arka bah\u00e7elerden dola\u015farak giriyordum. Sonra, biz geceleri derin uykulara dald\u0131\u011f\u0131m\u0131zda, sessizce uyan\u0131p sokak kap\u0131s\u0131n\u0131n \u00f6n\u00fcnde, bir sandalyenin \u00fczerinde sabahlara kadar bekliyormu\u015f: Eve, kap\u0131y\u0131 k\u0131r\u0131p bizi \u00f6ld\u00fcrmeye gelen fa\u015fistlere \u00f6nce kendi can\u0131 ve bedeniyle kar\u015f\u0131 koyabilmek i\u00e7in. G\u00fcn \u0131\u015f\u0131maya ba\u015flad\u0131\u011f\u0131nda biz onu g\u00f6rmeyelim diye usulca yata\u011f\u0131na girer, biraz olsun uyumaya \u00e7al\u0131\u015f\u0131rm\u0131\u015f.<\/p>\n<p>\u00c7o\u011funlukla bizim i\u00e7in katland\u0131klar\u0131n\u0131 g\u00f6remezdik. Yapt\u0131klar\u0131n\u0131 hemen hi\u00e7 \u00f6nemsemezdik. Titrek bir mum \u0131\u015f\u0131\u011f\u0131 gibi ya\u015fard\u0131. Biz b\u00fcy\u00fck d\u00fc\u015flere ko\u015farken, o k\u00fc\u00e7\u00fck d\u00fcnyas\u0131nda bizim i\u00e7in e\u015fsiz anlar\u0131 \u00f6rerdi. Fark\u0131nda de\u011fildik. \u00c7ok da konu\u015fmazd\u0131k onunla. Bir \u015feyler anlat\u0131rd\u0131, s\u0131k\u0131l\u0131rd\u0131k. \u0130\u00e7ten tek c\u00fcmlemiz yeterdi, artard\u0131 oysa. O c\u00fcmleyi kuramad\u0131k. Vaktimiz k\u0131s\u0131tl\u0131yd\u0131, devrim yapacakt\u0131k, Ama bizim i\u00e7in her gece kap\u0131 \u00f6n\u00fcnde can\u0131n\u0131 siper eden annemizden haberimiz yoktu! &#8230;<\/p>\n<p>Annemiz, annelerimiz, bizden umudu kesince teselliyi birbirinde arayan kalbi k\u0131r\u0131k insanlar&#8230; Her g\u00fcn \u00f6n\u00fcm\u00fczden defalarca gelip ge\u00e7en ve bizlere s\u0131r\u0131ls\u0131klam \u00e2\u015f\u0131k olan; ama sevgilerine asla kar\u015f\u0131l\u0131k bulamayan o bedbaht insanlar&#8230;<\/p>\n<p>Onlar\u0131n tren istasyonlar\u0131nda, otob\u00fcs duraklar\u0131nda, a\u011fa\u00e7 altlar\u0131ndaki bankalarda birbirleriyle konu\u015furken, dertle\u015firken, birbirlerine kalplerini a\u00e7arken g\u00f6r\u00fcyorum. G\u00f6zlerindeki derin ac\u0131lar\u0131, \u00e7ama\u015f\u0131r y\u0131kamaktan kurumu\u015f elleri, solgun e\u015farplar\u0131 ve insafs\u0131z a\u011f\u0131rl\u0131ktaki al\u0131\u015fveri\u015f torbalar\u0131n\u0131n yard\u0131m\u0131yla tan\u0131\u015f\u0131yorlar birbirleriyle. Hemen orac\u0131kta \u00e7ocuklar\u0131na duyduklar\u0131 o derin sevgiyi, o naif \u00f6fkelerini, par\u00e7alanm\u0131\u015f hayallerini anlat\u0131yorlar birbirlerine.<\/p>\n<p>Ah o evlatlar, o ac\u0131mas\u0131z sevgililer neden hep b\u00f6yledir onlar? Neden hep b\u00f6ylesine so\u011fuktur kalpleri? \u0130\u015fte hepsi binip gitmi\u015flerdir arzu ve ihtiras tramvaylar\u0131na. Arada bir, bir l\u00fctuf gibi gelip y\u00fczlerini g\u00f6sterirler. Ama yanlar\u0131nda asla kalplerini getirmezler. D\u00fc\u015f\u00fcnmeden ve \u00f6zensizce konu\u015furlar onlarla, vakit ge\u00e7irir gibi. S\u0131k\u0131c\u0131 bir g\u00f6rev gibi! &#8230;<\/p>\n<p>\u0130\u015fte \u00e7abucak ge\u00e7ti \u00f6fkeleri. Bir sessizlik girdi araya. O eski soru at\u0131ld\u0131 ortaya. \u015eimdi nerede ne yap\u0131yorlar acaba? Sabah evden \u00e7\u0131karken \u00f6rd\u00fckleri g\u00fcl kurusu ya da u\u00e7uk mavi veya \u015farap rengi kazaklar\u0131n\u0131 giymi\u015fler midir? \u0130yi bir kahvalt\u0131 yapm\u0131\u015flar m\u0131d\u0131r? O \u0131\u015f\u0131kl\u0131 omuzlar\u0131 gece a\u00e7\u0131kta kal\u0131p \u00fc\u015f\u00fcm\u00fc\u015f m\u00fcd\u00fcr? E\u015fleri onlara mutlaka iyi bakm\u0131yordur. \u00c7\u00fcnk\u00fc sadece kendileri onlar\u0131 a\u015fkla d\u00fc\u015f\u00fcn\u00fcyordur. \u00c7\u00fcnk\u00fc a\u015fk\u0131n olmad\u0131\u011f\u0131 yerlerde geceleri omuzlar a\u00e7\u0131kta kal\u0131r. A\u015fk\u0131n olmad\u0131\u011f\u0131 yerlerde mutfaklarda besleyici ve lezzetli yemekler pi\u015fmez. A\u015fk yoksa g\u00f6zya\u015f\u0131 ve dokunakl\u0131 dizelerle \u00f6r\u00fclm\u00fc\u015f g\u00fcl kurusu kazaklar giyilmez, unutulur. A\u015fk\u0131n olmad\u0131\u011f\u0131 yerlerde ko\u015fullu sevgiler vard\u0131r. Herkes birbirine sevgisini \u00f6l\u00e7erek, bi\u00e7erek verir. Oysa anneler \u00e7ocuklar\u0131n\u0131, yani a\u015f\u0131klar\u0131n\u0131 hep yar\u0131n \u00f6leceklermi\u015f gibi doyas\u0131ya ve imk\u00e2ns\u0131z bir a\u015fkla severler.<\/p>\n<p>Oysa \u00e7ocuklar\u0131 sevgililerinin kendilerine \u00f6yle ya da b\u00f6yle veda edi\u015flerini hi\u00e7 unutmazlar ve hep y\u00fcrek \u00e7arp\u0131nt\u0131s\u0131yla anarlar da, ama annelerinin onlar giderken, evden \u00e7\u0131karken s\u0131rtlar\u0131na hafif\u00e7e utanarak, belli belirsiz dokunmalar\u0131n\u0131 hemen hi\u00e7 hissetmezler, hissetseler de \u00fczerinde pek durmazlar. Omuzlar\u0131na o arkadan dokunu\u015fun i\u00e7inde \u00e7ok b\u00fcy\u00fck anlamlar vard\u0131r. O dokunu\u015fta imk\u00e2ns\u0131z bir a\u015fk vard\u0131r oysa&#8230;<\/p>\n<p>Anneleri g\u00f6r\u00fcyorum buradan. Birbirlerinin k\u0131r\u0131k kalplerini sarmak, o umutsuz ve imk\u00e2ns\u0131z a\u015fklar\u0131n\u0131n ac\u0131s\u0131n\u0131 dindirmek i\u00e7in tren istasyonlar\u0131nda, otob\u00fcs duraklar\u0131nda, a\u011fa\u00e7 altlar\u0131ndaki banklarda bir araya geliyorlar. G\u00f6zlerindeki derin ac\u0131lar\u0131, \u00e7ama\u015f\u0131r y\u0131kamaktan kurumu\u015f elleri, solgun e\u015farplar\u0131 ve insafs\u0131z a\u011f\u0131rl\u0131ktaki al\u0131\u015fveri\u015f torbalar\u0131yla&#8230; Titrek bir mum \u0131\u015f\u0131\u011f\u0131nda ya\u015fayan annemiz, annelerimiz. Biliyorum her \u015fey i\u00e7in \u00e7ok ge\u00e7 de\u011fil; ama yapt\u0131klar\u0131mdan utan\u0131yorum. \u00c7ok utan\u0131yorum! &#8230;<\/p>\n<p style=\"text-align: justify;\">Cezmi ERS\u00d6Z<\/p>\n","protected":false},"excerpt":{"rendered":"<p>\u00a0 Y\u0131llar sonra itiraf etti. \u00dcniversitede okuyan \u00fc\u00e7 erkek \u00e7ocu\u011fu vard\u0131 ve fa\u015fizmin gemiyi az\u0131ya ald\u0131\u011f\u0131 g\u00fcnlerdi. Silahlar\u0131n\u0131 hayatlar\u0131n\u0131n en \u00fcst\u00fcn g\u00fcc\u00fc sayan fa\u015fistler taraf\u0131ndan \u00f6ld\u00fcr\u00fclmemiz an meselesiydi. K\u00fc\u00e7\u00fckyal\u0131 MHP&#8217;de benim i\u00e7in vur emri \u00e7\u0131km\u0131\u015ft\u0131. Eve arka bah\u00e7elerden dola\u015farak giriyordum. Sonra, biz geceleri derin uykulara dald\u0131\u011f\u0131m\u0131zda, sessizce uyan\u0131p sokak kap\u0131s\u0131n\u0131n \u00f6n\u00fcnde, bir sandalyenin \u00fczerinde sabahlara [&hellip;]<\/p>\n","protected":false},"author":1,"featured_media":0,"comment_status":"open","ping_status":"open","sticky":false,"template":"","format":"standard","meta":{"footnotes":""},"categories":[18],"tags":[],"class_list":{"0":"post-2563","1":"post","2":"type-post","3":"status-publish","4":"format-standard","6":"category-cezmi-ersoz"},"yoast_head":"<!-- This site is optimized with the Yoast SEO Premium plugin v24.9 (Yoast SEO v24.9) - https:\/\/yoast.com\/wordpress\/plugins\/seo\/ -->\n<title>HAYAT B\u0130R EMR\u0130N VAR MI \/ T\u0130TREK B\u0130R MUM I\u015eI\u011eINDA - narteks.net<\/title>\n<meta name=\"robots\" content=\"index, follow, max-snippet:-1, max-image-preview:large, max-video-preview:-1\" \/>\n<link rel=\"canonical\" href=\"https:\/\/narteks.net\/index.php\/2009\/12\/06\/hayat-bir-emrin-var-mi-titrek-bir-mum-isiginda\/\" \/>\n<meta property=\"og:locale\" content=\"tr_TR\" \/>\n<meta property=\"og:type\" content=\"article\" \/>\n<meta property=\"og:title\" content=\"HAYAT B\u0130R EMR\u0130N VAR MI \/ T\u0130TREK B\u0130R MUM I\u015eI\u011eINDA\" \/>\n<meta property=\"og:description\" content=\"\u00a0 Y\u0131llar sonra itiraf etti. \u00dcniversitede okuyan \u00fc\u00e7 erkek \u00e7ocu\u011fu vard\u0131 ve fa\u015fizmin gemiyi az\u0131ya ald\u0131\u011f\u0131 g\u00fcnlerdi. Silahlar\u0131n\u0131 hayatlar\u0131n\u0131n en \u00fcst\u00fcn g\u00fcc\u00fc sayan fa\u015fistler taraf\u0131ndan \u00f6ld\u00fcr\u00fclmemiz an meselesiydi. K\u00fc\u00e7\u00fckyal\u0131 MHP&#8217;de benim i\u00e7in vur emri \u00e7\u0131km\u0131\u015ft\u0131. Eve arka bah\u00e7elerden dola\u015farak giriyordum. Sonra, biz geceleri derin uykulara dald\u0131\u011f\u0131m\u0131zda, sessizce uyan\u0131p sokak kap\u0131s\u0131n\u0131n \u00f6n\u00fcnde, bir sandalyenin \u00fczerinde sabahlara [&hellip;]\" \/>\n<meta property=\"og:url\" content=\"https:\/\/narteks.net\/index.php\/2009\/12\/06\/hayat-bir-emrin-var-mi-titrek-bir-mum-isiginda\/\" \/>\n<meta property=\"og:site_name\" content=\"narteks.net\" \/>\n<meta property=\"article:published_time\" content=\"2009-12-06T17:25:40+00:00\" \/>\n<meta property=\"og:image\" content=\"https:\/\/narteks.net\/wp-content\/uploads\/narteks.png\" \/>\n\t<meta property=\"og:image:width\" content=\"300\" \/>\n\t<meta property=\"og:image:height\" content=\"90\" \/>\n\t<meta property=\"og:image:type\" content=\"image\/png\" \/>\n<meta name=\"author\" content=\"Tar\u0131k\" \/>\n<meta name=\"twitter:card\" content=\"summary_large_image\" \/>\n<meta name=\"twitter:creator\" content=\"@narteks\" \/>\n<meta name=\"twitter:site\" content=\"@narteks\" \/>\n<meta name=\"twitter:label1\" content=\"Yazan:\" \/>\n\t<meta name=\"twitter:data1\" content=\"Tar\u0131k\" \/>\n\t<meta name=\"twitter:label2\" content=\"Tahmini okuma s\u00fcresi\" \/>\n\t<meta name=\"twitter:data2\" content=\"4 dakika\" \/>\n<script type=\"application\/ld+json\" class=\"yoast-schema-graph\">{\"@context\":\"https:\/\/schema.org\",\"@graph\":[{\"@type\":\"Article\",\"@id\":\"https:\/\/narteks.net\/index.php\/2009\/12\/06\/hayat-bir-emrin-var-mi-titrek-bir-mum-isiginda\/#article\",\"isPartOf\":{\"@id\":\"https:\/\/narteks.net\/index.php\/2009\/12\/06\/hayat-bir-emrin-var-mi-titrek-bir-mum-isiginda\/\"},\"author\":{\"name\":\"Tar\u0131k\",\"@id\":\"https:\/\/narteks.net\/#\/schema\/person\/61f37d9834294b72d31d274e7ed79bca\"},\"headline\":\"HAYAT B\u0130R EMR\u0130N VAR MI \/ T\u0130TREK B\u0130R MUM I\u015eI\u011eINDA\",\"datePublished\":\"2009-12-06T17:25:40+00:00\",\"mainEntityOfPage\":{\"@id\":\"https:\/\/narteks.net\/index.php\/2009\/12\/06\/hayat-bir-emrin-var-mi-titrek-bir-mum-isiginda\/\"},\"wordCount\":745,\"commentCount\":0,\"publisher\":{\"@id\":\"https:\/\/narteks.net\/#organization\"},\"articleSection\":[\"Cezmi ERS\u00d6Z\"],\"inLanguage\":\"tr\",\"potentialAction\":[{\"@type\":\"CommentAction\",\"name\":\"Comment\",\"target\":[\"https:\/\/narteks.net\/index.php\/2009\/12\/06\/hayat-bir-emrin-var-mi-titrek-bir-mum-isiginda\/#respond\"]}]},{\"@type\":\"WebPage\",\"@id\":\"https:\/\/narteks.net\/index.php\/2009\/12\/06\/hayat-bir-emrin-var-mi-titrek-bir-mum-isiginda\/\",\"url\":\"https:\/\/narteks.net\/index.php\/2009\/12\/06\/hayat-bir-emrin-var-mi-titrek-bir-mum-isiginda\/\",\"name\":\"HAYAT B\u0130R EMR\u0130N VAR MI \/ T\u0130TREK B\u0130R MUM I\u015eI\u011eINDA - narteks.net\",\"isPartOf\":{\"@id\":\"https:\/\/narteks.net\/#website\"},\"datePublished\":\"2009-12-06T17:25:40+00:00\",\"breadcrumb\":{\"@id\":\"https:\/\/narteks.net\/index.php\/2009\/12\/06\/hayat-bir-emrin-var-mi-titrek-bir-mum-isiginda\/#breadcrumb\"},\"inLanguage\":\"tr\",\"potentialAction\":[{\"@type\":\"ReadAction\",\"target\":[\"https:\/\/narteks.net\/index.php\/2009\/12\/06\/hayat-bir-emrin-var-mi-titrek-bir-mum-isiginda\/\"]}]},{\"@type\":\"BreadcrumbList\",\"@id\":\"https:\/\/narteks.net\/index.php\/2009\/12\/06\/hayat-bir-emrin-var-mi-titrek-bir-mum-isiginda\/#breadcrumb\",\"itemListElement\":[{\"@type\":\"ListItem\",\"position\":1,\"name\":\"Anasayfa\",\"item\":\"https:\/\/narteks.net\/\"},{\"@type\":\"ListItem\",\"position\":2,\"name\":\"HAYAT B\u0130R EMR\u0130N VAR MI \/ T\u0130TREK B\u0130R MUM I\u015eI\u011eINDA\"}]},{\"@type\":\"WebSite\",\"@id\":\"https:\/\/narteks.net\/#website\",\"url\":\"https:\/\/narteks.net\/\",\"name\":\"narteks.net\",\"description\":\"K\u00fclt\u00fcr Sanat Edebiyat Felsefe\",\"publisher\":{\"@id\":\"https:\/\/narteks.net\/#organization\"},\"alternateName\":\"K\u00fclt\u00fcr Sanat Edebiyat Felsefe\",\"potentialAction\":[{\"@type\":\"SearchAction\",\"target\":{\"@type\":\"EntryPoint\",\"urlTemplate\":\"https:\/\/narteks.net\/?s={search_term_string}\"},\"query-input\":{\"@type\":\"PropertyValueSpecification\",\"valueRequired\":true,\"valueName\":\"search_term_string\"}}],\"inLanguage\":\"tr\"},{\"@type\":\"Organization\",\"@id\":\"https:\/\/narteks.net\/#organization\",\"name\":\"narteks.net\",\"url\":\"https:\/\/narteks.net\/\",\"logo\":{\"@type\":\"ImageObject\",\"inLanguage\":\"tr\",\"@id\":\"https:\/\/narteks.net\/#\/schema\/logo\/image\/\",\"url\":\"https:\/\/narteks.net\/wp-content\/uploads\/narteks.png\",\"contentUrl\":\"https:\/\/narteks.net\/wp-content\/uploads\/narteks.png\",\"width\":300,\"height\":90,\"caption\":\"narteks.net\"},\"image\":{\"@id\":\"https:\/\/narteks.net\/#\/schema\/logo\/image\/\"},\"sameAs\":[\"https:\/\/x.com\/narteks\",\"https:\/\/instagram.com\/narteksnet\"]},{\"@type\":\"Person\",\"@id\":\"https:\/\/narteks.net\/#\/schema\/person\/61f37d9834294b72d31d274e7ed79bca\",\"name\":\"Tar\u0131k\",\"image\":{\"@type\":\"ImageObject\",\"inLanguage\":\"tr\",\"@id\":\"https:\/\/narteks.net\/#\/schema\/person\/image\/\",\"url\":\"https:\/\/secure.gravatar.com\/avatar\/50865afb55632c4ae467e0af0930f6510aa2297d8014be502a55b14f3b7550cf?s=96&d=mm&r=g\",\"contentUrl\":\"https:\/\/secure.gravatar.com\/avatar\/50865afb55632c4ae467e0af0930f6510aa2297d8014be502a55b14f3b7550cf?s=96&d=mm&r=g\",\"caption\":\"Tar\u0131k\"},\"sameAs\":[\"http:\/\/narteks.net\"],\"url\":\"https:\/\/narteks.net\/index.php\/author\/narbak\/\"}]}<\/script>\n<!-- \/ Yoast SEO Premium plugin. -->","yoast_head_json":{"title":"HAYAT B\u0130R EMR\u0130N VAR MI \/ T\u0130TREK B\u0130R MUM I\u015eI\u011eINDA - narteks.net","robots":{"index":"index","follow":"follow","max-snippet":"max-snippet:-1","max-image-preview":"max-image-preview:large","max-video-preview":"max-video-preview:-1"},"canonical":"https:\/\/narteks.net\/index.php\/2009\/12\/06\/hayat-bir-emrin-var-mi-titrek-bir-mum-isiginda\/","og_locale":"tr_TR","og_type":"article","og_title":"HAYAT B\u0130R EMR\u0130N VAR MI \/ T\u0130TREK B\u0130R MUM I\u015eI\u011eINDA","og_description":"\u00a0 Y\u0131llar sonra itiraf etti. \u00dcniversitede okuyan \u00fc\u00e7 erkek \u00e7ocu\u011fu vard\u0131 ve fa\u015fizmin gemiyi az\u0131ya ald\u0131\u011f\u0131 g\u00fcnlerdi. Silahlar\u0131n\u0131 hayatlar\u0131n\u0131n en \u00fcst\u00fcn g\u00fcc\u00fc sayan fa\u015fistler taraf\u0131ndan \u00f6ld\u00fcr\u00fclmemiz an meselesiydi. K\u00fc\u00e7\u00fckyal\u0131 MHP&#8217;de benim i\u00e7in vur emri \u00e7\u0131km\u0131\u015ft\u0131. Eve arka bah\u00e7elerden dola\u015farak giriyordum. Sonra, biz geceleri derin uykulara dald\u0131\u011f\u0131m\u0131zda, sessizce uyan\u0131p sokak kap\u0131s\u0131n\u0131n \u00f6n\u00fcnde, bir sandalyenin \u00fczerinde sabahlara [&hellip;]","og_url":"https:\/\/narteks.net\/index.php\/2009\/12\/06\/hayat-bir-emrin-var-mi-titrek-bir-mum-isiginda\/","og_site_name":"narteks.net","article_published_time":"2009-12-06T17:25:40+00:00","og_image":[{"width":300,"height":90,"url":"https:\/\/narteks.net\/wp-content\/uploads\/narteks.png","type":"image\/png"}],"author":"Tar\u0131k","twitter_card":"summary_large_image","twitter_creator":"@narteks","twitter_site":"@narteks","twitter_misc":{"Yazan:":"Tar\u0131k","Tahmini okuma s\u00fcresi":"4 dakika"},"schema":{"@context":"https:\/\/schema.org","@graph":[{"@type":"Article","@id":"https:\/\/narteks.net\/index.php\/2009\/12\/06\/hayat-bir-emrin-var-mi-titrek-bir-mum-isiginda\/#article","isPartOf":{"@id":"https:\/\/narteks.net\/index.php\/2009\/12\/06\/hayat-bir-emrin-var-mi-titrek-bir-mum-isiginda\/"},"author":{"name":"Tar\u0131k","@id":"https:\/\/narteks.net\/#\/schema\/person\/61f37d9834294b72d31d274e7ed79bca"},"headline":"HAYAT B\u0130R EMR\u0130N VAR MI \/ T\u0130TREK B\u0130R MUM I\u015eI\u011eINDA","datePublished":"2009-12-06T17:25:40+00:00","mainEntityOfPage":{"@id":"https:\/\/narteks.net\/index.php\/2009\/12\/06\/hayat-bir-emrin-var-mi-titrek-bir-mum-isiginda\/"},"wordCount":745,"commentCount":0,"publisher":{"@id":"https:\/\/narteks.net\/#organization"},"articleSection":["Cezmi ERS\u00d6Z"],"inLanguage":"tr","potentialAction":[{"@type":"CommentAction","name":"Comment","target":["https:\/\/narteks.net\/index.php\/2009\/12\/06\/hayat-bir-emrin-var-mi-titrek-bir-mum-isiginda\/#respond"]}]},{"@type":"WebPage","@id":"https:\/\/narteks.net\/index.php\/2009\/12\/06\/hayat-bir-emrin-var-mi-titrek-bir-mum-isiginda\/","url":"https:\/\/narteks.net\/index.php\/2009\/12\/06\/hayat-bir-emrin-var-mi-titrek-bir-mum-isiginda\/","name":"HAYAT B\u0130R EMR\u0130N VAR MI \/ T\u0130TREK B\u0130R MUM I\u015eI\u011eINDA - narteks.net","isPartOf":{"@id":"https:\/\/narteks.net\/#website"},"datePublished":"2009-12-06T17:25:40+00:00","breadcrumb":{"@id":"https:\/\/narteks.net\/index.php\/2009\/12\/06\/hayat-bir-emrin-var-mi-titrek-bir-mum-isiginda\/#breadcrumb"},"inLanguage":"tr","potentialAction":[{"@type":"ReadAction","target":["https:\/\/narteks.net\/index.php\/2009\/12\/06\/hayat-bir-emrin-var-mi-titrek-bir-mum-isiginda\/"]}]},{"@type":"BreadcrumbList","@id":"https:\/\/narteks.net\/index.php\/2009\/12\/06\/hayat-bir-emrin-var-mi-titrek-bir-mum-isiginda\/#breadcrumb","itemListElement":[{"@type":"ListItem","position":1,"name":"Anasayfa","item":"https:\/\/narteks.net\/"},{"@type":"ListItem","position":2,"name":"HAYAT B\u0130R EMR\u0130N VAR MI \/ T\u0130TREK B\u0130R MUM I\u015eI\u011eINDA"}]},{"@type":"WebSite","@id":"https:\/\/narteks.net\/#website","url":"https:\/\/narteks.net\/","name":"narteks.net","description":"K\u00fclt\u00fcr Sanat Edebiyat Felsefe","publisher":{"@id":"https:\/\/narteks.net\/#organization"},"alternateName":"K\u00fclt\u00fcr Sanat Edebiyat Felsefe","potentialAction":[{"@type":"SearchAction","target":{"@type":"EntryPoint","urlTemplate":"https:\/\/narteks.net\/?s={search_term_string}"},"query-input":{"@type":"PropertyValueSpecification","valueRequired":true,"valueName":"search_term_string"}}],"inLanguage":"tr"},{"@type":"Organization","@id":"https:\/\/narteks.net\/#organization","name":"narteks.net","url":"https:\/\/narteks.net\/","logo":{"@type":"ImageObject","inLanguage":"tr","@id":"https:\/\/narteks.net\/#\/schema\/logo\/image\/","url":"https:\/\/narteks.net\/wp-content\/uploads\/narteks.png","contentUrl":"https:\/\/narteks.net\/wp-content\/uploads\/narteks.png","width":300,"height":90,"caption":"narteks.net"},"image":{"@id":"https:\/\/narteks.net\/#\/schema\/logo\/image\/"},"sameAs":["https:\/\/x.com\/narteks","https:\/\/instagram.com\/narteksnet"]},{"@type":"Person","@id":"https:\/\/narteks.net\/#\/schema\/person\/61f37d9834294b72d31d274e7ed79bca","name":"Tar\u0131k","image":{"@type":"ImageObject","inLanguage":"tr","@id":"https:\/\/narteks.net\/#\/schema\/person\/image\/","url":"https:\/\/secure.gravatar.com\/avatar\/50865afb55632c4ae467e0af0930f6510aa2297d8014be502a55b14f3b7550cf?s=96&d=mm&r=g","contentUrl":"https:\/\/secure.gravatar.com\/avatar\/50865afb55632c4ae467e0af0930f6510aa2297d8014be502a55b14f3b7550cf?s=96&d=mm&r=g","caption":"Tar\u0131k"},"sameAs":["http:\/\/narteks.net"],"url":"https:\/\/narteks.net\/index.php\/author\/narbak\/"}]}},"_links":{"self":[{"href":"https:\/\/narteks.net\/index.php\/wp-json\/wp\/v2\/posts\/2563","targetHints":{"allow":["GET"]}}],"collection":[{"href":"https:\/\/narteks.net\/index.php\/wp-json\/wp\/v2\/posts"}],"about":[{"href":"https:\/\/narteks.net\/index.php\/wp-json\/wp\/v2\/types\/post"}],"author":[{"embeddable":true,"href":"https:\/\/narteks.net\/index.php\/wp-json\/wp\/v2\/users\/1"}],"replies":[{"embeddable":true,"href":"https:\/\/narteks.net\/index.php\/wp-json\/wp\/v2\/comments?post=2563"}],"version-history":[{"count":0,"href":"https:\/\/narteks.net\/index.php\/wp-json\/wp\/v2\/posts\/2563\/revisions"}],"wp:attachment":[{"href":"https:\/\/narteks.net\/index.php\/wp-json\/wp\/v2\/media?parent=2563"}],"wp:term":[{"taxonomy":"category","embeddable":true,"href":"https:\/\/narteks.net\/index.php\/wp-json\/wp\/v2\/categories?post=2563"},{"taxonomy":"post_tag","embeddable":true,"href":"https:\/\/narteks.net\/index.php\/wp-json\/wp\/v2\/tags?post=2563"}],"curies":[{"name":"wp","href":"https:\/\/api.w.org\/{rel}","templated":true}]}}