{"id":257,"date":"2009-02-27T23:07:02","date_gmt":"2009-02-27T20:07:02","guid":{"rendered":"http:\/\/localhost\/wordpress\/2009\/02\/27\/ak-mahzuni-erif-biyografisi-ve-eserleri\/"},"modified":"2009-02-27T23:07:02","modified_gmt":"2009-02-27T20:07:02","slug":"ak-mahzuni-erif-biyografisi-ve-eserleri","status":"publish","type":"post","link":"https:\/\/narteks.net\/index.php\/2009\/02\/27\/ak-mahzuni-erif-biyografisi-ve-eserleri\/","title":{"rendered":"A\u015f\u0131k Mahzuni \u015eerif Biyografisi ve Eserleri"},"content":{"rendered":"<p style=\"text-align: justify;\"><img loading=\"lazy\" decoding=\"async\" src=\"http:\/\/www.yasamdersleri.com\/yazi_resim\/mahzuni2.jpg\" border=\"0\" width=\"155\" height=\"205\" style=\"float: left;\" \/>A\u015f\u0131k Mahzuni \u015eerif<\/p>\n<p> Ne dedimse halka hi\u00e7 yaramad\u0131<br \/> Ben gittikten sonra ararlar beni<br \/> Bo\u015fa cahillerin g\u00f6z\u00fc karard\u0131<br \/> Kuru \u00e7ene ile yorarlar beni<\/p>\n<p> Mahzuni \u015eerif&#8217;im gayri gam yemem<br \/> Ondan \u00f6tesini kimseye demem<br \/> Ufak v\u00fccuduma kefen istemem<br \/> Varsa insanl\u0131kla sararlar beni<\/p>\n<p> 1938 y\u0131l\u0131n\u0131n bir sonbahar g\u00fcn\u00fcyd\u00fc, o g\u00fcn\u00fcn yar\u0131s\u0131nda D\u00f6nd\u00fc anan\u0131n a\u011fr\u0131s\u0131 bitecekti. Ama daha k\u00fc\u00e7\u00fck ya\u015flarda o d\u00fcnyaya getirdi\u011fi bebe; ba\u011flamas\u0131n\u0131 yoksul halk\u0131n\u0131n dertleriyle, a\u011f\u0131tlar\u0131yla a\u011flatacak, giderek daha duyarl\u0131, daha toplumcu i\u00e7erik kazand\u0131racakt\u0131 dizelerine&#8230;<\/p>\n<p> \u0130lk y\u0131llarda mezhepsel \u00e7eli\u015fkileri yergili bir dille betimlerken, daha sonra halk dertlerini dile getirmeye \u00e7al\u0131\u015facak, o nedenle de baz\u0131 politik bask\u0131lar g\u00f6recekti. Hak ile halk\u0131 birleyerek eme\u011fi savunacak, eme\u011fin sava\u015f\u0131m\u0131n\u0131 verecekti.<\/p>\n<p> Mahzuni \u015eerif t\u00fcm bask\u0131lara kar\u015f\u0131 hakl\u0131lar\u0131n simgesi olarak &lt;&lt;bizim su\u00e7umuz, \u015ferefimiz&gt;&gt; dir diyecekti. Co\u015fkulu y\u00fcre\u011fiyle \u00e7a\u011fda\u015flar\u0131na g\u00f6re daha \u00e7ok \u00fcretiyor, \u00f6zg\u00fcn s\u00f6z ve m\u00fczi\u011fiyle T\u00fcrk folklor \u00fcne kaynak olu\u015fturuyordu. Ama ne yaz\u0131k ki onun, \u015fiirine kendi ad\u0131 konulmuyor, ba\u015f\u00adkalar\u0131 onun s\u0131rt\u0131ndan \u00e7\u0131kar sa\u011fl\u0131yordu.<\/p>\n<p> Mahzuni saz\u0131n\u0131 eline ald\u0131\u011f\u0131 g\u00fcnden bu yana her t\u00fcrl\u00fc s\u00f6m\u00fcr\u00fcye kar\u015f\u0131 sava\u015f\u0131m\u0131n i\u00e7inde birle\u015ftirici s\u00f6z \u00f6\u011felerini kullan\u0131yor, b\u00f6ylece kendine \u00f6zg\u00fc bir yol \u00e7iziyordu.<\/p>\n<p> A\u015f\u0131k Mahzuni&#8217;yi anlatmak i\u00e7in bir noktay\u0131, i\u00e7tenlikle vurgulamak istiyorum. Ozan\u0131m\u0131z &lt;&lt;Neyzen&gt;&gt; gibi biraz demlidir, ama bu duyarl\u0131 olman\u0131n bir gere\u011fiydi; do\u011fa\u00e7tan s\u00f6yleyebilmesi i\u00e7in dem onda olumlu etki yap\u0131yordu dem de olsa az almak zorun\u00addayd\u0131, \u00e7\u00fcnk\u00fc sa\u011fl\u0131\u011f\u0131n\u0131n ve sanat\u0131n\u0131n ko\u015fullar\u0131 b\u00f6yle gerektiriyordu. O, a\u015f\u0131kl\u0131k gelene\u011fini yerine getirirken halk\u0131n g\u00f6z\u00fc, kula\u011f\u0131 olmaya \u00f6zen g\u00f6stermeliydi. <\/p>\n<p> 1960 ile 1980 y\u0131llar\u0131 aras\u0131nda yurt d\u0131\u015f\u0131nda bir kez Avustralya, \u00e7ok kez de Avrupa&#8217;da konserler vererek, yine ulu\u00adsuna, halk\u0131na sevgiler g\u00f6nderiyor; &lt;&lt;d\u00fcnya tembellerin, haks\u0131zlar\u0131n de\u011fil, \u00e7al\u0131\u015fanlar\u0131n, hakl\u0131lar\u0131n olmal\u0131d\u0131r&gt;&gt; diyerek sar\u0131 saz\u0131n tellerini inletiyordu&#8230;<\/p>\n<p> Umar\u0131m ki ozan\u0131m\u0131z Mahzuni \u015eerif bundan b\u00f6yle de, ya\u015fad\u0131\u011f\u0131 s\u00fcrece birli\u011fi, erli\u011fi, g\u00fczelli\u011fi toplumsal ve evrensel i\u00e7erikli dizelerde sevgili halk\u0131m\u0131za duyurman\u0131n k\u0131vanc\u0131n\u0131 ya\u015far&#8230;<br \/>A. \u0130hsan Akta\u015f<\/p>\n<p>Merhaba diyorum Ber\u00e7enekli Mahzuni&#8217;ye<br \/>Ben, O&#8217;nu ilk tan\u0131d\u0131\u011f\u0131m 1960 y\u0131l\u0131ndan bu yana<br \/>ad\u0131m ad\u0131m g\u00f6zledim. \u00c7\u00fcnk\u00fc Mahzuni \u015eerif<br \/>&#8220;o\u011fullu\u011fum&#8221; olmu\u015ftu. Nas\u0131l, neden izlemeyim<\/p>\n<p>O&#8217;nun duyg\u0131lu sesinin, ustalar\u0131n ustas\u0131 tezene<br \/>vuru\u015funun onbinlerce sevdal\u0131s\u0131ndan biri<br \/>olmu\u015ftum o g\u00fcnden bu yana&#8230;<\/p>\n<p>Hicivlerini deyi\u015flerini vars\u0131n ba\u015fkalar\u0131<br \/>de\u011ferlendirsin. O&#8217;nu tan\u0131d\u0131\u011f\u0131m, ayn\u0131 \u00e7a\u011fda<br \/>ya\u015fad\u0131\u011f\u0131m i\u00e7in kendimi mutlu hissediyorum&#8230;<\/p>\n<p>\u00c7\u00fcnk\u00fc, bir Pir Sultan, bir Karacao\u011flan, bir Nesimi<br \/>bir Kaygusuz Abdal, bir Ruhsati ve daha<br \/>benzer nicelerini deyi\u015flerinden tan\u0131m\u0131\u015ft\u0131m&#8230;<\/p>\n<p> Fikret Otyam &#8211; Haziran 1990<\/p>\n<p>A\u015f\u0131k Mahzuni&#8217;ye ait baz\u0131 t\u00fcrk\u00fcler:<br \/>\u0130\u015fte gidiyorum \u00e7e\u015fmi siyah\u0131m, Kanad\u0131m deydi sevdaya, K\u00f6rpe iken k\u0131rd\u0131n felek dal\u0131m\u0131, Dom dom kur\u015funu, Kirvem, Zevzek, Bug\u00fcn ben \u015fah\u0131m\u0131 g\u00f6rd\u00fcm, A\u011flasam m\u0131&#8230;<\/p>\n<p>Ve A\u015f\u0131k Mahzuni \u015eerif 17.05.2002 tarihinde tedavi g\u00f6rd\u00fc\u011f\u00fc K\u00f6ln-porz hastanesinde, sabaha kar\u015f\u0131 aram\u0131zdan ayr\u0131l\u0131r&#8230;<\/p>\n<p>A\u011flasam m\u0131<\/p>\n<p>Mevlam G\u00fcl Diyerek \u0130ki G\u00f6z Vermi\u015f<br \/>Bilmem A\u011flasam M\u0131 A\u011flamasam M\u0131<br \/>Dura Dura Bir Sel Oldum Erenler<br \/>Bilmem \u00c7a\u011flasam M\u0131 \u00c7a\u011flamasam M\u0131<\/p>\n<p>Yoksulun S\u0131rt\u0131ndan Doyan Doyana<br \/>Bunu G\u00f6ren Y\u00fcrek Nas\u0131l Dayana<br \/>Yi\u011fit Muhta\u00e7 Olmu\u015f Kuru So\u011fana<br \/>Bilmem S\u00f6ylesem Mi S\u00f6ylemesem Mi<\/p>\n<p>Mahzuni \u015eerifim Dindir Ac\u0131n\u0131<br \/>Baz\u0131 Ac\u0131lardan Al \u0130lac\u0131n\u0131<br \/>Pir Sultanlar Gibi Dar A\u011fac\u0131n\u0131<br \/>Bilmem Boylasam M\u0131 Boylamasam M\u0131<\/p>\n<p>Yuh Yuh<\/p>\n<p>Uzaktan Yak\u0131ndan Yuh \u00c7ekme Bana<br \/>Sana Senin Gibi Bakt\u0131m \u0130se Yuh<br \/>Efendi G\u00f6r\u00fcn\u00fcp B\u00fct\u00fcn \u0130nsana<br \/>Hakk\u0131n Kullar\u0131n\u0131 Y\u0131kt\u0131n \u0130se Yuh<\/p>\n<p>Bu Kadar Milletin Hakk\u0131n Alanlar<br \/>Onlar\u0131 Kand\u0131r\u0131p Zevke Dalanlar<br \/>Diplomayla Olmaz Hakim Olanlar<br \/>Su\u00e7suzun Ba\u015f\u0131na \u00c7\u00f6kt\u00fcm \u0130se Yuh<\/p>\n<p>Ben \u0130nsan\u0131m Benden Ba\u015flar Asalet<br \/>Asillere Paydos, Beye Nihayet<br \/>\u015eu \u0130nsanl\u0131k Derde Girerse \u015eayet<br \/>Ona Yar Olmaktan B\u0131kt\u0131m \u0130se Yuh<\/p>\n<p>Yuh Yuh Soyanlara<br \/>Soyup Ka\u00e7\u0131p Doyanlara<br \/>\u0130nsanlara K\u0131yanlara<br \/>Yuh Nefsine Uyanlara Yuh<\/p>\n<p>\u0130\u015fte Gidiyorum \u00c7e\u015fm-i Siyah\u0131m<\/p>\n<p>\u0130\u015fte gidiyorum \u00e7e\u015fm-i siyah\u0131m<br \/>\u00d6n\u00fcm\u00fcze da\u011flar s\u0131ralansa da<br \/>Sermayem derdimdir servetim ah\u0131m<br \/>Karard\u0131k\u00e7a baht\u0131m karalansa da<\/p>\n<p>Haydi dola\u015fal\u0131m y\u00fcce da\u011flarda<br \/>Dost beni b\u0131rakt\u0131 ah ile zarda<br \/>\u00d6tmek istiyorum viran ba\u011flarda<br \/>Aya\u011f\u0131ma cennet kiralansa da <\/p>\n<p>Ba\u011flad\u0131m can\u0131m\u0131 z\u00fclf\u00fcn teline<br \/>Sen beni b\u0131rakt\u0131n elin diline<br \/>G\u00fcld\u00fcn Mahzuninin berbat haline<br \/>Mervan\u0131n elinde parelense de<\/p>\n<p>Delaley<\/p>\n<p>Ba\u011fa Girdim Ba\u011fban\u0131 Yok<br \/>G\u00fcle Sordum Figan\u0131 Yok<br \/>S\u00fcr\u00fcy\u00fc Kurtlar Dalam\u0131\u015f<br \/>Bu S\u00fcr\u00fcn\u00fcn \u00c7oban\u0131 Yok<br \/>Ah Le Delale Delale<br \/>Nereye Ba\u015f\u0131 Delale<\/p>\n<p>Dere Kavu\u015fur Dereye<br \/>Akar Gider Gemere\u2019ye<br \/>Sava\u015f\u0131 Girmi\u015f Y\u00fcre\u011fe<br \/>Yaras\u0131 Yok \u00c7\u0131ban\u0131 Yok<br \/>Ah Le Delale Delale<br \/>Nereye Ba\u015f\u0131 Delale<\/p>\n<p>Mahzuni\u2019yim Do\u011frusunun<br \/>Derman\u0131 Yok Mudur Bunun<br \/>Sevdaya Giden Yolcunun<br \/>\u00c7ar\u0131\u011f\u0131n\u0131n Taban\u0131 Yok<br \/>Ah Ley Delaley Delaley<br \/>Nereye Ba\u015f\u0131 Delaley<\/p>\n<p>Al Birini Vur Birine<\/p>\n<p>Y\u0131k\u0131las\u0131 Bozuk D\u00fczen<br \/>B\u0131\u00e7ak Kemi\u011fe Dayand\u0131<br \/>Gayr\u0131 Bize Yaz\u0131k D\u00fczen<br \/>G\u00f6nl\u00fcm\u00fcz Kana Buland\u0131<\/p>\n<p>Al Birini Vur Birine<br \/>Koydu Bizi He\u00e7 Yerine<br \/>Vay Boyunuz Devrileydi<br \/>\u0130nand\u0131k K\u00f6r\u00fc K\u00f6r\u00fcne<\/p>\n<p>A\u011far Kara Sa\u00e7\u0131m A\u011far<br \/>H\u0131\u00e7k\u0131r\u0131k Sinemi Bo\u011far<br \/>Bu Y\u0131lda B\u00f6yle Giderse<br \/>Ba\u015f\u0131m\u0131za Ta\u015flar Ya\u011far<\/p>\n<p>Al Birini Vur Birine<br \/>Koydu Bizi Hi\u00e7 Yerine<br \/>Deli Miydik Serseri Mi<br \/>\u0130nand\u0131k K\u00f6r\u00fc K\u00f6r\u00fcne<\/p>\n<p>Gel Mahzuni S\u00f6yle S\u00f6z\u00fc<br \/>Harap Ettik Yaz\u0131 G\u00fcz\u00fc<br \/>Daha Karanl\u0131k Basmadan<br \/>\u00dcsk\u00fcdar\u0131 Ge\u00e7ti D\u00fcrz\u00fc<\/p>\n<p>Al Birini Vur Birine<br \/>Koydu Bizi Hi\u00e7 Yerine<br \/>G\u00f6nl\u00fcm\u00fcn G\u00f6z\u00fc \u00c7\u0131kayd\u0131<br \/>\u0130nand\u0131m K\u00f6r\u00fc K\u00f6r\u00fcne<\/p>\n<p>Bu Y\u0131l Benim <\/p>\n<p>Bu y\u0131l benim ye\u015fil ba\u011f\u0131m kurudu<br \/>Dolu vurdu yapraklar\u0131m \u00e7\u00fcr\u00fcd\u00fc<br \/>Benim de saz tutan elim var idi<br \/>\u015eimdi bir k\u00f6\u015fede yatar a\u011flar\u0131m<\/p>\n<p>Benim ile lokma yiyip i\u00e7enler<br \/>G\u00f6lgemin alt\u0131nda konup g\u00f6\u00e7enler<br \/>Sizi zalim dar g\u00fcn\u00fcmde ka\u00e7anlar<br \/>Ben kendi kendime \u00e7atar a\u011flar\u0131m<\/p>\n<p>\u00c7\u0131rp\u0131na \u00e7\u0131rp\u0131na bir yuva kurdum<br \/>Bebe\u011fi g\u00f6rmedim kunda\u011f\u0131 g\u00f6rd\u00fcm<br \/>Derya&#8217;da bo\u011fuldum karaya vurdum<br \/>\u00c7ileden \u00e7ileye bakar a\u011flar\u0131m<\/p>\n<p>Mahzuni \u015eerif&#8217;im budur ahvalim<br \/>Zamane bozulmu\u015f insanlar zalim<br \/>K\u0131yamete kadar gider bu halim<br \/>Sab\u0131r edip matem tutar a\u011flar\u0131m<\/p>\n<p>Kirvem<\/p>\n<p>Kirvem Bu Y\u0131l Bu Da\u011flarda Aman<br \/>Sensiz Yaz\u0131n Tad\u0131 M&#8217;olur Aman<br \/>Selam\u0131n Niye Kesildi Aman Aman Aman Aman<br \/>Bir Selam\u0131n Ad\u0131 M&#8217;olur Aman<\/p>\n<p>Kirvem Aman<br \/>Ne De \u00c7abuk Ge\u00e7ti Zaman <br \/>Aman Aman Aman Aman Oy<\/p>\n<p>Can \u0130\u00e7inde Can \u0130\u00e7inde Aman<br \/>Can Erir Zaman \u0130\u00e7inde Aman<br \/>B\u00f6yle Kader Olmaz Olsun Aman Aman Aman Aman H\u00fcseyinim Kan \u0130\u00e7inde Aman<\/p>\n<p>Varsam Gitsem Erzincan&#8217;a Aman<br \/>H\u00fcseyinim Gelmi\u015f M&#8217;ola Aman<br \/>Der Mahzuni Bu Da\u011flarda Aman Aman Aman<br \/>B\u00f6yle Yi\u011fit \u00d6lm\u00fc\u015f M&#8217;ola Aman<\/p>\n<p>Nem Kald\u0131<\/p>\n<p>Parsel Parsel Eylemi\u015fler D\u00fcnyay\u0131<br \/>Bir Dikili Ta\u015ftan Gayr\u0131 Nem Kald\u0131<br \/>Dost K\u00f6y\u00fcnden Aya\u011f\u0131m\u0131 Kestiler<br \/>Bir Ak\u0131ls\u0131z Ba\u015ftan Gayr\u0131 Nem Kald\u0131<\/p>\n<p>Padi\u015fah De\u011filem \u00c7eksem Otursam<br \/>Saraylar Kursam Da Asker Yetirsem<br \/>Hediyem Yoktur Ki Dosta G\u00f6t\u00fcrsem<br \/>\u0130ki Damla Ya\u015ftan Gayr\u0131 Nem Kald\u0131<\/p>\n<p>Mahzuni \u015eerifim \u00c7\u0131ksam Da\u011flara<br \/>Rastgelsem De Avc\u0131 Vurmu\u015f Marala<br \/>Doldur T\u00fcfe\u011fini Beni Yarala<br \/>Bir Yaral\u0131 D\u00f6\u015ften Gayr\u0131 Nem Kald\u0131<\/p>\n<p>Durmu\u015f <\/p>\n<p>Durmu\u015f Bizim K\u00f6yden Haber Sorarsan <br \/>Harman Kalkt\u0131 Bulgurlar\u0131 Serildi <br \/>On Yedi Y\u0131l Evvel \u00d6len Haccelli <br \/>Seksen Bir Ya\u015f\u0131nda Yeni Dirildi <\/p>\n<p>K\u00f6ms\u00fck Hasan \u0130nek Al\u0131p Sat\u0131yor <br \/>Kas\u0131m\u0131n O\u011flu Da D\u00fc\u011f\u00fcn Tutuyor <br \/>\u00c7il Mehmet Yel Oldu D\u00fc\u015ft\u00fc Yat\u0131yor <br \/>Bir Acayip Kulaklar\u0131 Gerildi <\/p>\n<p>G\u00f6t\u00fcrd\u00fcler \u0130biklerin Turgay\u0131 <br \/>Kel Muhtara S\u00f6vd\u00fc\u011f\u00fcnden Dolay\u0131 <br \/>K\u0131r Bekir Bilmeden Tutmu\u015f Kalay\u0131 <br \/>\u00c7ok Ay\u0131p Yerinden Serum Verildi <\/p>\n<p>\u00dc\u00e7 \u0130t Tuttu Yahyalar\u0131n Hasan\u0131 <br \/>Toz Ediyor O Ge\u00e7eye Ge\u00e7eni <br \/>Bizim Yusuf De\u011fi\u015ftirmi\u015f Lisan\u0131 <br \/>Bir Bak G\u00f6rsen K\u0131r\u0131ld\u0131 D\u0131 K\u0131r\u0131ld\u0131 <\/p>\n<p>\u015eimdilik Bu Kadar \u0130\u015fte Durmu\u015fum <br \/>Selam Edip Hat\u0131r\u0131n\u0131 Sormu\u015fum <br \/>Gece Olmu\u015f Ge\u00e7 Fark\u0131na Varm\u0131\u015f\u0131m <br \/>S\u0131\u011f\u0131r Geldi S\u0131palar\u0131 Devirdi<\/p>\n<p>Bana Y\u00fccelerden Seyreden<\/p>\n<p>Bana Y\u00fccelerden Seyreden Dilber<br \/>Siyah Kipriklerin Ok Mu Canan\u0131m <br \/>\u0130nsaf Et Y\u00fcz\u00fcn\u00fc Y\u00fcz\u00fcme D\u00f6nder <br \/>Izd\u0131rab\u0131n Sonu Yok Mu Canan\u0131m<\/p>\n<p>G\u00f6n\u00fcl Sevdi Benim G\u00fcnah\u0131m Nedir <br \/>Yand\u0131m Hasretine Bunca Senedir <br \/>Mecnunun Derdinden Derdim Fenad\u0131r<br \/>Izd\u0131rab\u0131n Sonu Yok Mu Canan\u0131m<\/p>\n<p>Bu D\u00fcnya Misaldir \u00c7at\u0131s\u0131z Hana <br \/>Ebedi Kalmad\u0131 Saha Sultana <br \/>Deryan\u0131n \u0130\u00e7inden Bir Damla Bana <br \/>Bu Da Mahsuni&#8217;ye \u00c7ok Mu Canan\u0131m <\/p>\n<p>Duaz-\u0131 \u0130mam<\/p>\n<p>\u00dcryan B\u00fcryan Vard\u0131m Pir Dergah\u0131na<br \/>Medet Ya Muhammet Ya Ali Diyerek<br \/>G\u00f6n\u00fcl Verdim G\u00f6n\u00fcl \u015eahlar \u015eah\u0131na<br \/>H\u00fcnkar Hac\u0131 Bekta\u015f Veli Diyerek<\/p>\n<p>\u0130mam\u2019\u0131 Hasand\u0131r Hublar\u0131n Ba\u015f\u0131<br \/>H\u00fcseyin Der Akar G\u00f6z\u00fcm\u00fcn Ya\u015f\u0131<br \/>\u0130mam Zeynel Sabredenin Yolda\u015f\u0131<br \/>A\u011flasam G\u00fclerler Deli Diyerek<\/p>\n<p>Feylim G\u0131blegah\u0131m Muhammet Bak\u0131r<br \/>K\u0131rklar\u0131n Ba\u011f\u0131nda B\u00fclb\u00fcller \u015eak\u0131r<br \/>Cafer-\u00dc Sad\u0131k\u2019a Talibim \u015e\u00fck\u00fcr<br \/>\u0130krar Verdim \u0130krar Beli Diyerek<\/p>\n<p>Musa-\u0130 Kaz\u0131m D\u0131r Mazlumlar \u015eah\u0131<br \/>Aliyy\u00fc R\u0131za D\u0131r \u015eah\u0131n Ervah\u0131<br \/>\u015eahda Ki Nakiye \u00c7ekerim Ah\u0131<br \/>On \u0130ki \u0130mam\u0131n G\u00fcl\u00fc Diyerek<\/p>\n<p>Hasan-\u00dcl Asker\u2019 \u0130 Ol Ali Aba<br \/>Muhammet Mehciye Mest-\u00dc Merhaba<br \/>Serin Koymu\u015f Serin Mahzuni Baba<br \/>Yol Muhammet Ali Yolu Diyerek<\/p>\n<p>Ne Dedimse Halka <\/p>\n<p>Ne dedimse halka hi\u00e7 yaramad\u0131<br \/>Ben gittikten sonra ararlar beni<br \/>Bo\u015fa cahillerin g\u00f6z\u00fc karard\u0131<br \/>Kuru \u00e7ene ile yorarlar beni<\/p>\n<p>Duman eksik olmaz her y\u00fcce da\u011fda<br \/>B\u00fclb\u00fcl eksik olmaz her ye\u015fil ba\u011fda<br \/>Atomun patlay\u0131p bitti\u011fi \u00e7a\u011fda<br \/>Onun \u00f6tesinde sorarlar beni<\/p>\n<p>Ebedi de\u011fildir \u015fu y\u00fcce da\u011flar<br \/>Ebedi de\u011fildir \u015fu ye\u015fil ba\u011flar<br \/>\u00d6z garda\u015f\u0131m ama bizim softalar<br \/>Mezar\u0131mda bile k\u0131rarlar beni<\/p>\n<p>Mahzuni \u015eerif&#8217;im gayri gam yemem<br \/>Ondan \u00f6tesini kimseye demem<br \/>Ufak vucuduma kefen istemem<br \/>Varsa insanl\u0131kla sararlar beni.<\/p>\n<p><\/p>\n","protected":false},"excerpt":{"rendered":"<p>A\u015f\u0131k Mahzuni \u015eerif Ne dedimse halka hi\u00e7 yaramad\u0131 Ben gittikten sonra ararlar beni Bo\u015fa cahillerin g\u00f6z\u00fc karard\u0131 Kuru \u00e7ene ile yorarlar beni Mahzuni \u015eerif&#8217;im gayri gam yemem Ondan \u00f6tesini kimseye demem Ufak v\u00fccuduma kefen istemem Varsa insanl\u0131kla sararlar beni 1938 y\u0131l\u0131n\u0131n bir sonbahar g\u00fcn\u00fcyd\u00fc, o g\u00fcn\u00fcn yar\u0131s\u0131nda D\u00f6nd\u00fc anan\u0131n a\u011fr\u0131s\u0131 bitecekti. Ama daha k\u00fc\u00e7\u00fck ya\u015flarda [&hellip;]<\/p>\n","protected":false},"author":1,"featured_media":0,"comment_status":"open","ping_status":"open","sticky":false,"template":"","format":"standard","meta":{"footnotes":""},"categories":[172],"tags":[],"class_list":{"0":"post-257","1":"post","2":"type-post","3":"status-publish","4":"format-standard","6":"category-ozanlar-ve-eserleri"},"yoast_head":"<!-- This site is optimized with the Yoast SEO Premium plugin v24.9 (Yoast SEO v24.9) - https:\/\/yoast.com\/wordpress\/plugins\/seo\/ -->\n<title>A\u015f\u0131k Mahzuni \u015eerif Biyografisi ve Eserleri - narteks.net<\/title>\n<meta name=\"robots\" content=\"index, follow, max-snippet:-1, max-image-preview:large, max-video-preview:-1\" \/>\n<link rel=\"canonical\" href=\"https:\/\/narteks.net\/index.php\/2009\/02\/27\/ak-mahzuni-erif-biyografisi-ve-eserleri\/\" \/>\n<meta property=\"og:locale\" content=\"tr_TR\" \/>\n<meta property=\"og:type\" content=\"article\" \/>\n<meta property=\"og:title\" content=\"A\u015f\u0131k Mahzuni \u015eerif Biyografisi ve Eserleri\" \/>\n<meta property=\"og:description\" content=\"A\u015f\u0131k Mahzuni \u015eerif Ne dedimse halka hi\u00e7 yaramad\u0131 Ben gittikten sonra ararlar beni Bo\u015fa cahillerin g\u00f6z\u00fc karard\u0131 Kuru \u00e7ene ile yorarlar beni Mahzuni \u015eerif&#8217;im gayri gam yemem Ondan \u00f6tesini kimseye demem Ufak v\u00fccuduma kefen istemem Varsa insanl\u0131kla sararlar beni 1938 y\u0131l\u0131n\u0131n bir sonbahar g\u00fcn\u00fcyd\u00fc, o g\u00fcn\u00fcn yar\u0131s\u0131nda D\u00f6nd\u00fc anan\u0131n a\u011fr\u0131s\u0131 bitecekti. Ama daha k\u00fc\u00e7\u00fck ya\u015flarda [&hellip;]\" \/>\n<meta property=\"og:url\" content=\"https:\/\/narteks.net\/index.php\/2009\/02\/27\/ak-mahzuni-erif-biyografisi-ve-eserleri\/\" \/>\n<meta property=\"og:site_name\" content=\"narteks.net\" \/>\n<meta property=\"article:published_time\" content=\"2009-02-27T20:07:02+00:00\" \/>\n<meta property=\"og:image\" content=\"http:\/\/www.yasamdersleri.com\/yazi_resim\/mahzuni2.jpg\" \/>\n<meta name=\"author\" content=\"Tar\u0131k\" \/>\n<meta name=\"twitter:card\" content=\"summary_large_image\" \/>\n<meta name=\"twitter:creator\" content=\"@narteks\" \/>\n<meta name=\"twitter:site\" content=\"@narteks\" \/>\n<meta name=\"twitter:label1\" content=\"Yazan:\" \/>\n\t<meta name=\"twitter:data1\" content=\"Tar\u0131k\" \/>\n\t<meta name=\"twitter:label2\" content=\"Tahmini okuma s\u00fcresi\" \/>\n\t<meta name=\"twitter:data2\" content=\"8 dakika\" \/>\n<script type=\"application\/ld+json\" class=\"yoast-schema-graph\">{\"@context\":\"https:\/\/schema.org\",\"@graph\":[{\"@type\":\"Article\",\"@id\":\"https:\/\/narteks.net\/index.php\/2009\/02\/27\/ak-mahzuni-erif-biyografisi-ve-eserleri\/#article\",\"isPartOf\":{\"@id\":\"https:\/\/narteks.net\/index.php\/2009\/02\/27\/ak-mahzuni-erif-biyografisi-ve-eserleri\/\"},\"author\":{\"name\":\"Tar\u0131k\",\"@id\":\"https:\/\/narteks.net\/#\/schema\/person\/61f37d9834294b72d31d274e7ed79bca\"},\"headline\":\"A\u015f\u0131k Mahzuni \u015eerif Biyografisi ve Eserleri\",\"datePublished\":\"2009-02-27T20:07:02+00:00\",\"mainEntityOfPage\":{\"@id\":\"https:\/\/narteks.net\/index.php\/2009\/02\/27\/ak-mahzuni-erif-biyografisi-ve-eserleri\/\"},\"wordCount\":1713,\"commentCount\":0,\"publisher\":{\"@id\":\"https:\/\/narteks.net\/#organization\"},\"image\":{\"@id\":\"https:\/\/narteks.net\/index.php\/2009\/02\/27\/ak-mahzuni-erif-biyografisi-ve-eserleri\/#primaryimage\"},\"thumbnailUrl\":\"http:\/\/www.yasamdersleri.com\/yazi_resim\/mahzuni2.jpg\",\"articleSection\":[\"Ozanlar ve Eserleri\"],\"inLanguage\":\"tr\",\"potentialAction\":[{\"@type\":\"CommentAction\",\"name\":\"Comment\",\"target\":[\"https:\/\/narteks.net\/index.php\/2009\/02\/27\/ak-mahzuni-erif-biyografisi-ve-eserleri\/#respond\"]}]},{\"@type\":\"WebPage\",\"@id\":\"https:\/\/narteks.net\/index.php\/2009\/02\/27\/ak-mahzuni-erif-biyografisi-ve-eserleri\/\",\"url\":\"https:\/\/narteks.net\/index.php\/2009\/02\/27\/ak-mahzuni-erif-biyografisi-ve-eserleri\/\",\"name\":\"A\u015f\u0131k Mahzuni \u015eerif Biyografisi ve Eserleri - narteks.net\",\"isPartOf\":{\"@id\":\"https:\/\/narteks.net\/#website\"},\"primaryImageOfPage\":{\"@id\":\"https:\/\/narteks.net\/index.php\/2009\/02\/27\/ak-mahzuni-erif-biyografisi-ve-eserleri\/#primaryimage\"},\"image\":{\"@id\":\"https:\/\/narteks.net\/index.php\/2009\/02\/27\/ak-mahzuni-erif-biyografisi-ve-eserleri\/#primaryimage\"},\"thumbnailUrl\":\"http:\/\/www.yasamdersleri.com\/yazi_resim\/mahzuni2.jpg\",\"datePublished\":\"2009-02-27T20:07:02+00:00\",\"breadcrumb\":{\"@id\":\"https:\/\/narteks.net\/index.php\/2009\/02\/27\/ak-mahzuni-erif-biyografisi-ve-eserleri\/#breadcrumb\"},\"inLanguage\":\"tr\",\"potentialAction\":[{\"@type\":\"ReadAction\",\"target\":[\"https:\/\/narteks.net\/index.php\/2009\/02\/27\/ak-mahzuni-erif-biyografisi-ve-eserleri\/\"]}]},{\"@type\":\"ImageObject\",\"inLanguage\":\"tr\",\"@id\":\"https:\/\/narteks.net\/index.php\/2009\/02\/27\/ak-mahzuni-erif-biyografisi-ve-eserleri\/#primaryimage\",\"url\":\"http:\/\/www.yasamdersleri.com\/yazi_resim\/mahzuni2.jpg\",\"contentUrl\":\"http:\/\/www.yasamdersleri.com\/yazi_resim\/mahzuni2.jpg\"},{\"@type\":\"BreadcrumbList\",\"@id\":\"https:\/\/narteks.net\/index.php\/2009\/02\/27\/ak-mahzuni-erif-biyografisi-ve-eserleri\/#breadcrumb\",\"itemListElement\":[{\"@type\":\"ListItem\",\"position\":1,\"name\":\"Anasayfa\",\"item\":\"https:\/\/narteks.net\/\"},{\"@type\":\"ListItem\",\"position\":2,\"name\":\"A\u015f\u0131k Mahzuni \u015eerif Biyografisi ve Eserleri\"}]},{\"@type\":\"WebSite\",\"@id\":\"https:\/\/narteks.net\/#website\",\"url\":\"https:\/\/narteks.net\/\",\"name\":\"narteks.net\",\"description\":\"K\u00fclt\u00fcr Sanat Edebiyat Felsefe\",\"publisher\":{\"@id\":\"https:\/\/narteks.net\/#organization\"},\"alternateName\":\"K\u00fclt\u00fcr Sanat Edebiyat Felsefe\",\"potentialAction\":[{\"@type\":\"SearchAction\",\"target\":{\"@type\":\"EntryPoint\",\"urlTemplate\":\"https:\/\/narteks.net\/?s={search_term_string}\"},\"query-input\":{\"@type\":\"PropertyValueSpecification\",\"valueRequired\":true,\"valueName\":\"search_term_string\"}}],\"inLanguage\":\"tr\"},{\"@type\":\"Organization\",\"@id\":\"https:\/\/narteks.net\/#organization\",\"name\":\"narteks.net\",\"url\":\"https:\/\/narteks.net\/\",\"logo\":{\"@type\":\"ImageObject\",\"inLanguage\":\"tr\",\"@id\":\"https:\/\/narteks.net\/#\/schema\/logo\/image\/\",\"url\":\"https:\/\/narteks.net\/wp-content\/uploads\/narteks.png\",\"contentUrl\":\"https:\/\/narteks.net\/wp-content\/uploads\/narteks.png\",\"width\":300,\"height\":90,\"caption\":\"narteks.net\"},\"image\":{\"@id\":\"https:\/\/narteks.net\/#\/schema\/logo\/image\/\"},\"sameAs\":[\"https:\/\/x.com\/narteks\",\"https:\/\/instagram.com\/narteksnet\"]},{\"@type\":\"Person\",\"@id\":\"https:\/\/narteks.net\/#\/schema\/person\/61f37d9834294b72d31d274e7ed79bca\",\"name\":\"Tar\u0131k\",\"image\":{\"@type\":\"ImageObject\",\"inLanguage\":\"tr\",\"@id\":\"https:\/\/narteks.net\/#\/schema\/person\/image\/\",\"url\":\"https:\/\/secure.gravatar.com\/avatar\/50865afb55632c4ae467e0af0930f6510aa2297d8014be502a55b14f3b7550cf?s=96&d=mm&r=g\",\"contentUrl\":\"https:\/\/secure.gravatar.com\/avatar\/50865afb55632c4ae467e0af0930f6510aa2297d8014be502a55b14f3b7550cf?s=96&d=mm&r=g\",\"caption\":\"Tar\u0131k\"},\"sameAs\":[\"http:\/\/narteks.net\"],\"url\":\"https:\/\/narteks.net\/index.php\/author\/narbak\/\"}]}<\/script>\n<!-- \/ Yoast SEO Premium plugin. -->","yoast_head_json":{"title":"A\u015f\u0131k Mahzuni \u015eerif Biyografisi ve Eserleri - narteks.net","robots":{"index":"index","follow":"follow","max-snippet":"max-snippet:-1","max-image-preview":"max-image-preview:large","max-video-preview":"max-video-preview:-1"},"canonical":"https:\/\/narteks.net\/index.php\/2009\/02\/27\/ak-mahzuni-erif-biyografisi-ve-eserleri\/","og_locale":"tr_TR","og_type":"article","og_title":"A\u015f\u0131k Mahzuni \u015eerif Biyografisi ve Eserleri","og_description":"A\u015f\u0131k Mahzuni \u015eerif Ne dedimse halka hi\u00e7 yaramad\u0131 Ben gittikten sonra ararlar beni Bo\u015fa cahillerin g\u00f6z\u00fc karard\u0131 Kuru \u00e7ene ile yorarlar beni Mahzuni \u015eerif&#8217;im gayri gam yemem Ondan \u00f6tesini kimseye demem Ufak v\u00fccuduma kefen istemem Varsa insanl\u0131kla sararlar beni 1938 y\u0131l\u0131n\u0131n bir sonbahar g\u00fcn\u00fcyd\u00fc, o g\u00fcn\u00fcn yar\u0131s\u0131nda D\u00f6nd\u00fc anan\u0131n a\u011fr\u0131s\u0131 bitecekti. Ama daha k\u00fc\u00e7\u00fck ya\u015flarda [&hellip;]","og_url":"https:\/\/narteks.net\/index.php\/2009\/02\/27\/ak-mahzuni-erif-biyografisi-ve-eserleri\/","og_site_name":"narteks.net","article_published_time":"2009-02-27T20:07:02+00:00","og_image":[{"url":"http:\/\/www.yasamdersleri.com\/yazi_resim\/mahzuni2.jpg","type":"","width":"","height":""}],"author":"Tar\u0131k","twitter_card":"summary_large_image","twitter_creator":"@narteks","twitter_site":"@narteks","twitter_misc":{"Yazan:":"Tar\u0131k","Tahmini okuma s\u00fcresi":"8 dakika"},"schema":{"@context":"https:\/\/schema.org","@graph":[{"@type":"Article","@id":"https:\/\/narteks.net\/index.php\/2009\/02\/27\/ak-mahzuni-erif-biyografisi-ve-eserleri\/#article","isPartOf":{"@id":"https:\/\/narteks.net\/index.php\/2009\/02\/27\/ak-mahzuni-erif-biyografisi-ve-eserleri\/"},"author":{"name":"Tar\u0131k","@id":"https:\/\/narteks.net\/#\/schema\/person\/61f37d9834294b72d31d274e7ed79bca"},"headline":"A\u015f\u0131k Mahzuni \u015eerif Biyografisi ve Eserleri","datePublished":"2009-02-27T20:07:02+00:00","mainEntityOfPage":{"@id":"https:\/\/narteks.net\/index.php\/2009\/02\/27\/ak-mahzuni-erif-biyografisi-ve-eserleri\/"},"wordCount":1713,"commentCount":0,"publisher":{"@id":"https:\/\/narteks.net\/#organization"},"image":{"@id":"https:\/\/narteks.net\/index.php\/2009\/02\/27\/ak-mahzuni-erif-biyografisi-ve-eserleri\/#primaryimage"},"thumbnailUrl":"http:\/\/www.yasamdersleri.com\/yazi_resim\/mahzuni2.jpg","articleSection":["Ozanlar ve Eserleri"],"inLanguage":"tr","potentialAction":[{"@type":"CommentAction","name":"Comment","target":["https:\/\/narteks.net\/index.php\/2009\/02\/27\/ak-mahzuni-erif-biyografisi-ve-eserleri\/#respond"]}]},{"@type":"WebPage","@id":"https:\/\/narteks.net\/index.php\/2009\/02\/27\/ak-mahzuni-erif-biyografisi-ve-eserleri\/","url":"https:\/\/narteks.net\/index.php\/2009\/02\/27\/ak-mahzuni-erif-biyografisi-ve-eserleri\/","name":"A\u015f\u0131k Mahzuni \u015eerif Biyografisi ve Eserleri - narteks.net","isPartOf":{"@id":"https:\/\/narteks.net\/#website"},"primaryImageOfPage":{"@id":"https:\/\/narteks.net\/index.php\/2009\/02\/27\/ak-mahzuni-erif-biyografisi-ve-eserleri\/#primaryimage"},"image":{"@id":"https:\/\/narteks.net\/index.php\/2009\/02\/27\/ak-mahzuni-erif-biyografisi-ve-eserleri\/#primaryimage"},"thumbnailUrl":"http:\/\/www.yasamdersleri.com\/yazi_resim\/mahzuni2.jpg","datePublished":"2009-02-27T20:07:02+00:00","breadcrumb":{"@id":"https:\/\/narteks.net\/index.php\/2009\/02\/27\/ak-mahzuni-erif-biyografisi-ve-eserleri\/#breadcrumb"},"inLanguage":"tr","potentialAction":[{"@type":"ReadAction","target":["https:\/\/narteks.net\/index.php\/2009\/02\/27\/ak-mahzuni-erif-biyografisi-ve-eserleri\/"]}]},{"@type":"ImageObject","inLanguage":"tr","@id":"https:\/\/narteks.net\/index.php\/2009\/02\/27\/ak-mahzuni-erif-biyografisi-ve-eserleri\/#primaryimage","url":"http:\/\/www.yasamdersleri.com\/yazi_resim\/mahzuni2.jpg","contentUrl":"http:\/\/www.yasamdersleri.com\/yazi_resim\/mahzuni2.jpg"},{"@type":"BreadcrumbList","@id":"https:\/\/narteks.net\/index.php\/2009\/02\/27\/ak-mahzuni-erif-biyografisi-ve-eserleri\/#breadcrumb","itemListElement":[{"@type":"ListItem","position":1,"name":"Anasayfa","item":"https:\/\/narteks.net\/"},{"@type":"ListItem","position":2,"name":"A\u015f\u0131k Mahzuni \u015eerif Biyografisi ve Eserleri"}]},{"@type":"WebSite","@id":"https:\/\/narteks.net\/#website","url":"https:\/\/narteks.net\/","name":"narteks.net","description":"K\u00fclt\u00fcr Sanat Edebiyat Felsefe","publisher":{"@id":"https:\/\/narteks.net\/#organization"},"alternateName":"K\u00fclt\u00fcr Sanat Edebiyat Felsefe","potentialAction":[{"@type":"SearchAction","target":{"@type":"EntryPoint","urlTemplate":"https:\/\/narteks.net\/?s={search_term_string}"},"query-input":{"@type":"PropertyValueSpecification","valueRequired":true,"valueName":"search_term_string"}}],"inLanguage":"tr"},{"@type":"Organization","@id":"https:\/\/narteks.net\/#organization","name":"narteks.net","url":"https:\/\/narteks.net\/","logo":{"@type":"ImageObject","inLanguage":"tr","@id":"https:\/\/narteks.net\/#\/schema\/logo\/image\/","url":"https:\/\/narteks.net\/wp-content\/uploads\/narteks.png","contentUrl":"https:\/\/narteks.net\/wp-content\/uploads\/narteks.png","width":300,"height":90,"caption":"narteks.net"},"image":{"@id":"https:\/\/narteks.net\/#\/schema\/logo\/image\/"},"sameAs":["https:\/\/x.com\/narteks","https:\/\/instagram.com\/narteksnet"]},{"@type":"Person","@id":"https:\/\/narteks.net\/#\/schema\/person\/61f37d9834294b72d31d274e7ed79bca","name":"Tar\u0131k","image":{"@type":"ImageObject","inLanguage":"tr","@id":"https:\/\/narteks.net\/#\/schema\/person\/image\/","url":"https:\/\/secure.gravatar.com\/avatar\/50865afb55632c4ae467e0af0930f6510aa2297d8014be502a55b14f3b7550cf?s=96&d=mm&r=g","contentUrl":"https:\/\/secure.gravatar.com\/avatar\/50865afb55632c4ae467e0af0930f6510aa2297d8014be502a55b14f3b7550cf?s=96&d=mm&r=g","caption":"Tar\u0131k"},"sameAs":["http:\/\/narteks.net"],"url":"https:\/\/narteks.net\/index.php\/author\/narbak\/"}]}},"_links":{"self":[{"href":"https:\/\/narteks.net\/index.php\/wp-json\/wp\/v2\/posts\/257","targetHints":{"allow":["GET"]}}],"collection":[{"href":"https:\/\/narteks.net\/index.php\/wp-json\/wp\/v2\/posts"}],"about":[{"href":"https:\/\/narteks.net\/index.php\/wp-json\/wp\/v2\/types\/post"}],"author":[{"embeddable":true,"href":"https:\/\/narteks.net\/index.php\/wp-json\/wp\/v2\/users\/1"}],"replies":[{"embeddable":true,"href":"https:\/\/narteks.net\/index.php\/wp-json\/wp\/v2\/comments?post=257"}],"version-history":[{"count":0,"href":"https:\/\/narteks.net\/index.php\/wp-json\/wp\/v2\/posts\/257\/revisions"}],"wp:attachment":[{"href":"https:\/\/narteks.net\/index.php\/wp-json\/wp\/v2\/media?parent=257"}],"wp:term":[{"taxonomy":"category","embeddable":true,"href":"https:\/\/narteks.net\/index.php\/wp-json\/wp\/v2\/categories?post=257"},{"taxonomy":"post_tag","embeddable":true,"href":"https:\/\/narteks.net\/index.php\/wp-json\/wp\/v2\/tags?post=257"}],"curies":[{"name":"wp","href":"https:\/\/api.w.org\/{rel}","templated":true}]}}