{"id":2576,"date":"2009-12-06T20:40:25","date_gmt":"2009-12-06T17:40:25","guid":{"rendered":"http:\/\/localhost\/wordpress\/2009\/12\/06\/sen-aslinda-cok-eski-bir-seye-asiksin\/"},"modified":"2009-12-06T20:40:25","modified_gmt":"2009-12-06T17:40:25","slug":"sen-aslinda-cok-eski-bir-seye-asiksin","status":"publish","type":"post","link":"https:\/\/narteks.net\/index.php\/2009\/12\/06\/sen-aslinda-cok-eski-bir-seye-asiksin\/","title":{"rendered":"SEN ASLINDA \u00c7OK ESK\u0130 B\u0130R \u015eEYE A\u015eIKSIN"},"content":{"rendered":"<p>\u00a0<\/p>\n<p>k\u00fcnyeme kaz\u0131d\u0131m \u00f6l\u00fc do\u011fmu\u015f sevin\u00e7lerimi <br \/> \u00f6l\u00fcrsem beni seninle ararlar \u015fimdi <\/p>\n<p> bak, incelirken zehirleniyorsun yava\u015f yava\u015f <br \/> beni yana\u015fma ruhum bo\u011fuyor geceleri <\/p>\n<p> \u00f6l\u00fcrsem beni seninle ararlar \u015fimdi <\/p>\n<p> y\u00fcre\u011fim pasl\u0131 bir sarn\u0131\u00e7 <br \/> g\u00f6zya\u015flar\u0131n\u0131n demi hala avu\u00e7lar\u0131mda <\/p>\n<p> sesleniyorsun sevdalar\u0131n kilitlendi\u011fi manast\u0131rlardan <br \/> ya\u015famak g\u00fc\u00e7l\u00fc olmak de\u011fildir her zaman <\/p>\n<p> k\u00fcnyeme kaz\u0131d\u0131m \u00f6l\u00fc do\u011fmu\u015f sevin\u00e7lerini <br \/> \u00f6l\u00fcrsem beni seninle ararlar \u015fimdi<\/p>\n<p>Cezmi ERS\u00d6Z<\/p>\n","protected":false},"excerpt":{"rendered":"<p>\u00a0 k\u00fcnyeme kaz\u0131d\u0131m \u00f6l\u00fc do\u011fmu\u015f sevin\u00e7lerimi \u00f6l\u00fcrsem beni seninle ararlar \u015fimdi bak, incelirken zehirleniyorsun yava\u015f yava\u015f beni yana\u015fma ruhum bo\u011fuyor geceleri \u00f6l\u00fcrsem beni seninle ararlar \u015fimdi y\u00fcre\u011fim pasl\u0131 bir sarn\u0131\u00e7 g\u00f6zya\u015flar\u0131n\u0131n demi hala avu\u00e7lar\u0131mda sesleniyorsun sevdalar\u0131n kilitlendi\u011fi manast\u0131rlardan ya\u015famak g\u00fc\u00e7l\u00fc olmak de\u011fildir her zaman k\u00fcnyeme kaz\u0131d\u0131m \u00f6l\u00fc do\u011fmu\u015f sevin\u00e7lerini \u00f6l\u00fcrsem beni seninle ararlar \u015fimdi Cezmi [&hellip;]<\/p>\n","protected":false},"author":1,"featured_media":0,"comment_status":"open","ping_status":"open","sticky":false,"template":"","format":"standard","meta":{"footnotes":""},"categories":[18],"tags":[],"class_list":{"0":"post-2576","1":"post","2":"type-post","3":"status-publish","4":"format-standard","6":"category-cezmi-ersoz"},"yoast_head":"<!-- This site is optimized with the Yoast SEO Premium plugin v24.9 (Yoast SEO v24.9) - https:\/\/yoast.com\/wordpress\/plugins\/seo\/ -->\n<title>SEN ASLINDA \u00c7OK ESK\u0130 B\u0130R \u015eEYE A\u015eIKSIN - narteks.net<\/title>\n<meta name=\"robots\" content=\"index, follow, max-snippet:-1, max-image-preview:large, max-video-preview:-1\" \/>\n<link rel=\"canonical\" href=\"https:\/\/narteks.net\/index.php\/2009\/12\/06\/sen-aslinda-cok-eski-bir-seye-asiksin\/\" \/>\n<meta property=\"og:locale\" content=\"tr_TR\" \/>\n<meta property=\"og:type\" content=\"article\" \/>\n<meta property=\"og:title\" content=\"SEN ASLINDA \u00c7OK ESK\u0130 B\u0130R \u015eEYE A\u015eIKSIN\" \/>\n<meta property=\"og:description\" content=\"\u00a0 k\u00fcnyeme kaz\u0131d\u0131m \u00f6l\u00fc do\u011fmu\u015f sevin\u00e7lerimi \u00f6l\u00fcrsem beni seninle ararlar \u015fimdi bak, incelirken zehirleniyorsun yava\u015f yava\u015f beni yana\u015fma ruhum bo\u011fuyor geceleri \u00f6l\u00fcrsem beni seninle ararlar \u015fimdi y\u00fcre\u011fim pasl\u0131 bir sarn\u0131\u00e7 g\u00f6zya\u015flar\u0131n\u0131n demi hala avu\u00e7lar\u0131mda sesleniyorsun sevdalar\u0131n kilitlendi\u011fi manast\u0131rlardan ya\u015famak g\u00fc\u00e7l\u00fc olmak de\u011fildir her zaman k\u00fcnyeme kaz\u0131d\u0131m \u00f6l\u00fc do\u011fmu\u015f sevin\u00e7lerini \u00f6l\u00fcrsem beni seninle ararlar \u015fimdi Cezmi [&hellip;]\" \/>\n<meta property=\"og:url\" content=\"https:\/\/narteks.net\/index.php\/2009\/12\/06\/sen-aslinda-cok-eski-bir-seye-asiksin\/\" \/>\n<meta property=\"og:site_name\" content=\"narteks.net\" \/>\n<meta property=\"article:published_time\" content=\"2009-12-06T17:40:25+00:00\" \/>\n<meta property=\"og:image\" content=\"https:\/\/narteks.net\/wp-content\/uploads\/narteks.png\" \/>\n\t<meta property=\"og:image:width\" content=\"300\" \/>\n\t<meta property=\"og:image:height\" content=\"90\" \/>\n\t<meta property=\"og:image:type\" content=\"image\/png\" \/>\n<meta name=\"author\" content=\"Tar\u0131k\" \/>\n<meta name=\"twitter:card\" content=\"summary_large_image\" \/>\n<meta name=\"twitter:creator\" content=\"@narteks\" \/>\n<meta name=\"twitter:site\" content=\"@narteks\" \/>\n<meta name=\"twitter:label1\" content=\"Yazan:\" \/>\n\t<meta name=\"twitter:data1\" content=\"Tar\u0131k\" \/>\n<script type=\"application\/ld+json\" class=\"yoast-schema-graph\">{\"@context\":\"https:\/\/schema.org\",\"@graph\":[{\"@type\":\"Article\",\"@id\":\"https:\/\/narteks.net\/index.php\/2009\/12\/06\/sen-aslinda-cok-eski-bir-seye-asiksin\/#article\",\"isPartOf\":{\"@id\":\"https:\/\/narteks.net\/index.php\/2009\/12\/06\/sen-aslinda-cok-eski-bir-seye-asiksin\/\"},\"author\":{\"name\":\"Tar\u0131k\",\"@id\":\"https:\/\/narteks.net\/#\/schema\/person\/61f37d9834294b72d31d274e7ed79bca\"},\"headline\":\"SEN ASLINDA \u00c7OK ESK\u0130 B\u0130R \u015eEYE A\u015eIKSIN\",\"datePublished\":\"2009-12-06T17:40:25+00:00\",\"mainEntityOfPage\":{\"@id\":\"https:\/\/narteks.net\/index.php\/2009\/12\/06\/sen-aslinda-cok-eski-bir-seye-asiksin\/\"},\"wordCount\":94,\"commentCount\":0,\"publisher\":{\"@id\":\"https:\/\/narteks.net\/#organization\"},\"articleSection\":[\"Cezmi ERS\u00d6Z\"],\"inLanguage\":\"tr\",\"potentialAction\":[{\"@type\":\"CommentAction\",\"name\":\"Comment\",\"target\":[\"https:\/\/narteks.net\/index.php\/2009\/12\/06\/sen-aslinda-cok-eski-bir-seye-asiksin\/#respond\"]}]},{\"@type\":\"WebPage\",\"@id\":\"https:\/\/narteks.net\/index.php\/2009\/12\/06\/sen-aslinda-cok-eski-bir-seye-asiksin\/\",\"url\":\"https:\/\/narteks.net\/index.php\/2009\/12\/06\/sen-aslinda-cok-eski-bir-seye-asiksin\/\",\"name\":\"SEN ASLINDA \u00c7OK ESK\u0130 B\u0130R \u015eEYE A\u015eIKSIN - narteks.net\",\"isPartOf\":{\"@id\":\"https:\/\/narteks.net\/#website\"},\"datePublished\":\"2009-12-06T17:40:25+00:00\",\"breadcrumb\":{\"@id\":\"https:\/\/narteks.net\/index.php\/2009\/12\/06\/sen-aslinda-cok-eski-bir-seye-asiksin\/#breadcrumb\"},\"inLanguage\":\"tr\",\"potentialAction\":[{\"@type\":\"ReadAction\",\"target\":[\"https:\/\/narteks.net\/index.php\/2009\/12\/06\/sen-aslinda-cok-eski-bir-seye-asiksin\/\"]}]},{\"@type\":\"BreadcrumbList\",\"@id\":\"https:\/\/narteks.net\/index.php\/2009\/12\/06\/sen-aslinda-cok-eski-bir-seye-asiksin\/#breadcrumb\",\"itemListElement\":[{\"@type\":\"ListItem\",\"position\":1,\"name\":\"Anasayfa\",\"item\":\"https:\/\/narteks.net\/\"},{\"@type\":\"ListItem\",\"position\":2,\"name\":\"SEN ASLINDA \u00c7OK ESK\u0130 B\u0130R \u015eEYE A\u015eIKSIN\"}]},{\"@type\":\"WebSite\",\"@id\":\"https:\/\/narteks.net\/#website\",\"url\":\"https:\/\/narteks.net\/\",\"name\":\"narteks.net\",\"description\":\"K\u00fclt\u00fcr Sanat Edebiyat Felsefe\",\"publisher\":{\"@id\":\"https:\/\/narteks.net\/#organization\"},\"alternateName\":\"K\u00fclt\u00fcr Sanat Edebiyat Felsefe\",\"potentialAction\":[{\"@type\":\"SearchAction\",\"target\":{\"@type\":\"EntryPoint\",\"urlTemplate\":\"https:\/\/narteks.net\/?s={search_term_string}\"},\"query-input\":{\"@type\":\"PropertyValueSpecification\",\"valueRequired\":true,\"valueName\":\"search_term_string\"}}],\"inLanguage\":\"tr\"},{\"@type\":\"Organization\",\"@id\":\"https:\/\/narteks.net\/#organization\",\"name\":\"narteks.net\",\"url\":\"https:\/\/narteks.net\/\",\"logo\":{\"@type\":\"ImageObject\",\"inLanguage\":\"tr\",\"@id\":\"https:\/\/narteks.net\/#\/schema\/logo\/image\/\",\"url\":\"https:\/\/narteks.net\/wp-content\/uploads\/narteks.png\",\"contentUrl\":\"https:\/\/narteks.net\/wp-content\/uploads\/narteks.png\",\"width\":300,\"height\":90,\"caption\":\"narteks.net\"},\"image\":{\"@id\":\"https:\/\/narteks.net\/#\/schema\/logo\/image\/\"},\"sameAs\":[\"https:\/\/x.com\/narteks\",\"https:\/\/instagram.com\/narteksnet\"]},{\"@type\":\"Person\",\"@id\":\"https:\/\/narteks.net\/#\/schema\/person\/61f37d9834294b72d31d274e7ed79bca\",\"name\":\"Tar\u0131k\",\"image\":{\"@type\":\"ImageObject\",\"inLanguage\":\"tr\",\"@id\":\"https:\/\/narteks.net\/#\/schema\/person\/image\/\",\"url\":\"https:\/\/secure.gravatar.com\/avatar\/50865afb55632c4ae467e0af0930f6510aa2297d8014be502a55b14f3b7550cf?s=96&d=mm&r=g\",\"contentUrl\":\"https:\/\/secure.gravatar.com\/avatar\/50865afb55632c4ae467e0af0930f6510aa2297d8014be502a55b14f3b7550cf?s=96&d=mm&r=g\",\"caption\":\"Tar\u0131k\"},\"sameAs\":[\"http:\/\/narteks.net\"],\"url\":\"https:\/\/narteks.net\/index.php\/author\/narbak\/\"}]}<\/script>\n<!-- \/ Yoast SEO Premium plugin. -->","yoast_head_json":{"title":"SEN ASLINDA \u00c7OK ESK\u0130 B\u0130R \u015eEYE A\u015eIKSIN - narteks.net","robots":{"index":"index","follow":"follow","max-snippet":"max-snippet:-1","max-image-preview":"max-image-preview:large","max-video-preview":"max-video-preview:-1"},"canonical":"https:\/\/narteks.net\/index.php\/2009\/12\/06\/sen-aslinda-cok-eski-bir-seye-asiksin\/","og_locale":"tr_TR","og_type":"article","og_title":"SEN ASLINDA \u00c7OK ESK\u0130 B\u0130R \u015eEYE A\u015eIKSIN","og_description":"\u00a0 k\u00fcnyeme kaz\u0131d\u0131m \u00f6l\u00fc do\u011fmu\u015f sevin\u00e7lerimi \u00f6l\u00fcrsem beni seninle ararlar \u015fimdi bak, incelirken zehirleniyorsun yava\u015f yava\u015f beni yana\u015fma ruhum bo\u011fuyor geceleri \u00f6l\u00fcrsem beni seninle ararlar \u015fimdi y\u00fcre\u011fim pasl\u0131 bir sarn\u0131\u00e7 g\u00f6zya\u015flar\u0131n\u0131n demi hala avu\u00e7lar\u0131mda sesleniyorsun sevdalar\u0131n kilitlendi\u011fi manast\u0131rlardan ya\u015famak g\u00fc\u00e7l\u00fc olmak de\u011fildir her zaman k\u00fcnyeme kaz\u0131d\u0131m \u00f6l\u00fc do\u011fmu\u015f sevin\u00e7lerini \u00f6l\u00fcrsem beni seninle ararlar \u015fimdi Cezmi [&hellip;]","og_url":"https:\/\/narteks.net\/index.php\/2009\/12\/06\/sen-aslinda-cok-eski-bir-seye-asiksin\/","og_site_name":"narteks.net","article_published_time":"2009-12-06T17:40:25+00:00","og_image":[{"width":300,"height":90,"url":"https:\/\/narteks.net\/wp-content\/uploads\/narteks.png","type":"image\/png"}],"author":"Tar\u0131k","twitter_card":"summary_large_image","twitter_creator":"@narteks","twitter_site":"@narteks","twitter_misc":{"Yazan:":"Tar\u0131k"},"schema":{"@context":"https:\/\/schema.org","@graph":[{"@type":"Article","@id":"https:\/\/narteks.net\/index.php\/2009\/12\/06\/sen-aslinda-cok-eski-bir-seye-asiksin\/#article","isPartOf":{"@id":"https:\/\/narteks.net\/index.php\/2009\/12\/06\/sen-aslinda-cok-eski-bir-seye-asiksin\/"},"author":{"name":"Tar\u0131k","@id":"https:\/\/narteks.net\/#\/schema\/person\/61f37d9834294b72d31d274e7ed79bca"},"headline":"SEN ASLINDA \u00c7OK ESK\u0130 B\u0130R \u015eEYE A\u015eIKSIN","datePublished":"2009-12-06T17:40:25+00:00","mainEntityOfPage":{"@id":"https:\/\/narteks.net\/index.php\/2009\/12\/06\/sen-aslinda-cok-eski-bir-seye-asiksin\/"},"wordCount":94,"commentCount":0,"publisher":{"@id":"https:\/\/narteks.net\/#organization"},"articleSection":["Cezmi ERS\u00d6Z"],"inLanguage":"tr","potentialAction":[{"@type":"CommentAction","name":"Comment","target":["https:\/\/narteks.net\/index.php\/2009\/12\/06\/sen-aslinda-cok-eski-bir-seye-asiksin\/#respond"]}]},{"@type":"WebPage","@id":"https:\/\/narteks.net\/index.php\/2009\/12\/06\/sen-aslinda-cok-eski-bir-seye-asiksin\/","url":"https:\/\/narteks.net\/index.php\/2009\/12\/06\/sen-aslinda-cok-eski-bir-seye-asiksin\/","name":"SEN ASLINDA \u00c7OK ESK\u0130 B\u0130R \u015eEYE A\u015eIKSIN - narteks.net","isPartOf":{"@id":"https:\/\/narteks.net\/#website"},"datePublished":"2009-12-06T17:40:25+00:00","breadcrumb":{"@id":"https:\/\/narteks.net\/index.php\/2009\/12\/06\/sen-aslinda-cok-eski-bir-seye-asiksin\/#breadcrumb"},"inLanguage":"tr","potentialAction":[{"@type":"ReadAction","target":["https:\/\/narteks.net\/index.php\/2009\/12\/06\/sen-aslinda-cok-eski-bir-seye-asiksin\/"]}]},{"@type":"BreadcrumbList","@id":"https:\/\/narteks.net\/index.php\/2009\/12\/06\/sen-aslinda-cok-eski-bir-seye-asiksin\/#breadcrumb","itemListElement":[{"@type":"ListItem","position":1,"name":"Anasayfa","item":"https:\/\/narteks.net\/"},{"@type":"ListItem","position":2,"name":"SEN ASLINDA \u00c7OK ESK\u0130 B\u0130R \u015eEYE A\u015eIKSIN"}]},{"@type":"WebSite","@id":"https:\/\/narteks.net\/#website","url":"https:\/\/narteks.net\/","name":"narteks.net","description":"K\u00fclt\u00fcr Sanat Edebiyat Felsefe","publisher":{"@id":"https:\/\/narteks.net\/#organization"},"alternateName":"K\u00fclt\u00fcr Sanat Edebiyat Felsefe","potentialAction":[{"@type":"SearchAction","target":{"@type":"EntryPoint","urlTemplate":"https:\/\/narteks.net\/?s={search_term_string}"},"query-input":{"@type":"PropertyValueSpecification","valueRequired":true,"valueName":"search_term_string"}}],"inLanguage":"tr"},{"@type":"Organization","@id":"https:\/\/narteks.net\/#organization","name":"narteks.net","url":"https:\/\/narteks.net\/","logo":{"@type":"ImageObject","inLanguage":"tr","@id":"https:\/\/narteks.net\/#\/schema\/logo\/image\/","url":"https:\/\/narteks.net\/wp-content\/uploads\/narteks.png","contentUrl":"https:\/\/narteks.net\/wp-content\/uploads\/narteks.png","width":300,"height":90,"caption":"narteks.net"},"image":{"@id":"https:\/\/narteks.net\/#\/schema\/logo\/image\/"},"sameAs":["https:\/\/x.com\/narteks","https:\/\/instagram.com\/narteksnet"]},{"@type":"Person","@id":"https:\/\/narteks.net\/#\/schema\/person\/61f37d9834294b72d31d274e7ed79bca","name":"Tar\u0131k","image":{"@type":"ImageObject","inLanguage":"tr","@id":"https:\/\/narteks.net\/#\/schema\/person\/image\/","url":"https:\/\/secure.gravatar.com\/avatar\/50865afb55632c4ae467e0af0930f6510aa2297d8014be502a55b14f3b7550cf?s=96&d=mm&r=g","contentUrl":"https:\/\/secure.gravatar.com\/avatar\/50865afb55632c4ae467e0af0930f6510aa2297d8014be502a55b14f3b7550cf?s=96&d=mm&r=g","caption":"Tar\u0131k"},"sameAs":["http:\/\/narteks.net"],"url":"https:\/\/narteks.net\/index.php\/author\/narbak\/"}]}},"_links":{"self":[{"href":"https:\/\/narteks.net\/index.php\/wp-json\/wp\/v2\/posts\/2576","targetHints":{"allow":["GET"]}}],"collection":[{"href":"https:\/\/narteks.net\/index.php\/wp-json\/wp\/v2\/posts"}],"about":[{"href":"https:\/\/narteks.net\/index.php\/wp-json\/wp\/v2\/types\/post"}],"author":[{"embeddable":true,"href":"https:\/\/narteks.net\/index.php\/wp-json\/wp\/v2\/users\/1"}],"replies":[{"embeddable":true,"href":"https:\/\/narteks.net\/index.php\/wp-json\/wp\/v2\/comments?post=2576"}],"version-history":[{"count":0,"href":"https:\/\/narteks.net\/index.php\/wp-json\/wp\/v2\/posts\/2576\/revisions"}],"wp:attachment":[{"href":"https:\/\/narteks.net\/index.php\/wp-json\/wp\/v2\/media?parent=2576"}],"wp:term":[{"taxonomy":"category","embeddable":true,"href":"https:\/\/narteks.net\/index.php\/wp-json\/wp\/v2\/categories?post=2576"},{"taxonomy":"post_tag","embeddable":true,"href":"https:\/\/narteks.net\/index.php\/wp-json\/wp\/v2\/tags?post=2576"}],"curies":[{"name":"wp","href":"https:\/\/api.w.org\/{rel}","templated":true}]}}