{"id":258,"date":"2009-02-27T23:11:26","date_gmt":"2009-02-27T20:11:26","guid":{"rendered":"http:\/\/localhost\/wordpress\/2009\/02\/27\/ak-reyhani-biyografisi-ve-eserleri\/"},"modified":"2009-02-27T23:11:26","modified_gmt":"2009-02-27T20:11:26","slug":"ak-reyhani-biyografisi-ve-eserleri","status":"publish","type":"post","link":"https:\/\/narteks.net\/index.php\/2009\/02\/27\/ak-reyhani-biyografisi-ve-eserleri\/","title":{"rendered":"A\u015f\u0131k Reyhani Biyografisi ve Eserleri"},"content":{"rendered":"<p><img loading=\"lazy\" decoding=\"async\" src=\"http:\/\/www.turkuler.com\/ozan\/reyhani22.jpg\" border=\"0\" width=\"155\" height=\"205\" style=\"float: left;\" \/><\/p>\n<p>A\u015f\u0131k Reyhani L\u00fctfeyle halime ge\u00e7ti \u015fu \u00f6mr\u00fcm<br \/>Yar y\u00fcz\u00fcn\u00fc g\u00f6r\u00fcp g\u00f6r\u00fcp a\u011flay\u0131m<br \/>Nasip eyle e\u015fi\u011fini kap\u0131n\u0131<br \/>Y\u00fczlerini s\u00fcr\u00fcp s\u00fcr\u00fcp a\u011flay\u0131m<\/p>\n<p> Reyhani&#8217;yim n&#8217;olur beni inand\u0131r<br \/> Yanarken bir yudum su ver de kand\u0131r<br \/> Yalvar\u0131r\u0131m seher vakti uyand\u0131r<br \/> R\u00fczgarlardan sorup sorup a\u011flay\u0131m<\/p>\n<p style=\"text-align: justify;\"> A\u015f\u0131k Reyhani<\/p>\n<p> 1932 y\u0131l\u0131nda Hasankale&#8217;nin Alvar k\u00f6y\u00fcnde do\u011fdu. As\u0131l ad\u0131 Ya\u015far Y\u0131lmaz&#8217;d\u0131r. \u0130ran&#8217;dan g\u00f6\u00e7en babas\u0131 \u00f6nce Kars&#8217;a daha sonra Erzurum&#8217;a yerle\u015fti. A\u015f\u0131k Reyhani&#8217;nin \u00e7ocuklu\u011fu k\u00f6y\u00fcnde ge\u00e7ti. Zaman zaman kom\u015fu k\u00f6ylere gitme olana\u011f\u0131 bulduysa da daha ba\u015fka yerlere gidemedi. Okuma yazmay\u0131 okula gitmeden \u00f6\u011frendi. Sonraki y\u0131llarda ise d\u0131\u015far\u0131dan s\u0131nava girerek diploma ald\u0131.<\/p>\n<p>K\u00fc\u00e7\u00fck ya\u015flarda k\u00f6y\u00fcne gelen a\u015f\u0131klardan etkilendi. Hem a\u015f\u0131klardan dinleyerek hem de eline ge\u00e7en kitaplar\u0131 okuyarak bir\u00e7ok halk hikayesini \u00f6\u011frendi. Kendi a\u015f\u0131kl\u0131\u011f\u0131 ve \u015fiir yazmaya ba\u015flamas\u0131 18 ya\u015f\u0131ndan sonrad\u0131r.<\/p>\n<p>Reyhani, r\u00fcyas\u0131nda g\u00f6rd\u00fc bir k\u0131za a\u015f\u0131k oldu. K\u0131sa bir s\u00fcre sonra da k\u0131z\u0131 ka\u00e7\u0131rd\u0131. Birka\u00e7 ay ge\u00e7meden evlili\u011fi ge\u00e7imsizli\u011fe ve huzursuzlu\u011fa d\u00f6n\u00fc\u015ft\u00fc. Bunun \u00fczerine kar\u0131s\u0131n\u0131n ailesi k\u0131zlar\u0131n\u0131 alarak ba\u015fka biriyle evlendirdiler. A\u015f\u0131k Reyhani, bu d\u00f6nemden sonra Dertli mahlas\u0131yla \u015fiirler yazmaya, t\u00fcrk\u00fc s\u00f6ylemeye ba\u015flad\u0131. Ancak bu mahlas\u0131 uzun s\u00fcre kullanmadan, Bayburtlu A\u015f\u0131k Hicrani taraf\u0131ndan Reyhani mahlas\u0131 verildi.<\/p>\n<p>Konya A\u015f\u0131klar Bayram\u0131na aral\u0131ks\u0131z kat\u0131lan 7 a\u015f\u0131ktan biridir. Eski a\u015f\u0131klar\u0131n d\u0131\u015f\u0131nda, yeti\u015fti\u011fi Huzuri Baba, Nihani, Cevlani, Efkari, Murat \u00c7obano\u011flu&#8217;nun babas\u0131 G\u00fclistan \u00c7obano\u011flu gibi a\u015f\u0131klardan gelenek ve usul \u00f6\u011frendi.<\/p>\n<p>\u0130ran&#8217;dan Avrupa&#8217;ya bir\u00e7ok \u00fclkede t\u00fcrk\u00fc s\u00f6yleyen A\u015f\u0131k Reyhani, kat\u0131ld\u0131\u011f\u0131 yar\u0131\u015fmalarda da bir\u00e7o\u011fu birincilik olmak \u00fczere \u00e7e\u015fitli \u00f6d\u00fcller ald\u0131. 1980&#8217;li y\u0131llar\u0131n ba\u015f\u0131nda Erzurum&#8217;da bulunan Do\u011fu Ozanlar\u0131 Derne\u011finin ba\u015fkanl\u0131\u011f\u0131na getirildi.<\/p>\n<p>A\u015f\u0131k Reyhani bir\u00e7ok \u00fclkeye konser ve konferanslara kat\u0131lmak \u00fczere \u00e7a\u011fr\u0131ld\u0131. Ayr\u0131ca ABD&#8217;nin Michigan \u00dcniversitesinde kat\u0131ld\u0131\u011f\u0131 bir konferanstan sonra kendisine fahri \u00f6\u011fretmenlik unvan\u0131 verildi.<\/p>\n<p>\u015eiirleri bir\u00e7ok gazete, dergi ve ara\u015ft\u0131rmada yaralan ve \u00e7e\u015fitli radyo ve televizyon programlar\u0131na kat\u0131lan A\u015f\u0131k Reyhani&#8217;nin, \u015fiirlerinin bir b\u00f6l\u00fcm\u00fcn\u00fc toplad\u0131\u011f\u0131 &#8220;Alvarl\u0131 Reyhani&#8221; (1962), &#8220;B\u00f6yle Ba\u011flar&#8221; (1966), &#8220;Kervan&#8221; (1988) ve baz\u0131 d\u00fc\u015f\u00fcnce ve \u015fiirlerinden olu\u015fan &#8220;\u015eu Tepenin Arkas\u0131nda&#8221; adl\u0131 kitaplar\u0131 Dilaver D\u00fczg\u00fcn taraf\u0131ndan haz\u0131rlanan &#8220;A\u015f\u0131k Ya\u015far Reyhani&#8221;, (1997) adl\u0131 kitap bulunmaktad\u0131r.<\/p>\n<p>A\u015f\u0131k Reyhani 10 Aral\u0131k 2006 tarihinde aram\u0131zdan ayr\u0131ld\u0131&#8230;<\/p>\n<p>Ba\u011flar<\/p>\n<p>Demedim mi g\u00f6n\u00fcl kalk\u0131p y\u00fcr\u00fcme<br \/>Birg\u00fcn yollar\u0131n\u0131 harami ba\u011flar<br \/>Dertliysen derdini dertsize deme<br \/>Dertsiz hekim olsa yara m\u0131 ba\u011flar<\/p>\n<p>Yaz\u0131lan kaderdir ba\u015fa gelince<br \/>Su\u00e7 sende aya\u011f\u0131n ta\u015fa gelince<br \/>Kudretin damlas\u0131 co\u015fa gelince<br \/>Onu bent mi eyler dere mi ba\u011flar<\/p>\n<p>Oku sayfas\u0131n\u0131 ge\u00e7en \u00e7a\u011flar\u0131n<br \/>Yapra\u011f\u0131 d\u00f6k\u00fclm\u00fc\u015f nice ba\u011flar\u0131n<br \/>Adeti b\u00f6yledir y\u00fcksek da\u011flar\u0131n<br \/>Asl\u0131&#8217;ya yol verir Kerem&#8217;i ba\u011flar<\/p>\n<p>Ben de Reyhani&#8217;yim susuz p\u0131nar\u0131m<br \/>Damlam co\u015f ederse olmaz kenar\u0131m<br \/>\u00d6ld\u00fc\u011f\u00fcm\u00fc duysa o nazl\u0131 yarim<br \/>Bilmem al m\u0131 giyer kara m\u0131 ba\u011flar<\/p>\n<p>Koklaya Koklaya<\/p>\n<p>Gel yarim yeter bekledim<br \/>G\u00fcl\u00fc koklaya koklaya <br \/>G\u00f6zlerime ya\u015f ekledim<br \/>Seli koklaya koklaya <\/p>\n<p>Bir derdime bin ekledim<br \/>A\u015fk\u0131n boynuma y\u00fckledim<br \/>Seherde haber bekledim<br \/>Yeli koklaya koklaya <\/p>\n<p>Gurbet gezdim ad\u0131m ad\u0131m<br \/>Asla olmad\u0131 murad\u0131m<br \/>S\u0131rma sa\u00e7\u0131n hat\u0131rlad\u0131m<br \/>Teli koklaya koklaya <\/p>\n<p>Reyhani&#8217;yim bak zamana<br \/>Kara ba\u011fr\u0131m yana yana<br \/>Kerem oldum Asl\u0131 Han&#8217;a<br \/>K\u00fcl\u00fc koklaya koklaya<\/p>\n<p>Sevdi\u011fim<\/p>\n<p>Al beni ne olur sevdaya g\u00f6t\u00fcr<br \/>Erenlerden geri kald\u0131m sevdi\u011fim<br \/>Saz bir bahanedir g\u00f6\u011fs\u00fcm\u00fc d\u00f6vd\u00fcm<br \/>Bir kemik bir deri kald\u0131m sevdi\u011fim<\/p>\n<p>Bu zalim zaman\u0131n ne ise kasti<br \/>Nereye gittimse yolumu kesti<br \/>S\u0131rt\u0131mda k\u0131r\u0131k saz elimde testi<br \/>Doldurmad\u0131m yar\u0131 kald\u0131m sevdi\u011fim<\/p>\n<p>A\u015f\u0131k Reyhani&#8217;yim u\u011frad\u0131m derde<br \/>Nerdesin sevdi\u011fim nerdesin nerde<br \/>Meydan\u0131 kapt\u0131rd\u0131m \u00e7akala kurda<br \/>Bir s\u00fcr\u00fcden biri kald\u0131m sevdi\u011fim<\/p>\n<p>Yarim<\/p>\n<p>Bir muhannet yara g\u00f6n\u00fcl ba\u011flad\u0131m<br \/>Oldum bir kurumu\u015f dal yarim yarim<br \/>E\u011fer g\u00fcn\u00fcm doldu, vadem yettiyse<br \/>Gelip de can\u0131m\u0131 al yarim yarim<\/p>\n<p>Gen\u00e7lik bir ku\u015f idi elimden u\u00e7tu<br \/>Varl\u0131k kervan idi geldi de ge\u00e7ti<br \/>\u00d6m\u00fcr g\u00fcne\u015f idi gedikten a\u015ft\u0131<br \/>San\u0131rs\u0131n olmam\u0131\u015f yol yar\u0131m yarim<\/p>\n<p>A\u015f\u0131k Reyhani&#8217;yim bu a\u015fk\u0131n mesti<br \/>G\u00f6nl\u00fcnden g\u00f6nl\u00fcme bir r\u00fczgar esti<br \/>Sen bir ulu p\u0131nar ben k\u0131r\u0131k testi<br \/>Ac\u0131 bu halime dol yarim yarim<\/p>\n<p>Bir G\u00fczele<\/p>\n<p>Bir g\u00fczele g\u00f6n\u00fcl verdim ba\u011fland\u0131m<br \/>Ceylan oldu \u00e7ekti beni izine<br \/>Bo\u015f bo\u015funa ate\u015fine da\u011fland\u0131m<br \/>Duman bitti umut kald\u0131 k\u00f6z\u00fcne<\/p>\n<p>K\u00f6z beni k\u00fcl eder cana getirir<br \/>Ya\u015f olur g\u00f6z\u00fcmden dane getirir<br \/>G\u00fcn olur ki yakar y\u0131kar bitirir<br \/>Eyvah der elini vurur dizine<\/p>\n<p>Dizine vursa da vurmasa da bo\u015f<br \/>\u0130\u00e7enler uyan\u0131r i\u00e7meyen sarho\u015f<br \/>A\u015fk \u00e7ilesi \u00e7etin olsa bile ho\u015f<br \/>Hayal gerek a\u015f\u0131klar\u0131n g\u00f6z\u00fcne<\/p>\n<p>G\u00f6ze s\u00fcrme \u00e7eker yar g\u00fczel olur<br \/>Y\u00fcze ya\u015fmak \u00e7eker ar g\u00fczel olur<br \/>Yar ile d\u00fcnyal\u0131k var g\u00fczel olur<br \/>Reyhani&#8217;yim baksam yarin y\u00fcz\u00fcne<\/p>\n<p>\u015eimdi<\/p>\n<p>T\u00fckendi m\u00fcrekkep kar\u0131\u015ft\u0131 sat\u0131r<br \/>Bilemez ki katip ne yaza \u015fimdi<br \/>D\u00f6rt mevsimde ne \u015fevk ne umut kald\u0131<br \/>Minnet ne bahara ne yaza \u015fimdi<\/p>\n<p>Vazge\u00e7 gafil g\u00f6remezsin i\u00e7imi<br \/>Sen kendinle k\u0131yas etme su\u00e7umu<br \/>Do\u011fu\u015ftan simsiyah olan sa\u00e7\u0131m\u0131<br \/>S\u00f6yle kim boyad\u0131 beyaza \u015fimdi<\/p>\n<p>Reyhani&#8217;yim ge\u00e7ti \u00f6mr\u00fcm saz ile<br \/>G\u0131da ald\u0131k hayaldeki haz ile<br \/>Bir \u00f6m\u00fcr devrettik cilve naz ile<br \/>Naz bitti \u00e7evrildik niyaza \u015fimdi<\/p>\n<p>A\u011flay\u0131m<\/p>\n<p>L\u00fctfeyle halime ge\u00e7ti \u015fu \u00f6mr\u00fcm<br \/>Yar y\u00fcz\u00fcn\u00fc g\u00f6r\u00fcp g\u00f6r\u00fcp a\u011flay\u0131m<br \/>Nasip eyle e\u015fi\u011fini kap\u0131n\u0131<br \/>Y\u00fczlerini s\u00fcr\u00fcp s\u00fcr\u00fcp a\u011flay\u0131m<\/p>\n<p>G\u00f6nl\u00fcm\u00fcz g\u00f6z\u00fcm\u00fcz vecd ile dolsun<br \/>Murad\u0131m maksudum secdegah olsun<br \/>O g\u00fcn olsun yarin m\u00fcjdesi gelsin<br \/>Yol \u00fcst\u00fcne durup durup a\u011flay\u0131m<\/p>\n<p>Reyhani&#8217;yim n&#8217;olur beni inand\u0131r<br \/>Yanarken bir yudum su ver de kand\u0131r<br \/>Yalvar\u0131r\u0131m seher vakti uyand\u0131r<br \/>R\u00fczgarlardan sorup sorup a\u011flay\u0131m<\/p>\n<p>Bezdim<\/p>\n<p>Ben bu a\u015fk\u0131n abdal\u0131y\u0131m<br \/>Dolana dolana bezdim<br \/>\u00c7\u0131\u011f s\u00f6km\u00fc\u015f bahar seliyim<br \/>Bulana bulana bezdim<\/p>\n<p>Her g\u00fcn sam yeli eser mi<br \/>Kamil cahile k\u00fcser mi<br \/>B\u0131\u00e7ak \u00e7eli\u011fi keser mi<br \/>Bilene bilene bezdim<\/p>\n<p>Keder \u00fcst\u00fcm\u00fcze zimmet<br \/>Zalimden olmaz merhamet<br \/>\u0130limsiz m\u00fcr\u015fitten himmet<br \/>Dilene dilene bezdim<\/p>\n<p>Reyhani \u00f6l\u00fc y\u00fcr\u00fcr m\u00fc<br \/>K\u00fcl \u00f6l\u00fcr m\u00fc k\u00fcl \u00e7\u00fcr\u00fcr m\u00fc<br \/>Kuru a\u011fa\u00e7 dal verir mi<br \/>Sulana sulana bezdim<\/p>\n<p>Veremem<\/p>\n<p>Bana derler a\u015f\u0131k derdini s\u00f6yle<br \/>Bu bir s\u0131rd\u0131r emanettir veremem<br \/>Belki da\u011flar kadar b\u00fcy\u00fcmem amma<br \/>Cevizin de kabu\u011funa giremem<\/p>\n<p>Hasta odur sab\u0131r ile inleye<br \/>Evlat odur nasihati dinleye<br \/>Bundan sonra zevkle bakmam aynaya<br \/>\u00c7\u00fcnk\u00fc onda i\u00e7 y\u00fcz\u00fcm\u00fc g\u00f6remem<\/p>\n<p>Kulaks\u0131z i\u015fitmek dilsiz ifade<br \/>Can\u0131m canan\u0131nd\u0131r edem iade<br \/>V\u00fccut bir camidir vicdan seccade<br \/>Onun bunun \u00e7\u0131kar\u0131na seremem<\/p>\n<p>Reyhani&#8217;yim zaman\u0131m yok g\u00fclmeye<br \/>Do\u011far iken boyun e\u011fdim \u00f6lmeye<br \/>Azrail gelmesin can\u0131m almaya<br \/>Bir can\u0131m var canan\u0131nd\u0131r veremem<\/p>\n<p>S\u00f6yleyin<\/p>\n<p>Beni sizden sorarlarsa dostlar\u0131m<br \/>Bir Reyhani geldi gitti s\u00f6yleyin<br \/>Hayat\u0131 \u00e7ileli murad\u0131 yar\u0131m<br \/>Heder etti ah t\u00fcketti s\u00f6yleyin<\/p>\n<p>Ald\u0131 k\u0131r\u0131k saz\u0131 kap\u0131dan \u00e7\u0131kt\u0131<br \/>A\u011flar g\u00f6zler ile g\u00fclerek bakt\u0131<br \/>Da\u011f\u0131n ufu\u011funda bir ak\u015fam vakti<br \/>G\u00fcne\u015fle beraber batt\u0131 s\u00f6yleyin<\/p>\n<p>Ara s\u0131ra saz\u0131 verdik destine<br \/>Name yazd\u0131 yarenine dostuna<br \/>Ceketini yorgan ettik \u00fcst\u00fcne<br \/>Kolu yast\u0131k oldu yatt\u0131 s\u00f6yleyin<\/p>\n<p>Bir duvara yaslam\u0131\u015ft\u0131 yan\u0131n\u0131<br \/>S\u0131las\u0131na \u00e7evirmi\u015fti y\u00f6n\u00fcn\u00fc<br \/>Gurbet elde hasret yakt\u0131 can\u0131n\u0131<br \/>Sitem vurdu dert \u00e7\u00fcr\u00fctt\u00fc s\u00f6yleyin<\/p>\n<p>A\u015f\u0131k Reyhani&#8217;ymi\u015f k\u0131ld\u0131 ah u zar<br \/>Dola\u015ft\u0131 alemi diyar be diyar<br \/>Par\u00e7a par\u00e7a etmi\u015f bir deli r\u00fczgar<br \/>Ya\u015f\u0131 ya\u011fmur g\u00f6z buluttu s\u00f6yleyin<\/p>\n<p>Ba\u015flar<\/p>\n<p>Bekle a\u011fa\u00e7 meyve versin<br \/>Ta\u015f ondan \u00f6teye ba\u015flar<br \/>Mevsim sonbahara ersin<br \/>K\u0131\u015f ondan \u00f6teye ba\u015flar<\/p>\n<p>\u00dc\u00e7 kap\u0131y\u0131 a\u00e7acaks\u0131n <br \/>D\u00f6rt p\u0131nardan i\u00e7eceksin<br \/>Alt\u0131 \u015fart\u0131 se\u00e7eceksin<br \/>Be\u015f ondan \u00f6teye ba\u015flar<\/p>\n<p>Gel g\u00fcl\u00fc yand\u0131rma b\u00fclb\u00fcl<br \/>\u00d6nce a\u011fla sonradan g\u00fcl<br \/>\u00d6l\u00fcm en son nokta de\u011fil<br \/>\u0130\u015f ondan \u00f6teye ba\u015flar<\/p>\n<p>Reyhani can yakaca\u011f\u0131n<br \/>T\u00fckenmedi \u00e7ekece\u011fin<br \/>As\u0131l g\u00f6zden d\u00f6kece\u011fin<br \/>Ya\u015f ondan \u00f6teye ba\u015flar<\/p>\n<p>Kurtulamaz<\/p>\n<p>\u0130nsan \u00f6mr\u00fc kara benzer<br \/>Erimekten kurtulamaz<br \/>Sona do\u011fru azar azar<br \/>Y\u00fcr\u00fcmekten kurtulamaz<\/p>\n<p>Gen\u00e7lik a\u00e7\u0131lmam\u0131\u015f g\u00fcld\u00fcr<br \/>\u0130lim \u00e7a\u011f\u0131 tatl\u0131 bald\u0131r<br \/>Sonu yaprak d\u00f6km\u00fc\u015f dald\u0131r<br \/>Kurumaktan kurtulamaz<\/p>\n<p>Reyhani yar yara kalsa<br \/>G\u00f6n\u00fcl ne\u015fe ile dolsa<br \/>Asl\u0131 som alt\u0131ndan olsa<br \/>\u00c7\u00fcr\u00fcmekten kurtulamaz<\/p>\n<p>Birg\u00fcn<\/p>\n<p>Deryalar yanmaz diyenler<br \/>Denizler de yanar birg\u00fcn<br \/>Nehir i\u00e7ip doymayanlar<br \/>Damla i\u00e7en kanar birg\u00fcn<\/p>\n<p>\u00c7i\u00e7ek solar fikir solmaz<br \/>Derya damla ile dolmaz<br \/>Evlad\u0131n k\u00f6t\u00fcs\u00fc olmaz<br \/>Atas\u0131n\u0131 anar birg\u00fcn<\/p>\n<p>S\u00f6z\u00fcm s\u00f6z deyip \u00f6v\u00fcnme<br \/>\u00d6z\u00fcm \u00f6z deyip \u00f6v\u00fcnme<br \/>\u0130\u015fim d\u00fcz deyip \u00f6v\u00fcnme<br \/>\u00c7ark tersine d\u00f6ner birg\u00fcn<\/p>\n<p>Kesilmez mevladan umut<br \/>Bir m\u00fcr\u015fidin elini tut<br \/>Gelir r\u00fczgar gider bulut<br \/>Elbet ya\u011fmur diner birg\u00fcn<\/p>\n<p>Gel Reyhani hayal kurma<br \/>Yolu bilmeyene sorma<br \/>Kendini y\u00fcksekte g\u00f6rme<br \/>G\u00f6kler yere iner birg\u00fcn<\/p>\n<p>Beni 1<\/p>\n<p>Behey r\u00fczgar gider isen canana s\u00f6yle beni<br \/>L\u00fctf\u00fc ve keremi \u00e7oktur yakmas\u0131n b\u00f6yle beni<br \/>Ben bu derde d\u00fc\u015f olal\u0131 bana Mecnun dediler<br \/>Ben nas\u0131l Mecnun&#8217;um bilmem aramaz Leyla beni<\/p>\n<p>Ben bu derde d\u00fc\u015f olal\u0131 g\u00f6zlerim ya\u015fta benim<br \/>Sinemi sitem kaplad\u0131 g\u00f6nl\u00fcm tela\u015fta benim<br \/>Ne dizimde kuvvet kald\u0131 ne akl\u0131m ba\u015fta benim\u0130psiz ba\u011flad\u0131 felek bir ka\u015f\u0131 yayla beni<\/p>\n<p>Ey Reyhani hep d\u00fc\u015f\u00fcnd\u00fcn d\u00fcnyada han olmay\u0131<br \/>Hi\u00e7 akl\u0131na getirmedin bir kabristan olmay\u0131<br \/>\u0130stemem sensiz efendim tahta sultan olmay\u0131<br \/>Bana k\u00f6le deseler de sen kabul eyle beni<\/p>\n<p>Beni 2<br \/>\u0130lahi niyaz\u0131m sana d\u00fc\u015f\u00fcrme garip beni<br \/>Alemin \u015fah\u0131 Rabbena k\u0131lma muzdarip beni<br \/>Derdi senden al\u0131r isem derman\u0131 kim neylesin<br \/>Sen bana benim demezsen kurtarmaz tabip beni<\/p>\n<p>Geldi ge\u00e7ti gaflet ile bunca y\u0131l ve seneler<br \/>Hep senin emrinde d\u00f6ner yorulmaz pervaneler<br \/>Dergah\u0131na talip olmu\u015f tabiri divaneler<br \/>Ne olur eyle yarabbi akl\u0131ma sahip beni<\/p>\n<p>Ey Reyhani neden akar durmaz g\u00f6z p\u0131narlar\u0131n<br \/>G\u00f6n\u00fcl neylesin d\u00fcnyay\u0131 olmazsa senin yarinBirg\u00fcn olup okununca c\u00fcmlesi a\u015f\u0131klar\u0131n<br \/>Yunuslar\u0131n aras\u0131nda eyleme kay\u0131p beni<\/p>\n<p><\/p>\n","protected":false},"excerpt":{"rendered":"<p>A\u015f\u0131k Reyhani L\u00fctfeyle halime ge\u00e7ti \u015fu \u00f6mr\u00fcmYar y\u00fcz\u00fcn\u00fc g\u00f6r\u00fcp g\u00f6r\u00fcp a\u011flay\u0131mNasip eyle e\u015fi\u011fini kap\u0131n\u0131Y\u00fczlerini s\u00fcr\u00fcp s\u00fcr\u00fcp a\u011flay\u0131m Reyhani&#8217;yim n&#8217;olur beni inand\u0131r Yanarken bir yudum su ver de kand\u0131r Yalvar\u0131r\u0131m seher vakti uyand\u0131r R\u00fczgarlardan sorup sorup a\u011flay\u0131m A\u015f\u0131k Reyhani 1932 y\u0131l\u0131nda Hasankale&#8217;nin Alvar k\u00f6y\u00fcnde do\u011fdu. As\u0131l ad\u0131 Ya\u015far Y\u0131lmaz&#8217;d\u0131r. \u0130ran&#8217;dan g\u00f6\u00e7en babas\u0131 \u00f6nce Kars&#8217;a daha sonra [&hellip;]<\/p>\n","protected":false},"author":1,"featured_media":0,"comment_status":"open","ping_status":"open","sticky":false,"template":"","format":"standard","meta":{"footnotes":""},"categories":[172],"tags":[],"class_list":{"0":"post-258","1":"post","2":"type-post","3":"status-publish","4":"format-standard","6":"category-ozanlar-ve-eserleri"},"yoast_head":"<!-- This site is optimized with the Yoast SEO Premium plugin v24.9 (Yoast SEO v24.9) - https:\/\/yoast.com\/wordpress\/plugins\/seo\/ -->\n<title>A\u015f\u0131k Reyhani Biyografisi ve Eserleri - narteks.net<\/title>\n<meta name=\"robots\" content=\"index, follow, max-snippet:-1, max-image-preview:large, max-video-preview:-1\" \/>\n<link rel=\"canonical\" href=\"https:\/\/narteks.net\/index.php\/2009\/02\/27\/ak-reyhani-biyografisi-ve-eserleri\/\" \/>\n<meta property=\"og:locale\" content=\"tr_TR\" \/>\n<meta property=\"og:type\" content=\"article\" \/>\n<meta property=\"og:title\" content=\"A\u015f\u0131k Reyhani Biyografisi ve Eserleri\" \/>\n<meta property=\"og:description\" content=\"A\u015f\u0131k Reyhani L\u00fctfeyle halime ge\u00e7ti \u015fu \u00f6mr\u00fcmYar y\u00fcz\u00fcn\u00fc g\u00f6r\u00fcp g\u00f6r\u00fcp a\u011flay\u0131mNasip eyle e\u015fi\u011fini kap\u0131n\u0131Y\u00fczlerini s\u00fcr\u00fcp s\u00fcr\u00fcp a\u011flay\u0131m Reyhani&#8217;yim n&#8217;olur beni inand\u0131r Yanarken bir yudum su ver de kand\u0131r Yalvar\u0131r\u0131m seher vakti uyand\u0131r R\u00fczgarlardan sorup sorup a\u011flay\u0131m A\u015f\u0131k Reyhani 1932 y\u0131l\u0131nda Hasankale&#8217;nin Alvar k\u00f6y\u00fcnde do\u011fdu. As\u0131l ad\u0131 Ya\u015far Y\u0131lmaz&#8217;d\u0131r. \u0130ran&#8217;dan g\u00f6\u00e7en babas\u0131 \u00f6nce Kars&#8217;a daha sonra [&hellip;]\" \/>\n<meta property=\"og:url\" content=\"https:\/\/narteks.net\/index.php\/2009\/02\/27\/ak-reyhani-biyografisi-ve-eserleri\/\" \/>\n<meta property=\"og:site_name\" content=\"narteks.net\" \/>\n<meta property=\"article:published_time\" content=\"2009-02-27T20:11:26+00:00\" \/>\n<meta property=\"og:image\" content=\"http:\/\/www.turkuler.com\/ozan\/reyhani22.jpg\" \/>\n<meta name=\"author\" content=\"Tar\u0131k\" \/>\n<meta name=\"twitter:card\" content=\"summary_large_image\" \/>\n<meta name=\"twitter:creator\" content=\"@narteks\" \/>\n<meta name=\"twitter:site\" content=\"@narteks\" \/>\n<meta name=\"twitter:label1\" content=\"Yazan:\" \/>\n\t<meta name=\"twitter:data1\" content=\"Tar\u0131k\" \/>\n\t<meta name=\"twitter:label2\" content=\"Tahmini okuma s\u00fcresi\" \/>\n\t<meta name=\"twitter:data2\" content=\"9 dakika\" \/>\n<script type=\"application\/ld+json\" class=\"yoast-schema-graph\">{\"@context\":\"https:\/\/schema.org\",\"@graph\":[{\"@type\":\"Article\",\"@id\":\"https:\/\/narteks.net\/index.php\/2009\/02\/27\/ak-reyhani-biyografisi-ve-eserleri\/#article\",\"isPartOf\":{\"@id\":\"https:\/\/narteks.net\/index.php\/2009\/02\/27\/ak-reyhani-biyografisi-ve-eserleri\/\"},\"author\":{\"name\":\"Tar\u0131k\",\"@id\":\"https:\/\/narteks.net\/#\/schema\/person\/61f37d9834294b72d31d274e7ed79bca\"},\"headline\":\"A\u015f\u0131k Reyhani Biyografisi ve Eserleri\",\"datePublished\":\"2009-02-27T20:11:26+00:00\",\"mainEntityOfPage\":{\"@id\":\"https:\/\/narteks.net\/index.php\/2009\/02\/27\/ak-reyhani-biyografisi-ve-eserleri\/\"},\"wordCount\":1772,\"commentCount\":0,\"publisher\":{\"@id\":\"https:\/\/narteks.net\/#organization\"},\"image\":{\"@id\":\"https:\/\/narteks.net\/index.php\/2009\/02\/27\/ak-reyhani-biyografisi-ve-eserleri\/#primaryimage\"},\"thumbnailUrl\":\"http:\/\/www.turkuler.com\/ozan\/reyhani22.jpg\",\"articleSection\":[\"Ozanlar ve Eserleri\"],\"inLanguage\":\"tr\",\"potentialAction\":[{\"@type\":\"CommentAction\",\"name\":\"Comment\",\"target\":[\"https:\/\/narteks.net\/index.php\/2009\/02\/27\/ak-reyhani-biyografisi-ve-eserleri\/#respond\"]}]},{\"@type\":\"WebPage\",\"@id\":\"https:\/\/narteks.net\/index.php\/2009\/02\/27\/ak-reyhani-biyografisi-ve-eserleri\/\",\"url\":\"https:\/\/narteks.net\/index.php\/2009\/02\/27\/ak-reyhani-biyografisi-ve-eserleri\/\",\"name\":\"A\u015f\u0131k Reyhani Biyografisi ve Eserleri - narteks.net\",\"isPartOf\":{\"@id\":\"https:\/\/narteks.net\/#website\"},\"primaryImageOfPage\":{\"@id\":\"https:\/\/narteks.net\/index.php\/2009\/02\/27\/ak-reyhani-biyografisi-ve-eserleri\/#primaryimage\"},\"image\":{\"@id\":\"https:\/\/narteks.net\/index.php\/2009\/02\/27\/ak-reyhani-biyografisi-ve-eserleri\/#primaryimage\"},\"thumbnailUrl\":\"http:\/\/www.turkuler.com\/ozan\/reyhani22.jpg\",\"datePublished\":\"2009-02-27T20:11:26+00:00\",\"breadcrumb\":{\"@id\":\"https:\/\/narteks.net\/index.php\/2009\/02\/27\/ak-reyhani-biyografisi-ve-eserleri\/#breadcrumb\"},\"inLanguage\":\"tr\",\"potentialAction\":[{\"@type\":\"ReadAction\",\"target\":[\"https:\/\/narteks.net\/index.php\/2009\/02\/27\/ak-reyhani-biyografisi-ve-eserleri\/\"]}]},{\"@type\":\"ImageObject\",\"inLanguage\":\"tr\",\"@id\":\"https:\/\/narteks.net\/index.php\/2009\/02\/27\/ak-reyhani-biyografisi-ve-eserleri\/#primaryimage\",\"url\":\"http:\/\/www.turkuler.com\/ozan\/reyhani22.jpg\",\"contentUrl\":\"http:\/\/www.turkuler.com\/ozan\/reyhani22.jpg\"},{\"@type\":\"BreadcrumbList\",\"@id\":\"https:\/\/narteks.net\/index.php\/2009\/02\/27\/ak-reyhani-biyografisi-ve-eserleri\/#breadcrumb\",\"itemListElement\":[{\"@type\":\"ListItem\",\"position\":1,\"name\":\"Anasayfa\",\"item\":\"https:\/\/narteks.net\/\"},{\"@type\":\"ListItem\",\"position\":2,\"name\":\"A\u015f\u0131k Reyhani Biyografisi ve Eserleri\"}]},{\"@type\":\"WebSite\",\"@id\":\"https:\/\/narteks.net\/#website\",\"url\":\"https:\/\/narteks.net\/\",\"name\":\"narteks.net\",\"description\":\"K\u00fclt\u00fcr Sanat Edebiyat Felsefe\",\"publisher\":{\"@id\":\"https:\/\/narteks.net\/#organization\"},\"alternateName\":\"K\u00fclt\u00fcr Sanat Edebiyat Felsefe\",\"potentialAction\":[{\"@type\":\"SearchAction\",\"target\":{\"@type\":\"EntryPoint\",\"urlTemplate\":\"https:\/\/narteks.net\/?s={search_term_string}\"},\"query-input\":{\"@type\":\"PropertyValueSpecification\",\"valueRequired\":true,\"valueName\":\"search_term_string\"}}],\"inLanguage\":\"tr\"},{\"@type\":\"Organization\",\"@id\":\"https:\/\/narteks.net\/#organization\",\"name\":\"narteks.net\",\"url\":\"https:\/\/narteks.net\/\",\"logo\":{\"@type\":\"ImageObject\",\"inLanguage\":\"tr\",\"@id\":\"https:\/\/narteks.net\/#\/schema\/logo\/image\/\",\"url\":\"https:\/\/narteks.net\/wp-content\/uploads\/narteks.png\",\"contentUrl\":\"https:\/\/narteks.net\/wp-content\/uploads\/narteks.png\",\"width\":300,\"height\":90,\"caption\":\"narteks.net\"},\"image\":{\"@id\":\"https:\/\/narteks.net\/#\/schema\/logo\/image\/\"},\"sameAs\":[\"https:\/\/x.com\/narteks\",\"https:\/\/instagram.com\/narteksnet\"]},{\"@type\":\"Person\",\"@id\":\"https:\/\/narteks.net\/#\/schema\/person\/61f37d9834294b72d31d274e7ed79bca\",\"name\":\"Tar\u0131k\",\"image\":{\"@type\":\"ImageObject\",\"inLanguage\":\"tr\",\"@id\":\"https:\/\/narteks.net\/#\/schema\/person\/image\/\",\"url\":\"https:\/\/secure.gravatar.com\/avatar\/50865afb55632c4ae467e0af0930f6510aa2297d8014be502a55b14f3b7550cf?s=96&d=mm&r=g\",\"contentUrl\":\"https:\/\/secure.gravatar.com\/avatar\/50865afb55632c4ae467e0af0930f6510aa2297d8014be502a55b14f3b7550cf?s=96&d=mm&r=g\",\"caption\":\"Tar\u0131k\"},\"sameAs\":[\"http:\/\/narteks.net\"],\"url\":\"https:\/\/narteks.net\/index.php\/author\/narbak\/\"}]}<\/script>\n<!-- \/ Yoast SEO Premium plugin. -->","yoast_head_json":{"title":"A\u015f\u0131k Reyhani Biyografisi ve Eserleri - narteks.net","robots":{"index":"index","follow":"follow","max-snippet":"max-snippet:-1","max-image-preview":"max-image-preview:large","max-video-preview":"max-video-preview:-1"},"canonical":"https:\/\/narteks.net\/index.php\/2009\/02\/27\/ak-reyhani-biyografisi-ve-eserleri\/","og_locale":"tr_TR","og_type":"article","og_title":"A\u015f\u0131k Reyhani Biyografisi ve Eserleri","og_description":"A\u015f\u0131k Reyhani L\u00fctfeyle halime ge\u00e7ti \u015fu \u00f6mr\u00fcmYar y\u00fcz\u00fcn\u00fc g\u00f6r\u00fcp g\u00f6r\u00fcp a\u011flay\u0131mNasip eyle e\u015fi\u011fini kap\u0131n\u0131Y\u00fczlerini s\u00fcr\u00fcp s\u00fcr\u00fcp a\u011flay\u0131m Reyhani&#8217;yim n&#8217;olur beni inand\u0131r Yanarken bir yudum su ver de kand\u0131r Yalvar\u0131r\u0131m seher vakti uyand\u0131r R\u00fczgarlardan sorup sorup a\u011flay\u0131m A\u015f\u0131k Reyhani 1932 y\u0131l\u0131nda Hasankale&#8217;nin Alvar k\u00f6y\u00fcnde do\u011fdu. As\u0131l ad\u0131 Ya\u015far Y\u0131lmaz&#8217;d\u0131r. \u0130ran&#8217;dan g\u00f6\u00e7en babas\u0131 \u00f6nce Kars&#8217;a daha sonra [&hellip;]","og_url":"https:\/\/narteks.net\/index.php\/2009\/02\/27\/ak-reyhani-biyografisi-ve-eserleri\/","og_site_name":"narteks.net","article_published_time":"2009-02-27T20:11:26+00:00","og_image":[{"url":"http:\/\/www.turkuler.com\/ozan\/reyhani22.jpg","type":"","width":"","height":""}],"author":"Tar\u0131k","twitter_card":"summary_large_image","twitter_creator":"@narteks","twitter_site":"@narteks","twitter_misc":{"Yazan:":"Tar\u0131k","Tahmini okuma s\u00fcresi":"9 dakika"},"schema":{"@context":"https:\/\/schema.org","@graph":[{"@type":"Article","@id":"https:\/\/narteks.net\/index.php\/2009\/02\/27\/ak-reyhani-biyografisi-ve-eserleri\/#article","isPartOf":{"@id":"https:\/\/narteks.net\/index.php\/2009\/02\/27\/ak-reyhani-biyografisi-ve-eserleri\/"},"author":{"name":"Tar\u0131k","@id":"https:\/\/narteks.net\/#\/schema\/person\/61f37d9834294b72d31d274e7ed79bca"},"headline":"A\u015f\u0131k Reyhani Biyografisi ve Eserleri","datePublished":"2009-02-27T20:11:26+00:00","mainEntityOfPage":{"@id":"https:\/\/narteks.net\/index.php\/2009\/02\/27\/ak-reyhani-biyografisi-ve-eserleri\/"},"wordCount":1772,"commentCount":0,"publisher":{"@id":"https:\/\/narteks.net\/#organization"},"image":{"@id":"https:\/\/narteks.net\/index.php\/2009\/02\/27\/ak-reyhani-biyografisi-ve-eserleri\/#primaryimage"},"thumbnailUrl":"http:\/\/www.turkuler.com\/ozan\/reyhani22.jpg","articleSection":["Ozanlar ve Eserleri"],"inLanguage":"tr","potentialAction":[{"@type":"CommentAction","name":"Comment","target":["https:\/\/narteks.net\/index.php\/2009\/02\/27\/ak-reyhani-biyografisi-ve-eserleri\/#respond"]}]},{"@type":"WebPage","@id":"https:\/\/narteks.net\/index.php\/2009\/02\/27\/ak-reyhani-biyografisi-ve-eserleri\/","url":"https:\/\/narteks.net\/index.php\/2009\/02\/27\/ak-reyhani-biyografisi-ve-eserleri\/","name":"A\u015f\u0131k Reyhani Biyografisi ve Eserleri - narteks.net","isPartOf":{"@id":"https:\/\/narteks.net\/#website"},"primaryImageOfPage":{"@id":"https:\/\/narteks.net\/index.php\/2009\/02\/27\/ak-reyhani-biyografisi-ve-eserleri\/#primaryimage"},"image":{"@id":"https:\/\/narteks.net\/index.php\/2009\/02\/27\/ak-reyhani-biyografisi-ve-eserleri\/#primaryimage"},"thumbnailUrl":"http:\/\/www.turkuler.com\/ozan\/reyhani22.jpg","datePublished":"2009-02-27T20:11:26+00:00","breadcrumb":{"@id":"https:\/\/narteks.net\/index.php\/2009\/02\/27\/ak-reyhani-biyografisi-ve-eserleri\/#breadcrumb"},"inLanguage":"tr","potentialAction":[{"@type":"ReadAction","target":["https:\/\/narteks.net\/index.php\/2009\/02\/27\/ak-reyhani-biyografisi-ve-eserleri\/"]}]},{"@type":"ImageObject","inLanguage":"tr","@id":"https:\/\/narteks.net\/index.php\/2009\/02\/27\/ak-reyhani-biyografisi-ve-eserleri\/#primaryimage","url":"http:\/\/www.turkuler.com\/ozan\/reyhani22.jpg","contentUrl":"http:\/\/www.turkuler.com\/ozan\/reyhani22.jpg"},{"@type":"BreadcrumbList","@id":"https:\/\/narteks.net\/index.php\/2009\/02\/27\/ak-reyhani-biyografisi-ve-eserleri\/#breadcrumb","itemListElement":[{"@type":"ListItem","position":1,"name":"Anasayfa","item":"https:\/\/narteks.net\/"},{"@type":"ListItem","position":2,"name":"A\u015f\u0131k Reyhani Biyografisi ve Eserleri"}]},{"@type":"WebSite","@id":"https:\/\/narteks.net\/#website","url":"https:\/\/narteks.net\/","name":"narteks.net","description":"K\u00fclt\u00fcr Sanat Edebiyat Felsefe","publisher":{"@id":"https:\/\/narteks.net\/#organization"},"alternateName":"K\u00fclt\u00fcr Sanat Edebiyat Felsefe","potentialAction":[{"@type":"SearchAction","target":{"@type":"EntryPoint","urlTemplate":"https:\/\/narteks.net\/?s={search_term_string}"},"query-input":{"@type":"PropertyValueSpecification","valueRequired":true,"valueName":"search_term_string"}}],"inLanguage":"tr"},{"@type":"Organization","@id":"https:\/\/narteks.net\/#organization","name":"narteks.net","url":"https:\/\/narteks.net\/","logo":{"@type":"ImageObject","inLanguage":"tr","@id":"https:\/\/narteks.net\/#\/schema\/logo\/image\/","url":"https:\/\/narteks.net\/wp-content\/uploads\/narteks.png","contentUrl":"https:\/\/narteks.net\/wp-content\/uploads\/narteks.png","width":300,"height":90,"caption":"narteks.net"},"image":{"@id":"https:\/\/narteks.net\/#\/schema\/logo\/image\/"},"sameAs":["https:\/\/x.com\/narteks","https:\/\/instagram.com\/narteksnet"]},{"@type":"Person","@id":"https:\/\/narteks.net\/#\/schema\/person\/61f37d9834294b72d31d274e7ed79bca","name":"Tar\u0131k","image":{"@type":"ImageObject","inLanguage":"tr","@id":"https:\/\/narteks.net\/#\/schema\/person\/image\/","url":"https:\/\/secure.gravatar.com\/avatar\/50865afb55632c4ae467e0af0930f6510aa2297d8014be502a55b14f3b7550cf?s=96&d=mm&r=g","contentUrl":"https:\/\/secure.gravatar.com\/avatar\/50865afb55632c4ae467e0af0930f6510aa2297d8014be502a55b14f3b7550cf?s=96&d=mm&r=g","caption":"Tar\u0131k"},"sameAs":["http:\/\/narteks.net"],"url":"https:\/\/narteks.net\/index.php\/author\/narbak\/"}]}},"_links":{"self":[{"href":"https:\/\/narteks.net\/index.php\/wp-json\/wp\/v2\/posts\/258","targetHints":{"allow":["GET"]}}],"collection":[{"href":"https:\/\/narteks.net\/index.php\/wp-json\/wp\/v2\/posts"}],"about":[{"href":"https:\/\/narteks.net\/index.php\/wp-json\/wp\/v2\/types\/post"}],"author":[{"embeddable":true,"href":"https:\/\/narteks.net\/index.php\/wp-json\/wp\/v2\/users\/1"}],"replies":[{"embeddable":true,"href":"https:\/\/narteks.net\/index.php\/wp-json\/wp\/v2\/comments?post=258"}],"version-history":[{"count":0,"href":"https:\/\/narteks.net\/index.php\/wp-json\/wp\/v2\/posts\/258\/revisions"}],"wp:attachment":[{"href":"https:\/\/narteks.net\/index.php\/wp-json\/wp\/v2\/media?parent=258"}],"wp:term":[{"taxonomy":"category","embeddable":true,"href":"https:\/\/narteks.net\/index.php\/wp-json\/wp\/v2\/categories?post=258"},{"taxonomy":"post_tag","embeddable":true,"href":"https:\/\/narteks.net\/index.php\/wp-json\/wp\/v2\/tags?post=258"}],"curies":[{"name":"wp","href":"https:\/\/api.w.org\/{rel}","templated":true}]}}