{"id":2581,"date":"2009-12-06T20:44:43","date_gmt":"2009-12-06T17:44:43","guid":{"rendered":"http:\/\/localhost\/wordpress\/2009\/12\/06\/sehir-tutkun-yaban-ve-sana-asikti\/"},"modified":"2009-12-06T20:44:43","modified_gmt":"2009-12-06T17:44:43","slug":"sehir-tutkun-yaban-ve-sana-asikti","status":"publish","type":"post","link":"https:\/\/narteks.net\/index.php\/2009\/12\/06\/sehir-tutkun-yaban-ve-sana-asikti\/","title":{"rendered":"\u015eEH\u0130R TUTKUN YABAN VE SANA A\u015eIKTI"},"content":{"rendered":"<p>\u00a0<\/p>\n<p>\u015eehir tutkun, yaban ve sana a\u015f\u0131kt\u0131 <br \/> Karl\u0131 bir nehir gibi uzayan dalg\u0131nl\u0131\u011f\u0131ndan <br \/> uyand\u0131rmak i\u00e7in seni <br \/> siren sesleriyle a\u011flard\u0131. <br \/> Oysa sen hep kalbine inerek sevdin <br \/> g\u00fczel ve sap\u0131k \u00e7ocuklar\u0131, <br \/> polis \u0131\u015f\u0131klar\u0131ndan d\u00f6vmelerin oldu <br \/> s\u00fct teninde <br \/> k\u0131rg\u0131n ve i\u00e7e d\u00f6n\u00fck sevi\u015fmeden <\/p>\n<p> S\u00f6z gelimi korkard\u0131n \u00f6l\u00fc kad\u0131nlara <br \/> kar topu atan \u00e7elimsiz \u00e7ocuklardan <br \/> sa\u00e7lar\u0131ndaki \u015feffaf papatyalar bile korkard\u0131. <br \/> Rak\u0131 \u015fi\u015felerine sar\u0131lan gazete ka\u011f\u0131tlar\u0131 kadar <br \/> \u00fcrkektin&#8230; <\/p>\n<p> Ama sen istemezsen kimse \u00f6lmezdi. <br \/> Ispanya&#8217;y\u0131 ba\u015ftan ba\u015fa dola\u015fan, ayaklar\u0131 <br \/> \u015fimdi bir kurtlu <br \/> \u00e7\u0131nar gibi d\u00f6k\u00fclen ve Che&#8217;nin resmini her <br \/> sabah ya\u015fl\u0131 <br \/> bir Rum kad\u0131n\u0131na zorla \u00f6pt\u00fcren <br \/> Frans\u0131z Nuri bile hi\u00e7 <br \/> \u00f6lmeyecek gibiydi&#8230;<\/p>\n<p>Cezmi ERS\u00d6Z<\/p>\n","protected":false},"excerpt":{"rendered":"<p>\u00a0 \u015eehir tutkun, yaban ve sana a\u015f\u0131kt\u0131 Karl\u0131 bir nehir gibi uzayan dalg\u0131nl\u0131\u011f\u0131ndan uyand\u0131rmak i\u00e7in seni siren sesleriyle a\u011flard\u0131. Oysa sen hep kalbine inerek sevdin g\u00fczel ve sap\u0131k \u00e7ocuklar\u0131, polis \u0131\u015f\u0131klar\u0131ndan d\u00f6vmelerin oldu s\u00fct teninde k\u0131rg\u0131n ve i\u00e7e d\u00f6n\u00fck sevi\u015fmeden S\u00f6z gelimi korkard\u0131n \u00f6l\u00fc kad\u0131nlara kar topu atan \u00e7elimsiz \u00e7ocuklardan sa\u00e7lar\u0131ndaki \u015feffaf papatyalar bile korkard\u0131. [&hellip;]<\/p>\n","protected":false},"author":1,"featured_media":0,"comment_status":"open","ping_status":"open","sticky":false,"template":"","format":"standard","meta":{"footnotes":""},"categories":[18],"tags":[],"class_list":{"0":"post-2581","1":"post","2":"type-post","3":"status-publish","4":"format-standard","6":"category-cezmi-ersoz"},"yoast_head":"<!-- This site is optimized with the Yoast SEO Premium plugin v24.9 (Yoast SEO v24.9) - https:\/\/yoast.com\/wordpress\/plugins\/seo\/ -->\n<title>\u015eEH\u0130R TUTKUN YABAN VE SANA A\u015eIKTI - narteks.net<\/title>\n<meta name=\"robots\" content=\"index, follow, max-snippet:-1, max-image-preview:large, max-video-preview:-1\" \/>\n<link rel=\"canonical\" href=\"https:\/\/narteks.net\/index.php\/2009\/12\/06\/sehir-tutkun-yaban-ve-sana-asikti\/\" \/>\n<meta property=\"og:locale\" content=\"tr_TR\" \/>\n<meta property=\"og:type\" content=\"article\" \/>\n<meta property=\"og:title\" content=\"\u015eEH\u0130R TUTKUN YABAN VE SANA A\u015eIKTI\" \/>\n<meta property=\"og:description\" content=\"\u00a0 \u015eehir tutkun, yaban ve sana a\u015f\u0131kt\u0131 Karl\u0131 bir nehir gibi uzayan dalg\u0131nl\u0131\u011f\u0131ndan uyand\u0131rmak i\u00e7in seni siren sesleriyle a\u011flard\u0131. Oysa sen hep kalbine inerek sevdin g\u00fczel ve sap\u0131k \u00e7ocuklar\u0131, polis \u0131\u015f\u0131klar\u0131ndan d\u00f6vmelerin oldu s\u00fct teninde k\u0131rg\u0131n ve i\u00e7e d\u00f6n\u00fck sevi\u015fmeden S\u00f6z gelimi korkard\u0131n \u00f6l\u00fc kad\u0131nlara kar topu atan \u00e7elimsiz \u00e7ocuklardan sa\u00e7lar\u0131ndaki \u015feffaf papatyalar bile korkard\u0131. [&hellip;]\" \/>\n<meta property=\"og:url\" content=\"https:\/\/narteks.net\/index.php\/2009\/12\/06\/sehir-tutkun-yaban-ve-sana-asikti\/\" \/>\n<meta property=\"og:site_name\" content=\"narteks.net\" \/>\n<meta property=\"article:published_time\" content=\"2009-12-06T17:44:43+00:00\" \/>\n<meta property=\"og:image\" content=\"https:\/\/narteks.net\/wp-content\/uploads\/narteks.png\" \/>\n\t<meta property=\"og:image:width\" content=\"300\" \/>\n\t<meta property=\"og:image:height\" content=\"90\" \/>\n\t<meta property=\"og:image:type\" content=\"image\/png\" \/>\n<meta name=\"author\" content=\"Tar\u0131k\" \/>\n<meta name=\"twitter:card\" content=\"summary_large_image\" \/>\n<meta name=\"twitter:creator\" content=\"@narteks\" \/>\n<meta name=\"twitter:site\" content=\"@narteks\" \/>\n<meta name=\"twitter:label1\" content=\"Yazan:\" \/>\n\t<meta name=\"twitter:data1\" content=\"Tar\u0131k\" \/>\n\t<meta name=\"twitter:label2\" content=\"Tahmini okuma s\u00fcresi\" \/>\n\t<meta name=\"twitter:data2\" content=\"1 dakika\" \/>\n<script type=\"application\/ld+json\" class=\"yoast-schema-graph\">{\"@context\":\"https:\/\/schema.org\",\"@graph\":[{\"@type\":\"Article\",\"@id\":\"https:\/\/narteks.net\/index.php\/2009\/12\/06\/sehir-tutkun-yaban-ve-sana-asikti\/#article\",\"isPartOf\":{\"@id\":\"https:\/\/narteks.net\/index.php\/2009\/12\/06\/sehir-tutkun-yaban-ve-sana-asikti\/\"},\"author\":{\"name\":\"Tar\u0131k\",\"@id\":\"https:\/\/narteks.net\/#\/schema\/person\/61f37d9834294b72d31d274e7ed79bca\"},\"headline\":\"\u015eEH\u0130R TUTKUN YABAN VE SANA A\u015eIKTI\",\"datePublished\":\"2009-12-06T17:44:43+00:00\",\"mainEntityOfPage\":{\"@id\":\"https:\/\/narteks.net\/index.php\/2009\/12\/06\/sehir-tutkun-yaban-ve-sana-asikti\/\"},\"wordCount\":140,\"commentCount\":0,\"publisher\":{\"@id\":\"https:\/\/narteks.net\/#organization\"},\"articleSection\":[\"Cezmi ERS\u00d6Z\"],\"inLanguage\":\"tr\",\"potentialAction\":[{\"@type\":\"CommentAction\",\"name\":\"Comment\",\"target\":[\"https:\/\/narteks.net\/index.php\/2009\/12\/06\/sehir-tutkun-yaban-ve-sana-asikti\/#respond\"]}]},{\"@type\":\"WebPage\",\"@id\":\"https:\/\/narteks.net\/index.php\/2009\/12\/06\/sehir-tutkun-yaban-ve-sana-asikti\/\",\"url\":\"https:\/\/narteks.net\/index.php\/2009\/12\/06\/sehir-tutkun-yaban-ve-sana-asikti\/\",\"name\":\"\u015eEH\u0130R TUTKUN YABAN VE SANA A\u015eIKTI - narteks.net\",\"isPartOf\":{\"@id\":\"https:\/\/narteks.net\/#website\"},\"datePublished\":\"2009-12-06T17:44:43+00:00\",\"breadcrumb\":{\"@id\":\"https:\/\/narteks.net\/index.php\/2009\/12\/06\/sehir-tutkun-yaban-ve-sana-asikti\/#breadcrumb\"},\"inLanguage\":\"tr\",\"potentialAction\":[{\"@type\":\"ReadAction\",\"target\":[\"https:\/\/narteks.net\/index.php\/2009\/12\/06\/sehir-tutkun-yaban-ve-sana-asikti\/\"]}]},{\"@type\":\"BreadcrumbList\",\"@id\":\"https:\/\/narteks.net\/index.php\/2009\/12\/06\/sehir-tutkun-yaban-ve-sana-asikti\/#breadcrumb\",\"itemListElement\":[{\"@type\":\"ListItem\",\"position\":1,\"name\":\"Anasayfa\",\"item\":\"https:\/\/narteks.net\/\"},{\"@type\":\"ListItem\",\"position\":2,\"name\":\"\u015eEH\u0130R TUTKUN YABAN VE SANA A\u015eIKTI\"}]},{\"@type\":\"WebSite\",\"@id\":\"https:\/\/narteks.net\/#website\",\"url\":\"https:\/\/narteks.net\/\",\"name\":\"narteks.net\",\"description\":\"K\u00fclt\u00fcr Sanat Edebiyat Felsefe\",\"publisher\":{\"@id\":\"https:\/\/narteks.net\/#organization\"},\"alternateName\":\"K\u00fclt\u00fcr Sanat Edebiyat Felsefe\",\"potentialAction\":[{\"@type\":\"SearchAction\",\"target\":{\"@type\":\"EntryPoint\",\"urlTemplate\":\"https:\/\/narteks.net\/?s={search_term_string}\"},\"query-input\":{\"@type\":\"PropertyValueSpecification\",\"valueRequired\":true,\"valueName\":\"search_term_string\"}}],\"inLanguage\":\"tr\"},{\"@type\":\"Organization\",\"@id\":\"https:\/\/narteks.net\/#organization\",\"name\":\"narteks.net\",\"url\":\"https:\/\/narteks.net\/\",\"logo\":{\"@type\":\"ImageObject\",\"inLanguage\":\"tr\",\"@id\":\"https:\/\/narteks.net\/#\/schema\/logo\/image\/\",\"url\":\"https:\/\/narteks.net\/wp-content\/uploads\/narteks.png\",\"contentUrl\":\"https:\/\/narteks.net\/wp-content\/uploads\/narteks.png\",\"width\":300,\"height\":90,\"caption\":\"narteks.net\"},\"image\":{\"@id\":\"https:\/\/narteks.net\/#\/schema\/logo\/image\/\"},\"sameAs\":[\"https:\/\/x.com\/narteks\",\"https:\/\/instagram.com\/narteksnet\"]},{\"@type\":\"Person\",\"@id\":\"https:\/\/narteks.net\/#\/schema\/person\/61f37d9834294b72d31d274e7ed79bca\",\"name\":\"Tar\u0131k\",\"image\":{\"@type\":\"ImageObject\",\"inLanguage\":\"tr\",\"@id\":\"https:\/\/narteks.net\/#\/schema\/person\/image\/\",\"url\":\"https:\/\/secure.gravatar.com\/avatar\/50865afb55632c4ae467e0af0930f6510aa2297d8014be502a55b14f3b7550cf?s=96&d=mm&r=g\",\"contentUrl\":\"https:\/\/secure.gravatar.com\/avatar\/50865afb55632c4ae467e0af0930f6510aa2297d8014be502a55b14f3b7550cf?s=96&d=mm&r=g\",\"caption\":\"Tar\u0131k\"},\"sameAs\":[\"http:\/\/narteks.net\"],\"url\":\"https:\/\/narteks.net\/index.php\/author\/narbak\/\"}]}<\/script>\n<!-- \/ Yoast SEO Premium plugin. -->","yoast_head_json":{"title":"\u015eEH\u0130R TUTKUN YABAN VE SANA A\u015eIKTI - narteks.net","robots":{"index":"index","follow":"follow","max-snippet":"max-snippet:-1","max-image-preview":"max-image-preview:large","max-video-preview":"max-video-preview:-1"},"canonical":"https:\/\/narteks.net\/index.php\/2009\/12\/06\/sehir-tutkun-yaban-ve-sana-asikti\/","og_locale":"tr_TR","og_type":"article","og_title":"\u015eEH\u0130R TUTKUN YABAN VE SANA A\u015eIKTI","og_description":"\u00a0 \u015eehir tutkun, yaban ve sana a\u015f\u0131kt\u0131 Karl\u0131 bir nehir gibi uzayan dalg\u0131nl\u0131\u011f\u0131ndan uyand\u0131rmak i\u00e7in seni siren sesleriyle a\u011flard\u0131. Oysa sen hep kalbine inerek sevdin g\u00fczel ve sap\u0131k \u00e7ocuklar\u0131, polis \u0131\u015f\u0131klar\u0131ndan d\u00f6vmelerin oldu s\u00fct teninde k\u0131rg\u0131n ve i\u00e7e d\u00f6n\u00fck sevi\u015fmeden S\u00f6z gelimi korkard\u0131n \u00f6l\u00fc kad\u0131nlara kar topu atan \u00e7elimsiz \u00e7ocuklardan sa\u00e7lar\u0131ndaki \u015feffaf papatyalar bile korkard\u0131. [&hellip;]","og_url":"https:\/\/narteks.net\/index.php\/2009\/12\/06\/sehir-tutkun-yaban-ve-sana-asikti\/","og_site_name":"narteks.net","article_published_time":"2009-12-06T17:44:43+00:00","og_image":[{"width":300,"height":90,"url":"https:\/\/narteks.net\/wp-content\/uploads\/narteks.png","type":"image\/png"}],"author":"Tar\u0131k","twitter_card":"summary_large_image","twitter_creator":"@narteks","twitter_site":"@narteks","twitter_misc":{"Yazan:":"Tar\u0131k","Tahmini okuma s\u00fcresi":"1 dakika"},"schema":{"@context":"https:\/\/schema.org","@graph":[{"@type":"Article","@id":"https:\/\/narteks.net\/index.php\/2009\/12\/06\/sehir-tutkun-yaban-ve-sana-asikti\/#article","isPartOf":{"@id":"https:\/\/narteks.net\/index.php\/2009\/12\/06\/sehir-tutkun-yaban-ve-sana-asikti\/"},"author":{"name":"Tar\u0131k","@id":"https:\/\/narteks.net\/#\/schema\/person\/61f37d9834294b72d31d274e7ed79bca"},"headline":"\u015eEH\u0130R TUTKUN YABAN VE SANA A\u015eIKTI","datePublished":"2009-12-06T17:44:43+00:00","mainEntityOfPage":{"@id":"https:\/\/narteks.net\/index.php\/2009\/12\/06\/sehir-tutkun-yaban-ve-sana-asikti\/"},"wordCount":140,"commentCount":0,"publisher":{"@id":"https:\/\/narteks.net\/#organization"},"articleSection":["Cezmi ERS\u00d6Z"],"inLanguage":"tr","potentialAction":[{"@type":"CommentAction","name":"Comment","target":["https:\/\/narteks.net\/index.php\/2009\/12\/06\/sehir-tutkun-yaban-ve-sana-asikti\/#respond"]}]},{"@type":"WebPage","@id":"https:\/\/narteks.net\/index.php\/2009\/12\/06\/sehir-tutkun-yaban-ve-sana-asikti\/","url":"https:\/\/narteks.net\/index.php\/2009\/12\/06\/sehir-tutkun-yaban-ve-sana-asikti\/","name":"\u015eEH\u0130R TUTKUN YABAN VE SANA A\u015eIKTI - narteks.net","isPartOf":{"@id":"https:\/\/narteks.net\/#website"},"datePublished":"2009-12-06T17:44:43+00:00","breadcrumb":{"@id":"https:\/\/narteks.net\/index.php\/2009\/12\/06\/sehir-tutkun-yaban-ve-sana-asikti\/#breadcrumb"},"inLanguage":"tr","potentialAction":[{"@type":"ReadAction","target":["https:\/\/narteks.net\/index.php\/2009\/12\/06\/sehir-tutkun-yaban-ve-sana-asikti\/"]}]},{"@type":"BreadcrumbList","@id":"https:\/\/narteks.net\/index.php\/2009\/12\/06\/sehir-tutkun-yaban-ve-sana-asikti\/#breadcrumb","itemListElement":[{"@type":"ListItem","position":1,"name":"Anasayfa","item":"https:\/\/narteks.net\/"},{"@type":"ListItem","position":2,"name":"\u015eEH\u0130R TUTKUN YABAN VE SANA A\u015eIKTI"}]},{"@type":"WebSite","@id":"https:\/\/narteks.net\/#website","url":"https:\/\/narteks.net\/","name":"narteks.net","description":"K\u00fclt\u00fcr Sanat Edebiyat Felsefe","publisher":{"@id":"https:\/\/narteks.net\/#organization"},"alternateName":"K\u00fclt\u00fcr Sanat Edebiyat Felsefe","potentialAction":[{"@type":"SearchAction","target":{"@type":"EntryPoint","urlTemplate":"https:\/\/narteks.net\/?s={search_term_string}"},"query-input":{"@type":"PropertyValueSpecification","valueRequired":true,"valueName":"search_term_string"}}],"inLanguage":"tr"},{"@type":"Organization","@id":"https:\/\/narteks.net\/#organization","name":"narteks.net","url":"https:\/\/narteks.net\/","logo":{"@type":"ImageObject","inLanguage":"tr","@id":"https:\/\/narteks.net\/#\/schema\/logo\/image\/","url":"https:\/\/narteks.net\/wp-content\/uploads\/narteks.png","contentUrl":"https:\/\/narteks.net\/wp-content\/uploads\/narteks.png","width":300,"height":90,"caption":"narteks.net"},"image":{"@id":"https:\/\/narteks.net\/#\/schema\/logo\/image\/"},"sameAs":["https:\/\/x.com\/narteks","https:\/\/instagram.com\/narteksnet"]},{"@type":"Person","@id":"https:\/\/narteks.net\/#\/schema\/person\/61f37d9834294b72d31d274e7ed79bca","name":"Tar\u0131k","image":{"@type":"ImageObject","inLanguage":"tr","@id":"https:\/\/narteks.net\/#\/schema\/person\/image\/","url":"https:\/\/secure.gravatar.com\/avatar\/50865afb55632c4ae467e0af0930f6510aa2297d8014be502a55b14f3b7550cf?s=96&d=mm&r=g","contentUrl":"https:\/\/secure.gravatar.com\/avatar\/50865afb55632c4ae467e0af0930f6510aa2297d8014be502a55b14f3b7550cf?s=96&d=mm&r=g","caption":"Tar\u0131k"},"sameAs":["http:\/\/narteks.net"],"url":"https:\/\/narteks.net\/index.php\/author\/narbak\/"}]}},"_links":{"self":[{"href":"https:\/\/narteks.net\/index.php\/wp-json\/wp\/v2\/posts\/2581","targetHints":{"allow":["GET"]}}],"collection":[{"href":"https:\/\/narteks.net\/index.php\/wp-json\/wp\/v2\/posts"}],"about":[{"href":"https:\/\/narteks.net\/index.php\/wp-json\/wp\/v2\/types\/post"}],"author":[{"embeddable":true,"href":"https:\/\/narteks.net\/index.php\/wp-json\/wp\/v2\/users\/1"}],"replies":[{"embeddable":true,"href":"https:\/\/narteks.net\/index.php\/wp-json\/wp\/v2\/comments?post=2581"}],"version-history":[{"count":0,"href":"https:\/\/narteks.net\/index.php\/wp-json\/wp\/v2\/posts\/2581\/revisions"}],"wp:attachment":[{"href":"https:\/\/narteks.net\/index.php\/wp-json\/wp\/v2\/media?parent=2581"}],"wp:term":[{"taxonomy":"category","embeddable":true,"href":"https:\/\/narteks.net\/index.php\/wp-json\/wp\/v2\/categories?post=2581"},{"taxonomy":"post_tag","embeddable":true,"href":"https:\/\/narteks.net\/index.php\/wp-json\/wp\/v2\/tags?post=2581"}],"curies":[{"name":"wp","href":"https:\/\/api.w.org\/{rel}","templated":true}]}}