{"id":2582,"date":"2009-12-06T20:45:43","date_gmt":"2009-12-06T17:45:43","guid":{"rendered":"http:\/\/localhost\/wordpress\/2009\/12\/06\/simdi-burada-degilsin\/"},"modified":"2009-12-06T20:45:43","modified_gmt":"2009-12-06T17:45:43","slug":"simdi-burada-degilsin","status":"publish","type":"post","link":"https:\/\/narteks.net\/index.php\/2009\/12\/06\/simdi-burada-degilsin\/","title":{"rendered":"\u015e\u0130MD\u0130 BURADA DE\u011e\u0130LS\u0130N"},"content":{"rendered":"<p>\u00a0<\/p>\n<p>\u015fimdi burda de\u011filsin&#8230;. <br \/>ama beni duyuyosun&#8230;biliyorum&#8230; <br \/>kapat g\u00f6zlerini benim i\u00e7in ve dinle n&#8217;olur&#8230; <br \/>bak yoksun&#8230; <br \/>bunun anlam\u0131n\u0131 biliyomusunn&#8230;. <br \/>yoklu\u011fun <br \/>y\u00fcre\u011fimmdeki bu y\u0131ld\u0131zs\u0131z, <br \/>bu dipsiz, karanl\u0131k gece&#8230; <br \/>yoklu\u011fun, odam\u0131n duvarlar\u0131na ast\u0131\u011f\u0131m suretlerine bakarken, <br \/>unuttu\u011fum dalg\u0131n g\u00f6zlerim&#8230;. <br \/>yoklu\u011fun yast\u0131\u011f\u0131mda b\u0131rakt\u0131\u011f\u0131n bu kimsesiz sa\u00e7 telleri&#8230; <br \/>s\u0131rf kalemini de\u011fdirdi\u011fin i\u00e7in atmaya k\u0131yamad\u0131\u011f\u0131m bu ka\u011f\u0131tlar&#8230; <br \/>her an g\u00f6z\u00fcm\u00fcn \u00f6n\u00fcnde saklad\u0131\u011f\u0131m mektuplar\u0131n, <br \/>pe\u00e7etelere yazd\u0131\u011f\u0131n \u015fiirlerin, <br \/>hediyelerini sard\u0131\u011f\u0131n paket ka\u011f\u0131tlar\u0131n&#8230; <br \/>sen gidince, <br \/>hala sen kokuyodur, diye \u00fczerime giydi\u011fim <br \/>ve derinn derinn <br \/>soludu\u011fumm giysilerin&#8230;. <br \/>bu yar\u0131 deli&#8230; <br \/>bu hayattan kopuk ruhum&#8230; <br \/>kapat g\u00f6zlerini ve bana baak&#8230;. <br \/>ben ne diye varsa g\u00f6rd\u00fc\u011f\u00fcn, i\u015fte o senin yoklu\u011fun&#8230;. <br \/>s\u00f6yle.! <br \/>sana neyi anlatay\u0131mm&#8230; <br \/>sabaha kar\u015f\u0131 \u00e7alan telefonumun ucunda, <br \/>n&#8217;luuur bana hayattan k\u00f6t\u00fc davranma diyen&#8230;say\u0131klayan.. <br \/>o k\u0131rg\u0131n, o kendine \u00e7arpan sesini mi..!<\/p>\n<p>Cezmi ERS\u00d6Z<\/p>\n","protected":false},"excerpt":{"rendered":"<p>\u00a0 \u015fimdi burda de\u011filsin&#8230;. ama beni duyuyosun&#8230;biliyorum&#8230; kapat g\u00f6zlerini benim i\u00e7in ve dinle n&#8217;olur&#8230; bak yoksun&#8230; bunun anlam\u0131n\u0131 biliyomusunn&#8230;. yoklu\u011fun y\u00fcre\u011fimmdeki bu y\u0131ld\u0131zs\u0131z, bu dipsiz, karanl\u0131k gece&#8230; yoklu\u011fun, odam\u0131n duvarlar\u0131na ast\u0131\u011f\u0131m suretlerine bakarken, unuttu\u011fum dalg\u0131n g\u00f6zlerim&#8230;. yoklu\u011fun yast\u0131\u011f\u0131mda b\u0131rakt\u0131\u011f\u0131n bu kimsesiz sa\u00e7 telleri&#8230; s\u0131rf kalemini de\u011fdirdi\u011fin i\u00e7in atmaya k\u0131yamad\u0131\u011f\u0131m bu ka\u011f\u0131tlar&#8230; her an g\u00f6z\u00fcm\u00fcn \u00f6n\u00fcnde [&hellip;]<\/p>\n","protected":false},"author":1,"featured_media":0,"comment_status":"open","ping_status":"open","sticky":false,"template":"","format":"standard","meta":{"footnotes":""},"categories":[18],"tags":[],"class_list":{"0":"post-2582","1":"post","2":"type-post","3":"status-publish","4":"format-standard","6":"category-cezmi-ersoz"},"yoast_head":"<!-- This site is optimized with the Yoast SEO Premium plugin v24.9 (Yoast SEO v24.9) - https:\/\/yoast.com\/wordpress\/plugins\/seo\/ -->\n<title>\u015e\u0130MD\u0130 BURADA DE\u011e\u0130LS\u0130N - narteks.net<\/title>\n<meta name=\"robots\" content=\"index, follow, max-snippet:-1, max-image-preview:large, max-video-preview:-1\" \/>\n<link rel=\"canonical\" href=\"https:\/\/narteks.net\/index.php\/2009\/12\/06\/simdi-burada-degilsin\/\" \/>\n<meta property=\"og:locale\" content=\"tr_TR\" \/>\n<meta property=\"og:type\" content=\"article\" \/>\n<meta property=\"og:title\" content=\"\u015e\u0130MD\u0130 BURADA DE\u011e\u0130LS\u0130N\" \/>\n<meta property=\"og:description\" content=\"\u00a0 \u015fimdi burda de\u011filsin&#8230;. ama beni duyuyosun&#8230;biliyorum&#8230; kapat g\u00f6zlerini benim i\u00e7in ve dinle n&#8217;olur&#8230; bak yoksun&#8230; bunun anlam\u0131n\u0131 biliyomusunn&#8230;. yoklu\u011fun y\u00fcre\u011fimmdeki bu y\u0131ld\u0131zs\u0131z, bu dipsiz, karanl\u0131k gece&#8230; yoklu\u011fun, odam\u0131n duvarlar\u0131na ast\u0131\u011f\u0131m suretlerine bakarken, unuttu\u011fum dalg\u0131n g\u00f6zlerim&#8230;. yoklu\u011fun yast\u0131\u011f\u0131mda b\u0131rakt\u0131\u011f\u0131n bu kimsesiz sa\u00e7 telleri&#8230; s\u0131rf kalemini de\u011fdirdi\u011fin i\u00e7in atmaya k\u0131yamad\u0131\u011f\u0131m bu ka\u011f\u0131tlar&#8230; her an g\u00f6z\u00fcm\u00fcn \u00f6n\u00fcnde [&hellip;]\" \/>\n<meta property=\"og:url\" content=\"https:\/\/narteks.net\/index.php\/2009\/12\/06\/simdi-burada-degilsin\/\" \/>\n<meta property=\"og:site_name\" content=\"narteks.net\" \/>\n<meta property=\"article:published_time\" content=\"2009-12-06T17:45:43+00:00\" \/>\n<meta property=\"og:image\" content=\"https:\/\/narteks.net\/wp-content\/uploads\/narteks.png\" \/>\n\t<meta property=\"og:image:width\" content=\"300\" \/>\n\t<meta property=\"og:image:height\" content=\"90\" \/>\n\t<meta property=\"og:image:type\" content=\"image\/png\" \/>\n<meta name=\"author\" content=\"Tar\u0131k\" \/>\n<meta name=\"twitter:card\" content=\"summary_large_image\" \/>\n<meta name=\"twitter:creator\" content=\"@narteks\" \/>\n<meta name=\"twitter:site\" content=\"@narteks\" \/>\n<meta name=\"twitter:label1\" content=\"Yazan:\" \/>\n\t<meta name=\"twitter:data1\" content=\"Tar\u0131k\" \/>\n\t<meta name=\"twitter:label2\" content=\"Tahmini okuma s\u00fcresi\" \/>\n\t<meta name=\"twitter:data2\" content=\"1 dakika\" \/>\n<script type=\"application\/ld+json\" class=\"yoast-schema-graph\">{\"@context\":\"https:\/\/schema.org\",\"@graph\":[{\"@type\":\"Article\",\"@id\":\"https:\/\/narteks.net\/index.php\/2009\/12\/06\/simdi-burada-degilsin\/#article\",\"isPartOf\":{\"@id\":\"https:\/\/narteks.net\/index.php\/2009\/12\/06\/simdi-burada-degilsin\/\"},\"author\":{\"name\":\"Tar\u0131k\",\"@id\":\"https:\/\/narteks.net\/#\/schema\/person\/61f37d9834294b72d31d274e7ed79bca\"},\"headline\":\"\u015e\u0130MD\u0130 BURADA DE\u011e\u0130LS\u0130N\",\"datePublished\":\"2009-12-06T17:45:43+00:00\",\"mainEntityOfPage\":{\"@id\":\"https:\/\/narteks.net\/index.php\/2009\/12\/06\/simdi-burada-degilsin\/\"},\"wordCount\":182,\"commentCount\":0,\"publisher\":{\"@id\":\"https:\/\/narteks.net\/#organization\"},\"articleSection\":[\"Cezmi ERS\u00d6Z\"],\"inLanguage\":\"tr\",\"potentialAction\":[{\"@type\":\"CommentAction\",\"name\":\"Comment\",\"target\":[\"https:\/\/narteks.net\/index.php\/2009\/12\/06\/simdi-burada-degilsin\/#respond\"]}]},{\"@type\":\"WebPage\",\"@id\":\"https:\/\/narteks.net\/index.php\/2009\/12\/06\/simdi-burada-degilsin\/\",\"url\":\"https:\/\/narteks.net\/index.php\/2009\/12\/06\/simdi-burada-degilsin\/\",\"name\":\"\u015e\u0130MD\u0130 BURADA DE\u011e\u0130LS\u0130N - narteks.net\",\"isPartOf\":{\"@id\":\"https:\/\/narteks.net\/#website\"},\"datePublished\":\"2009-12-06T17:45:43+00:00\",\"breadcrumb\":{\"@id\":\"https:\/\/narteks.net\/index.php\/2009\/12\/06\/simdi-burada-degilsin\/#breadcrumb\"},\"inLanguage\":\"tr\",\"potentialAction\":[{\"@type\":\"ReadAction\",\"target\":[\"https:\/\/narteks.net\/index.php\/2009\/12\/06\/simdi-burada-degilsin\/\"]}]},{\"@type\":\"BreadcrumbList\",\"@id\":\"https:\/\/narteks.net\/index.php\/2009\/12\/06\/simdi-burada-degilsin\/#breadcrumb\",\"itemListElement\":[{\"@type\":\"ListItem\",\"position\":1,\"name\":\"Anasayfa\",\"item\":\"https:\/\/narteks.net\/\"},{\"@type\":\"ListItem\",\"position\":2,\"name\":\"\u015e\u0130MD\u0130 BURADA DE\u011e\u0130LS\u0130N\"}]},{\"@type\":\"WebSite\",\"@id\":\"https:\/\/narteks.net\/#website\",\"url\":\"https:\/\/narteks.net\/\",\"name\":\"narteks.net\",\"description\":\"K\u00fclt\u00fcr Sanat Edebiyat Felsefe\",\"publisher\":{\"@id\":\"https:\/\/narteks.net\/#organization\"},\"alternateName\":\"K\u00fclt\u00fcr Sanat Edebiyat Felsefe\",\"potentialAction\":[{\"@type\":\"SearchAction\",\"target\":{\"@type\":\"EntryPoint\",\"urlTemplate\":\"https:\/\/narteks.net\/?s={search_term_string}\"},\"query-input\":{\"@type\":\"PropertyValueSpecification\",\"valueRequired\":true,\"valueName\":\"search_term_string\"}}],\"inLanguage\":\"tr\"},{\"@type\":\"Organization\",\"@id\":\"https:\/\/narteks.net\/#organization\",\"name\":\"narteks.net\",\"url\":\"https:\/\/narteks.net\/\",\"logo\":{\"@type\":\"ImageObject\",\"inLanguage\":\"tr\",\"@id\":\"https:\/\/narteks.net\/#\/schema\/logo\/image\/\",\"url\":\"https:\/\/narteks.net\/wp-content\/uploads\/narteks.png\",\"contentUrl\":\"https:\/\/narteks.net\/wp-content\/uploads\/narteks.png\",\"width\":300,\"height\":90,\"caption\":\"narteks.net\"},\"image\":{\"@id\":\"https:\/\/narteks.net\/#\/schema\/logo\/image\/\"},\"sameAs\":[\"https:\/\/x.com\/narteks\",\"https:\/\/instagram.com\/narteksnet\"]},{\"@type\":\"Person\",\"@id\":\"https:\/\/narteks.net\/#\/schema\/person\/61f37d9834294b72d31d274e7ed79bca\",\"name\":\"Tar\u0131k\",\"image\":{\"@type\":\"ImageObject\",\"inLanguage\":\"tr\",\"@id\":\"https:\/\/narteks.net\/#\/schema\/person\/image\/\",\"url\":\"https:\/\/secure.gravatar.com\/avatar\/50865afb55632c4ae467e0af0930f6510aa2297d8014be502a55b14f3b7550cf?s=96&d=mm&r=g\",\"contentUrl\":\"https:\/\/secure.gravatar.com\/avatar\/50865afb55632c4ae467e0af0930f6510aa2297d8014be502a55b14f3b7550cf?s=96&d=mm&r=g\",\"caption\":\"Tar\u0131k\"},\"sameAs\":[\"http:\/\/narteks.net\"],\"url\":\"https:\/\/narteks.net\/index.php\/author\/narbak\/\"}]}<\/script>\n<!-- \/ Yoast SEO Premium plugin. -->","yoast_head_json":{"title":"\u015e\u0130MD\u0130 BURADA DE\u011e\u0130LS\u0130N - narteks.net","robots":{"index":"index","follow":"follow","max-snippet":"max-snippet:-1","max-image-preview":"max-image-preview:large","max-video-preview":"max-video-preview:-1"},"canonical":"https:\/\/narteks.net\/index.php\/2009\/12\/06\/simdi-burada-degilsin\/","og_locale":"tr_TR","og_type":"article","og_title":"\u015e\u0130MD\u0130 BURADA DE\u011e\u0130LS\u0130N","og_description":"\u00a0 \u015fimdi burda de\u011filsin&#8230;. ama beni duyuyosun&#8230;biliyorum&#8230; kapat g\u00f6zlerini benim i\u00e7in ve dinle n&#8217;olur&#8230; bak yoksun&#8230; bunun anlam\u0131n\u0131 biliyomusunn&#8230;. yoklu\u011fun y\u00fcre\u011fimmdeki bu y\u0131ld\u0131zs\u0131z, bu dipsiz, karanl\u0131k gece&#8230; yoklu\u011fun, odam\u0131n duvarlar\u0131na ast\u0131\u011f\u0131m suretlerine bakarken, unuttu\u011fum dalg\u0131n g\u00f6zlerim&#8230;. yoklu\u011fun yast\u0131\u011f\u0131mda b\u0131rakt\u0131\u011f\u0131n bu kimsesiz sa\u00e7 telleri&#8230; s\u0131rf kalemini de\u011fdirdi\u011fin i\u00e7in atmaya k\u0131yamad\u0131\u011f\u0131m bu ka\u011f\u0131tlar&#8230; her an g\u00f6z\u00fcm\u00fcn \u00f6n\u00fcnde [&hellip;]","og_url":"https:\/\/narteks.net\/index.php\/2009\/12\/06\/simdi-burada-degilsin\/","og_site_name":"narteks.net","article_published_time":"2009-12-06T17:45:43+00:00","og_image":[{"width":300,"height":90,"url":"https:\/\/narteks.net\/wp-content\/uploads\/narteks.png","type":"image\/png"}],"author":"Tar\u0131k","twitter_card":"summary_large_image","twitter_creator":"@narteks","twitter_site":"@narteks","twitter_misc":{"Yazan:":"Tar\u0131k","Tahmini okuma s\u00fcresi":"1 dakika"},"schema":{"@context":"https:\/\/schema.org","@graph":[{"@type":"Article","@id":"https:\/\/narteks.net\/index.php\/2009\/12\/06\/simdi-burada-degilsin\/#article","isPartOf":{"@id":"https:\/\/narteks.net\/index.php\/2009\/12\/06\/simdi-burada-degilsin\/"},"author":{"name":"Tar\u0131k","@id":"https:\/\/narteks.net\/#\/schema\/person\/61f37d9834294b72d31d274e7ed79bca"},"headline":"\u015e\u0130MD\u0130 BURADA DE\u011e\u0130LS\u0130N","datePublished":"2009-12-06T17:45:43+00:00","mainEntityOfPage":{"@id":"https:\/\/narteks.net\/index.php\/2009\/12\/06\/simdi-burada-degilsin\/"},"wordCount":182,"commentCount":0,"publisher":{"@id":"https:\/\/narteks.net\/#organization"},"articleSection":["Cezmi ERS\u00d6Z"],"inLanguage":"tr","potentialAction":[{"@type":"CommentAction","name":"Comment","target":["https:\/\/narteks.net\/index.php\/2009\/12\/06\/simdi-burada-degilsin\/#respond"]}]},{"@type":"WebPage","@id":"https:\/\/narteks.net\/index.php\/2009\/12\/06\/simdi-burada-degilsin\/","url":"https:\/\/narteks.net\/index.php\/2009\/12\/06\/simdi-burada-degilsin\/","name":"\u015e\u0130MD\u0130 BURADA DE\u011e\u0130LS\u0130N - narteks.net","isPartOf":{"@id":"https:\/\/narteks.net\/#website"},"datePublished":"2009-12-06T17:45:43+00:00","breadcrumb":{"@id":"https:\/\/narteks.net\/index.php\/2009\/12\/06\/simdi-burada-degilsin\/#breadcrumb"},"inLanguage":"tr","potentialAction":[{"@type":"ReadAction","target":["https:\/\/narteks.net\/index.php\/2009\/12\/06\/simdi-burada-degilsin\/"]}]},{"@type":"BreadcrumbList","@id":"https:\/\/narteks.net\/index.php\/2009\/12\/06\/simdi-burada-degilsin\/#breadcrumb","itemListElement":[{"@type":"ListItem","position":1,"name":"Anasayfa","item":"https:\/\/narteks.net\/"},{"@type":"ListItem","position":2,"name":"\u015e\u0130MD\u0130 BURADA DE\u011e\u0130LS\u0130N"}]},{"@type":"WebSite","@id":"https:\/\/narteks.net\/#website","url":"https:\/\/narteks.net\/","name":"narteks.net","description":"K\u00fclt\u00fcr Sanat Edebiyat Felsefe","publisher":{"@id":"https:\/\/narteks.net\/#organization"},"alternateName":"K\u00fclt\u00fcr Sanat Edebiyat Felsefe","potentialAction":[{"@type":"SearchAction","target":{"@type":"EntryPoint","urlTemplate":"https:\/\/narteks.net\/?s={search_term_string}"},"query-input":{"@type":"PropertyValueSpecification","valueRequired":true,"valueName":"search_term_string"}}],"inLanguage":"tr"},{"@type":"Organization","@id":"https:\/\/narteks.net\/#organization","name":"narteks.net","url":"https:\/\/narteks.net\/","logo":{"@type":"ImageObject","inLanguage":"tr","@id":"https:\/\/narteks.net\/#\/schema\/logo\/image\/","url":"https:\/\/narteks.net\/wp-content\/uploads\/narteks.png","contentUrl":"https:\/\/narteks.net\/wp-content\/uploads\/narteks.png","width":300,"height":90,"caption":"narteks.net"},"image":{"@id":"https:\/\/narteks.net\/#\/schema\/logo\/image\/"},"sameAs":["https:\/\/x.com\/narteks","https:\/\/instagram.com\/narteksnet"]},{"@type":"Person","@id":"https:\/\/narteks.net\/#\/schema\/person\/61f37d9834294b72d31d274e7ed79bca","name":"Tar\u0131k","image":{"@type":"ImageObject","inLanguage":"tr","@id":"https:\/\/narteks.net\/#\/schema\/person\/image\/","url":"https:\/\/secure.gravatar.com\/avatar\/50865afb55632c4ae467e0af0930f6510aa2297d8014be502a55b14f3b7550cf?s=96&d=mm&r=g","contentUrl":"https:\/\/secure.gravatar.com\/avatar\/50865afb55632c4ae467e0af0930f6510aa2297d8014be502a55b14f3b7550cf?s=96&d=mm&r=g","caption":"Tar\u0131k"},"sameAs":["http:\/\/narteks.net"],"url":"https:\/\/narteks.net\/index.php\/author\/narbak\/"}]}},"_links":{"self":[{"href":"https:\/\/narteks.net\/index.php\/wp-json\/wp\/v2\/posts\/2582","targetHints":{"allow":["GET"]}}],"collection":[{"href":"https:\/\/narteks.net\/index.php\/wp-json\/wp\/v2\/posts"}],"about":[{"href":"https:\/\/narteks.net\/index.php\/wp-json\/wp\/v2\/types\/post"}],"author":[{"embeddable":true,"href":"https:\/\/narteks.net\/index.php\/wp-json\/wp\/v2\/users\/1"}],"replies":[{"embeddable":true,"href":"https:\/\/narteks.net\/index.php\/wp-json\/wp\/v2\/comments?post=2582"}],"version-history":[{"count":0,"href":"https:\/\/narteks.net\/index.php\/wp-json\/wp\/v2\/posts\/2582\/revisions"}],"wp:attachment":[{"href":"https:\/\/narteks.net\/index.php\/wp-json\/wp\/v2\/media?parent=2582"}],"wp:term":[{"taxonomy":"category","embeddable":true,"href":"https:\/\/narteks.net\/index.php\/wp-json\/wp\/v2\/categories?post=2582"},{"taxonomy":"post_tag","embeddable":true,"href":"https:\/\/narteks.net\/index.php\/wp-json\/wp\/v2\/tags?post=2582"}],"curies":[{"name":"wp","href":"https:\/\/api.w.org\/{rel}","templated":true}]}}