{"id":2585,"date":"2009-12-06T20:48:10","date_gmt":"2009-12-06T17:48:10","guid":{"rendered":"http:\/\/localhost\/wordpress\/2009\/12\/06\/yetim-sevincli-askimiz\/"},"modified":"2009-12-06T20:48:10","modified_gmt":"2009-12-06T17:48:10","slug":"yetim-sevincli-askimiz","status":"publish","type":"post","link":"https:\/\/narteks.net\/index.php\/2009\/12\/06\/yetim-sevincli-askimiz\/","title":{"rendered":"YET\u0130M SEV\u0130N\u00c7L\u0130 A\u015eKIMIZ"},"content":{"rendered":"<p>\u00a0<\/p>\n<p>Nas\u0131l da unuttuk, <br \/> kimsesiz odalarda <br \/> i\u015fte vaktidir kendimizden kopman\u0131n, <br \/> dedi\u011fimiz o sonsuzluk anlar\u0131n\u0131n <br \/> bizi herkesten ay\u0131rd\u0131\u011f\u0131n\u0131&#8230; <\/p>\n<p> Nas\u0131l da unuttuk, <br \/> mutluluktan,hazdan,sevin\u00e7ten <br \/> daha \u00e7ok bizi hayata ba\u011flayan <br \/> o \u0131st\u0131rap dolu hayaletin, <br \/> o kara h\u00fclyan\u0131n <br \/> bizi herkesten ay\u0131rd\u0131\u011f\u0131n\u0131&#8230; <\/p>\n<p> \u015eimdi yetim sevin\u00e7li a\u015fk\u0131m\u0131z <br \/> b\u00fcy\u00fclenmi\u015f,hayran kendine, <br \/> \u015fimdi vakitsiz, belki \u00e7ok ge\u00e7, kay\u0131ts\u0131z <br \/> kendine&#8230; <br \/> At\u0131yor tenini, tenindeki ruhu <br \/> at\u0131yor, <br \/> k\u00f6r ve iradesiz bir \u015fehvetin ate\u015fine.<\/p>\n<p>Cezmi ERS\u00d6Z<\/p>\n","protected":false},"excerpt":{"rendered":"<p>\u00a0 Nas\u0131l da unuttuk, kimsesiz odalarda i\u015fte vaktidir kendimizden kopman\u0131n, dedi\u011fimiz o sonsuzluk anlar\u0131n\u0131n bizi herkesten ay\u0131rd\u0131\u011f\u0131n\u0131&#8230; Nas\u0131l da unuttuk, mutluluktan,hazdan,sevin\u00e7ten daha \u00e7ok bizi hayata ba\u011flayan o \u0131st\u0131rap dolu hayaletin, o kara h\u00fclyan\u0131n bizi herkesten ay\u0131rd\u0131\u011f\u0131n\u0131&#8230; \u015eimdi yetim sevin\u00e7li a\u015fk\u0131m\u0131z b\u00fcy\u00fclenmi\u015f,hayran kendine, \u015fimdi vakitsiz, belki \u00e7ok ge\u00e7, kay\u0131ts\u0131z kendine&#8230; At\u0131yor tenini, tenindeki ruhu at\u0131yor, k\u00f6r [&hellip;]<\/p>\n","protected":false},"author":1,"featured_media":0,"comment_status":"open","ping_status":"open","sticky":false,"template":"","format":"standard","meta":{"footnotes":""},"categories":[18],"tags":[],"class_list":{"0":"post-2585","1":"post","2":"type-post","3":"status-publish","4":"format-standard","6":"category-cezmi-ersoz"},"yoast_head":"<!-- This site is optimized with the Yoast SEO Premium plugin v24.9 (Yoast SEO v24.9) - https:\/\/yoast.com\/wordpress\/plugins\/seo\/ -->\n<title>YET\u0130M SEV\u0130N\u00c7L\u0130 A\u015eKIMIZ - narteks.net<\/title>\n<meta name=\"robots\" content=\"index, follow, max-snippet:-1, max-image-preview:large, max-video-preview:-1\" \/>\n<link rel=\"canonical\" href=\"https:\/\/narteks.net\/index.php\/2009\/12\/06\/yetim-sevincli-askimiz\/\" \/>\n<meta property=\"og:locale\" content=\"tr_TR\" \/>\n<meta property=\"og:type\" content=\"article\" \/>\n<meta property=\"og:title\" content=\"YET\u0130M SEV\u0130N\u00c7L\u0130 A\u015eKIMIZ\" \/>\n<meta property=\"og:description\" content=\"\u00a0 Nas\u0131l da unuttuk, kimsesiz odalarda i\u015fte vaktidir kendimizden kopman\u0131n, dedi\u011fimiz o sonsuzluk anlar\u0131n\u0131n bizi herkesten ay\u0131rd\u0131\u011f\u0131n\u0131&#8230; Nas\u0131l da unuttuk, mutluluktan,hazdan,sevin\u00e7ten daha \u00e7ok bizi hayata ba\u011flayan o \u0131st\u0131rap dolu hayaletin, o kara h\u00fclyan\u0131n bizi herkesten ay\u0131rd\u0131\u011f\u0131n\u0131&#8230; \u015eimdi yetim sevin\u00e7li a\u015fk\u0131m\u0131z b\u00fcy\u00fclenmi\u015f,hayran kendine, \u015fimdi vakitsiz, belki \u00e7ok ge\u00e7, kay\u0131ts\u0131z kendine&#8230; At\u0131yor tenini, tenindeki ruhu at\u0131yor, k\u00f6r [&hellip;]\" \/>\n<meta property=\"og:url\" content=\"https:\/\/narteks.net\/index.php\/2009\/12\/06\/yetim-sevincli-askimiz\/\" \/>\n<meta property=\"og:site_name\" content=\"narteks.net\" \/>\n<meta property=\"article:published_time\" content=\"2009-12-06T17:48:10+00:00\" \/>\n<meta property=\"og:image\" content=\"https:\/\/narteks.net\/wp-content\/uploads\/narteks.png\" \/>\n\t<meta property=\"og:image:width\" content=\"300\" \/>\n\t<meta property=\"og:image:height\" content=\"90\" \/>\n\t<meta property=\"og:image:type\" content=\"image\/png\" \/>\n<meta name=\"author\" content=\"Tar\u0131k\" \/>\n<meta name=\"twitter:card\" content=\"summary_large_image\" \/>\n<meta name=\"twitter:creator\" content=\"@narteks\" \/>\n<meta name=\"twitter:site\" content=\"@narteks\" \/>\n<meta name=\"twitter:label1\" content=\"Yazan:\" \/>\n\t<meta name=\"twitter:data1\" content=\"Tar\u0131k\" \/>\n<script type=\"application\/ld+json\" class=\"yoast-schema-graph\">{\"@context\":\"https:\/\/schema.org\",\"@graph\":[{\"@type\":\"Article\",\"@id\":\"https:\/\/narteks.net\/index.php\/2009\/12\/06\/yetim-sevincli-askimiz\/#article\",\"isPartOf\":{\"@id\":\"https:\/\/narteks.net\/index.php\/2009\/12\/06\/yetim-sevincli-askimiz\/\"},\"author\":{\"name\":\"Tar\u0131k\",\"@id\":\"https:\/\/narteks.net\/#\/schema\/person\/61f37d9834294b72d31d274e7ed79bca\"},\"headline\":\"YET\u0130M SEV\u0130N\u00c7L\u0130 A\u015eKIMIZ\",\"datePublished\":\"2009-12-06T17:48:10+00:00\",\"mainEntityOfPage\":{\"@id\":\"https:\/\/narteks.net\/index.php\/2009\/12\/06\/yetim-sevincli-askimiz\/\"},\"wordCount\":100,\"commentCount\":0,\"publisher\":{\"@id\":\"https:\/\/narteks.net\/#organization\"},\"articleSection\":[\"Cezmi ERS\u00d6Z\"],\"inLanguage\":\"tr\",\"potentialAction\":[{\"@type\":\"CommentAction\",\"name\":\"Comment\",\"target\":[\"https:\/\/narteks.net\/index.php\/2009\/12\/06\/yetim-sevincli-askimiz\/#respond\"]}]},{\"@type\":\"WebPage\",\"@id\":\"https:\/\/narteks.net\/index.php\/2009\/12\/06\/yetim-sevincli-askimiz\/\",\"url\":\"https:\/\/narteks.net\/index.php\/2009\/12\/06\/yetim-sevincli-askimiz\/\",\"name\":\"YET\u0130M SEV\u0130N\u00c7L\u0130 A\u015eKIMIZ - narteks.net\",\"isPartOf\":{\"@id\":\"https:\/\/narteks.net\/#website\"},\"datePublished\":\"2009-12-06T17:48:10+00:00\",\"breadcrumb\":{\"@id\":\"https:\/\/narteks.net\/index.php\/2009\/12\/06\/yetim-sevincli-askimiz\/#breadcrumb\"},\"inLanguage\":\"tr\",\"potentialAction\":[{\"@type\":\"ReadAction\",\"target\":[\"https:\/\/narteks.net\/index.php\/2009\/12\/06\/yetim-sevincli-askimiz\/\"]}]},{\"@type\":\"BreadcrumbList\",\"@id\":\"https:\/\/narteks.net\/index.php\/2009\/12\/06\/yetim-sevincli-askimiz\/#breadcrumb\",\"itemListElement\":[{\"@type\":\"ListItem\",\"position\":1,\"name\":\"Anasayfa\",\"item\":\"https:\/\/narteks.net\/\"},{\"@type\":\"ListItem\",\"position\":2,\"name\":\"YET\u0130M SEV\u0130N\u00c7L\u0130 A\u015eKIMIZ\"}]},{\"@type\":\"WebSite\",\"@id\":\"https:\/\/narteks.net\/#website\",\"url\":\"https:\/\/narteks.net\/\",\"name\":\"narteks.net\",\"description\":\"K\u00fclt\u00fcr Sanat Edebiyat Felsefe\",\"publisher\":{\"@id\":\"https:\/\/narteks.net\/#organization\"},\"alternateName\":\"K\u00fclt\u00fcr Sanat Edebiyat Felsefe\",\"potentialAction\":[{\"@type\":\"SearchAction\",\"target\":{\"@type\":\"EntryPoint\",\"urlTemplate\":\"https:\/\/narteks.net\/?s={search_term_string}\"},\"query-input\":{\"@type\":\"PropertyValueSpecification\",\"valueRequired\":true,\"valueName\":\"search_term_string\"}}],\"inLanguage\":\"tr\"},{\"@type\":\"Organization\",\"@id\":\"https:\/\/narteks.net\/#organization\",\"name\":\"narteks.net\",\"url\":\"https:\/\/narteks.net\/\",\"logo\":{\"@type\":\"ImageObject\",\"inLanguage\":\"tr\",\"@id\":\"https:\/\/narteks.net\/#\/schema\/logo\/image\/\",\"url\":\"https:\/\/narteks.net\/wp-content\/uploads\/narteks.png\",\"contentUrl\":\"https:\/\/narteks.net\/wp-content\/uploads\/narteks.png\",\"width\":300,\"height\":90,\"caption\":\"narteks.net\"},\"image\":{\"@id\":\"https:\/\/narteks.net\/#\/schema\/logo\/image\/\"},\"sameAs\":[\"https:\/\/x.com\/narteks\",\"https:\/\/instagram.com\/narteksnet\"]},{\"@type\":\"Person\",\"@id\":\"https:\/\/narteks.net\/#\/schema\/person\/61f37d9834294b72d31d274e7ed79bca\",\"name\":\"Tar\u0131k\",\"image\":{\"@type\":\"ImageObject\",\"inLanguage\":\"tr\",\"@id\":\"https:\/\/narteks.net\/#\/schema\/person\/image\/\",\"url\":\"https:\/\/secure.gravatar.com\/avatar\/50865afb55632c4ae467e0af0930f6510aa2297d8014be502a55b14f3b7550cf?s=96&d=mm&r=g\",\"contentUrl\":\"https:\/\/secure.gravatar.com\/avatar\/50865afb55632c4ae467e0af0930f6510aa2297d8014be502a55b14f3b7550cf?s=96&d=mm&r=g\",\"caption\":\"Tar\u0131k\"},\"sameAs\":[\"http:\/\/narteks.net\"],\"url\":\"https:\/\/narteks.net\/index.php\/author\/narbak\/\"}]}<\/script>\n<!-- \/ Yoast SEO Premium plugin. -->","yoast_head_json":{"title":"YET\u0130M SEV\u0130N\u00c7L\u0130 A\u015eKIMIZ - narteks.net","robots":{"index":"index","follow":"follow","max-snippet":"max-snippet:-1","max-image-preview":"max-image-preview:large","max-video-preview":"max-video-preview:-1"},"canonical":"https:\/\/narteks.net\/index.php\/2009\/12\/06\/yetim-sevincli-askimiz\/","og_locale":"tr_TR","og_type":"article","og_title":"YET\u0130M SEV\u0130N\u00c7L\u0130 A\u015eKIMIZ","og_description":"\u00a0 Nas\u0131l da unuttuk, kimsesiz odalarda i\u015fte vaktidir kendimizden kopman\u0131n, dedi\u011fimiz o sonsuzluk anlar\u0131n\u0131n bizi herkesten ay\u0131rd\u0131\u011f\u0131n\u0131&#8230; Nas\u0131l da unuttuk, mutluluktan,hazdan,sevin\u00e7ten daha \u00e7ok bizi hayata ba\u011flayan o \u0131st\u0131rap dolu hayaletin, o kara h\u00fclyan\u0131n bizi herkesten ay\u0131rd\u0131\u011f\u0131n\u0131&#8230; \u015eimdi yetim sevin\u00e7li a\u015fk\u0131m\u0131z b\u00fcy\u00fclenmi\u015f,hayran kendine, \u015fimdi vakitsiz, belki \u00e7ok ge\u00e7, kay\u0131ts\u0131z kendine&#8230; At\u0131yor tenini, tenindeki ruhu at\u0131yor, k\u00f6r [&hellip;]","og_url":"https:\/\/narteks.net\/index.php\/2009\/12\/06\/yetim-sevincli-askimiz\/","og_site_name":"narteks.net","article_published_time":"2009-12-06T17:48:10+00:00","og_image":[{"width":300,"height":90,"url":"https:\/\/narteks.net\/wp-content\/uploads\/narteks.png","type":"image\/png"}],"author":"Tar\u0131k","twitter_card":"summary_large_image","twitter_creator":"@narteks","twitter_site":"@narteks","twitter_misc":{"Yazan:":"Tar\u0131k"},"schema":{"@context":"https:\/\/schema.org","@graph":[{"@type":"Article","@id":"https:\/\/narteks.net\/index.php\/2009\/12\/06\/yetim-sevincli-askimiz\/#article","isPartOf":{"@id":"https:\/\/narteks.net\/index.php\/2009\/12\/06\/yetim-sevincli-askimiz\/"},"author":{"name":"Tar\u0131k","@id":"https:\/\/narteks.net\/#\/schema\/person\/61f37d9834294b72d31d274e7ed79bca"},"headline":"YET\u0130M SEV\u0130N\u00c7L\u0130 A\u015eKIMIZ","datePublished":"2009-12-06T17:48:10+00:00","mainEntityOfPage":{"@id":"https:\/\/narteks.net\/index.php\/2009\/12\/06\/yetim-sevincli-askimiz\/"},"wordCount":100,"commentCount":0,"publisher":{"@id":"https:\/\/narteks.net\/#organization"},"articleSection":["Cezmi ERS\u00d6Z"],"inLanguage":"tr","potentialAction":[{"@type":"CommentAction","name":"Comment","target":["https:\/\/narteks.net\/index.php\/2009\/12\/06\/yetim-sevincli-askimiz\/#respond"]}]},{"@type":"WebPage","@id":"https:\/\/narteks.net\/index.php\/2009\/12\/06\/yetim-sevincli-askimiz\/","url":"https:\/\/narteks.net\/index.php\/2009\/12\/06\/yetim-sevincli-askimiz\/","name":"YET\u0130M SEV\u0130N\u00c7L\u0130 A\u015eKIMIZ - narteks.net","isPartOf":{"@id":"https:\/\/narteks.net\/#website"},"datePublished":"2009-12-06T17:48:10+00:00","breadcrumb":{"@id":"https:\/\/narteks.net\/index.php\/2009\/12\/06\/yetim-sevincli-askimiz\/#breadcrumb"},"inLanguage":"tr","potentialAction":[{"@type":"ReadAction","target":["https:\/\/narteks.net\/index.php\/2009\/12\/06\/yetim-sevincli-askimiz\/"]}]},{"@type":"BreadcrumbList","@id":"https:\/\/narteks.net\/index.php\/2009\/12\/06\/yetim-sevincli-askimiz\/#breadcrumb","itemListElement":[{"@type":"ListItem","position":1,"name":"Anasayfa","item":"https:\/\/narteks.net\/"},{"@type":"ListItem","position":2,"name":"YET\u0130M SEV\u0130N\u00c7L\u0130 A\u015eKIMIZ"}]},{"@type":"WebSite","@id":"https:\/\/narteks.net\/#website","url":"https:\/\/narteks.net\/","name":"narteks.net","description":"K\u00fclt\u00fcr Sanat Edebiyat Felsefe","publisher":{"@id":"https:\/\/narteks.net\/#organization"},"alternateName":"K\u00fclt\u00fcr Sanat Edebiyat Felsefe","potentialAction":[{"@type":"SearchAction","target":{"@type":"EntryPoint","urlTemplate":"https:\/\/narteks.net\/?s={search_term_string}"},"query-input":{"@type":"PropertyValueSpecification","valueRequired":true,"valueName":"search_term_string"}}],"inLanguage":"tr"},{"@type":"Organization","@id":"https:\/\/narteks.net\/#organization","name":"narteks.net","url":"https:\/\/narteks.net\/","logo":{"@type":"ImageObject","inLanguage":"tr","@id":"https:\/\/narteks.net\/#\/schema\/logo\/image\/","url":"https:\/\/narteks.net\/wp-content\/uploads\/narteks.png","contentUrl":"https:\/\/narteks.net\/wp-content\/uploads\/narteks.png","width":300,"height":90,"caption":"narteks.net"},"image":{"@id":"https:\/\/narteks.net\/#\/schema\/logo\/image\/"},"sameAs":["https:\/\/x.com\/narteks","https:\/\/instagram.com\/narteksnet"]},{"@type":"Person","@id":"https:\/\/narteks.net\/#\/schema\/person\/61f37d9834294b72d31d274e7ed79bca","name":"Tar\u0131k","image":{"@type":"ImageObject","inLanguage":"tr","@id":"https:\/\/narteks.net\/#\/schema\/person\/image\/","url":"https:\/\/secure.gravatar.com\/avatar\/50865afb55632c4ae467e0af0930f6510aa2297d8014be502a55b14f3b7550cf?s=96&d=mm&r=g","contentUrl":"https:\/\/secure.gravatar.com\/avatar\/50865afb55632c4ae467e0af0930f6510aa2297d8014be502a55b14f3b7550cf?s=96&d=mm&r=g","caption":"Tar\u0131k"},"sameAs":["http:\/\/narteks.net"],"url":"https:\/\/narteks.net\/index.php\/author\/narbak\/"}]}},"_links":{"self":[{"href":"https:\/\/narteks.net\/index.php\/wp-json\/wp\/v2\/posts\/2585","targetHints":{"allow":["GET"]}}],"collection":[{"href":"https:\/\/narteks.net\/index.php\/wp-json\/wp\/v2\/posts"}],"about":[{"href":"https:\/\/narteks.net\/index.php\/wp-json\/wp\/v2\/types\/post"}],"author":[{"embeddable":true,"href":"https:\/\/narteks.net\/index.php\/wp-json\/wp\/v2\/users\/1"}],"replies":[{"embeddable":true,"href":"https:\/\/narteks.net\/index.php\/wp-json\/wp\/v2\/comments?post=2585"}],"version-history":[{"count":0,"href":"https:\/\/narteks.net\/index.php\/wp-json\/wp\/v2\/posts\/2585\/revisions"}],"wp:attachment":[{"href":"https:\/\/narteks.net\/index.php\/wp-json\/wp\/v2\/media?parent=2585"}],"wp:term":[{"taxonomy":"category","embeddable":true,"href":"https:\/\/narteks.net\/index.php\/wp-json\/wp\/v2\/categories?post=2585"},{"taxonomy":"post_tag","embeddable":true,"href":"https:\/\/narteks.net\/index.php\/wp-json\/wp\/v2\/tags?post=2585"}],"curies":[{"name":"wp","href":"https:\/\/api.w.org\/{rel}","templated":true}]}}