{"id":2589,"date":"2009-12-06T20:50:55","date_gmt":"2009-12-06T17:50:55","guid":{"rendered":"http:\/\/localhost\/wordpress\/2009\/12\/06\/yuzunu-aradin-sen-hep\/"},"modified":"2009-12-06T20:50:55","modified_gmt":"2009-12-06T17:50:55","slug":"yuzunu-aradin-sen-hep","status":"publish","type":"post","link":"https:\/\/narteks.net\/index.php\/2009\/12\/06\/yuzunu-aradin-sen-hep\/","title":{"rendered":"Y\u00dcZ\u00dcN\u00dc ARADIN SEN HEP"},"content":{"rendered":"<p>\u00a0<\/p>\n<p>Y\u00fcz\u00fcn\u00fc arad\u0131n sen hep <br \/> en \u00e7ok sevmek isterken bile&#8230; <br \/> Bir bulsan y\u00fcz\u00fcn\u00fc <br \/> bir bulsan insanlara da\u011f\u0131t\u0131lm\u0131\u015f hasretini <br \/> \u0130stedi\u011fin gibi sevecektin <\/p>\n<p> Oysa utand\u0131n, utand\u0131n kendin olduk\u00e7a <br \/> en \u00e7ok severken bile <br \/> Sevdi\u011finin ki\u015fili\u011fine girdin bu y\u00fczden <br \/> Ne s\u00f6ylesen hep eksik kald\u0131 <br \/> Shaipsiz utanc\u0131n gibi eksik kald\u0131 <\/p>\n<p> Delice sevmeyi istedin asl\u0131nda sen hep <br \/> ama ne zaman b\u00f6yle sevsen <br \/> deli sevgini senden \u00e7ald\u0131lar <br \/> Ne zaman s\u00f6ylesen sevgini, seni seninle b\u00f6yle <br \/> y\u00fcz\u00fcn\u00fc araken b\u0131rakt\u0131lar&#8230; <\/p>\n<p> k\u0131st\u0131n ate\u015fini, k\u00fc\u00e7\u00fcltt\u00fcn kanatlar\u0131n\u0131 <br \/> \u00e7ekildin en arka odana <br \/> G\u00f6lgelerini b\u0131rakt\u0131n pencerelere <br \/> Ah bu hayattan sana kalan <br \/> sadece deli sevgini \u00f6zlemekti&#8230; <br \/> Sana kalan, <br \/> bu hayatta kendini delice \u00f6zlemekti&#8230;<\/p>\n<p>Cezmi ERS\u00d6Z<\/p>\n","protected":false},"excerpt":{"rendered":"<p>\u00a0 Y\u00fcz\u00fcn\u00fc arad\u0131n sen hep en \u00e7ok sevmek isterken bile&#8230; Bir bulsan y\u00fcz\u00fcn\u00fc bir bulsan insanlara da\u011f\u0131t\u0131lm\u0131\u015f hasretini \u0130stedi\u011fin gibi sevecektin Oysa utand\u0131n, utand\u0131n kendin olduk\u00e7a en \u00e7ok severken bile Sevdi\u011finin ki\u015fili\u011fine girdin bu y\u00fczden Ne s\u00f6ylesen hep eksik kald\u0131 Shaipsiz utanc\u0131n gibi eksik kald\u0131 Delice sevmeyi istedin asl\u0131nda sen hep ama ne zaman b\u00f6yle [&hellip;]<\/p>\n","protected":false},"author":1,"featured_media":0,"comment_status":"open","ping_status":"open","sticky":false,"template":"","format":"standard","meta":{"footnotes":""},"categories":[18],"tags":[],"class_list":{"0":"post-2589","1":"post","2":"type-post","3":"status-publish","4":"format-standard","6":"category-cezmi-ersoz"},"yoast_head":"<!-- This site is optimized with the Yoast SEO Premium plugin v24.9 (Yoast SEO v24.9) - https:\/\/yoast.com\/wordpress\/plugins\/seo\/ -->\n<title>Y\u00dcZ\u00dcN\u00dc ARADIN SEN HEP - narteks.net<\/title>\n<meta name=\"robots\" content=\"index, follow, max-snippet:-1, max-image-preview:large, max-video-preview:-1\" \/>\n<link rel=\"canonical\" href=\"https:\/\/narteks.net\/index.php\/2009\/12\/06\/yuzunu-aradin-sen-hep\/\" \/>\n<meta property=\"og:locale\" content=\"tr_TR\" \/>\n<meta property=\"og:type\" content=\"article\" \/>\n<meta property=\"og:title\" content=\"Y\u00dcZ\u00dcN\u00dc ARADIN SEN HEP\" \/>\n<meta property=\"og:description\" content=\"\u00a0 Y\u00fcz\u00fcn\u00fc arad\u0131n sen hep en \u00e7ok sevmek isterken bile&#8230; Bir bulsan y\u00fcz\u00fcn\u00fc bir bulsan insanlara da\u011f\u0131t\u0131lm\u0131\u015f hasretini \u0130stedi\u011fin gibi sevecektin Oysa utand\u0131n, utand\u0131n kendin olduk\u00e7a en \u00e7ok severken bile Sevdi\u011finin ki\u015fili\u011fine girdin bu y\u00fczden Ne s\u00f6ylesen hep eksik kald\u0131 Shaipsiz utanc\u0131n gibi eksik kald\u0131 Delice sevmeyi istedin asl\u0131nda sen hep ama ne zaman b\u00f6yle [&hellip;]\" \/>\n<meta property=\"og:url\" content=\"https:\/\/narteks.net\/index.php\/2009\/12\/06\/yuzunu-aradin-sen-hep\/\" \/>\n<meta property=\"og:site_name\" content=\"narteks.net\" \/>\n<meta property=\"article:published_time\" content=\"2009-12-06T17:50:55+00:00\" \/>\n<meta property=\"og:image\" content=\"https:\/\/narteks.net\/wp-content\/uploads\/narteks.png\" \/>\n\t<meta property=\"og:image:width\" content=\"300\" \/>\n\t<meta property=\"og:image:height\" content=\"90\" \/>\n\t<meta property=\"og:image:type\" content=\"image\/png\" \/>\n<meta name=\"author\" content=\"Tar\u0131k\" \/>\n<meta name=\"twitter:card\" content=\"summary_large_image\" \/>\n<meta name=\"twitter:creator\" content=\"@narteks\" \/>\n<meta name=\"twitter:site\" content=\"@narteks\" \/>\n<meta name=\"twitter:label1\" content=\"Yazan:\" \/>\n\t<meta name=\"twitter:data1\" content=\"Tar\u0131k\" \/>\n\t<meta name=\"twitter:label2\" content=\"Tahmini okuma s\u00fcresi\" \/>\n\t<meta name=\"twitter:data2\" content=\"1 dakika\" \/>\n<script type=\"application\/ld+json\" class=\"yoast-schema-graph\">{\"@context\":\"https:\/\/schema.org\",\"@graph\":[{\"@type\":\"Article\",\"@id\":\"https:\/\/narteks.net\/index.php\/2009\/12\/06\/yuzunu-aradin-sen-hep\/#article\",\"isPartOf\":{\"@id\":\"https:\/\/narteks.net\/index.php\/2009\/12\/06\/yuzunu-aradin-sen-hep\/\"},\"author\":{\"name\":\"Tar\u0131k\",\"@id\":\"https:\/\/narteks.net\/#\/schema\/person\/61f37d9834294b72d31d274e7ed79bca\"},\"headline\":\"Y\u00dcZ\u00dcN\u00dc ARADIN SEN HEP\",\"datePublished\":\"2009-12-06T17:50:55+00:00\",\"mainEntityOfPage\":{\"@id\":\"https:\/\/narteks.net\/index.php\/2009\/12\/06\/yuzunu-aradin-sen-hep\/\"},\"wordCount\":140,\"commentCount\":0,\"publisher\":{\"@id\":\"https:\/\/narteks.net\/#organization\"},\"articleSection\":[\"Cezmi ERS\u00d6Z\"],\"inLanguage\":\"tr\",\"potentialAction\":[{\"@type\":\"CommentAction\",\"name\":\"Comment\",\"target\":[\"https:\/\/narteks.net\/index.php\/2009\/12\/06\/yuzunu-aradin-sen-hep\/#respond\"]}]},{\"@type\":\"WebPage\",\"@id\":\"https:\/\/narteks.net\/index.php\/2009\/12\/06\/yuzunu-aradin-sen-hep\/\",\"url\":\"https:\/\/narteks.net\/index.php\/2009\/12\/06\/yuzunu-aradin-sen-hep\/\",\"name\":\"Y\u00dcZ\u00dcN\u00dc ARADIN SEN HEP - narteks.net\",\"isPartOf\":{\"@id\":\"https:\/\/narteks.net\/#website\"},\"datePublished\":\"2009-12-06T17:50:55+00:00\",\"breadcrumb\":{\"@id\":\"https:\/\/narteks.net\/index.php\/2009\/12\/06\/yuzunu-aradin-sen-hep\/#breadcrumb\"},\"inLanguage\":\"tr\",\"potentialAction\":[{\"@type\":\"ReadAction\",\"target\":[\"https:\/\/narteks.net\/index.php\/2009\/12\/06\/yuzunu-aradin-sen-hep\/\"]}]},{\"@type\":\"BreadcrumbList\",\"@id\":\"https:\/\/narteks.net\/index.php\/2009\/12\/06\/yuzunu-aradin-sen-hep\/#breadcrumb\",\"itemListElement\":[{\"@type\":\"ListItem\",\"position\":1,\"name\":\"Anasayfa\",\"item\":\"https:\/\/narteks.net\/\"},{\"@type\":\"ListItem\",\"position\":2,\"name\":\"Y\u00dcZ\u00dcN\u00dc ARADIN SEN HEP\"}]},{\"@type\":\"WebSite\",\"@id\":\"https:\/\/narteks.net\/#website\",\"url\":\"https:\/\/narteks.net\/\",\"name\":\"narteks.net\",\"description\":\"K\u00fclt\u00fcr Sanat Edebiyat Felsefe\",\"publisher\":{\"@id\":\"https:\/\/narteks.net\/#organization\"},\"alternateName\":\"K\u00fclt\u00fcr Sanat Edebiyat Felsefe\",\"potentialAction\":[{\"@type\":\"SearchAction\",\"target\":{\"@type\":\"EntryPoint\",\"urlTemplate\":\"https:\/\/narteks.net\/?s={search_term_string}\"},\"query-input\":{\"@type\":\"PropertyValueSpecification\",\"valueRequired\":true,\"valueName\":\"search_term_string\"}}],\"inLanguage\":\"tr\"},{\"@type\":\"Organization\",\"@id\":\"https:\/\/narteks.net\/#organization\",\"name\":\"narteks.net\",\"url\":\"https:\/\/narteks.net\/\",\"logo\":{\"@type\":\"ImageObject\",\"inLanguage\":\"tr\",\"@id\":\"https:\/\/narteks.net\/#\/schema\/logo\/image\/\",\"url\":\"https:\/\/narteks.net\/wp-content\/uploads\/narteks.png\",\"contentUrl\":\"https:\/\/narteks.net\/wp-content\/uploads\/narteks.png\",\"width\":300,\"height\":90,\"caption\":\"narteks.net\"},\"image\":{\"@id\":\"https:\/\/narteks.net\/#\/schema\/logo\/image\/\"},\"sameAs\":[\"https:\/\/x.com\/narteks\",\"https:\/\/instagram.com\/narteksnet\"]},{\"@type\":\"Person\",\"@id\":\"https:\/\/narteks.net\/#\/schema\/person\/61f37d9834294b72d31d274e7ed79bca\",\"name\":\"Tar\u0131k\",\"image\":{\"@type\":\"ImageObject\",\"inLanguage\":\"tr\",\"@id\":\"https:\/\/narteks.net\/#\/schema\/person\/image\/\",\"url\":\"https:\/\/secure.gravatar.com\/avatar\/50865afb55632c4ae467e0af0930f6510aa2297d8014be502a55b14f3b7550cf?s=96&d=mm&r=g\",\"contentUrl\":\"https:\/\/secure.gravatar.com\/avatar\/50865afb55632c4ae467e0af0930f6510aa2297d8014be502a55b14f3b7550cf?s=96&d=mm&r=g\",\"caption\":\"Tar\u0131k\"},\"sameAs\":[\"http:\/\/narteks.net\"],\"url\":\"https:\/\/narteks.net\/index.php\/author\/narbak\/\"}]}<\/script>\n<!-- \/ Yoast SEO Premium plugin. -->","yoast_head_json":{"title":"Y\u00dcZ\u00dcN\u00dc ARADIN SEN HEP - narteks.net","robots":{"index":"index","follow":"follow","max-snippet":"max-snippet:-1","max-image-preview":"max-image-preview:large","max-video-preview":"max-video-preview:-1"},"canonical":"https:\/\/narteks.net\/index.php\/2009\/12\/06\/yuzunu-aradin-sen-hep\/","og_locale":"tr_TR","og_type":"article","og_title":"Y\u00dcZ\u00dcN\u00dc ARADIN SEN HEP","og_description":"\u00a0 Y\u00fcz\u00fcn\u00fc arad\u0131n sen hep en \u00e7ok sevmek isterken bile&#8230; Bir bulsan y\u00fcz\u00fcn\u00fc bir bulsan insanlara da\u011f\u0131t\u0131lm\u0131\u015f hasretini \u0130stedi\u011fin gibi sevecektin Oysa utand\u0131n, utand\u0131n kendin olduk\u00e7a en \u00e7ok severken bile Sevdi\u011finin ki\u015fili\u011fine girdin bu y\u00fczden Ne s\u00f6ylesen hep eksik kald\u0131 Shaipsiz utanc\u0131n gibi eksik kald\u0131 Delice sevmeyi istedin asl\u0131nda sen hep ama ne zaman b\u00f6yle [&hellip;]","og_url":"https:\/\/narteks.net\/index.php\/2009\/12\/06\/yuzunu-aradin-sen-hep\/","og_site_name":"narteks.net","article_published_time":"2009-12-06T17:50:55+00:00","og_image":[{"width":300,"height":90,"url":"https:\/\/narteks.net\/wp-content\/uploads\/narteks.png","type":"image\/png"}],"author":"Tar\u0131k","twitter_card":"summary_large_image","twitter_creator":"@narteks","twitter_site":"@narteks","twitter_misc":{"Yazan:":"Tar\u0131k","Tahmini okuma s\u00fcresi":"1 dakika"},"schema":{"@context":"https:\/\/schema.org","@graph":[{"@type":"Article","@id":"https:\/\/narteks.net\/index.php\/2009\/12\/06\/yuzunu-aradin-sen-hep\/#article","isPartOf":{"@id":"https:\/\/narteks.net\/index.php\/2009\/12\/06\/yuzunu-aradin-sen-hep\/"},"author":{"name":"Tar\u0131k","@id":"https:\/\/narteks.net\/#\/schema\/person\/61f37d9834294b72d31d274e7ed79bca"},"headline":"Y\u00dcZ\u00dcN\u00dc ARADIN SEN HEP","datePublished":"2009-12-06T17:50:55+00:00","mainEntityOfPage":{"@id":"https:\/\/narteks.net\/index.php\/2009\/12\/06\/yuzunu-aradin-sen-hep\/"},"wordCount":140,"commentCount":0,"publisher":{"@id":"https:\/\/narteks.net\/#organization"},"articleSection":["Cezmi ERS\u00d6Z"],"inLanguage":"tr","potentialAction":[{"@type":"CommentAction","name":"Comment","target":["https:\/\/narteks.net\/index.php\/2009\/12\/06\/yuzunu-aradin-sen-hep\/#respond"]}]},{"@type":"WebPage","@id":"https:\/\/narteks.net\/index.php\/2009\/12\/06\/yuzunu-aradin-sen-hep\/","url":"https:\/\/narteks.net\/index.php\/2009\/12\/06\/yuzunu-aradin-sen-hep\/","name":"Y\u00dcZ\u00dcN\u00dc ARADIN SEN HEP - narteks.net","isPartOf":{"@id":"https:\/\/narteks.net\/#website"},"datePublished":"2009-12-06T17:50:55+00:00","breadcrumb":{"@id":"https:\/\/narteks.net\/index.php\/2009\/12\/06\/yuzunu-aradin-sen-hep\/#breadcrumb"},"inLanguage":"tr","potentialAction":[{"@type":"ReadAction","target":["https:\/\/narteks.net\/index.php\/2009\/12\/06\/yuzunu-aradin-sen-hep\/"]}]},{"@type":"BreadcrumbList","@id":"https:\/\/narteks.net\/index.php\/2009\/12\/06\/yuzunu-aradin-sen-hep\/#breadcrumb","itemListElement":[{"@type":"ListItem","position":1,"name":"Anasayfa","item":"https:\/\/narteks.net\/"},{"@type":"ListItem","position":2,"name":"Y\u00dcZ\u00dcN\u00dc ARADIN SEN HEP"}]},{"@type":"WebSite","@id":"https:\/\/narteks.net\/#website","url":"https:\/\/narteks.net\/","name":"narteks.net","description":"K\u00fclt\u00fcr Sanat Edebiyat Felsefe","publisher":{"@id":"https:\/\/narteks.net\/#organization"},"alternateName":"K\u00fclt\u00fcr Sanat Edebiyat Felsefe","potentialAction":[{"@type":"SearchAction","target":{"@type":"EntryPoint","urlTemplate":"https:\/\/narteks.net\/?s={search_term_string}"},"query-input":{"@type":"PropertyValueSpecification","valueRequired":true,"valueName":"search_term_string"}}],"inLanguage":"tr"},{"@type":"Organization","@id":"https:\/\/narteks.net\/#organization","name":"narteks.net","url":"https:\/\/narteks.net\/","logo":{"@type":"ImageObject","inLanguage":"tr","@id":"https:\/\/narteks.net\/#\/schema\/logo\/image\/","url":"https:\/\/narteks.net\/wp-content\/uploads\/narteks.png","contentUrl":"https:\/\/narteks.net\/wp-content\/uploads\/narteks.png","width":300,"height":90,"caption":"narteks.net"},"image":{"@id":"https:\/\/narteks.net\/#\/schema\/logo\/image\/"},"sameAs":["https:\/\/x.com\/narteks","https:\/\/instagram.com\/narteksnet"]},{"@type":"Person","@id":"https:\/\/narteks.net\/#\/schema\/person\/61f37d9834294b72d31d274e7ed79bca","name":"Tar\u0131k","image":{"@type":"ImageObject","inLanguage":"tr","@id":"https:\/\/narteks.net\/#\/schema\/person\/image\/","url":"https:\/\/secure.gravatar.com\/avatar\/50865afb55632c4ae467e0af0930f6510aa2297d8014be502a55b14f3b7550cf?s=96&d=mm&r=g","contentUrl":"https:\/\/secure.gravatar.com\/avatar\/50865afb55632c4ae467e0af0930f6510aa2297d8014be502a55b14f3b7550cf?s=96&d=mm&r=g","caption":"Tar\u0131k"},"sameAs":["http:\/\/narteks.net"],"url":"https:\/\/narteks.net\/index.php\/author\/narbak\/"}]}},"_links":{"self":[{"href":"https:\/\/narteks.net\/index.php\/wp-json\/wp\/v2\/posts\/2589","targetHints":{"allow":["GET"]}}],"collection":[{"href":"https:\/\/narteks.net\/index.php\/wp-json\/wp\/v2\/posts"}],"about":[{"href":"https:\/\/narteks.net\/index.php\/wp-json\/wp\/v2\/types\/post"}],"author":[{"embeddable":true,"href":"https:\/\/narteks.net\/index.php\/wp-json\/wp\/v2\/users\/1"}],"replies":[{"embeddable":true,"href":"https:\/\/narteks.net\/index.php\/wp-json\/wp\/v2\/comments?post=2589"}],"version-history":[{"count":0,"href":"https:\/\/narteks.net\/index.php\/wp-json\/wp\/v2\/posts\/2589\/revisions"}],"wp:attachment":[{"href":"https:\/\/narteks.net\/index.php\/wp-json\/wp\/v2\/media?parent=2589"}],"wp:term":[{"taxonomy":"category","embeddable":true,"href":"https:\/\/narteks.net\/index.php\/wp-json\/wp\/v2\/categories?post=2589"},{"taxonomy":"post_tag","embeddable":true,"href":"https:\/\/narteks.net\/index.php\/wp-json\/wp\/v2\/tags?post=2589"}],"curies":[{"name":"wp","href":"https:\/\/api.w.org\/{rel}","templated":true}]}}