{"id":259,"date":"2009-02-27T23:16:31","date_gmt":"2009-02-27T20:16:31","guid":{"rendered":"http:\/\/localhost\/wordpress\/2009\/02\/27\/hayati-ve-eserler\/"},"modified":"2009-02-27T23:16:31","modified_gmt":"2009-02-27T20:16:31","slug":"hayati-ve-eserler","status":"publish","type":"post","link":"https:\/\/narteks.net\/index.php\/2009\/02\/27\/hayati-ve-eserler\/","title":{"rendered":"A\u015f\u0131k Veysel \u015eat\u0131ro\u011flu Biyografisi ve Eserleri"},"content":{"rendered":"<p style=\"text-align: justify;\"><img loading=\"lazy\" decoding=\"async\" src=\"http:\/\/www.turkuler.com\/ozan\/veysel11.gif\" border=\"0\" width=\"155\" height=\"205\" style=\"float: left;\" \/>A\u015f\u0131k Veysel<\/p>\n<p>Ben giderim ad\u0131m kal\u0131r<br \/>Dostlar beni hat\u0131rlas\u0131n<br \/>D\u00fc\u011f\u00fcn olur bayram gelir<br \/>Dostlar beni hat\u0131rlas\u0131n<\/p>\n<p>Can bedenden ayr\u0131lacak<br \/>T\u00fctmez baca, yanmaz ocak<br \/>Selam olsun kucak kucak<br \/>Dostlar beni hat\u0131rlas\u0131n&#8230;<br \/> A\u015f\u0131k Veysel \u015eat\u0131ro\u011flu<\/p>\n<p>A\u015f\u0131k Veysel, hayatini anlatt\u0131\u011f\u0131 bir \u015fiirinde &#8220;\u00dccy\u00fcz-onda gelmi\u015f idim cihana&#8221; diyor. Y\u0131l 1894 oluyor hesap\u00e7a. Sivas&#8217;a ba\u011fl\u0131 \u015eark\u0131\u015fla il\u00e7esinin Sivrialan K\u00f6y\u00fcnde d\u00fcnyaya gelmi\u015f. Anasi Gulizar, bir yaz g\u00fcn\u00fc koy dolaylar\u0131ndaki Ay\u0131p\u0131nar meras\u0131na koyun sa\u011fmaya gitti\u011finde; orac\u0131kta bir yol \u00fcst\u00fcnde do\u011furmu\u015f Veysel&#8217;i. G\u00f6be\u011fini de kendi eliyle kesmi\u015f. Yaman kad\u0131nm\u0131\u015f G\u00fclizar ana. Bebesini bir \u00e7aputa sar\u0131p y\u00fcr\u00fcye y\u00fcr\u00fcye k\u00f6ye d\u00f6nm\u00fc\u015f. Babas\u0131 Ahmet; bebenin adini Veysel koymu\u015f. Y\u0131llar ge\u00e7mi\u015f aradan b\u00fcy\u00fcm\u00fc\u015f, konu\u015fmu\u015f, y\u00fcr\u00fcm\u00fc\u015f Veysel \u00e7ocuk. B\u00f6ylece yedi ya\u015f\u0131na varm\u0131\u015f. O y\u0131l bir \u00e7i\u00e7ek hastal\u0131\u011f\u0131 salg\u0131n\u0131 olmu\u015f Sivas&#8217;ta. K\u00fc\u00e7\u00fck Veysel de yakalanm\u0131\u015f. Sol g\u00f6z\u00fcnde, cicegin beyi \u00e7\u0131km\u0131\u015f kendi deyimiyle&#8230; G\u00f6z ak\u0131p gitmi\u015f. Sa\u011f g\u00f6z\u00fcne de perde inmi\u015f, \u00f6nceleri. Yaln\u0131z \u0131\u015f\u0131\u011f\u0131 se\u00e7ebiliyormu\u015f, bu g\u00f6z\u00fcyle. Babas\u0131na &#8220;\u00c7ocu\u011fu Akda\u011fmadeni&#8217;ne g\u00f6t\u00fcr, orada bu g\u00f6z\u00fcn\u00fc a\u00e7acak bir doktor var.&#8221; demi\u015fler. Sevinmi\u015f Ahmet emmi. Gel g\u00f6r ki talihsizlik yine yakas\u0131n\u0131 b\u0131rakmam\u0131\u015f Veysel&#8217;in. Bir g\u00fcn inek sa\u011farken babas\u0131 yan\u0131na gelmi\u015f. Veysel ans\u0131z\u0131n donuverince; yak\u0131nda bulunan bir de\u011fne\u011fin ucu \u00f6teki g\u00f6z\u00fcne girivermi\u015f. O g\u00f6z de ak\u0131p gitmi\u015f b\u00f6ylece. Veysel&#8217;in Ali ad\u0131nda bir a\u011fabeysi ve Elif ad\u0131nda bir k\u0131z karde\u015fi varm\u0131\u015f. Hepsi \u00e7ok \u00fcz\u00fclm\u00fc\u015fler Veysel&#8217;in kotu kaderine. <\/p>\n<p>Babas\u0131 merakl\u0131 adamm\u0131\u015f. Halk ozanlar\u0131ndan \u015fiirler okuyup ezberleterek avutmaya \u00e7al\u0131\u015fm\u0131\u015f o\u011flunu. Sivas&#8217;\u0131n k\u00f6yleri saz sairleriyle dolu. Onlar da ara s\u0131ra gelip Ahmet emminin evine u\u011frarlarm\u0131\u015f. Veysel ilgiyle dinlermi\u015f calip s\u00f6ylediklerini. Babas\u0131, o\u011flunun ilgisini g\u00f6r\u00fcnce; bir saz al\u0131p vermi\u015f ona. \u0130lk saz derslerini, babas\u0131n\u0131n arkada\u015f\u0131 olan \u00c7am\u015f\u0131h&#8217;l\u0131 Ali A\u011fa&#8217;dan alm\u0131\u015f. Ve gitgide, kendini iyice saza vermi\u015f Veysel. Unlu Halk ozanlar\u0131n\u0131n \u015fiirlerini \u00e7al\u0131p s\u00f6ylemi\u015f bir zaman. Yirmibes yas\u0131ndayken (1919) anas\u0131, babas\u0131 Veysel&#8217;i Esma ad\u0131nda bir k\u0131zla evermi\u015fler ve k\u0131sa sure sonra ikisi de g\u00f6\u00e7\u00fcp gitmi\u015f bu d\u00fcnyadan (1921). Ac\u0131 \u00fcst\u00fcne ac\u0131 gelmi\u015f, ama bitmemi\u015f talihin kotu oyunu. \u0130kinci \u00e7ocu\u011fu on g\u00fcnl\u00fckken, anas\u0131n\u0131n memesi a\u011fz\u0131na t\u0131kanarak \u00f6lm\u00fc\u015f, ard\u0131ndan da karisi yana\u015fmalar\u0131yla evden ka\u00e7m\u0131\u015f. Bu olay \u00e7ok koymu\u015f Veysel&#8217;e. Daha dertli olmu\u015f ve iyice i\u00e7ine kapanm\u0131\u015f. Karisi koyup gitti\u011finde bir k\u0131z\u0131 varm\u0131\u015f Veysel&#8217;in. Daha bir yasini bile bitirmemi\u015f. \u0130ki y\u0131l kuca\u011f\u0131nda gezdirmi\u015f Veysel, ne \u00e7are o da ya\u015famam\u0131\u015f. Bu s\u0131ralar Veysel&#8217;i yeniden evermi\u015fler. Bu karisi \u00e7ocuk vermi\u015f A\u015f\u0131\u011fa. Biri olmu\u015f, iki o\u011flan, d\u00f6rt k\u0131z, alt\u0131s\u0131 sa\u011f. Onlar da 18 torun vermi\u015f Veysel&#8217;e. <\/p>\n<p>A\u015f\u0131k Veysel, Cumhuriyetin Onuncu y\u0131l d\u00f6n\u00fcm\u00fcne rastlayan 1933 y\u0131l\u0131na kadar, ba\u015fka ozanlar\u0131n \u015fiirlerini \u00e7al\u0131p s\u00f6ylemi\u015f. Kendi deyi\u015flerini s\u00f6ylemekten utan\u0131r, \u00e7ekinirmi\u015f. O y\u0131llarda sairlerimizden rahmetli Ahmet Kutsi Tecer tan\u0131m\u0131\u015f Veysel&#8217;i. Onun \u0131\u015f\u0131k tutuculu\u011fuyla Veysel&#8217;in \u015fiirleri ayd\u0131nl\u0131\u011fa kavu\u015fmu\u015f. Veysel; \u015fairli\u011finin geli\u015fmesinde Tecer&#8217;in b\u00fcy\u00fck yard\u0131mlar\u0131n\u0131 g\u00f6rd\u00fc\u011f\u00fcn\u00fc s\u00f6ylerdi her zaman. Veysel&#8217;in g\u00fcn \u0131\u015f\u0131\u011f\u0131na \u00e7\u0131kan ilk \u015fiiri Gazi Mustafa Kemal Pasa i\u00e7in s\u00f6yledi\u011fi: &#8220;T\u00fcrkiye&#8217;nin ihyas\u0131 Hazreti Gazi&#8221; m\u0131sras\u0131yla ba\u015flayan \u015fiirdir. Bundan sonra b\u00fct\u00fcn yazd\u0131klar\u0131n\u0131 calip s\u00f6yler olmu\u015ftu. 1933 y\u0131l\u0131na kadar, k\u00f6y\u00fcnden d\u0131\u015far\u0131 hemen hemen hi\u00e7 \u00e7\u0131kmad\u0131\u011f\u0131 halde; bundan sonra b\u00fct\u00fcn yurdu dola\u015fm\u0131\u015f, yurdunun \u00e7e\u015fitli \u015fehirleriyle kasabalar\u0131n\u0131, k\u00f6ylerini yak\u0131ndan tan\u0131m\u0131\u015ft\u0131r. Halk ozanlar\u0131ndan en \u00e7ok Karacaoglan&#8217;i, Yunus&#8217;u, Emrah&#8217;i, Dertli&#8217;yi severdi. \u00c7a\u011f\u0131m\u0131z\u0131n ozanlar\u0131ndan Ahmet Kutsi Tecer&#8217;in ayr\u0131 bir yeri vard\u0131 Veysel&#8217;de. Onun arac\u0131l\u0131\u011f\u0131yla Koy Enstit\u00fclerinde bir sure saz \u00f6\u011fretmenli\u011fi de yapm\u0131\u015ft\u0131 Veysel. S\u0131ras\u0131yla Arifiye, Hasano\u011flan, Cifteler, Kastamonu, Yildizeli, Akp\u0131nar Koy Enstit\u00fclerinde bulunmu\u015ftu. 1952 y\u0131l\u0131nda \u0130stanbul&#8217;da b\u00fcy\u00fck bir j\u00fcbilesi yap\u0131lan A\u015f\u0131k Veysel&#8217;e 1965 y\u0131l\u0131nda T\u00fcrkiye B\u00fcy\u00fck Millet Meclisi, &#8220;Anadilimize ve Milli Birli\u011fimize yapt\u0131\u011f\u0131 hizmetlerden dolay\u0131&#8221; \u00f6zel bir kanunla vatani hizmet tertibinden ayl\u0131k ba\u011flam\u0131\u015ft\u0131. <\/p>\n<p>Veysel&#8217;in bir ba\u015fka \u00f6zelli\u011fi daha vard\u0131; k\u00f6y\u00fcnde ve \u00e7evresinde ondan \u00f6nce bir tek meyve a\u011fac\u0131 olmad\u0131\u011f\u0131 halde, Sivrialan&#8217;da ilk meyve bah\u00e7esini o yeti\u015ftirmi\u015fti. Hem \u00f6yle bir bah\u00e7e ki, i\u00e7inde elmadan kay\u0131s\u0131ya, kirazdan cevize kadar turlu turlu meyve ve \u00e7i\u00e7ek vard\u0131. Veysel, karde\u015flerinin yard\u0131m\u0131yla bu bah\u00e7eyi yapmaya ba\u015flad\u0131\u011f\u0131 zaman k\u00f6yl\u00fcleri &#8220;Atalar\u0131m\u0131z bunca y\u0131l b\u00f6yle bir is yapmam\u0131\u015flar, su kor adam onlardan iyi mi bilecek ki b\u00f6yle ise kalk\u0131\u015ft\u0131?&#8221; demi\u015fler. Birka\u00e7 y\u0131l sonra a\u011fa\u00e7lar yeti\u015fmi\u015f, meyve vermi\u015f. K\u00f6yl\u00fcler \u00f6nceki dediklerini hat\u0131rlay\u0131p utanm\u0131\u015flar ve bu defa &#8220;O kor de\u011filmi\u015f, me\u011fer kor olan bizmi\u015fiz diyerek A\u015f\u0131k Veysel&#8217;i kutlam\u0131\u015flar. iste b\u00f6ylesine uza\u011f\u0131 g\u00f6ren bir insand\u0131 o&#8230; Yetmi\u015f y\u0131l karanl\u0131k bir d\u00fcnyada ya\u015fad\u0131 (\u00f6l\u00fcm\u00fc 21 Mart 1973). Fakat karanl\u0131k g\u00f6zlerindeydi yaln\u0131z, i\u00e7i apayd\u0131nl\u0131kt\u0131, \u015fiirleri de \u00f6yle&#8230; Halk \u015fiirimizin bu g\u00fc\u00e7l\u00fc ozan\u0131 yarim y\u00fczy\u0131l\u0131 a\u015fk\u0131n bir sure yazd\u0131klar\u0131yla, calip s\u00f6yledikleriyle \u00e7evresine \u0131\u015f\u0131klar sa\u00e7t\u0131. San\u0131r\u0131m simdi de mezar\u0131nda son uykusunu \u0131\u015f\u0131klar i\u00e7inde uyuyordur. Yaln\u0131z \u00e7a\u011f\u0131m\u0131zda yasayanlar de\u011fil, bizden \u00e7ok sonra yasayacaklar da &#8220;Dostlar Beni Hat\u0131rlas\u0131n&#8221; \u015fiirini unutmayacaklar ve her zaman rahmetle anacaklard\u0131r.<\/p>\n<p>Dostlar beni hat\u0131rlas\u0131n<\/p>\n<p>Ben giderim ad\u0131m kal\u0131r<br \/>Dostlar beni hat\u0131rlas\u0131n<br \/>D\u00fc\u011f\u00fcn olur bayram gelir<br \/>Dostlar beni hat\u0131rlas\u0131n<\/p>\n<p>Can kafeste durmaz u\u00e7ar<br \/>D\u00fcnya bir han, konan g\u00f6\u00e7er<br \/>Ay dolan\u0131r y\u0131llar ge\u00e7er<br \/>Dostlar beni hat\u0131rlas\u0131n<\/p>\n<p>Can bedenden ayr\u0131lacak<br \/>T\u00fctmez baca, yanmaz ocak<br \/>Selam olsun kucak kucak<br \/>Dostlar beni hat\u0131rlas\u0131n&#8230;<\/p>\n<p>Hac\u0131 Bekta\u015f<\/p>\n<p>Medet m\u00fcrvet deyip kap\u0131na geldim <br \/>\u0130ste\u011fim dile\u011fim ver Hac\u0131 Bekta\u015f <br \/>\u0130ndim e\u015fi\u011fine y\u00fcz\u00fcm\u00fc s\u00fcrd\u00fcm <br \/>Kusurum g\u00fcnah\u0131m var Hac\u0131 Bekta\u015f<\/p>\n<p>Kul olan\u0131n elbet olur kusuru Nesli Peygambersin cihan\u0131n nuru <br \/>Alisin Velisin Pirlerin Piri <br \/>Galma kusurlara Pir Hac\u0131 Bekta\u015f<\/p>\n<p>Horasandan ayak bast\u0131n uruma <br \/>Mucizeler \u015fahit oldu pirime <br \/>Bak \u015fu vaziyete bak \u015fu duruma <br \/>E\u015fin yok cihanda bir Hac\u0131 Bekta\u015f <\/p>\n<p>Ge\u00e7mem dedin duvar\u0131mda sinekten <br \/>Yalan sadir olmaz ervah\u0131 pekten <br \/>Sana inanm\u0131\u015f\u0131m ervahtan k\u00f6kten <br \/>Sana inanmayan k\u00f6r Hac\u0131 Bekta\u015f <\/p>\n<p>Sana yalvar\u0131yor VEYSEL bi\u00e7are <br \/>Yine senden olur her derde \u00e7are <br \/>Bir arzuhal sundum gani H\u00fcnkare <br \/>Keremin ihsan\u0131n bol Hac\u0131 Bekta\u015f<\/p>\n<p>Beni Hor G\u00f6rme Garda\u015f\u0131m<\/p>\n<p>Beni Hor G\u00f6rme Karde\u015fim<br \/>Sen Alt\u0131nd\u0131n Ben Tun\u00e7 Muyum<br \/>Ayn\u0131 Vardan Var Olmu\u015fuz<br \/>Sen G\u00fcm\u00fc\u015fs\u00fcn Ben Sa\u00e7 M\u0131y\u0131m<\/p>\n<p>Ne Var \u0130se Sende Bende<br \/>Ayn\u0131 Varl\u0131k Her Bedende<br \/>Yarin Mezara Girende<br \/>Sen Toksun Da Be A\u00e7 Miyim<\/p>\n<p>Kimi Molla Kimi Dervi\u015f<br \/>Allah Bize Neler Vermi\u015f<br \/>Kimi Ar\u0131 \u00c7i\u00e7ek Dermi\u015f<br \/>Sen Bals\u0131n Da Ben Cec Miyim<\/p>\n<p>Topraktand\u0131r C\u00fcmle Beden<br \/>Nefsini \u00d6ld\u00fcr \u00d6lmeden<br \/>B\u00f6yle Emretmi\u015f Yaradan<br \/>Sen Kalemsin Ben U\u00e7 Muyum<\/p>\n<p>Tabiata Veysel A\u015f\u0131k<br \/>Topraktan Olduk Karda\u015f\u0131k<br \/>Ayn\u0131 Yolcuyuz Yolda\u015f\u0131k<br \/>Sen Yolcusun Ben Bacmiyim<\/p>\n<p>Kara Toprak<\/p>\n<p>Dost Dost Diye Nicesine Sar\u0131ld\u0131m<br \/>Benim Sad\u0131k Yarim Kara Toprakt\u0131r<br \/>Beyhude Doland\u0131m Bo\u015fa Yoruldum<br \/>Benim Sad\u0131k Yarim Kara Toprakt\u0131r<\/p>\n<p>Nice G\u00fczellere Ba\u011fland\u0131m Kald\u0131m<br \/>Ne Bir Vefa G\u00f6rd\u00fcm Ne Faydaland\u0131m<br \/>Her Turlu \u0130ste\u011fim Topraktan Ald\u0131m<br \/>Benim Sad\u0131k Yarim Kara Toprakt\u0131r<\/p>\n<p>Koyun Verdi Kuzu Verdi Sut Verdi<br \/>Yemek Verdi Ekmek Verdi Et Verdi<br \/>Kazma \u0130le D\u00f6vmeyince K\u0131t Verdi<br \/>Benim Sad\u0131k Yarim Kara Toprakt\u0131r<\/p>\n<p>Ademden Bu Deme Neslim Getirdi<br \/>Bana Turlu Turlu Meyva Yetirdi<br \/>Her g\u00fcn Beni Tepesinde G\u00f6t\u00fcrd\u00fc<br \/>Benim Sad\u0131k Yarim Kara Toprakt\u0131r<\/p>\n<p>Karnin Yardim Kazma \u0130le Bel \u0130le<br \/>Y\u00fcz\u00fcn Y\u0131rtt\u0131m T\u0131rnak \u0130le El \u0130le<br \/>Yine Beni Kar\u015f\u0131lad\u0131 G\u00fcl \u0130le <br \/>Benim Sad\u0131k Yarim Kara Toprakt\u0131r<\/p>\n<p>\u0130\u015fkence Yapt\u0131k\u00e7a Bana G\u00fclerdi<br \/>Bunda Yalan Yoktur Herkesler G\u00f6rd\u00fc<br \/>Bir \u00c7ekirdek Verdim D\u00f6rt Bostan Verdi<br \/>Benim Sad\u0131k Yarim Kara Toprakt\u0131r<\/p>\n<p>Havaya Bakarsam Hava Al\u0131r\u0131m<br \/>Topra\u011fa Bakarsam Dua Al\u0131r\u0131m<br \/>Topraktan Ayr\u0131lsam Nerde Kal\u0131r\u0131m<br \/>Benim Sad\u0131k Yarim Kara Toprakt\u0131r<\/p>\n<p>Dile\u011fin Varsa \u0130ste Allah&#8217;tan<br \/>Almak \u0130\u00e7in Uzak Gitme Topraktan<br \/>C\u00f6mertlik Topra\u011fa Verilmi\u015f Haktan<br \/>Benim Sad\u0131k Yarim Kara Toprakt\u0131r<\/p>\n<p>Hakikat Ararsan A\u00e7\u0131k Bir Nokta<br \/>Allah Kula Yak\u0131n Kul Da Allah&#8217;a<br \/>Hakkin Gizli Hazinesi Kara Toprakta<br \/>Benim Sad\u0131k Yarim Kara Toprakt\u0131r<\/p>\n<p>B\u00fct\u00fcn Kusurlar\u0131m\u0131 Toprak Gizliyor<br \/>Merhem Calip Yaralar\u0131m\u0131 Tuzluyor<br \/>Kolun A\u00e7m\u0131\u015f Yollar\u0131m\u0131 G\u00f6zl\u00fcyor<br \/>Benim Sad\u0131k Yarim Kara Toprakt\u0131r<\/p>\n<p>Her Kim Ki Olursa Bu S\u0131rr-\u0131 Mazhar<br \/>D\u00fcnyaya B\u0131rak\u0131r \u00d6lmez Bir Eser<br \/>G\u00fcn Gelir Veysel&#8217;in Ba\u011fr\u0131na Basar<br \/>Benim Sad\u0131k Yarim Kara Toprakt\u0131r<\/p>\n<p>Derdimi D\u00f6kersem Derin Dereye<\/p>\n<p>Derdimi d\u00f6kersem derin dereye<br \/>Doldurur dereyi d\u00fcz olur gider<br \/>Irakipler geldi girdi araya<br \/>Korkar\u0131m yar benden yoz olur gider<\/p>\n<p>Ilg\u0131t \u0131lg\u0131t yeller eser seherde<br \/>Yar beni d\u00fc\u015f\u00fcrd\u00fc onulmaz derde<br \/>Yar ile bulu\u015fsak bir tenha yerde<br \/>Duyar d\u00fc\u015fmanlar\u0131m s\u00f6z olur gider<\/p>\n<p>Pervane ate\u015ften sak\u0131nmaz can\u0131<br \/>U\u011fruna koymu\u015fum ba\u015f\u0131 bedeni<br \/>Doldur t\u00fcfengini hedef al beni<br \/>Yaram doksan dokuz y\u00fcz olur gider<\/p>\n<p>Veysel der \u00e7\u0131kay\u0131m bir y\u00fcce da\u011fa<br \/>A\u011fa\u00e7lar bezenmi\u015f ye\u015fil yapra\u011fa<br \/>Bir g\u00fcn olur tenim d\u00fc\u015fer topra\u011fa<br \/>Kar\u0131\u015f\u0131r topra\u011fa toz olur gider<\/p>\n<p><\/p>\n","protected":false},"excerpt":{"rendered":"<p>A\u015f\u0131k Veysel Ben giderim ad\u0131m kal\u0131rDostlar beni hat\u0131rlas\u0131nD\u00fc\u011f\u00fcn olur bayram gelirDostlar beni hat\u0131rlas\u0131n Can bedenden ayr\u0131lacakT\u00fctmez baca, yanmaz ocakSelam olsun kucak kucakDostlar beni hat\u0131rlas\u0131n&#8230; A\u015f\u0131k Veysel \u015eat\u0131ro\u011flu A\u015f\u0131k Veysel, hayatini anlatt\u0131\u011f\u0131 bir \u015fiirinde &#8220;\u00dccy\u00fcz-onda gelmi\u015f idim cihana&#8221; diyor. Y\u0131l 1894 oluyor hesap\u00e7a. Sivas&#8217;a ba\u011fl\u0131 \u015eark\u0131\u015fla il\u00e7esinin Sivrialan K\u00f6y\u00fcnde d\u00fcnyaya gelmi\u015f. Anasi Gulizar, bir yaz g\u00fcn\u00fc [&hellip;]<\/p>\n","protected":false},"author":1,"featured_media":0,"comment_status":"open","ping_status":"open","sticky":false,"template":"","format":"standard","meta":{"footnotes":""},"categories":[172],"tags":[],"class_list":{"0":"post-259","1":"post","2":"type-post","3":"status-publish","4":"format-standard","6":"category-ozanlar-ve-eserleri"},"yoast_head":"<!-- This site is optimized with the Yoast SEO Premium plugin v24.9 (Yoast SEO v24.9) - https:\/\/yoast.com\/wordpress\/plugins\/seo\/ -->\n<title>A\u015f\u0131k Veysel \u015eat\u0131ro\u011flu Biyografisi ve Eserleri - narteks.net<\/title>\n<meta name=\"robots\" content=\"index, follow, max-snippet:-1, max-image-preview:large, max-video-preview:-1\" \/>\n<link rel=\"canonical\" href=\"https:\/\/narteks.net\/index.php\/2009\/02\/27\/hayati-ve-eserler\/\" \/>\n<meta property=\"og:locale\" content=\"tr_TR\" \/>\n<meta property=\"og:type\" content=\"article\" \/>\n<meta property=\"og:title\" content=\"A\u015f\u0131k Veysel \u015eat\u0131ro\u011flu Biyografisi ve Eserleri\" \/>\n<meta property=\"og:description\" content=\"A\u015f\u0131k Veysel Ben giderim ad\u0131m kal\u0131rDostlar beni hat\u0131rlas\u0131nD\u00fc\u011f\u00fcn olur bayram gelirDostlar beni hat\u0131rlas\u0131n Can bedenden ayr\u0131lacakT\u00fctmez baca, yanmaz ocakSelam olsun kucak kucakDostlar beni hat\u0131rlas\u0131n&#8230; A\u015f\u0131k Veysel \u015eat\u0131ro\u011flu A\u015f\u0131k Veysel, hayatini anlatt\u0131\u011f\u0131 bir \u015fiirinde &#8220;\u00dccy\u00fcz-onda gelmi\u015f idim cihana&#8221; diyor. Y\u0131l 1894 oluyor hesap\u00e7a. Sivas&#8217;a ba\u011fl\u0131 \u015eark\u0131\u015fla il\u00e7esinin Sivrialan K\u00f6y\u00fcnde d\u00fcnyaya gelmi\u015f. Anasi Gulizar, bir yaz g\u00fcn\u00fc [&hellip;]\" \/>\n<meta property=\"og:url\" content=\"https:\/\/narteks.net\/index.php\/2009\/02\/27\/hayati-ve-eserler\/\" \/>\n<meta property=\"og:site_name\" content=\"narteks.net\" \/>\n<meta property=\"article:published_time\" content=\"2009-02-27T20:16:31+00:00\" \/>\n<meta property=\"og:image\" content=\"http:\/\/www.turkuler.com\/ozan\/veysel11.gif\" \/>\n<meta name=\"author\" content=\"Tar\u0131k\" \/>\n<meta name=\"twitter:card\" content=\"summary_large_image\" \/>\n<meta name=\"twitter:creator\" content=\"@narteks\" \/>\n<meta name=\"twitter:site\" content=\"@narteks\" \/>\n<meta name=\"twitter:label1\" content=\"Yazan:\" \/>\n\t<meta name=\"twitter:data1\" content=\"Tar\u0131k\" \/>\n\t<meta name=\"twitter:label2\" content=\"Tahmini okuma s\u00fcresi\" \/>\n\t<meta name=\"twitter:data2\" content=\"8 dakika\" \/>\n<script type=\"application\/ld+json\" class=\"yoast-schema-graph\">{\"@context\":\"https:\/\/schema.org\",\"@graph\":[{\"@type\":\"Article\",\"@id\":\"https:\/\/narteks.net\/index.php\/2009\/02\/27\/hayati-ve-eserler\/#article\",\"isPartOf\":{\"@id\":\"https:\/\/narteks.net\/index.php\/2009\/02\/27\/hayati-ve-eserler\/\"},\"author\":{\"name\":\"Tar\u0131k\",\"@id\":\"https:\/\/narteks.net\/#\/schema\/person\/61f37d9834294b72d31d274e7ed79bca\"},\"headline\":\"A\u015f\u0131k Veysel \u015eat\u0131ro\u011flu Biyografisi ve Eserleri\",\"datePublished\":\"2009-02-27T20:16:31+00:00\",\"mainEntityOfPage\":{\"@id\":\"https:\/\/narteks.net\/index.php\/2009\/02\/27\/hayati-ve-eserler\/\"},\"wordCount\":1664,\"commentCount\":0,\"publisher\":{\"@id\":\"https:\/\/narteks.net\/#organization\"},\"image\":{\"@id\":\"https:\/\/narteks.net\/index.php\/2009\/02\/27\/hayati-ve-eserler\/#primaryimage\"},\"thumbnailUrl\":\"http:\/\/www.turkuler.com\/ozan\/veysel11.gif\",\"articleSection\":[\"Ozanlar ve Eserleri\"],\"inLanguage\":\"tr\",\"potentialAction\":[{\"@type\":\"CommentAction\",\"name\":\"Comment\",\"target\":[\"https:\/\/narteks.net\/index.php\/2009\/02\/27\/hayati-ve-eserler\/#respond\"]}]},{\"@type\":\"WebPage\",\"@id\":\"https:\/\/narteks.net\/index.php\/2009\/02\/27\/hayati-ve-eserler\/\",\"url\":\"https:\/\/narteks.net\/index.php\/2009\/02\/27\/hayati-ve-eserler\/\",\"name\":\"A\u015f\u0131k Veysel \u015eat\u0131ro\u011flu Biyografisi ve Eserleri - narteks.net\",\"isPartOf\":{\"@id\":\"https:\/\/narteks.net\/#website\"},\"primaryImageOfPage\":{\"@id\":\"https:\/\/narteks.net\/index.php\/2009\/02\/27\/hayati-ve-eserler\/#primaryimage\"},\"image\":{\"@id\":\"https:\/\/narteks.net\/index.php\/2009\/02\/27\/hayati-ve-eserler\/#primaryimage\"},\"thumbnailUrl\":\"http:\/\/www.turkuler.com\/ozan\/veysel11.gif\",\"datePublished\":\"2009-02-27T20:16:31+00:00\",\"breadcrumb\":{\"@id\":\"https:\/\/narteks.net\/index.php\/2009\/02\/27\/hayati-ve-eserler\/#breadcrumb\"},\"inLanguage\":\"tr\",\"potentialAction\":[{\"@type\":\"ReadAction\",\"target\":[\"https:\/\/narteks.net\/index.php\/2009\/02\/27\/hayati-ve-eserler\/\"]}]},{\"@type\":\"ImageObject\",\"inLanguage\":\"tr\",\"@id\":\"https:\/\/narteks.net\/index.php\/2009\/02\/27\/hayati-ve-eserler\/#primaryimage\",\"url\":\"http:\/\/www.turkuler.com\/ozan\/veysel11.gif\",\"contentUrl\":\"http:\/\/www.turkuler.com\/ozan\/veysel11.gif\"},{\"@type\":\"BreadcrumbList\",\"@id\":\"https:\/\/narteks.net\/index.php\/2009\/02\/27\/hayati-ve-eserler\/#breadcrumb\",\"itemListElement\":[{\"@type\":\"ListItem\",\"position\":1,\"name\":\"Anasayfa\",\"item\":\"https:\/\/narteks.net\/\"},{\"@type\":\"ListItem\",\"position\":2,\"name\":\"A\u015f\u0131k Veysel \u015eat\u0131ro\u011flu Biyografisi ve Eserleri\"}]},{\"@type\":\"WebSite\",\"@id\":\"https:\/\/narteks.net\/#website\",\"url\":\"https:\/\/narteks.net\/\",\"name\":\"narteks.net\",\"description\":\"K\u00fclt\u00fcr Sanat Edebiyat Felsefe\",\"publisher\":{\"@id\":\"https:\/\/narteks.net\/#organization\"},\"alternateName\":\"K\u00fclt\u00fcr Sanat Edebiyat Felsefe\",\"potentialAction\":[{\"@type\":\"SearchAction\",\"target\":{\"@type\":\"EntryPoint\",\"urlTemplate\":\"https:\/\/narteks.net\/?s={search_term_string}\"},\"query-input\":{\"@type\":\"PropertyValueSpecification\",\"valueRequired\":true,\"valueName\":\"search_term_string\"}}],\"inLanguage\":\"tr\"},{\"@type\":\"Organization\",\"@id\":\"https:\/\/narteks.net\/#organization\",\"name\":\"narteks.net\",\"url\":\"https:\/\/narteks.net\/\",\"logo\":{\"@type\":\"ImageObject\",\"inLanguage\":\"tr\",\"@id\":\"https:\/\/narteks.net\/#\/schema\/logo\/image\/\",\"url\":\"https:\/\/narteks.net\/wp-content\/uploads\/narteks.png\",\"contentUrl\":\"https:\/\/narteks.net\/wp-content\/uploads\/narteks.png\",\"width\":300,\"height\":90,\"caption\":\"narteks.net\"},\"image\":{\"@id\":\"https:\/\/narteks.net\/#\/schema\/logo\/image\/\"},\"sameAs\":[\"https:\/\/x.com\/narteks\",\"https:\/\/instagram.com\/narteksnet\"]},{\"@type\":\"Person\",\"@id\":\"https:\/\/narteks.net\/#\/schema\/person\/61f37d9834294b72d31d274e7ed79bca\",\"name\":\"Tar\u0131k\",\"image\":{\"@type\":\"ImageObject\",\"inLanguage\":\"tr\",\"@id\":\"https:\/\/narteks.net\/#\/schema\/person\/image\/\",\"url\":\"https:\/\/secure.gravatar.com\/avatar\/50865afb55632c4ae467e0af0930f6510aa2297d8014be502a55b14f3b7550cf?s=96&d=mm&r=g\",\"contentUrl\":\"https:\/\/secure.gravatar.com\/avatar\/50865afb55632c4ae467e0af0930f6510aa2297d8014be502a55b14f3b7550cf?s=96&d=mm&r=g\",\"caption\":\"Tar\u0131k\"},\"sameAs\":[\"http:\/\/narteks.net\"],\"url\":\"https:\/\/narteks.net\/index.php\/author\/narbak\/\"}]}<\/script>\n<!-- \/ Yoast SEO Premium plugin. -->","yoast_head_json":{"title":"A\u015f\u0131k Veysel \u015eat\u0131ro\u011flu Biyografisi ve Eserleri - narteks.net","robots":{"index":"index","follow":"follow","max-snippet":"max-snippet:-1","max-image-preview":"max-image-preview:large","max-video-preview":"max-video-preview:-1"},"canonical":"https:\/\/narteks.net\/index.php\/2009\/02\/27\/hayati-ve-eserler\/","og_locale":"tr_TR","og_type":"article","og_title":"A\u015f\u0131k Veysel \u015eat\u0131ro\u011flu Biyografisi ve Eserleri","og_description":"A\u015f\u0131k Veysel Ben giderim ad\u0131m kal\u0131rDostlar beni hat\u0131rlas\u0131nD\u00fc\u011f\u00fcn olur bayram gelirDostlar beni hat\u0131rlas\u0131n Can bedenden ayr\u0131lacakT\u00fctmez baca, yanmaz ocakSelam olsun kucak kucakDostlar beni hat\u0131rlas\u0131n&#8230; A\u015f\u0131k Veysel \u015eat\u0131ro\u011flu A\u015f\u0131k Veysel, hayatini anlatt\u0131\u011f\u0131 bir \u015fiirinde &#8220;\u00dccy\u00fcz-onda gelmi\u015f idim cihana&#8221; diyor. Y\u0131l 1894 oluyor hesap\u00e7a. Sivas&#8217;a ba\u011fl\u0131 \u015eark\u0131\u015fla il\u00e7esinin Sivrialan K\u00f6y\u00fcnde d\u00fcnyaya gelmi\u015f. Anasi Gulizar, bir yaz g\u00fcn\u00fc [&hellip;]","og_url":"https:\/\/narteks.net\/index.php\/2009\/02\/27\/hayati-ve-eserler\/","og_site_name":"narteks.net","article_published_time":"2009-02-27T20:16:31+00:00","og_image":[{"url":"http:\/\/www.turkuler.com\/ozan\/veysel11.gif","type":"","width":"","height":""}],"author":"Tar\u0131k","twitter_card":"summary_large_image","twitter_creator":"@narteks","twitter_site":"@narteks","twitter_misc":{"Yazan:":"Tar\u0131k","Tahmini okuma s\u00fcresi":"8 dakika"},"schema":{"@context":"https:\/\/schema.org","@graph":[{"@type":"Article","@id":"https:\/\/narteks.net\/index.php\/2009\/02\/27\/hayati-ve-eserler\/#article","isPartOf":{"@id":"https:\/\/narteks.net\/index.php\/2009\/02\/27\/hayati-ve-eserler\/"},"author":{"name":"Tar\u0131k","@id":"https:\/\/narteks.net\/#\/schema\/person\/61f37d9834294b72d31d274e7ed79bca"},"headline":"A\u015f\u0131k Veysel \u015eat\u0131ro\u011flu Biyografisi ve Eserleri","datePublished":"2009-02-27T20:16:31+00:00","mainEntityOfPage":{"@id":"https:\/\/narteks.net\/index.php\/2009\/02\/27\/hayati-ve-eserler\/"},"wordCount":1664,"commentCount":0,"publisher":{"@id":"https:\/\/narteks.net\/#organization"},"image":{"@id":"https:\/\/narteks.net\/index.php\/2009\/02\/27\/hayati-ve-eserler\/#primaryimage"},"thumbnailUrl":"http:\/\/www.turkuler.com\/ozan\/veysel11.gif","articleSection":["Ozanlar ve Eserleri"],"inLanguage":"tr","potentialAction":[{"@type":"CommentAction","name":"Comment","target":["https:\/\/narteks.net\/index.php\/2009\/02\/27\/hayati-ve-eserler\/#respond"]}]},{"@type":"WebPage","@id":"https:\/\/narteks.net\/index.php\/2009\/02\/27\/hayati-ve-eserler\/","url":"https:\/\/narteks.net\/index.php\/2009\/02\/27\/hayati-ve-eserler\/","name":"A\u015f\u0131k Veysel \u015eat\u0131ro\u011flu Biyografisi ve Eserleri - narteks.net","isPartOf":{"@id":"https:\/\/narteks.net\/#website"},"primaryImageOfPage":{"@id":"https:\/\/narteks.net\/index.php\/2009\/02\/27\/hayati-ve-eserler\/#primaryimage"},"image":{"@id":"https:\/\/narteks.net\/index.php\/2009\/02\/27\/hayati-ve-eserler\/#primaryimage"},"thumbnailUrl":"http:\/\/www.turkuler.com\/ozan\/veysel11.gif","datePublished":"2009-02-27T20:16:31+00:00","breadcrumb":{"@id":"https:\/\/narteks.net\/index.php\/2009\/02\/27\/hayati-ve-eserler\/#breadcrumb"},"inLanguage":"tr","potentialAction":[{"@type":"ReadAction","target":["https:\/\/narteks.net\/index.php\/2009\/02\/27\/hayati-ve-eserler\/"]}]},{"@type":"ImageObject","inLanguage":"tr","@id":"https:\/\/narteks.net\/index.php\/2009\/02\/27\/hayati-ve-eserler\/#primaryimage","url":"http:\/\/www.turkuler.com\/ozan\/veysel11.gif","contentUrl":"http:\/\/www.turkuler.com\/ozan\/veysel11.gif"},{"@type":"BreadcrumbList","@id":"https:\/\/narteks.net\/index.php\/2009\/02\/27\/hayati-ve-eserler\/#breadcrumb","itemListElement":[{"@type":"ListItem","position":1,"name":"Anasayfa","item":"https:\/\/narteks.net\/"},{"@type":"ListItem","position":2,"name":"A\u015f\u0131k Veysel \u015eat\u0131ro\u011flu Biyografisi ve Eserleri"}]},{"@type":"WebSite","@id":"https:\/\/narteks.net\/#website","url":"https:\/\/narteks.net\/","name":"narteks.net","description":"K\u00fclt\u00fcr Sanat Edebiyat Felsefe","publisher":{"@id":"https:\/\/narteks.net\/#organization"},"alternateName":"K\u00fclt\u00fcr Sanat Edebiyat Felsefe","potentialAction":[{"@type":"SearchAction","target":{"@type":"EntryPoint","urlTemplate":"https:\/\/narteks.net\/?s={search_term_string}"},"query-input":{"@type":"PropertyValueSpecification","valueRequired":true,"valueName":"search_term_string"}}],"inLanguage":"tr"},{"@type":"Organization","@id":"https:\/\/narteks.net\/#organization","name":"narteks.net","url":"https:\/\/narteks.net\/","logo":{"@type":"ImageObject","inLanguage":"tr","@id":"https:\/\/narteks.net\/#\/schema\/logo\/image\/","url":"https:\/\/narteks.net\/wp-content\/uploads\/narteks.png","contentUrl":"https:\/\/narteks.net\/wp-content\/uploads\/narteks.png","width":300,"height":90,"caption":"narteks.net"},"image":{"@id":"https:\/\/narteks.net\/#\/schema\/logo\/image\/"},"sameAs":["https:\/\/x.com\/narteks","https:\/\/instagram.com\/narteksnet"]},{"@type":"Person","@id":"https:\/\/narteks.net\/#\/schema\/person\/61f37d9834294b72d31d274e7ed79bca","name":"Tar\u0131k","image":{"@type":"ImageObject","inLanguage":"tr","@id":"https:\/\/narteks.net\/#\/schema\/person\/image\/","url":"https:\/\/secure.gravatar.com\/avatar\/50865afb55632c4ae467e0af0930f6510aa2297d8014be502a55b14f3b7550cf?s=96&d=mm&r=g","contentUrl":"https:\/\/secure.gravatar.com\/avatar\/50865afb55632c4ae467e0af0930f6510aa2297d8014be502a55b14f3b7550cf?s=96&d=mm&r=g","caption":"Tar\u0131k"},"sameAs":["http:\/\/narteks.net"],"url":"https:\/\/narteks.net\/index.php\/author\/narbak\/"}]}},"_links":{"self":[{"href":"https:\/\/narteks.net\/index.php\/wp-json\/wp\/v2\/posts\/259","targetHints":{"allow":["GET"]}}],"collection":[{"href":"https:\/\/narteks.net\/index.php\/wp-json\/wp\/v2\/posts"}],"about":[{"href":"https:\/\/narteks.net\/index.php\/wp-json\/wp\/v2\/types\/post"}],"author":[{"embeddable":true,"href":"https:\/\/narteks.net\/index.php\/wp-json\/wp\/v2\/users\/1"}],"replies":[{"embeddable":true,"href":"https:\/\/narteks.net\/index.php\/wp-json\/wp\/v2\/comments?post=259"}],"version-history":[{"count":0,"href":"https:\/\/narteks.net\/index.php\/wp-json\/wp\/v2\/posts\/259\/revisions"}],"wp:attachment":[{"href":"https:\/\/narteks.net\/index.php\/wp-json\/wp\/v2\/media?parent=259"}],"wp:term":[{"taxonomy":"category","embeddable":true,"href":"https:\/\/narteks.net\/index.php\/wp-json\/wp\/v2\/categories?post=259"},{"taxonomy":"post_tag","embeddable":true,"href":"https:\/\/narteks.net\/index.php\/wp-json\/wp\/v2\/tags?post=259"}],"curies":[{"name":"wp","href":"https:\/\/api.w.org\/{rel}","templated":true}]}}