{"id":2591,"date":"2009-12-07T10:59:50","date_gmt":"2009-12-07T07:59:50","guid":{"rendered":"http:\/\/localhost\/wordpress\/2009\/12\/07\/kurtlarla-ve-annenle-danset\/"},"modified":"2009-12-07T10:59:50","modified_gmt":"2009-12-07T07:59:50","slug":"kurtlarla-ve-annenle-danset","status":"publish","type":"post","link":"https:\/\/narteks.net\/index.php\/2009\/12\/07\/kurtlarla-ve-annenle-danset\/","title":{"rendered":"KURTLARLA VE ANNENLE DANSET"},"content":{"rendered":"<p>\u00a0<\/p>\n<p>\u0130nsan\u0131n annesini sevmesi<br \/>kendisini sevmesi de\u011fil midir<br \/>asl\u0131nda<br \/>Kendi hayal g\u00fcc\u00fcn\u00fc ve o korkun\u00e7<br \/>d\u00fc\u015flerini<br \/>Saatinin i\u00e7ini a\u00e7, annen<br \/>sana bakacak<br \/>\u00d6p anneni, tanr\u0131y\u0131 an\u0131msa<br \/>Beslenme \u00e7antana koymay\u0131 unutma<br \/>karakutunu<br \/>Kurtlarla ve annenle her sabah<br \/>dans et<br \/>Kurtlarla ve annenle her ak\u015fam<br \/>dans et&#8230;<br \/>Sen oradas\u0131n<br \/>Yaz\u0131lmam\u0131\u015f bir \u015fiir gibi&#8230;<br \/>Saf ve masum<br \/>B\u00fct\u00fcn \u00f6fkem bu sana<br \/>Ba\u015fe\u011fmem ve sonsuzca<br \/>arzulamam.<\/p>\n<p>Cezmi ERS\u00d6Z<\/p>\n","protected":false},"excerpt":{"rendered":"<p>\u00a0 \u0130nsan\u0131n annesini sevmesikendisini sevmesi de\u011fil midirasl\u0131ndaKendi hayal g\u00fcc\u00fcn\u00fc ve o korkun\u00e7d\u00fc\u015fleriniSaatinin i\u00e7ini a\u00e7, annensana bakacak\u00d6p anneni, tanr\u0131y\u0131 an\u0131msaBeslenme \u00e7antana koymay\u0131 unutmakarakutunuKurtlarla ve annenle her sabahdans etKurtlarla ve annenle her ak\u015famdans et&#8230;Sen oradas\u0131nYaz\u0131lmam\u0131\u015f bir \u015fiir gibi&#8230;Saf ve masumB\u00fct\u00fcn \u00f6fkem bu sanaBa\u015fe\u011fmem ve sonsuzcaarzulamam. Cezmi ERS\u00d6Z<\/p>\n","protected":false},"author":1,"featured_media":0,"comment_status":"open","ping_status":"open","sticky":false,"template":"","format":"standard","meta":{"footnotes":""},"categories":[18],"tags":[],"class_list":{"0":"post-2591","1":"post","2":"type-post","3":"status-publish","4":"format-standard","6":"category-cezmi-ersoz"},"yoast_head":"<!-- This site is optimized with the Yoast SEO Premium plugin v24.9 (Yoast SEO v24.9) - https:\/\/yoast.com\/wordpress\/plugins\/seo\/ -->\n<title>KURTLARLA VE ANNENLE DANSET - narteks.net<\/title>\n<meta name=\"robots\" content=\"index, follow, max-snippet:-1, max-image-preview:large, max-video-preview:-1\" \/>\n<link rel=\"canonical\" href=\"https:\/\/narteks.net\/index.php\/2009\/12\/07\/kurtlarla-ve-annenle-danset\/\" \/>\n<meta property=\"og:locale\" content=\"tr_TR\" \/>\n<meta property=\"og:type\" content=\"article\" \/>\n<meta property=\"og:title\" content=\"KURTLARLA VE ANNENLE DANSET\" \/>\n<meta property=\"og:description\" content=\"\u00a0 \u0130nsan\u0131n annesini sevmesikendisini sevmesi de\u011fil midirasl\u0131ndaKendi hayal g\u00fcc\u00fcn\u00fc ve o korkun\u00e7d\u00fc\u015fleriniSaatinin i\u00e7ini a\u00e7, annensana bakacak\u00d6p anneni, tanr\u0131y\u0131 an\u0131msaBeslenme \u00e7antana koymay\u0131 unutmakarakutunuKurtlarla ve annenle her sabahdans etKurtlarla ve annenle her ak\u015famdans et&#8230;Sen oradas\u0131nYaz\u0131lmam\u0131\u015f bir \u015fiir gibi&#8230;Saf ve masumB\u00fct\u00fcn \u00f6fkem bu sanaBa\u015fe\u011fmem ve sonsuzcaarzulamam. Cezmi ERS\u00d6Z\" \/>\n<meta property=\"og:url\" content=\"https:\/\/narteks.net\/index.php\/2009\/12\/07\/kurtlarla-ve-annenle-danset\/\" \/>\n<meta property=\"og:site_name\" content=\"narteks.net\" \/>\n<meta property=\"article:published_time\" content=\"2009-12-07T07:59:50+00:00\" \/>\n<meta property=\"og:image\" content=\"https:\/\/narteks.net\/wp-content\/uploads\/narteks.png\" \/>\n\t<meta property=\"og:image:width\" content=\"300\" \/>\n\t<meta property=\"og:image:height\" content=\"90\" \/>\n\t<meta property=\"og:image:type\" content=\"image\/png\" \/>\n<meta name=\"author\" content=\"Tar\u0131k\" \/>\n<meta name=\"twitter:card\" content=\"summary_large_image\" \/>\n<meta name=\"twitter:creator\" content=\"@narteks\" \/>\n<meta name=\"twitter:site\" content=\"@narteks\" \/>\n<meta name=\"twitter:label1\" content=\"Yazan:\" \/>\n\t<meta name=\"twitter:data1\" content=\"Tar\u0131k\" \/>\n<script type=\"application\/ld+json\" class=\"yoast-schema-graph\">{\"@context\":\"https:\/\/schema.org\",\"@graph\":[{\"@type\":\"Article\",\"@id\":\"https:\/\/narteks.net\/index.php\/2009\/12\/07\/kurtlarla-ve-annenle-danset\/#article\",\"isPartOf\":{\"@id\":\"https:\/\/narteks.net\/index.php\/2009\/12\/07\/kurtlarla-ve-annenle-danset\/\"},\"author\":{\"name\":\"Tar\u0131k\",\"@id\":\"https:\/\/narteks.net\/#\/schema\/person\/61f37d9834294b72d31d274e7ed79bca\"},\"headline\":\"KURTLARLA VE ANNENLE DANSET\",\"datePublished\":\"2009-12-07T07:59:50+00:00\",\"mainEntityOfPage\":{\"@id\":\"https:\/\/narteks.net\/index.php\/2009\/12\/07\/kurtlarla-ve-annenle-danset\/\"},\"wordCount\":69,\"commentCount\":0,\"publisher\":{\"@id\":\"https:\/\/narteks.net\/#organization\"},\"articleSection\":[\"Cezmi ERS\u00d6Z\"],\"inLanguage\":\"tr\",\"potentialAction\":[{\"@type\":\"CommentAction\",\"name\":\"Comment\",\"target\":[\"https:\/\/narteks.net\/index.php\/2009\/12\/07\/kurtlarla-ve-annenle-danset\/#respond\"]}]},{\"@type\":\"WebPage\",\"@id\":\"https:\/\/narteks.net\/index.php\/2009\/12\/07\/kurtlarla-ve-annenle-danset\/\",\"url\":\"https:\/\/narteks.net\/index.php\/2009\/12\/07\/kurtlarla-ve-annenle-danset\/\",\"name\":\"KURTLARLA VE ANNENLE DANSET - narteks.net\",\"isPartOf\":{\"@id\":\"https:\/\/narteks.net\/#website\"},\"datePublished\":\"2009-12-07T07:59:50+00:00\",\"breadcrumb\":{\"@id\":\"https:\/\/narteks.net\/index.php\/2009\/12\/07\/kurtlarla-ve-annenle-danset\/#breadcrumb\"},\"inLanguage\":\"tr\",\"potentialAction\":[{\"@type\":\"ReadAction\",\"target\":[\"https:\/\/narteks.net\/index.php\/2009\/12\/07\/kurtlarla-ve-annenle-danset\/\"]}]},{\"@type\":\"BreadcrumbList\",\"@id\":\"https:\/\/narteks.net\/index.php\/2009\/12\/07\/kurtlarla-ve-annenle-danset\/#breadcrumb\",\"itemListElement\":[{\"@type\":\"ListItem\",\"position\":1,\"name\":\"Anasayfa\",\"item\":\"https:\/\/narteks.net\/\"},{\"@type\":\"ListItem\",\"position\":2,\"name\":\"KURTLARLA VE ANNENLE DANSET\"}]},{\"@type\":\"WebSite\",\"@id\":\"https:\/\/narteks.net\/#website\",\"url\":\"https:\/\/narteks.net\/\",\"name\":\"narteks.net\",\"description\":\"K\u00fclt\u00fcr Sanat Edebiyat Felsefe\",\"publisher\":{\"@id\":\"https:\/\/narteks.net\/#organization\"},\"alternateName\":\"K\u00fclt\u00fcr Sanat Edebiyat Felsefe\",\"potentialAction\":[{\"@type\":\"SearchAction\",\"target\":{\"@type\":\"EntryPoint\",\"urlTemplate\":\"https:\/\/narteks.net\/?s={search_term_string}\"},\"query-input\":{\"@type\":\"PropertyValueSpecification\",\"valueRequired\":true,\"valueName\":\"search_term_string\"}}],\"inLanguage\":\"tr\"},{\"@type\":\"Organization\",\"@id\":\"https:\/\/narteks.net\/#organization\",\"name\":\"narteks.net\",\"url\":\"https:\/\/narteks.net\/\",\"logo\":{\"@type\":\"ImageObject\",\"inLanguage\":\"tr\",\"@id\":\"https:\/\/narteks.net\/#\/schema\/logo\/image\/\",\"url\":\"https:\/\/narteks.net\/wp-content\/uploads\/narteks.png\",\"contentUrl\":\"https:\/\/narteks.net\/wp-content\/uploads\/narteks.png\",\"width\":300,\"height\":90,\"caption\":\"narteks.net\"},\"image\":{\"@id\":\"https:\/\/narteks.net\/#\/schema\/logo\/image\/\"},\"sameAs\":[\"https:\/\/x.com\/narteks\",\"https:\/\/instagram.com\/narteksnet\"]},{\"@type\":\"Person\",\"@id\":\"https:\/\/narteks.net\/#\/schema\/person\/61f37d9834294b72d31d274e7ed79bca\",\"name\":\"Tar\u0131k\",\"image\":{\"@type\":\"ImageObject\",\"inLanguage\":\"tr\",\"@id\":\"https:\/\/narteks.net\/#\/schema\/person\/image\/\",\"url\":\"https:\/\/secure.gravatar.com\/avatar\/50865afb55632c4ae467e0af0930f6510aa2297d8014be502a55b14f3b7550cf?s=96&d=mm&r=g\",\"contentUrl\":\"https:\/\/secure.gravatar.com\/avatar\/50865afb55632c4ae467e0af0930f6510aa2297d8014be502a55b14f3b7550cf?s=96&d=mm&r=g\",\"caption\":\"Tar\u0131k\"},\"sameAs\":[\"http:\/\/narteks.net\"],\"url\":\"https:\/\/narteks.net\/index.php\/author\/narbak\/\"}]}<\/script>\n<!-- \/ Yoast SEO Premium plugin. -->","yoast_head_json":{"title":"KURTLARLA VE ANNENLE DANSET - narteks.net","robots":{"index":"index","follow":"follow","max-snippet":"max-snippet:-1","max-image-preview":"max-image-preview:large","max-video-preview":"max-video-preview:-1"},"canonical":"https:\/\/narteks.net\/index.php\/2009\/12\/07\/kurtlarla-ve-annenle-danset\/","og_locale":"tr_TR","og_type":"article","og_title":"KURTLARLA VE ANNENLE DANSET","og_description":"\u00a0 \u0130nsan\u0131n annesini sevmesikendisini sevmesi de\u011fil midirasl\u0131ndaKendi hayal g\u00fcc\u00fcn\u00fc ve o korkun\u00e7d\u00fc\u015fleriniSaatinin i\u00e7ini a\u00e7, annensana bakacak\u00d6p anneni, tanr\u0131y\u0131 an\u0131msaBeslenme \u00e7antana koymay\u0131 unutmakarakutunuKurtlarla ve annenle her sabahdans etKurtlarla ve annenle her ak\u015famdans et&#8230;Sen oradas\u0131nYaz\u0131lmam\u0131\u015f bir \u015fiir gibi&#8230;Saf ve masumB\u00fct\u00fcn \u00f6fkem bu sanaBa\u015fe\u011fmem ve sonsuzcaarzulamam. Cezmi ERS\u00d6Z","og_url":"https:\/\/narteks.net\/index.php\/2009\/12\/07\/kurtlarla-ve-annenle-danset\/","og_site_name":"narteks.net","article_published_time":"2009-12-07T07:59:50+00:00","og_image":[{"width":300,"height":90,"url":"https:\/\/narteks.net\/wp-content\/uploads\/narteks.png","type":"image\/png"}],"author":"Tar\u0131k","twitter_card":"summary_large_image","twitter_creator":"@narteks","twitter_site":"@narteks","twitter_misc":{"Yazan:":"Tar\u0131k"},"schema":{"@context":"https:\/\/schema.org","@graph":[{"@type":"Article","@id":"https:\/\/narteks.net\/index.php\/2009\/12\/07\/kurtlarla-ve-annenle-danset\/#article","isPartOf":{"@id":"https:\/\/narteks.net\/index.php\/2009\/12\/07\/kurtlarla-ve-annenle-danset\/"},"author":{"name":"Tar\u0131k","@id":"https:\/\/narteks.net\/#\/schema\/person\/61f37d9834294b72d31d274e7ed79bca"},"headline":"KURTLARLA VE ANNENLE DANSET","datePublished":"2009-12-07T07:59:50+00:00","mainEntityOfPage":{"@id":"https:\/\/narteks.net\/index.php\/2009\/12\/07\/kurtlarla-ve-annenle-danset\/"},"wordCount":69,"commentCount":0,"publisher":{"@id":"https:\/\/narteks.net\/#organization"},"articleSection":["Cezmi ERS\u00d6Z"],"inLanguage":"tr","potentialAction":[{"@type":"CommentAction","name":"Comment","target":["https:\/\/narteks.net\/index.php\/2009\/12\/07\/kurtlarla-ve-annenle-danset\/#respond"]}]},{"@type":"WebPage","@id":"https:\/\/narteks.net\/index.php\/2009\/12\/07\/kurtlarla-ve-annenle-danset\/","url":"https:\/\/narteks.net\/index.php\/2009\/12\/07\/kurtlarla-ve-annenle-danset\/","name":"KURTLARLA VE ANNENLE DANSET - narteks.net","isPartOf":{"@id":"https:\/\/narteks.net\/#website"},"datePublished":"2009-12-07T07:59:50+00:00","breadcrumb":{"@id":"https:\/\/narteks.net\/index.php\/2009\/12\/07\/kurtlarla-ve-annenle-danset\/#breadcrumb"},"inLanguage":"tr","potentialAction":[{"@type":"ReadAction","target":["https:\/\/narteks.net\/index.php\/2009\/12\/07\/kurtlarla-ve-annenle-danset\/"]}]},{"@type":"BreadcrumbList","@id":"https:\/\/narteks.net\/index.php\/2009\/12\/07\/kurtlarla-ve-annenle-danset\/#breadcrumb","itemListElement":[{"@type":"ListItem","position":1,"name":"Anasayfa","item":"https:\/\/narteks.net\/"},{"@type":"ListItem","position":2,"name":"KURTLARLA VE ANNENLE DANSET"}]},{"@type":"WebSite","@id":"https:\/\/narteks.net\/#website","url":"https:\/\/narteks.net\/","name":"narteks.net","description":"K\u00fclt\u00fcr Sanat Edebiyat Felsefe","publisher":{"@id":"https:\/\/narteks.net\/#organization"},"alternateName":"K\u00fclt\u00fcr Sanat Edebiyat Felsefe","potentialAction":[{"@type":"SearchAction","target":{"@type":"EntryPoint","urlTemplate":"https:\/\/narteks.net\/?s={search_term_string}"},"query-input":{"@type":"PropertyValueSpecification","valueRequired":true,"valueName":"search_term_string"}}],"inLanguage":"tr"},{"@type":"Organization","@id":"https:\/\/narteks.net\/#organization","name":"narteks.net","url":"https:\/\/narteks.net\/","logo":{"@type":"ImageObject","inLanguage":"tr","@id":"https:\/\/narteks.net\/#\/schema\/logo\/image\/","url":"https:\/\/narteks.net\/wp-content\/uploads\/narteks.png","contentUrl":"https:\/\/narteks.net\/wp-content\/uploads\/narteks.png","width":300,"height":90,"caption":"narteks.net"},"image":{"@id":"https:\/\/narteks.net\/#\/schema\/logo\/image\/"},"sameAs":["https:\/\/x.com\/narteks","https:\/\/instagram.com\/narteksnet"]},{"@type":"Person","@id":"https:\/\/narteks.net\/#\/schema\/person\/61f37d9834294b72d31d274e7ed79bca","name":"Tar\u0131k","image":{"@type":"ImageObject","inLanguage":"tr","@id":"https:\/\/narteks.net\/#\/schema\/person\/image\/","url":"https:\/\/secure.gravatar.com\/avatar\/50865afb55632c4ae467e0af0930f6510aa2297d8014be502a55b14f3b7550cf?s=96&d=mm&r=g","contentUrl":"https:\/\/secure.gravatar.com\/avatar\/50865afb55632c4ae467e0af0930f6510aa2297d8014be502a55b14f3b7550cf?s=96&d=mm&r=g","caption":"Tar\u0131k"},"sameAs":["http:\/\/narteks.net"],"url":"https:\/\/narteks.net\/index.php\/author\/narbak\/"}]}},"_links":{"self":[{"href":"https:\/\/narteks.net\/index.php\/wp-json\/wp\/v2\/posts\/2591","targetHints":{"allow":["GET"]}}],"collection":[{"href":"https:\/\/narteks.net\/index.php\/wp-json\/wp\/v2\/posts"}],"about":[{"href":"https:\/\/narteks.net\/index.php\/wp-json\/wp\/v2\/types\/post"}],"author":[{"embeddable":true,"href":"https:\/\/narteks.net\/index.php\/wp-json\/wp\/v2\/users\/1"}],"replies":[{"embeddable":true,"href":"https:\/\/narteks.net\/index.php\/wp-json\/wp\/v2\/comments?post=2591"}],"version-history":[{"count":0,"href":"https:\/\/narteks.net\/index.php\/wp-json\/wp\/v2\/posts\/2591\/revisions"}],"wp:attachment":[{"href":"https:\/\/narteks.net\/index.php\/wp-json\/wp\/v2\/media?parent=2591"}],"wp:term":[{"taxonomy":"category","embeddable":true,"href":"https:\/\/narteks.net\/index.php\/wp-json\/wp\/v2\/categories?post=2591"},{"taxonomy":"post_tag","embeddable":true,"href":"https:\/\/narteks.net\/index.php\/wp-json\/wp\/v2\/tags?post=2591"}],"curies":[{"name":"wp","href":"https:\/\/api.w.org\/{rel}","templated":true}]}}