{"id":2598,"date":"2009-12-07T11:18:00","date_gmt":"2009-12-07T08:18:00","guid":{"rendered":"http:\/\/localhost\/wordpress\/2009\/12\/07\/adini-funda-oteli-koy\/"},"modified":"2009-12-07T11:18:00","modified_gmt":"2009-12-07T08:18:00","slug":"adini-funda-oteli-koy","status":"publish","type":"post","link":"https:\/\/narteks.net\/index.php\/2009\/12\/07\/adini-funda-oteli-koy\/","title":{"rendered":"ADINI FUNDA OTEL\u0130 KOY"},"content":{"rendered":"<p>\u00a0<\/p>\n<p>Ad\u0131n\u0131 funda oteli koy <br \/> Akl\u0131ndan gelip ge\u00e7en bir yaz\u0131n <br \/> Ve ak\u015fam g\u00fcne\u015flerinde orda burda <br \/> Bir deniz k\u0131y\u0131s\u0131nda, eski bir y\u0131k\u0131nt\u0131da <br \/> \u0130nce ince gezinen turuncu adamlar\u0131n. <\/p>\n<p> Ad\u0131n\u0131 funda oteli koy <br \/> Sevdam\u0131z\u0131n da ad\u0131n\u0131 <br \/> Ayaklar\u0131 dibinde g\u00fcn bat\u0131m\u0131n\u0131n. <br \/> Ve a\u011fz\u0131nda binlerce g\u00fcne\u015fin tad\u0131 <br \/> Dilinin ucunda yaln\u0131zca kendi ad\u0131n. <\/p>\n<p> \u00c7\u00fcnk\u00fc sevdik\u00e7e beni sen, kendini tan\u0131d\u0131n.<\/p>\n<p>Edip CANSEVER<\/p>\n","protected":false},"excerpt":{"rendered":"<p>\u00a0 Ad\u0131n\u0131 funda oteli koy Akl\u0131ndan gelip ge\u00e7en bir yaz\u0131n Ve ak\u015fam g\u00fcne\u015flerinde orda burda Bir deniz k\u0131y\u0131s\u0131nda, eski bir y\u0131k\u0131nt\u0131da \u0130nce ince gezinen turuncu adamlar\u0131n. Ad\u0131n\u0131 funda oteli koy Sevdam\u0131z\u0131n da ad\u0131n\u0131 Ayaklar\u0131 dibinde g\u00fcn bat\u0131m\u0131n\u0131n. Ve a\u011fz\u0131nda binlerce g\u00fcne\u015fin tad\u0131 Dilinin ucunda yaln\u0131zca kendi ad\u0131n. \u00c7\u00fcnk\u00fc sevdik\u00e7e beni sen, kendini tan\u0131d\u0131n. Edip CANSEVER<\/p>\n","protected":false},"author":1,"featured_media":0,"comment_status":"open","ping_status":"open","sticky":false,"template":"","format":"standard","meta":{"footnotes":""},"categories":[19],"tags":[],"class_list":{"0":"post-2598","1":"post","2":"type-post","3":"status-publish","4":"format-standard","6":"category-edip-cansever"},"yoast_head":"<!-- This site is optimized with the Yoast SEO Premium plugin v24.9 (Yoast SEO v24.9) - https:\/\/yoast.com\/wordpress\/plugins\/seo\/ -->\n<title>ADINI FUNDA OTEL\u0130 KOY - narteks.net<\/title>\n<meta name=\"robots\" content=\"index, follow, max-snippet:-1, max-image-preview:large, max-video-preview:-1\" \/>\n<link rel=\"canonical\" href=\"https:\/\/narteks.net\/index.php\/2009\/12\/07\/adini-funda-oteli-koy\/\" \/>\n<meta property=\"og:locale\" content=\"tr_TR\" \/>\n<meta property=\"og:type\" content=\"article\" \/>\n<meta property=\"og:title\" content=\"ADINI FUNDA OTEL\u0130 KOY\" \/>\n<meta property=\"og:description\" content=\"\u00a0 Ad\u0131n\u0131 funda oteli koy Akl\u0131ndan gelip ge\u00e7en bir yaz\u0131n Ve ak\u015fam g\u00fcne\u015flerinde orda burda Bir deniz k\u0131y\u0131s\u0131nda, eski bir y\u0131k\u0131nt\u0131da \u0130nce ince gezinen turuncu adamlar\u0131n. Ad\u0131n\u0131 funda oteli koy Sevdam\u0131z\u0131n da ad\u0131n\u0131 Ayaklar\u0131 dibinde g\u00fcn bat\u0131m\u0131n\u0131n. Ve a\u011fz\u0131nda binlerce g\u00fcne\u015fin tad\u0131 Dilinin ucunda yaln\u0131zca kendi ad\u0131n. \u00c7\u00fcnk\u00fc sevdik\u00e7e beni sen, kendini tan\u0131d\u0131n. Edip CANSEVER\" \/>\n<meta property=\"og:url\" content=\"https:\/\/narteks.net\/index.php\/2009\/12\/07\/adini-funda-oteli-koy\/\" \/>\n<meta property=\"og:site_name\" content=\"narteks.net\" \/>\n<meta property=\"article:published_time\" content=\"2009-12-07T08:18:00+00:00\" \/>\n<meta property=\"og:image\" content=\"https:\/\/narteks.net\/wp-content\/uploads\/narteks.png\" \/>\n\t<meta property=\"og:image:width\" content=\"300\" \/>\n\t<meta property=\"og:image:height\" content=\"90\" \/>\n\t<meta property=\"og:image:type\" content=\"image\/png\" \/>\n<meta name=\"author\" content=\"Tar\u0131k\" \/>\n<meta name=\"twitter:card\" content=\"summary_large_image\" \/>\n<meta name=\"twitter:creator\" content=\"@narteks\" \/>\n<meta name=\"twitter:site\" content=\"@narteks\" \/>\n<meta name=\"twitter:label1\" content=\"Yazan:\" \/>\n\t<meta name=\"twitter:data1\" content=\"Tar\u0131k\" \/>\n<script type=\"application\/ld+json\" class=\"yoast-schema-graph\">{\"@context\":\"https:\/\/schema.org\",\"@graph\":[{\"@type\":\"Article\",\"@id\":\"https:\/\/narteks.net\/index.php\/2009\/12\/07\/adini-funda-oteli-koy\/#article\",\"isPartOf\":{\"@id\":\"https:\/\/narteks.net\/index.php\/2009\/12\/07\/adini-funda-oteli-koy\/\"},\"author\":{\"name\":\"Tar\u0131k\",\"@id\":\"https:\/\/narteks.net\/#\/schema\/person\/61f37d9834294b72d31d274e7ed79bca\"},\"headline\":\"ADINI FUNDA OTEL\u0130 KOY\",\"datePublished\":\"2009-12-07T08:18:00+00:00\",\"mainEntityOfPage\":{\"@id\":\"https:\/\/narteks.net\/index.php\/2009\/12\/07\/adini-funda-oteli-koy\/\"},\"wordCount\":89,\"commentCount\":0,\"publisher\":{\"@id\":\"https:\/\/narteks.net\/#organization\"},\"articleSection\":[\"Edip CANSEVER\"],\"inLanguage\":\"tr\",\"potentialAction\":[{\"@type\":\"CommentAction\",\"name\":\"Comment\",\"target\":[\"https:\/\/narteks.net\/index.php\/2009\/12\/07\/adini-funda-oteli-koy\/#respond\"]}]},{\"@type\":\"WebPage\",\"@id\":\"https:\/\/narteks.net\/index.php\/2009\/12\/07\/adini-funda-oteli-koy\/\",\"url\":\"https:\/\/narteks.net\/index.php\/2009\/12\/07\/adini-funda-oteli-koy\/\",\"name\":\"ADINI FUNDA OTEL\u0130 KOY - narteks.net\",\"isPartOf\":{\"@id\":\"https:\/\/narteks.net\/#website\"},\"datePublished\":\"2009-12-07T08:18:00+00:00\",\"breadcrumb\":{\"@id\":\"https:\/\/narteks.net\/index.php\/2009\/12\/07\/adini-funda-oteli-koy\/#breadcrumb\"},\"inLanguage\":\"tr\",\"potentialAction\":[{\"@type\":\"ReadAction\",\"target\":[\"https:\/\/narteks.net\/index.php\/2009\/12\/07\/adini-funda-oteli-koy\/\"]}]},{\"@type\":\"BreadcrumbList\",\"@id\":\"https:\/\/narteks.net\/index.php\/2009\/12\/07\/adini-funda-oteli-koy\/#breadcrumb\",\"itemListElement\":[{\"@type\":\"ListItem\",\"position\":1,\"name\":\"Anasayfa\",\"item\":\"https:\/\/narteks.net\/\"},{\"@type\":\"ListItem\",\"position\":2,\"name\":\"ADINI FUNDA OTEL\u0130 KOY\"}]},{\"@type\":\"WebSite\",\"@id\":\"https:\/\/narteks.net\/#website\",\"url\":\"https:\/\/narteks.net\/\",\"name\":\"narteks.net\",\"description\":\"K\u00fclt\u00fcr Sanat Edebiyat Felsefe\",\"publisher\":{\"@id\":\"https:\/\/narteks.net\/#organization\"},\"alternateName\":\"K\u00fclt\u00fcr Sanat Edebiyat Felsefe\",\"potentialAction\":[{\"@type\":\"SearchAction\",\"target\":{\"@type\":\"EntryPoint\",\"urlTemplate\":\"https:\/\/narteks.net\/?s={search_term_string}\"},\"query-input\":{\"@type\":\"PropertyValueSpecification\",\"valueRequired\":true,\"valueName\":\"search_term_string\"}}],\"inLanguage\":\"tr\"},{\"@type\":\"Organization\",\"@id\":\"https:\/\/narteks.net\/#organization\",\"name\":\"narteks.net\",\"url\":\"https:\/\/narteks.net\/\",\"logo\":{\"@type\":\"ImageObject\",\"inLanguage\":\"tr\",\"@id\":\"https:\/\/narteks.net\/#\/schema\/logo\/image\/\",\"url\":\"https:\/\/narteks.net\/wp-content\/uploads\/narteks.png\",\"contentUrl\":\"https:\/\/narteks.net\/wp-content\/uploads\/narteks.png\",\"width\":300,\"height\":90,\"caption\":\"narteks.net\"},\"image\":{\"@id\":\"https:\/\/narteks.net\/#\/schema\/logo\/image\/\"},\"sameAs\":[\"https:\/\/x.com\/narteks\",\"https:\/\/instagram.com\/narteksnet\"]},{\"@type\":\"Person\",\"@id\":\"https:\/\/narteks.net\/#\/schema\/person\/61f37d9834294b72d31d274e7ed79bca\",\"name\":\"Tar\u0131k\",\"image\":{\"@type\":\"ImageObject\",\"inLanguage\":\"tr\",\"@id\":\"https:\/\/narteks.net\/#\/schema\/person\/image\/\",\"url\":\"https:\/\/secure.gravatar.com\/avatar\/50865afb55632c4ae467e0af0930f6510aa2297d8014be502a55b14f3b7550cf?s=96&d=mm&r=g\",\"contentUrl\":\"https:\/\/secure.gravatar.com\/avatar\/50865afb55632c4ae467e0af0930f6510aa2297d8014be502a55b14f3b7550cf?s=96&d=mm&r=g\",\"caption\":\"Tar\u0131k\"},\"sameAs\":[\"http:\/\/narteks.net\"],\"url\":\"https:\/\/narteks.net\/index.php\/author\/narbak\/\"}]}<\/script>\n<!-- \/ Yoast SEO Premium plugin. -->","yoast_head_json":{"title":"ADINI FUNDA OTEL\u0130 KOY - narteks.net","robots":{"index":"index","follow":"follow","max-snippet":"max-snippet:-1","max-image-preview":"max-image-preview:large","max-video-preview":"max-video-preview:-1"},"canonical":"https:\/\/narteks.net\/index.php\/2009\/12\/07\/adini-funda-oteli-koy\/","og_locale":"tr_TR","og_type":"article","og_title":"ADINI FUNDA OTEL\u0130 KOY","og_description":"\u00a0 Ad\u0131n\u0131 funda oteli koy Akl\u0131ndan gelip ge\u00e7en bir yaz\u0131n Ve ak\u015fam g\u00fcne\u015flerinde orda burda Bir deniz k\u0131y\u0131s\u0131nda, eski bir y\u0131k\u0131nt\u0131da \u0130nce ince gezinen turuncu adamlar\u0131n. Ad\u0131n\u0131 funda oteli koy Sevdam\u0131z\u0131n da ad\u0131n\u0131 Ayaklar\u0131 dibinde g\u00fcn bat\u0131m\u0131n\u0131n. Ve a\u011fz\u0131nda binlerce g\u00fcne\u015fin tad\u0131 Dilinin ucunda yaln\u0131zca kendi ad\u0131n. \u00c7\u00fcnk\u00fc sevdik\u00e7e beni sen, kendini tan\u0131d\u0131n. Edip CANSEVER","og_url":"https:\/\/narteks.net\/index.php\/2009\/12\/07\/adini-funda-oteli-koy\/","og_site_name":"narteks.net","article_published_time":"2009-12-07T08:18:00+00:00","og_image":[{"width":300,"height":90,"url":"https:\/\/narteks.net\/wp-content\/uploads\/narteks.png","type":"image\/png"}],"author":"Tar\u0131k","twitter_card":"summary_large_image","twitter_creator":"@narteks","twitter_site":"@narteks","twitter_misc":{"Yazan:":"Tar\u0131k"},"schema":{"@context":"https:\/\/schema.org","@graph":[{"@type":"Article","@id":"https:\/\/narteks.net\/index.php\/2009\/12\/07\/adini-funda-oteli-koy\/#article","isPartOf":{"@id":"https:\/\/narteks.net\/index.php\/2009\/12\/07\/adini-funda-oteli-koy\/"},"author":{"name":"Tar\u0131k","@id":"https:\/\/narteks.net\/#\/schema\/person\/61f37d9834294b72d31d274e7ed79bca"},"headline":"ADINI FUNDA OTEL\u0130 KOY","datePublished":"2009-12-07T08:18:00+00:00","mainEntityOfPage":{"@id":"https:\/\/narteks.net\/index.php\/2009\/12\/07\/adini-funda-oteli-koy\/"},"wordCount":89,"commentCount":0,"publisher":{"@id":"https:\/\/narteks.net\/#organization"},"articleSection":["Edip CANSEVER"],"inLanguage":"tr","potentialAction":[{"@type":"CommentAction","name":"Comment","target":["https:\/\/narteks.net\/index.php\/2009\/12\/07\/adini-funda-oteli-koy\/#respond"]}]},{"@type":"WebPage","@id":"https:\/\/narteks.net\/index.php\/2009\/12\/07\/adini-funda-oteli-koy\/","url":"https:\/\/narteks.net\/index.php\/2009\/12\/07\/adini-funda-oteli-koy\/","name":"ADINI FUNDA OTEL\u0130 KOY - narteks.net","isPartOf":{"@id":"https:\/\/narteks.net\/#website"},"datePublished":"2009-12-07T08:18:00+00:00","breadcrumb":{"@id":"https:\/\/narteks.net\/index.php\/2009\/12\/07\/adini-funda-oteli-koy\/#breadcrumb"},"inLanguage":"tr","potentialAction":[{"@type":"ReadAction","target":["https:\/\/narteks.net\/index.php\/2009\/12\/07\/adini-funda-oteli-koy\/"]}]},{"@type":"BreadcrumbList","@id":"https:\/\/narteks.net\/index.php\/2009\/12\/07\/adini-funda-oteli-koy\/#breadcrumb","itemListElement":[{"@type":"ListItem","position":1,"name":"Anasayfa","item":"https:\/\/narteks.net\/"},{"@type":"ListItem","position":2,"name":"ADINI FUNDA OTEL\u0130 KOY"}]},{"@type":"WebSite","@id":"https:\/\/narteks.net\/#website","url":"https:\/\/narteks.net\/","name":"narteks.net","description":"K\u00fclt\u00fcr Sanat Edebiyat Felsefe","publisher":{"@id":"https:\/\/narteks.net\/#organization"},"alternateName":"K\u00fclt\u00fcr Sanat Edebiyat Felsefe","potentialAction":[{"@type":"SearchAction","target":{"@type":"EntryPoint","urlTemplate":"https:\/\/narteks.net\/?s={search_term_string}"},"query-input":{"@type":"PropertyValueSpecification","valueRequired":true,"valueName":"search_term_string"}}],"inLanguage":"tr"},{"@type":"Organization","@id":"https:\/\/narteks.net\/#organization","name":"narteks.net","url":"https:\/\/narteks.net\/","logo":{"@type":"ImageObject","inLanguage":"tr","@id":"https:\/\/narteks.net\/#\/schema\/logo\/image\/","url":"https:\/\/narteks.net\/wp-content\/uploads\/narteks.png","contentUrl":"https:\/\/narteks.net\/wp-content\/uploads\/narteks.png","width":300,"height":90,"caption":"narteks.net"},"image":{"@id":"https:\/\/narteks.net\/#\/schema\/logo\/image\/"},"sameAs":["https:\/\/x.com\/narteks","https:\/\/instagram.com\/narteksnet"]},{"@type":"Person","@id":"https:\/\/narteks.net\/#\/schema\/person\/61f37d9834294b72d31d274e7ed79bca","name":"Tar\u0131k","image":{"@type":"ImageObject","inLanguage":"tr","@id":"https:\/\/narteks.net\/#\/schema\/person\/image\/","url":"https:\/\/secure.gravatar.com\/avatar\/50865afb55632c4ae467e0af0930f6510aa2297d8014be502a55b14f3b7550cf?s=96&d=mm&r=g","contentUrl":"https:\/\/secure.gravatar.com\/avatar\/50865afb55632c4ae467e0af0930f6510aa2297d8014be502a55b14f3b7550cf?s=96&d=mm&r=g","caption":"Tar\u0131k"},"sameAs":["http:\/\/narteks.net"],"url":"https:\/\/narteks.net\/index.php\/author\/narbak\/"}]}},"_links":{"self":[{"href":"https:\/\/narteks.net\/index.php\/wp-json\/wp\/v2\/posts\/2598","targetHints":{"allow":["GET"]}}],"collection":[{"href":"https:\/\/narteks.net\/index.php\/wp-json\/wp\/v2\/posts"}],"about":[{"href":"https:\/\/narteks.net\/index.php\/wp-json\/wp\/v2\/types\/post"}],"author":[{"embeddable":true,"href":"https:\/\/narteks.net\/index.php\/wp-json\/wp\/v2\/users\/1"}],"replies":[{"embeddable":true,"href":"https:\/\/narteks.net\/index.php\/wp-json\/wp\/v2\/comments?post=2598"}],"version-history":[{"count":0,"href":"https:\/\/narteks.net\/index.php\/wp-json\/wp\/v2\/posts\/2598\/revisions"}],"wp:attachment":[{"href":"https:\/\/narteks.net\/index.php\/wp-json\/wp\/v2\/media?parent=2598"}],"wp:term":[{"taxonomy":"category","embeddable":true,"href":"https:\/\/narteks.net\/index.php\/wp-json\/wp\/v2\/categories?post=2598"},{"taxonomy":"post_tag","embeddable":true,"href":"https:\/\/narteks.net\/index.php\/wp-json\/wp\/v2\/tags?post=2598"}],"curies":[{"name":"wp","href":"https:\/\/api.w.org\/{rel}","templated":true}]}}