{"id":2605,"date":"2009-12-07T11:22:27","date_gmt":"2009-12-07T08:22:27","guid":{"rendered":"http:\/\/localhost\/wordpress\/2009\/12\/07\/asklar-icinde\/"},"modified":"2009-12-07T11:22:27","modified_gmt":"2009-12-07T08:22:27","slug":"asklar-icinde","status":"publish","type":"post","link":"https:\/\/narteks.net\/index.php\/2009\/12\/07\/asklar-icinde\/","title":{"rendered":"A\u015eKLAR \u0130\u00c7\u0130NDE"},"content":{"rendered":"<p>\u00a0<\/p>\n<p>Denizin en az yeri bir k\u00f6p\u00fc\u011f\u00fc ba\u015flat\u0131yor <br \/> Y\u00fcr\u00fcyorum kumlar\u0131n \u00e7ak\u0131llarin yan\u0131 s\u0131ra <br \/> Y\u00fcre\u011fimde bir sanc\u0131 keskin bir akasya kokusundan <br \/> Avu\u00e7lar\u0131mda bir yanma <br \/> B\u00fcy\u00fcyen bir \u00fcrpertiyim sanki, kay\u0131p gidiyorum \u00fcst\u00fcnde sabah\u0131n <br \/> Oldu olacak <br \/> E\u011filip bir ta\u015f al\u0131yorum yerden, f\u0131rlat\u0131yorum denize <br \/> Ufac\u0131k bir g\u00fcl\u00fc\u015f ge\u00e7iyor suyun \u00fczerinden <br \/> Bir \u00e7ocu\u011fun g\u00fcl\u00fc\u015f\u00fc gibi <br \/> A\u015fklar\u0131n, nice a\u015fklarin ayr\u0131l\u0131k g\u00fcn\u00fc gibi <br \/> Bir soka\u011f\u0131n ucunda kaybolup solan <br \/> Daha \u00e7ok solan, a\u015fklar\u0131n solgunlu\u011fu suyun \u00fczerinde <br \/> Korularda yo\u011fun bir erguvan sisi. <\/p>\n<p> Hisarl\u0131 bal\u0131k\u00e7\u0131 a\u011flar\u0131n\u0131 ay\u0131kl\u0131yor <br \/> A\u011flar\u0131 pembeden h\u00fczne giden <br \/> Dip sular\u0131nda mercanlar gibi koyula\u015fan <br \/> Kirpiksiz g\u00f6zleri b\u00f6yle daha g\u00fczel <br \/> \u00c7il basm\u0131\u015f y\u00fcz\u00fcn\u00fc b\u00fct\u00fcn <br \/> Parmaklar\u0131 capcanl\u0131, pavuryalar gibi <br \/> Merhaba, desem bir kucak bal\u0131k atacak \u00f6n\u00fcme <br \/> Biliyorum atacak <br \/> B\u00f6yledir memleketimin yoksul halk\u0131 <br \/> Bir onlarda rastlad\u0131m bu c\u00f6mertli\u011fe <br \/> Istavritler k\u0131p\u0131r k\u0131p\u0131r dibinde sandal\u0131n\u0131n <br \/> Bal\u0131k dedin mi, oynamaz g\u00f6zleri hi\u00e7birinin, tertemiz bir resim gibi <br \/> bakarlar insana <br \/> G\u00fcnlerce bakarlar, b\u0131raksan y\u0131llarca bakarlar belki <br \/> G\u00f6zlerin gibi senin, y\u0131llard\u0131r unutamad\u0131\u011f\u0131m <br \/> Ve bu y\u00fczden olacak d\u00fc\u015f\u00fcnmedim \u015fimdiye kadar bir bal\u0131\u011f\u0131n \u00f6lebilece\u011fini. <\/p>\n<p> H\u0131zar sesleri geliyor yak\u0131ndan, g\u00fcne\u015fin d\u00f6nd\u00fc\u011f\u00fcn\u00fc g\u00f6r\u00fcyorum <br \/> \u00c7\u0131nar yapraklar\u0131n\u0131n aras\u0131nda ye\u015fil ye\u015fil <br \/> Ye\u015fille sar\u0131 birlikte d\u00f6n\u00fcyor <br \/> Denize d\u00fc\u015f\u00fcyorlar k\u0131r\u0131la k\u0131r\u0131la <br \/> Bir \u00f6rt\u00fc oluyor d\u00fc\u015f\u00fcnd\u00fcg\u00fcm her \u015fey denizin ve asfalt yolun \u00fcst\u00fcnde <br \/> G\u00f6zya\u015flar\u0131 bir \u00f6rt\u00fc, onurla cesaret bir \u00f6rt\u00fc <br \/> Senin upuzun g\u00f6vden -kapkara sa\u00e7lar\u0131nla- <br \/> Daha da uzun \u015fimdi bir \u00f6rt\u00fc olarak <br \/> Denizin k\u0131vr\u0131mlar\u0131nda a\u015fka haz\u0131rlan\u0131yor <br \/> G\u00f6\u011fe d\u00fc\u011fmeler gibi yap\u0131\u015fm\u0131\u015f kirazlar\u0131n alt\u0131nda <br \/> Y\u0131llar var ki unuttu\u011fumu san\u0131rd\u0131m bu \u00f6rt\u00fcy\u00fc ben <br \/> Sevgiyi bilmezdin de ondan, sevi\u015fmeyi bilirdin yaln\u0131zca <br \/> Birtak\u0131m s\u00f6zler de bilirdin, niye saklamal\u0131, en ustal\u0131kl\u0131 s\u00f6zlerdi onlar <\/p>\n<p> Ama bak <br \/> Kaybolup giderdi herbiri, kar\u015f\u0131la\u015ft\u0131lar m\u0131 bir yerde \u015fiirle <br \/> Asl\u0131na bakarsan en g\u00fczel aldanmalar\u0131 ya\u015fad\u0131k seninle biz <br \/> Hat\u0131rl\u0131yorum da \u00f6yle. <\/p>\n<p> Tepelerde otlar yakm\u0131\u015flar, kuzular dola\u015f\u0131yor dumanlar\u0131n aras\u0131nda <br \/> Bir k\u0131zla o\u011flan ge\u00e7iyor, birbirilerine iyice sar\u0131lm\u0131\u015flar <br \/> K\u0131z\u0131n a\u011fz\u0131nda ince bir dal par\u00e7as\u0131<br \/> Dal\u0131n ucunda bir tomurcuk, a\u011fz\u0131yla dudaklar\u0131yla beslemi\u015f sanki onu <br \/> \u00d6ylesine bilmek istiyorum ki ne konu\u015ftuklar\u0131n\u0131, ama duymaktan <br \/> korkuyorum gene de <br \/> S\u00f6yle, en son nerde g\u00f6rm\u00fc\u015ft\u00fcm seni <br \/> B\u00f6yle dumanlar vard\u0131 g\u00f6zlerinde, boynunda bir de <br \/> \u015eimdi gene var <br \/> Bileklerinde, bileklerinin renginde <br \/> Dudaklar\u0131nda, dudaklar\u0131n\u0131n <br \/> G\u00f6zlerinin dolar gibi olmas\u0131 renginde ve <br \/> Yorgunsan bir k\u0131y\u0131 kahvesinde dinlenirkenki <br \/> \u00dc\u015f\u00fcd\u00fcg\u00fcn, ba\u015f\u0131n\u0131 omzuma koydu\u011fun, sonra elele <br \/> Bir a\u015fk\u0131 ya\u015famak, bir a\u015fk\u0131nn bilinmesinden bamba\u015fka de\u011fil miydi <br \/> Ve bu ikisini ay\u0131ran duman, yani bir a\u015fk\u0131 bizim yapan <br \/> Bu dumanlar\u0131n hepsi gibi vars\u0131n \u015fimdi de <br \/> Acele etme yoksun belki <br \/> Ben her\u015feyin bir bir yok olmas\u0131na o kadar al\u0131\u015ft\u0131m ki <br \/> Ve her \u015feyin bir bir varolmas\u0131na o kadar al\u0131\u015faca\u011f\u0131m ki <br \/> Bilirsin neler i\u00e7in \u00e7arpm\u0131yor bir y\u00fcrek. <\/p>\n<p> K\u00fc\u00e7\u00fcksu \u00e7ay\u0131r\u0131n\u0131 \u015fantiye yapm\u0131\u015flar <br \/> \u0130\u015f\u00e7iler beton d\u00f6k\u00fcyor, demir e\u011fiyor, zift kaynat\u0131yor <br \/> Vakit \u00f6\u011fleyi ge\u00e7ti \u00e7oktan, yemeklerini yemi\u015f olmal\u0131lar <br \/> Coca-Cola&#8217;ya do\u011fray\u0131p ekmeklerini <br \/> \u0130\u015f\u00e7ilerimiz, yar\u0131n\u0131 kuracak olan i\u015f\u00e7ilerimiz <br \/> Ben g\u00f6r\u00fcr m\u00fcy\u00fcm bilmem, ama kuracaklar mutlaka <br \/> Coskuyla \u00e7akacaklar her \u00e7iviyi, t\u00fcrk\u00fclerle d\u00f6kecekler betonu <br \/> Ve onlar <br \/> Onlar, diyorum sadece <br \/> Bir yolculukta kar\u015f\u0131l\u0131kl\u0131 konu\u015fan adamlar\u0131n <br \/> Parmak u\u00e7lar\u0131ndaki sigaralar gibi \u015fa\u015fk\u0131n <br \/> Bilmeden ne yapacaklar\u0131n\u0131 <br \/> Anlayacaklar ne kadar g\u00fc\u00e7s\u00fcz <br \/> Ne kadar zavall\u0131 olduklar\u0131n\u0131 <br \/> Vakit \u00f6\u011fleyi ge\u00e7ti \u00e7oktan. <\/p>\n<p> Bir tanker ge\u00e7iyor \u015fimdi de tam ak\u0131nt\u0131n\u0131n ortas\u0131ndan <br \/> Ba\u015ftanba\u015fa g\u00fcl rengi <br \/> Kimseler g\u00f6r\u00fcnm\u00fcyor i\u00e7inde <br \/> Neden g\u00f6r\u00fcnm\u00fcyor, bilmiyorum <br \/> Yolcu u\u00e7aklar\u0131na, y\u00fck kamyonlar\u0131na, fabrikalara petrol ta\u015f\u0131yor <br \/> Tanklara, sava\u015f gemilerine, roketlere de <br \/> Y\u0131llar\u0131n, y\u00fczy\u0131llar\u0131n <br \/> Bitmeyen vah\u015fetini ate\u015flemek i\u00e7in <br \/> Sanki bu y\u00fczden kimseler g\u00f6r\u00fcnm\u00fcyor ortal\u0131kta, utan\u00e7lar\u0131ndan <br \/> Utanc\u0131 bilerek ya\u015famak korkun\u00e7 <br \/> Daha korkuncu da var:utanc\u0131 bilerekten ya\u015fatmak <br \/> G\u00f6rd\u00fck hepsini i\u015fte, daha da g\u00f6r\u00fcyoruz. <\/p>\n<p> Pembeye d\u00f6n\u00fck bir ayd\u0131nl\u0131k, ya\u011f\u0131yor usul usul <br \/> Bir poyraz \u00e7\u0131kt\u0131 hafiften, kuzeye \u00e7evrildi teknelerin burnu <br \/> Ve g\u00fcne\u015f kayd\u0131k\u00e7a kay\u0131yor bat\u0131ya do\u011fru, birazdan kan k\u0131rm\u0131z\u0131 bir g\u00f6k <br \/> bu\u011fulanacak <br \/> Birazdan kan k\u0131rm\u0131z\u0131 bir ak\u015fam ya\u011fmuru da d\u00f6k\u00fclebilir <br \/> Neler olabilir birazdan <br \/> Bir u\u00e7ak ge\u00e7iyor yald\u0131zdan bir iz birakarak <br \/> \u0130\u00e7indeki mutlu y\u00fczleri d\u00fc\u015f\u00fcn\u00fcyorum <br \/> Bir h\u00fcz\u00fcn bas\u0131yor gene, ne kadar istemesem de <br \/> \u00c7abuk ge\u00e7iyor <br \/> Nerede okumustum, hat\u0131rlam\u0131yorum \u015fimdi, biri mi anlatm\u0131\u015ft\u0131 yoksa <br \/> Mahpusunu k\u0131skanan bir gardiyani <br \/> Ve d\u00fc\u015f\u00fcn sevgilim, mahpusunu k\u0131skanan bir gardiyan d\u00fc\u015f\u00fcn <br \/> Ne kadar ac\u0131 bunlar <br \/> K\u0131skan\u0131yorlar hepimizi ve k\u0131skanacaklar <br \/> G\u00fc\u00e7 i\u015ftir \u00e7\u00fcnk\u00fc bir tarihi insan gibi ya\u015famak <br \/> Bir hayat\u0131 insan gibi tamamlamak g\u00fc\u00e7 i\u015ftir <br \/> Birazdan ak\u015fam olacak sevgilim <br \/> B\u00fct\u00fcn heybetiyle ak\u015fam olacak <br \/> Sevgilim, diyorum, oysa kimsecikler yok yan\u0131mda <br \/> Bilmiyorum kime sevgilim dedi\u011fimi <br \/> Bildi\u011fim bir \u015fey varsa <br \/> O kadar yeni bir anlamda s\u00f6yl\u00fcyorum ki bu kelimeyi <br \/> Unutup birden zaman\u0131 ve yeri <br \/> Onunla bir g\u00fcn\u00fc kutluyorum co\u015farak <br \/> Onunla bir g\u00fcn\u00fc kutluyoruz sanki.<\/p>\n<p>Edip CANSEVER<\/p>\n","protected":false},"excerpt":{"rendered":"<p>\u00a0 Denizin en az yeri bir k\u00f6p\u00fc\u011f\u00fc ba\u015flat\u0131yor Y\u00fcr\u00fcyorum kumlar\u0131n \u00e7ak\u0131llarin yan\u0131 s\u0131ra Y\u00fcre\u011fimde bir sanc\u0131 keskin bir akasya kokusundan Avu\u00e7lar\u0131mda bir yanma B\u00fcy\u00fcyen bir \u00fcrpertiyim sanki, kay\u0131p gidiyorum \u00fcst\u00fcnde sabah\u0131n Oldu olacak E\u011filip bir ta\u015f al\u0131yorum yerden, f\u0131rlat\u0131yorum denize Ufac\u0131k bir g\u00fcl\u00fc\u015f ge\u00e7iyor suyun \u00fczerinden Bir \u00e7ocu\u011fun g\u00fcl\u00fc\u015f\u00fc gibi A\u015fklar\u0131n, nice a\u015fklarin ayr\u0131l\u0131k g\u00fcn\u00fc [&hellip;]<\/p>\n","protected":false},"author":1,"featured_media":0,"comment_status":"open","ping_status":"open","sticky":false,"template":"","format":"standard","meta":{"footnotes":""},"categories":[19],"tags":[],"class_list":{"0":"post-2605","1":"post","2":"type-post","3":"status-publish","4":"format-standard","6":"category-edip-cansever"},"yoast_head":"<!-- This site is optimized with the Yoast SEO Premium plugin v24.9 (Yoast SEO v24.9) - https:\/\/yoast.com\/wordpress\/plugins\/seo\/ -->\n<title>A\u015eKLAR \u0130\u00c7\u0130NDE - narteks.net<\/title>\n<meta name=\"robots\" content=\"index, follow, max-snippet:-1, max-image-preview:large, max-video-preview:-1\" \/>\n<link rel=\"canonical\" href=\"https:\/\/narteks.net\/index.php\/2009\/12\/07\/asklar-icinde\/\" \/>\n<meta property=\"og:locale\" content=\"tr_TR\" \/>\n<meta property=\"og:type\" content=\"article\" \/>\n<meta property=\"og:title\" content=\"A\u015eKLAR \u0130\u00c7\u0130NDE\" \/>\n<meta property=\"og:description\" content=\"\u00a0 Denizin en az yeri bir k\u00f6p\u00fc\u011f\u00fc ba\u015flat\u0131yor Y\u00fcr\u00fcyorum kumlar\u0131n \u00e7ak\u0131llarin yan\u0131 s\u0131ra Y\u00fcre\u011fimde bir sanc\u0131 keskin bir akasya kokusundan Avu\u00e7lar\u0131mda bir yanma B\u00fcy\u00fcyen bir \u00fcrpertiyim sanki, kay\u0131p gidiyorum \u00fcst\u00fcnde sabah\u0131n Oldu olacak E\u011filip bir ta\u015f al\u0131yorum yerden, f\u0131rlat\u0131yorum denize Ufac\u0131k bir g\u00fcl\u00fc\u015f ge\u00e7iyor suyun \u00fczerinden Bir \u00e7ocu\u011fun g\u00fcl\u00fc\u015f\u00fc gibi A\u015fklar\u0131n, nice a\u015fklarin ayr\u0131l\u0131k g\u00fcn\u00fc [&hellip;]\" \/>\n<meta property=\"og:url\" content=\"https:\/\/narteks.net\/index.php\/2009\/12\/07\/asklar-icinde\/\" \/>\n<meta property=\"og:site_name\" content=\"narteks.net\" \/>\n<meta property=\"article:published_time\" content=\"2009-12-07T08:22:27+00:00\" \/>\n<meta property=\"og:image\" content=\"https:\/\/narteks.net\/wp-content\/uploads\/narteks.png\" \/>\n\t<meta property=\"og:image:width\" content=\"300\" \/>\n\t<meta property=\"og:image:height\" content=\"90\" \/>\n\t<meta property=\"og:image:type\" content=\"image\/png\" \/>\n<meta name=\"author\" content=\"Tar\u0131k\" \/>\n<meta name=\"twitter:card\" content=\"summary_large_image\" \/>\n<meta name=\"twitter:creator\" content=\"@narteks\" \/>\n<meta name=\"twitter:site\" content=\"@narteks\" \/>\n<meta name=\"twitter:label1\" content=\"Yazan:\" \/>\n\t<meta name=\"twitter:data1\" content=\"Tar\u0131k\" \/>\n\t<meta name=\"twitter:label2\" content=\"Tahmini okuma s\u00fcresi\" \/>\n\t<meta name=\"twitter:data2\" content=\"5 dakika\" \/>\n<script type=\"application\/ld+json\" class=\"yoast-schema-graph\">{\"@context\":\"https:\/\/schema.org\",\"@graph\":[{\"@type\":\"Article\",\"@id\":\"https:\/\/narteks.net\/index.php\/2009\/12\/07\/asklar-icinde\/#article\",\"isPartOf\":{\"@id\":\"https:\/\/narteks.net\/index.php\/2009\/12\/07\/asklar-icinde\/\"},\"author\":{\"name\":\"Tar\u0131k\",\"@id\":\"https:\/\/narteks.net\/#\/schema\/person\/61f37d9834294b72d31d274e7ed79bca\"},\"headline\":\"A\u015eKLAR \u0130\u00c7\u0130NDE\",\"datePublished\":\"2009-12-07T08:22:27+00:00\",\"mainEntityOfPage\":{\"@id\":\"https:\/\/narteks.net\/index.php\/2009\/12\/07\/asklar-icinde\/\"},\"wordCount\":1003,\"commentCount\":0,\"publisher\":{\"@id\":\"https:\/\/narteks.net\/#organization\"},\"articleSection\":[\"Edip CANSEVER\"],\"inLanguage\":\"tr\",\"potentialAction\":[{\"@type\":\"CommentAction\",\"name\":\"Comment\",\"target\":[\"https:\/\/narteks.net\/index.php\/2009\/12\/07\/asklar-icinde\/#respond\"]}]},{\"@type\":\"WebPage\",\"@id\":\"https:\/\/narteks.net\/index.php\/2009\/12\/07\/asklar-icinde\/\",\"url\":\"https:\/\/narteks.net\/index.php\/2009\/12\/07\/asklar-icinde\/\",\"name\":\"A\u015eKLAR \u0130\u00c7\u0130NDE - narteks.net\",\"isPartOf\":{\"@id\":\"https:\/\/narteks.net\/#website\"},\"datePublished\":\"2009-12-07T08:22:27+00:00\",\"breadcrumb\":{\"@id\":\"https:\/\/narteks.net\/index.php\/2009\/12\/07\/asklar-icinde\/#breadcrumb\"},\"inLanguage\":\"tr\",\"potentialAction\":[{\"@type\":\"ReadAction\",\"target\":[\"https:\/\/narteks.net\/index.php\/2009\/12\/07\/asklar-icinde\/\"]}]},{\"@type\":\"BreadcrumbList\",\"@id\":\"https:\/\/narteks.net\/index.php\/2009\/12\/07\/asklar-icinde\/#breadcrumb\",\"itemListElement\":[{\"@type\":\"ListItem\",\"position\":1,\"name\":\"Anasayfa\",\"item\":\"https:\/\/narteks.net\/\"},{\"@type\":\"ListItem\",\"position\":2,\"name\":\"A\u015eKLAR \u0130\u00c7\u0130NDE\"}]},{\"@type\":\"WebSite\",\"@id\":\"https:\/\/narteks.net\/#website\",\"url\":\"https:\/\/narteks.net\/\",\"name\":\"narteks.net\",\"description\":\"K\u00fclt\u00fcr Sanat Edebiyat Felsefe\",\"publisher\":{\"@id\":\"https:\/\/narteks.net\/#organization\"},\"alternateName\":\"K\u00fclt\u00fcr Sanat Edebiyat Felsefe\",\"potentialAction\":[{\"@type\":\"SearchAction\",\"target\":{\"@type\":\"EntryPoint\",\"urlTemplate\":\"https:\/\/narteks.net\/?s={search_term_string}\"},\"query-input\":{\"@type\":\"PropertyValueSpecification\",\"valueRequired\":true,\"valueName\":\"search_term_string\"}}],\"inLanguage\":\"tr\"},{\"@type\":\"Organization\",\"@id\":\"https:\/\/narteks.net\/#organization\",\"name\":\"narteks.net\",\"url\":\"https:\/\/narteks.net\/\",\"logo\":{\"@type\":\"ImageObject\",\"inLanguage\":\"tr\",\"@id\":\"https:\/\/narteks.net\/#\/schema\/logo\/image\/\",\"url\":\"https:\/\/narteks.net\/wp-content\/uploads\/narteks.png\",\"contentUrl\":\"https:\/\/narteks.net\/wp-content\/uploads\/narteks.png\",\"width\":300,\"height\":90,\"caption\":\"narteks.net\"},\"image\":{\"@id\":\"https:\/\/narteks.net\/#\/schema\/logo\/image\/\"},\"sameAs\":[\"https:\/\/x.com\/narteks\",\"https:\/\/instagram.com\/narteksnet\"]},{\"@type\":\"Person\",\"@id\":\"https:\/\/narteks.net\/#\/schema\/person\/61f37d9834294b72d31d274e7ed79bca\",\"name\":\"Tar\u0131k\",\"image\":{\"@type\":\"ImageObject\",\"inLanguage\":\"tr\",\"@id\":\"https:\/\/narteks.net\/#\/schema\/person\/image\/\",\"url\":\"https:\/\/secure.gravatar.com\/avatar\/50865afb55632c4ae467e0af0930f6510aa2297d8014be502a55b14f3b7550cf?s=96&d=mm&r=g\",\"contentUrl\":\"https:\/\/secure.gravatar.com\/avatar\/50865afb55632c4ae467e0af0930f6510aa2297d8014be502a55b14f3b7550cf?s=96&d=mm&r=g\",\"caption\":\"Tar\u0131k\"},\"sameAs\":[\"http:\/\/narteks.net\"],\"url\":\"https:\/\/narteks.net\/index.php\/author\/narbak\/\"}]}<\/script>\n<!-- \/ Yoast SEO Premium plugin. -->","yoast_head_json":{"title":"A\u015eKLAR \u0130\u00c7\u0130NDE - narteks.net","robots":{"index":"index","follow":"follow","max-snippet":"max-snippet:-1","max-image-preview":"max-image-preview:large","max-video-preview":"max-video-preview:-1"},"canonical":"https:\/\/narteks.net\/index.php\/2009\/12\/07\/asklar-icinde\/","og_locale":"tr_TR","og_type":"article","og_title":"A\u015eKLAR \u0130\u00c7\u0130NDE","og_description":"\u00a0 Denizin en az yeri bir k\u00f6p\u00fc\u011f\u00fc ba\u015flat\u0131yor Y\u00fcr\u00fcyorum kumlar\u0131n \u00e7ak\u0131llarin yan\u0131 s\u0131ra Y\u00fcre\u011fimde bir sanc\u0131 keskin bir akasya kokusundan Avu\u00e7lar\u0131mda bir yanma B\u00fcy\u00fcyen bir \u00fcrpertiyim sanki, kay\u0131p gidiyorum \u00fcst\u00fcnde sabah\u0131n Oldu olacak E\u011filip bir ta\u015f al\u0131yorum yerden, f\u0131rlat\u0131yorum denize Ufac\u0131k bir g\u00fcl\u00fc\u015f ge\u00e7iyor suyun \u00fczerinden Bir \u00e7ocu\u011fun g\u00fcl\u00fc\u015f\u00fc gibi A\u015fklar\u0131n, nice a\u015fklarin ayr\u0131l\u0131k g\u00fcn\u00fc [&hellip;]","og_url":"https:\/\/narteks.net\/index.php\/2009\/12\/07\/asklar-icinde\/","og_site_name":"narteks.net","article_published_time":"2009-12-07T08:22:27+00:00","og_image":[{"width":300,"height":90,"url":"https:\/\/narteks.net\/wp-content\/uploads\/narteks.png","type":"image\/png"}],"author":"Tar\u0131k","twitter_card":"summary_large_image","twitter_creator":"@narteks","twitter_site":"@narteks","twitter_misc":{"Yazan:":"Tar\u0131k","Tahmini okuma s\u00fcresi":"5 dakika"},"schema":{"@context":"https:\/\/schema.org","@graph":[{"@type":"Article","@id":"https:\/\/narteks.net\/index.php\/2009\/12\/07\/asklar-icinde\/#article","isPartOf":{"@id":"https:\/\/narteks.net\/index.php\/2009\/12\/07\/asklar-icinde\/"},"author":{"name":"Tar\u0131k","@id":"https:\/\/narteks.net\/#\/schema\/person\/61f37d9834294b72d31d274e7ed79bca"},"headline":"A\u015eKLAR \u0130\u00c7\u0130NDE","datePublished":"2009-12-07T08:22:27+00:00","mainEntityOfPage":{"@id":"https:\/\/narteks.net\/index.php\/2009\/12\/07\/asklar-icinde\/"},"wordCount":1003,"commentCount":0,"publisher":{"@id":"https:\/\/narteks.net\/#organization"},"articleSection":["Edip CANSEVER"],"inLanguage":"tr","potentialAction":[{"@type":"CommentAction","name":"Comment","target":["https:\/\/narteks.net\/index.php\/2009\/12\/07\/asklar-icinde\/#respond"]}]},{"@type":"WebPage","@id":"https:\/\/narteks.net\/index.php\/2009\/12\/07\/asklar-icinde\/","url":"https:\/\/narteks.net\/index.php\/2009\/12\/07\/asklar-icinde\/","name":"A\u015eKLAR \u0130\u00c7\u0130NDE - narteks.net","isPartOf":{"@id":"https:\/\/narteks.net\/#website"},"datePublished":"2009-12-07T08:22:27+00:00","breadcrumb":{"@id":"https:\/\/narteks.net\/index.php\/2009\/12\/07\/asklar-icinde\/#breadcrumb"},"inLanguage":"tr","potentialAction":[{"@type":"ReadAction","target":["https:\/\/narteks.net\/index.php\/2009\/12\/07\/asklar-icinde\/"]}]},{"@type":"BreadcrumbList","@id":"https:\/\/narteks.net\/index.php\/2009\/12\/07\/asklar-icinde\/#breadcrumb","itemListElement":[{"@type":"ListItem","position":1,"name":"Anasayfa","item":"https:\/\/narteks.net\/"},{"@type":"ListItem","position":2,"name":"A\u015eKLAR \u0130\u00c7\u0130NDE"}]},{"@type":"WebSite","@id":"https:\/\/narteks.net\/#website","url":"https:\/\/narteks.net\/","name":"narteks.net","description":"K\u00fclt\u00fcr Sanat Edebiyat Felsefe","publisher":{"@id":"https:\/\/narteks.net\/#organization"},"alternateName":"K\u00fclt\u00fcr Sanat Edebiyat Felsefe","potentialAction":[{"@type":"SearchAction","target":{"@type":"EntryPoint","urlTemplate":"https:\/\/narteks.net\/?s={search_term_string}"},"query-input":{"@type":"PropertyValueSpecification","valueRequired":true,"valueName":"search_term_string"}}],"inLanguage":"tr"},{"@type":"Organization","@id":"https:\/\/narteks.net\/#organization","name":"narteks.net","url":"https:\/\/narteks.net\/","logo":{"@type":"ImageObject","inLanguage":"tr","@id":"https:\/\/narteks.net\/#\/schema\/logo\/image\/","url":"https:\/\/narteks.net\/wp-content\/uploads\/narteks.png","contentUrl":"https:\/\/narteks.net\/wp-content\/uploads\/narteks.png","width":300,"height":90,"caption":"narteks.net"},"image":{"@id":"https:\/\/narteks.net\/#\/schema\/logo\/image\/"},"sameAs":["https:\/\/x.com\/narteks","https:\/\/instagram.com\/narteksnet"]},{"@type":"Person","@id":"https:\/\/narteks.net\/#\/schema\/person\/61f37d9834294b72d31d274e7ed79bca","name":"Tar\u0131k","image":{"@type":"ImageObject","inLanguage":"tr","@id":"https:\/\/narteks.net\/#\/schema\/person\/image\/","url":"https:\/\/secure.gravatar.com\/avatar\/50865afb55632c4ae467e0af0930f6510aa2297d8014be502a55b14f3b7550cf?s=96&d=mm&r=g","contentUrl":"https:\/\/secure.gravatar.com\/avatar\/50865afb55632c4ae467e0af0930f6510aa2297d8014be502a55b14f3b7550cf?s=96&d=mm&r=g","caption":"Tar\u0131k"},"sameAs":["http:\/\/narteks.net"],"url":"https:\/\/narteks.net\/index.php\/author\/narbak\/"}]}},"_links":{"self":[{"href":"https:\/\/narteks.net\/index.php\/wp-json\/wp\/v2\/posts\/2605","targetHints":{"allow":["GET"]}}],"collection":[{"href":"https:\/\/narteks.net\/index.php\/wp-json\/wp\/v2\/posts"}],"about":[{"href":"https:\/\/narteks.net\/index.php\/wp-json\/wp\/v2\/types\/post"}],"author":[{"embeddable":true,"href":"https:\/\/narteks.net\/index.php\/wp-json\/wp\/v2\/users\/1"}],"replies":[{"embeddable":true,"href":"https:\/\/narteks.net\/index.php\/wp-json\/wp\/v2\/comments?post=2605"}],"version-history":[{"count":0,"href":"https:\/\/narteks.net\/index.php\/wp-json\/wp\/v2\/posts\/2605\/revisions"}],"wp:attachment":[{"href":"https:\/\/narteks.net\/index.php\/wp-json\/wp\/v2\/media?parent=2605"}],"wp:term":[{"taxonomy":"category","embeddable":true,"href":"https:\/\/narteks.net\/index.php\/wp-json\/wp\/v2\/categories?post=2605"},{"taxonomy":"post_tag","embeddable":true,"href":"https:\/\/narteks.net\/index.php\/wp-json\/wp\/v2\/tags?post=2605"}],"curies":[{"name":"wp","href":"https:\/\/api.w.org\/{rel}","templated":true}]}}