{"id":2606,"date":"2009-12-07T11:23:12","date_gmt":"2009-12-07T08:23:12","guid":{"rendered":"http:\/\/localhost\/wordpress\/2009\/12\/07\/ay-kirmizi-aylar-kirmizi\/"},"modified":"2009-12-07T11:23:12","modified_gmt":"2009-12-07T08:23:12","slug":"ay-kirmizi-aylar-kirmizi","status":"publish","type":"post","link":"https:\/\/narteks.net\/index.php\/2009\/12\/07\/ay-kirmizi-aylar-kirmizi\/","title":{"rendered":"AY KIRMIZI AYLAR KIRMIZI"},"content":{"rendered":"<p>\u00a0<\/p>\n<p>Benim y\u00fcz\u00fcm budur san\u0131yorum <br \/> \u00c7irkin mi diyorum, de\u011fil korkulu <br \/> Tarife g\u00f6re bir at\u0131ml\u0131k tedirgin <br \/> G\u00fcn\u00fcne g\u00f6re az\u0131c\u0131k anla\u015f\u0131lmaz <br \/> Geceye sorarsan\u0131z bir yere yolcu. <\/p>\n<p> Belki bir sevme olay\u0131nda kay\u0131p <br \/> Bak\u0131nca anla\u015f\u0131l\u0131r g\u00f6zlerimin \u00e7oklu\u011fu <br \/> \u015earab\u0131ma gidiyorlar tek kelimeyle <br \/> Her \u015farap bir bitendir tarife g\u00f6re <br \/> Yani bir a\u015fk mevsimidir barda\u011f\u0131n sonu. <\/p>\n<p> B\u00fct\u00fcn y\u00fczler budur san\u0131yorum <br \/> \u00c7ok kaybettim niye oldu\u011fumu <br \/> Oynasam kazan\u0131rd\u0131m kendime g\u00f6re <br \/> Belki de bir Tanr\u0131 bulup s\u0131\u011f\u0131n\u0131r ellerime <br \/> B\u00fcy\u00fct\u00fcr dururdur korkun\u00e7lu\u011fumu. <\/p>\n<p> Onu gezdiriyorum \u015fimdi; o garip, anla\u015f\u0131lmaz <br \/> Ben ki \u00f6lmedim daha, \u00f6l\u00fcm\u00fcn y\u00fcz\u00fc bu <br \/> Bir \u00e7i\u00e7ek k\u0131r\u0131lsa, bir dal e\u011filse <br \/> Yok diyecek do\u011frusu \u00f6l\u00fcm\u00fcn zaferine <br \/> Yani bu uzakl\u0131k zorunlu<\/p>\n<p>Edip CANSEVER<\/p>\n","protected":false},"excerpt":{"rendered":"<p>\u00a0 Benim y\u00fcz\u00fcm budur san\u0131yorum \u00c7irkin mi diyorum, de\u011fil korkulu Tarife g\u00f6re bir at\u0131ml\u0131k tedirgin G\u00fcn\u00fcne g\u00f6re az\u0131c\u0131k anla\u015f\u0131lmaz Geceye sorarsan\u0131z bir yere yolcu. Belki bir sevme olay\u0131nda kay\u0131p Bak\u0131nca anla\u015f\u0131l\u0131r g\u00f6zlerimin \u00e7oklu\u011fu \u015earab\u0131ma gidiyorlar tek kelimeyle Her \u015farap bir bitendir tarife g\u00f6re Yani bir a\u015fk mevsimidir barda\u011f\u0131n sonu. B\u00fct\u00fcn y\u00fczler budur san\u0131yorum \u00c7ok kaybettim [&hellip;]<\/p>\n","protected":false},"author":1,"featured_media":0,"comment_status":"open","ping_status":"open","sticky":false,"template":"","format":"standard","meta":{"footnotes":""},"categories":[19],"tags":[],"class_list":{"0":"post-2606","1":"post","2":"type-post","3":"status-publish","4":"format-standard","6":"category-edip-cansever"},"yoast_head":"<!-- This site is optimized with the Yoast SEO Premium plugin v24.9 (Yoast SEO v24.9) - https:\/\/yoast.com\/wordpress\/plugins\/seo\/ -->\n<title>AY KIRMIZI AYLAR KIRMIZI - narteks.net<\/title>\n<meta name=\"robots\" content=\"index, follow, max-snippet:-1, max-image-preview:large, max-video-preview:-1\" \/>\n<link rel=\"canonical\" href=\"https:\/\/narteks.net\/index.php\/2009\/12\/07\/ay-kirmizi-aylar-kirmizi\/\" \/>\n<meta property=\"og:locale\" content=\"tr_TR\" \/>\n<meta property=\"og:type\" content=\"article\" \/>\n<meta property=\"og:title\" content=\"AY KIRMIZI AYLAR KIRMIZI\" \/>\n<meta property=\"og:description\" content=\"\u00a0 Benim y\u00fcz\u00fcm budur san\u0131yorum \u00c7irkin mi diyorum, de\u011fil korkulu Tarife g\u00f6re bir at\u0131ml\u0131k tedirgin G\u00fcn\u00fcne g\u00f6re az\u0131c\u0131k anla\u015f\u0131lmaz Geceye sorarsan\u0131z bir yere yolcu. Belki bir sevme olay\u0131nda kay\u0131p Bak\u0131nca anla\u015f\u0131l\u0131r g\u00f6zlerimin \u00e7oklu\u011fu \u015earab\u0131ma gidiyorlar tek kelimeyle Her \u015farap bir bitendir tarife g\u00f6re Yani bir a\u015fk mevsimidir barda\u011f\u0131n sonu. B\u00fct\u00fcn y\u00fczler budur san\u0131yorum \u00c7ok kaybettim [&hellip;]\" \/>\n<meta property=\"og:url\" content=\"https:\/\/narteks.net\/index.php\/2009\/12\/07\/ay-kirmizi-aylar-kirmizi\/\" \/>\n<meta property=\"og:site_name\" content=\"narteks.net\" \/>\n<meta property=\"article:published_time\" content=\"2009-12-07T08:23:12+00:00\" \/>\n<meta property=\"og:image\" content=\"https:\/\/narteks.net\/wp-content\/uploads\/narteks.png\" \/>\n\t<meta property=\"og:image:width\" content=\"300\" \/>\n\t<meta property=\"og:image:height\" content=\"90\" \/>\n\t<meta property=\"og:image:type\" content=\"image\/png\" \/>\n<meta name=\"author\" content=\"Tar\u0131k\" \/>\n<meta name=\"twitter:card\" content=\"summary_large_image\" \/>\n<meta name=\"twitter:creator\" content=\"@narteks\" \/>\n<meta name=\"twitter:site\" content=\"@narteks\" \/>\n<meta name=\"twitter:label1\" content=\"Yazan:\" \/>\n\t<meta name=\"twitter:data1\" content=\"Tar\u0131k\" \/>\n\t<meta name=\"twitter:label2\" content=\"Tahmini okuma s\u00fcresi\" \/>\n\t<meta name=\"twitter:data2\" content=\"1 dakika\" \/>\n<script type=\"application\/ld+json\" class=\"yoast-schema-graph\">{\"@context\":\"https:\/\/schema.org\",\"@graph\":[{\"@type\":\"Article\",\"@id\":\"https:\/\/narteks.net\/index.php\/2009\/12\/07\/ay-kirmizi-aylar-kirmizi\/#article\",\"isPartOf\":{\"@id\":\"https:\/\/narteks.net\/index.php\/2009\/12\/07\/ay-kirmizi-aylar-kirmizi\/\"},\"author\":{\"name\":\"Tar\u0131k\",\"@id\":\"https:\/\/narteks.net\/#\/schema\/person\/61f37d9834294b72d31d274e7ed79bca\"},\"headline\":\"AY KIRMIZI AYLAR KIRMIZI\",\"datePublished\":\"2009-12-07T08:23:12+00:00\",\"mainEntityOfPage\":{\"@id\":\"https:\/\/narteks.net\/index.php\/2009\/12\/07\/ay-kirmizi-aylar-kirmizi\/\"},\"wordCount\":156,\"commentCount\":0,\"publisher\":{\"@id\":\"https:\/\/narteks.net\/#organization\"},\"articleSection\":[\"Edip CANSEVER\"],\"inLanguage\":\"tr\",\"potentialAction\":[{\"@type\":\"CommentAction\",\"name\":\"Comment\",\"target\":[\"https:\/\/narteks.net\/index.php\/2009\/12\/07\/ay-kirmizi-aylar-kirmizi\/#respond\"]}]},{\"@type\":\"WebPage\",\"@id\":\"https:\/\/narteks.net\/index.php\/2009\/12\/07\/ay-kirmizi-aylar-kirmizi\/\",\"url\":\"https:\/\/narteks.net\/index.php\/2009\/12\/07\/ay-kirmizi-aylar-kirmizi\/\",\"name\":\"AY KIRMIZI AYLAR KIRMIZI - narteks.net\",\"isPartOf\":{\"@id\":\"https:\/\/narteks.net\/#website\"},\"datePublished\":\"2009-12-07T08:23:12+00:00\",\"breadcrumb\":{\"@id\":\"https:\/\/narteks.net\/index.php\/2009\/12\/07\/ay-kirmizi-aylar-kirmizi\/#breadcrumb\"},\"inLanguage\":\"tr\",\"potentialAction\":[{\"@type\":\"ReadAction\",\"target\":[\"https:\/\/narteks.net\/index.php\/2009\/12\/07\/ay-kirmizi-aylar-kirmizi\/\"]}]},{\"@type\":\"BreadcrumbList\",\"@id\":\"https:\/\/narteks.net\/index.php\/2009\/12\/07\/ay-kirmizi-aylar-kirmizi\/#breadcrumb\",\"itemListElement\":[{\"@type\":\"ListItem\",\"position\":1,\"name\":\"Anasayfa\",\"item\":\"https:\/\/narteks.net\/\"},{\"@type\":\"ListItem\",\"position\":2,\"name\":\"AY KIRMIZI AYLAR KIRMIZI\"}]},{\"@type\":\"WebSite\",\"@id\":\"https:\/\/narteks.net\/#website\",\"url\":\"https:\/\/narteks.net\/\",\"name\":\"narteks.net\",\"description\":\"K\u00fclt\u00fcr Sanat Edebiyat Felsefe\",\"publisher\":{\"@id\":\"https:\/\/narteks.net\/#organization\"},\"alternateName\":\"K\u00fclt\u00fcr Sanat Edebiyat Felsefe\",\"potentialAction\":[{\"@type\":\"SearchAction\",\"target\":{\"@type\":\"EntryPoint\",\"urlTemplate\":\"https:\/\/narteks.net\/?s={search_term_string}\"},\"query-input\":{\"@type\":\"PropertyValueSpecification\",\"valueRequired\":true,\"valueName\":\"search_term_string\"}}],\"inLanguage\":\"tr\"},{\"@type\":\"Organization\",\"@id\":\"https:\/\/narteks.net\/#organization\",\"name\":\"narteks.net\",\"url\":\"https:\/\/narteks.net\/\",\"logo\":{\"@type\":\"ImageObject\",\"inLanguage\":\"tr\",\"@id\":\"https:\/\/narteks.net\/#\/schema\/logo\/image\/\",\"url\":\"https:\/\/narteks.net\/wp-content\/uploads\/narteks.png\",\"contentUrl\":\"https:\/\/narteks.net\/wp-content\/uploads\/narteks.png\",\"width\":300,\"height\":90,\"caption\":\"narteks.net\"},\"image\":{\"@id\":\"https:\/\/narteks.net\/#\/schema\/logo\/image\/\"},\"sameAs\":[\"https:\/\/x.com\/narteks\",\"https:\/\/instagram.com\/narteksnet\"]},{\"@type\":\"Person\",\"@id\":\"https:\/\/narteks.net\/#\/schema\/person\/61f37d9834294b72d31d274e7ed79bca\",\"name\":\"Tar\u0131k\",\"image\":{\"@type\":\"ImageObject\",\"inLanguage\":\"tr\",\"@id\":\"https:\/\/narteks.net\/#\/schema\/person\/image\/\",\"url\":\"https:\/\/secure.gravatar.com\/avatar\/50865afb55632c4ae467e0af0930f6510aa2297d8014be502a55b14f3b7550cf?s=96&d=mm&r=g\",\"contentUrl\":\"https:\/\/secure.gravatar.com\/avatar\/50865afb55632c4ae467e0af0930f6510aa2297d8014be502a55b14f3b7550cf?s=96&d=mm&r=g\",\"caption\":\"Tar\u0131k\"},\"sameAs\":[\"http:\/\/narteks.net\"],\"url\":\"https:\/\/narteks.net\/index.php\/author\/narbak\/\"}]}<\/script>\n<!-- \/ Yoast SEO Premium plugin. -->","yoast_head_json":{"title":"AY KIRMIZI AYLAR KIRMIZI - narteks.net","robots":{"index":"index","follow":"follow","max-snippet":"max-snippet:-1","max-image-preview":"max-image-preview:large","max-video-preview":"max-video-preview:-1"},"canonical":"https:\/\/narteks.net\/index.php\/2009\/12\/07\/ay-kirmizi-aylar-kirmizi\/","og_locale":"tr_TR","og_type":"article","og_title":"AY KIRMIZI AYLAR KIRMIZI","og_description":"\u00a0 Benim y\u00fcz\u00fcm budur san\u0131yorum \u00c7irkin mi diyorum, de\u011fil korkulu Tarife g\u00f6re bir at\u0131ml\u0131k tedirgin G\u00fcn\u00fcne g\u00f6re az\u0131c\u0131k anla\u015f\u0131lmaz Geceye sorarsan\u0131z bir yere yolcu. Belki bir sevme olay\u0131nda kay\u0131p Bak\u0131nca anla\u015f\u0131l\u0131r g\u00f6zlerimin \u00e7oklu\u011fu \u015earab\u0131ma gidiyorlar tek kelimeyle Her \u015farap bir bitendir tarife g\u00f6re Yani bir a\u015fk mevsimidir barda\u011f\u0131n sonu. B\u00fct\u00fcn y\u00fczler budur san\u0131yorum \u00c7ok kaybettim [&hellip;]","og_url":"https:\/\/narteks.net\/index.php\/2009\/12\/07\/ay-kirmizi-aylar-kirmizi\/","og_site_name":"narteks.net","article_published_time":"2009-12-07T08:23:12+00:00","og_image":[{"width":300,"height":90,"url":"https:\/\/narteks.net\/wp-content\/uploads\/narteks.png","type":"image\/png"}],"author":"Tar\u0131k","twitter_card":"summary_large_image","twitter_creator":"@narteks","twitter_site":"@narteks","twitter_misc":{"Yazan:":"Tar\u0131k","Tahmini okuma s\u00fcresi":"1 dakika"},"schema":{"@context":"https:\/\/schema.org","@graph":[{"@type":"Article","@id":"https:\/\/narteks.net\/index.php\/2009\/12\/07\/ay-kirmizi-aylar-kirmizi\/#article","isPartOf":{"@id":"https:\/\/narteks.net\/index.php\/2009\/12\/07\/ay-kirmizi-aylar-kirmizi\/"},"author":{"name":"Tar\u0131k","@id":"https:\/\/narteks.net\/#\/schema\/person\/61f37d9834294b72d31d274e7ed79bca"},"headline":"AY KIRMIZI AYLAR KIRMIZI","datePublished":"2009-12-07T08:23:12+00:00","mainEntityOfPage":{"@id":"https:\/\/narteks.net\/index.php\/2009\/12\/07\/ay-kirmizi-aylar-kirmizi\/"},"wordCount":156,"commentCount":0,"publisher":{"@id":"https:\/\/narteks.net\/#organization"},"articleSection":["Edip CANSEVER"],"inLanguage":"tr","potentialAction":[{"@type":"CommentAction","name":"Comment","target":["https:\/\/narteks.net\/index.php\/2009\/12\/07\/ay-kirmizi-aylar-kirmizi\/#respond"]}]},{"@type":"WebPage","@id":"https:\/\/narteks.net\/index.php\/2009\/12\/07\/ay-kirmizi-aylar-kirmizi\/","url":"https:\/\/narteks.net\/index.php\/2009\/12\/07\/ay-kirmizi-aylar-kirmizi\/","name":"AY KIRMIZI AYLAR KIRMIZI - narteks.net","isPartOf":{"@id":"https:\/\/narteks.net\/#website"},"datePublished":"2009-12-07T08:23:12+00:00","breadcrumb":{"@id":"https:\/\/narteks.net\/index.php\/2009\/12\/07\/ay-kirmizi-aylar-kirmizi\/#breadcrumb"},"inLanguage":"tr","potentialAction":[{"@type":"ReadAction","target":["https:\/\/narteks.net\/index.php\/2009\/12\/07\/ay-kirmizi-aylar-kirmizi\/"]}]},{"@type":"BreadcrumbList","@id":"https:\/\/narteks.net\/index.php\/2009\/12\/07\/ay-kirmizi-aylar-kirmizi\/#breadcrumb","itemListElement":[{"@type":"ListItem","position":1,"name":"Anasayfa","item":"https:\/\/narteks.net\/"},{"@type":"ListItem","position":2,"name":"AY KIRMIZI AYLAR KIRMIZI"}]},{"@type":"WebSite","@id":"https:\/\/narteks.net\/#website","url":"https:\/\/narteks.net\/","name":"narteks.net","description":"K\u00fclt\u00fcr Sanat Edebiyat Felsefe","publisher":{"@id":"https:\/\/narteks.net\/#organization"},"alternateName":"K\u00fclt\u00fcr Sanat Edebiyat Felsefe","potentialAction":[{"@type":"SearchAction","target":{"@type":"EntryPoint","urlTemplate":"https:\/\/narteks.net\/?s={search_term_string}"},"query-input":{"@type":"PropertyValueSpecification","valueRequired":true,"valueName":"search_term_string"}}],"inLanguage":"tr"},{"@type":"Organization","@id":"https:\/\/narteks.net\/#organization","name":"narteks.net","url":"https:\/\/narteks.net\/","logo":{"@type":"ImageObject","inLanguage":"tr","@id":"https:\/\/narteks.net\/#\/schema\/logo\/image\/","url":"https:\/\/narteks.net\/wp-content\/uploads\/narteks.png","contentUrl":"https:\/\/narteks.net\/wp-content\/uploads\/narteks.png","width":300,"height":90,"caption":"narteks.net"},"image":{"@id":"https:\/\/narteks.net\/#\/schema\/logo\/image\/"},"sameAs":["https:\/\/x.com\/narteks","https:\/\/instagram.com\/narteksnet"]},{"@type":"Person","@id":"https:\/\/narteks.net\/#\/schema\/person\/61f37d9834294b72d31d274e7ed79bca","name":"Tar\u0131k","image":{"@type":"ImageObject","inLanguage":"tr","@id":"https:\/\/narteks.net\/#\/schema\/person\/image\/","url":"https:\/\/secure.gravatar.com\/avatar\/50865afb55632c4ae467e0af0930f6510aa2297d8014be502a55b14f3b7550cf?s=96&d=mm&r=g","contentUrl":"https:\/\/secure.gravatar.com\/avatar\/50865afb55632c4ae467e0af0930f6510aa2297d8014be502a55b14f3b7550cf?s=96&d=mm&r=g","caption":"Tar\u0131k"},"sameAs":["http:\/\/narteks.net"],"url":"https:\/\/narteks.net\/index.php\/author\/narbak\/"}]}},"_links":{"self":[{"href":"https:\/\/narteks.net\/index.php\/wp-json\/wp\/v2\/posts\/2606","targetHints":{"allow":["GET"]}}],"collection":[{"href":"https:\/\/narteks.net\/index.php\/wp-json\/wp\/v2\/posts"}],"about":[{"href":"https:\/\/narteks.net\/index.php\/wp-json\/wp\/v2\/types\/post"}],"author":[{"embeddable":true,"href":"https:\/\/narteks.net\/index.php\/wp-json\/wp\/v2\/users\/1"}],"replies":[{"embeddable":true,"href":"https:\/\/narteks.net\/index.php\/wp-json\/wp\/v2\/comments?post=2606"}],"version-history":[{"count":0,"href":"https:\/\/narteks.net\/index.php\/wp-json\/wp\/v2\/posts\/2606\/revisions"}],"wp:attachment":[{"href":"https:\/\/narteks.net\/index.php\/wp-json\/wp\/v2\/media?parent=2606"}],"wp:term":[{"taxonomy":"category","embeddable":true,"href":"https:\/\/narteks.net\/index.php\/wp-json\/wp\/v2\/categories?post=2606"},{"taxonomy":"post_tag","embeddable":true,"href":"https:\/\/narteks.net\/index.php\/wp-json\/wp\/v2\/tags?post=2606"}],"curies":[{"name":"wp","href":"https:\/\/api.w.org\/{rel}","templated":true}]}}