{"id":2614,"date":"2009-12-07T11:27:52","date_gmt":"2009-12-07T08:27:52","guid":{"rendered":"http:\/\/localhost\/wordpress\/2009\/12\/07\/ben-bu-kadar-degilim\/"},"modified":"2009-12-07T11:27:52","modified_gmt":"2009-12-07T08:27:52","slug":"ben-bu-kadar-degilim","status":"publish","type":"post","link":"https:\/\/narteks.net\/index.php\/2009\/12\/07\/ben-bu-kadar-degilim\/","title":{"rendered":"BEN BU KADAR DE\u011e\u0130L\u0130M"},"content":{"rendered":"<p>\u00a0<\/p>\n<p>Ben bu kadar de\u011filim <br \/> K\u0131\u015flada \u00f6l\u00fc bir zaman <br \/> Bir g\u00fczel at durdukca gider <br \/> Gittik\u00e7e d\u00f6ner bir bir g\u00fczel at durduk\u00e7a <br \/> Askerim, benim a\u011fz\u0131m ku\u015flardan. <\/p>\n<p> G\u00fcne\u015fi sormuyorum lekelenmi\u015f dallardan <br \/> Dallar\u0131 sormuyorum dallardan daha iyi <br \/> Y\u00fcz\u00fcm\u00fc istiyorum bir suvari alay\u0131ndan <br \/> Ne yapsam istiyorum, ama istiyorum <br \/> Bir ki\u015fi bile de\u011filim yaln\u0131zl\u0131ktan. <\/p>\n<p> Bir ki\u015fi bile de\u011filim yaln\u0131zl\u0131ktan <br \/> G\u00f6zlerim ormanlara as\u0131l\u0131 <br \/> Aga\u00e7lar, k\u0131rlar ve \u015fehirler ge\u00e7iyor kaputumdan <br \/> O kadar ge\u00e7iyorlar ki, sadece duruyorum <br \/> Bir an bir yerde \u00f6l\u00fcm\u00fc tan\u0131mazl\u0131\u011f\u0131mdan. <\/p>\n<p> Ben bu kadar de\u011filim <br \/> K\u0131\u015flada \u00f6l\u00fc bir zaman.<\/p>\n<p>Edip CANSEVER<\/p>\n","protected":false},"excerpt":{"rendered":"<p>\u00a0 Ben bu kadar de\u011filim K\u0131\u015flada \u00f6l\u00fc bir zaman Bir g\u00fczel at durdukca gider Gittik\u00e7e d\u00f6ner bir bir g\u00fczel at durduk\u00e7a Askerim, benim a\u011fz\u0131m ku\u015flardan. G\u00fcne\u015fi sormuyorum lekelenmi\u015f dallardan Dallar\u0131 sormuyorum dallardan daha iyi Y\u00fcz\u00fcm\u00fc istiyorum bir suvari alay\u0131ndan Ne yapsam istiyorum, ama istiyorum Bir ki\u015fi bile de\u011filim yaln\u0131zl\u0131ktan. Bir ki\u015fi bile de\u011filim yaln\u0131zl\u0131ktan G\u00f6zlerim [&hellip;]<\/p>\n","protected":false},"author":1,"featured_media":0,"comment_status":"open","ping_status":"open","sticky":false,"template":"","format":"standard","meta":{"footnotes":""},"categories":[19],"tags":[],"class_list":{"0":"post-2614","1":"post","2":"type-post","3":"status-publish","4":"format-standard","6":"category-edip-cansever"},"yoast_head":"<!-- This site is optimized with the Yoast SEO Premium plugin v24.9 (Yoast SEO v24.9) - https:\/\/yoast.com\/wordpress\/plugins\/seo\/ -->\n<title>BEN BU KADAR DE\u011e\u0130L\u0130M - narteks.net<\/title>\n<meta name=\"robots\" content=\"index, follow, max-snippet:-1, max-image-preview:large, max-video-preview:-1\" \/>\n<link rel=\"canonical\" href=\"https:\/\/narteks.net\/index.php\/2009\/12\/07\/ben-bu-kadar-degilim\/\" \/>\n<meta property=\"og:locale\" content=\"tr_TR\" \/>\n<meta property=\"og:type\" content=\"article\" \/>\n<meta property=\"og:title\" content=\"BEN BU KADAR DE\u011e\u0130L\u0130M\" \/>\n<meta property=\"og:description\" content=\"\u00a0 Ben bu kadar de\u011filim K\u0131\u015flada \u00f6l\u00fc bir zaman Bir g\u00fczel at durdukca gider Gittik\u00e7e d\u00f6ner bir bir g\u00fczel at durduk\u00e7a Askerim, benim a\u011fz\u0131m ku\u015flardan. G\u00fcne\u015fi sormuyorum lekelenmi\u015f dallardan Dallar\u0131 sormuyorum dallardan daha iyi Y\u00fcz\u00fcm\u00fc istiyorum bir suvari alay\u0131ndan Ne yapsam istiyorum, ama istiyorum Bir ki\u015fi bile de\u011filim yaln\u0131zl\u0131ktan. Bir ki\u015fi bile de\u011filim yaln\u0131zl\u0131ktan G\u00f6zlerim [&hellip;]\" \/>\n<meta property=\"og:url\" content=\"https:\/\/narteks.net\/index.php\/2009\/12\/07\/ben-bu-kadar-degilim\/\" \/>\n<meta property=\"og:site_name\" content=\"narteks.net\" \/>\n<meta property=\"article:published_time\" content=\"2009-12-07T08:27:52+00:00\" \/>\n<meta property=\"og:image\" content=\"https:\/\/narteks.net\/wp-content\/uploads\/narteks.png\" \/>\n\t<meta property=\"og:image:width\" content=\"300\" \/>\n\t<meta property=\"og:image:height\" content=\"90\" \/>\n\t<meta property=\"og:image:type\" content=\"image\/png\" \/>\n<meta name=\"author\" content=\"Tar\u0131k\" \/>\n<meta name=\"twitter:card\" content=\"summary_large_image\" \/>\n<meta name=\"twitter:creator\" content=\"@narteks\" \/>\n<meta name=\"twitter:site\" content=\"@narteks\" \/>\n<meta name=\"twitter:label1\" content=\"Yazan:\" \/>\n\t<meta name=\"twitter:data1\" content=\"Tar\u0131k\" \/>\n\t<meta name=\"twitter:label2\" content=\"Tahmini okuma s\u00fcresi\" \/>\n\t<meta name=\"twitter:data2\" content=\"1 dakika\" \/>\n<script type=\"application\/ld+json\" class=\"yoast-schema-graph\">{\"@context\":\"https:\/\/schema.org\",\"@graph\":[{\"@type\":\"Article\",\"@id\":\"https:\/\/narteks.net\/index.php\/2009\/12\/07\/ben-bu-kadar-degilim\/#article\",\"isPartOf\":{\"@id\":\"https:\/\/narteks.net\/index.php\/2009\/12\/07\/ben-bu-kadar-degilim\/\"},\"author\":{\"name\":\"Tar\u0131k\",\"@id\":\"https:\/\/narteks.net\/#\/schema\/person\/61f37d9834294b72d31d274e7ed79bca\"},\"headline\":\"BEN BU KADAR DE\u011e\u0130L\u0130M\",\"datePublished\":\"2009-12-07T08:27:52+00:00\",\"mainEntityOfPage\":{\"@id\":\"https:\/\/narteks.net\/index.php\/2009\/12\/07\/ben-bu-kadar-degilim\/\"},\"wordCount\":124,\"commentCount\":0,\"publisher\":{\"@id\":\"https:\/\/narteks.net\/#organization\"},\"articleSection\":[\"Edip CANSEVER\"],\"inLanguage\":\"tr\",\"potentialAction\":[{\"@type\":\"CommentAction\",\"name\":\"Comment\",\"target\":[\"https:\/\/narteks.net\/index.php\/2009\/12\/07\/ben-bu-kadar-degilim\/#respond\"]}]},{\"@type\":\"WebPage\",\"@id\":\"https:\/\/narteks.net\/index.php\/2009\/12\/07\/ben-bu-kadar-degilim\/\",\"url\":\"https:\/\/narteks.net\/index.php\/2009\/12\/07\/ben-bu-kadar-degilim\/\",\"name\":\"BEN BU KADAR DE\u011e\u0130L\u0130M - narteks.net\",\"isPartOf\":{\"@id\":\"https:\/\/narteks.net\/#website\"},\"datePublished\":\"2009-12-07T08:27:52+00:00\",\"breadcrumb\":{\"@id\":\"https:\/\/narteks.net\/index.php\/2009\/12\/07\/ben-bu-kadar-degilim\/#breadcrumb\"},\"inLanguage\":\"tr\",\"potentialAction\":[{\"@type\":\"ReadAction\",\"target\":[\"https:\/\/narteks.net\/index.php\/2009\/12\/07\/ben-bu-kadar-degilim\/\"]}]},{\"@type\":\"BreadcrumbList\",\"@id\":\"https:\/\/narteks.net\/index.php\/2009\/12\/07\/ben-bu-kadar-degilim\/#breadcrumb\",\"itemListElement\":[{\"@type\":\"ListItem\",\"position\":1,\"name\":\"Anasayfa\",\"item\":\"https:\/\/narteks.net\/\"},{\"@type\":\"ListItem\",\"position\":2,\"name\":\"BEN BU KADAR DE\u011e\u0130L\u0130M\"}]},{\"@type\":\"WebSite\",\"@id\":\"https:\/\/narteks.net\/#website\",\"url\":\"https:\/\/narteks.net\/\",\"name\":\"narteks.net\",\"description\":\"K\u00fclt\u00fcr Sanat Edebiyat Felsefe\",\"publisher\":{\"@id\":\"https:\/\/narteks.net\/#organization\"},\"alternateName\":\"K\u00fclt\u00fcr Sanat Edebiyat Felsefe\",\"potentialAction\":[{\"@type\":\"SearchAction\",\"target\":{\"@type\":\"EntryPoint\",\"urlTemplate\":\"https:\/\/narteks.net\/?s={search_term_string}\"},\"query-input\":{\"@type\":\"PropertyValueSpecification\",\"valueRequired\":true,\"valueName\":\"search_term_string\"}}],\"inLanguage\":\"tr\"},{\"@type\":\"Organization\",\"@id\":\"https:\/\/narteks.net\/#organization\",\"name\":\"narteks.net\",\"url\":\"https:\/\/narteks.net\/\",\"logo\":{\"@type\":\"ImageObject\",\"inLanguage\":\"tr\",\"@id\":\"https:\/\/narteks.net\/#\/schema\/logo\/image\/\",\"url\":\"https:\/\/narteks.net\/wp-content\/uploads\/narteks.png\",\"contentUrl\":\"https:\/\/narteks.net\/wp-content\/uploads\/narteks.png\",\"width\":300,\"height\":90,\"caption\":\"narteks.net\"},\"image\":{\"@id\":\"https:\/\/narteks.net\/#\/schema\/logo\/image\/\"},\"sameAs\":[\"https:\/\/x.com\/narteks\",\"https:\/\/instagram.com\/narteksnet\"]},{\"@type\":\"Person\",\"@id\":\"https:\/\/narteks.net\/#\/schema\/person\/61f37d9834294b72d31d274e7ed79bca\",\"name\":\"Tar\u0131k\",\"image\":{\"@type\":\"ImageObject\",\"inLanguage\":\"tr\",\"@id\":\"https:\/\/narteks.net\/#\/schema\/person\/image\/\",\"url\":\"https:\/\/secure.gravatar.com\/avatar\/50865afb55632c4ae467e0af0930f6510aa2297d8014be502a55b14f3b7550cf?s=96&d=mm&r=g\",\"contentUrl\":\"https:\/\/secure.gravatar.com\/avatar\/50865afb55632c4ae467e0af0930f6510aa2297d8014be502a55b14f3b7550cf?s=96&d=mm&r=g\",\"caption\":\"Tar\u0131k\"},\"sameAs\":[\"http:\/\/narteks.net\"],\"url\":\"https:\/\/narteks.net\/index.php\/author\/narbak\/\"}]}<\/script>\n<!-- \/ Yoast SEO Premium plugin. -->","yoast_head_json":{"title":"BEN BU KADAR DE\u011e\u0130L\u0130M - narteks.net","robots":{"index":"index","follow":"follow","max-snippet":"max-snippet:-1","max-image-preview":"max-image-preview:large","max-video-preview":"max-video-preview:-1"},"canonical":"https:\/\/narteks.net\/index.php\/2009\/12\/07\/ben-bu-kadar-degilim\/","og_locale":"tr_TR","og_type":"article","og_title":"BEN BU KADAR DE\u011e\u0130L\u0130M","og_description":"\u00a0 Ben bu kadar de\u011filim K\u0131\u015flada \u00f6l\u00fc bir zaman Bir g\u00fczel at durdukca gider Gittik\u00e7e d\u00f6ner bir bir g\u00fczel at durduk\u00e7a Askerim, benim a\u011fz\u0131m ku\u015flardan. G\u00fcne\u015fi sormuyorum lekelenmi\u015f dallardan Dallar\u0131 sormuyorum dallardan daha iyi Y\u00fcz\u00fcm\u00fc istiyorum bir suvari alay\u0131ndan Ne yapsam istiyorum, ama istiyorum Bir ki\u015fi bile de\u011filim yaln\u0131zl\u0131ktan. Bir ki\u015fi bile de\u011filim yaln\u0131zl\u0131ktan G\u00f6zlerim [&hellip;]","og_url":"https:\/\/narteks.net\/index.php\/2009\/12\/07\/ben-bu-kadar-degilim\/","og_site_name":"narteks.net","article_published_time":"2009-12-07T08:27:52+00:00","og_image":[{"width":300,"height":90,"url":"https:\/\/narteks.net\/wp-content\/uploads\/narteks.png","type":"image\/png"}],"author":"Tar\u0131k","twitter_card":"summary_large_image","twitter_creator":"@narteks","twitter_site":"@narteks","twitter_misc":{"Yazan:":"Tar\u0131k","Tahmini okuma s\u00fcresi":"1 dakika"},"schema":{"@context":"https:\/\/schema.org","@graph":[{"@type":"Article","@id":"https:\/\/narteks.net\/index.php\/2009\/12\/07\/ben-bu-kadar-degilim\/#article","isPartOf":{"@id":"https:\/\/narteks.net\/index.php\/2009\/12\/07\/ben-bu-kadar-degilim\/"},"author":{"name":"Tar\u0131k","@id":"https:\/\/narteks.net\/#\/schema\/person\/61f37d9834294b72d31d274e7ed79bca"},"headline":"BEN BU KADAR DE\u011e\u0130L\u0130M","datePublished":"2009-12-07T08:27:52+00:00","mainEntityOfPage":{"@id":"https:\/\/narteks.net\/index.php\/2009\/12\/07\/ben-bu-kadar-degilim\/"},"wordCount":124,"commentCount":0,"publisher":{"@id":"https:\/\/narteks.net\/#organization"},"articleSection":["Edip CANSEVER"],"inLanguage":"tr","potentialAction":[{"@type":"CommentAction","name":"Comment","target":["https:\/\/narteks.net\/index.php\/2009\/12\/07\/ben-bu-kadar-degilim\/#respond"]}]},{"@type":"WebPage","@id":"https:\/\/narteks.net\/index.php\/2009\/12\/07\/ben-bu-kadar-degilim\/","url":"https:\/\/narteks.net\/index.php\/2009\/12\/07\/ben-bu-kadar-degilim\/","name":"BEN BU KADAR DE\u011e\u0130L\u0130M - narteks.net","isPartOf":{"@id":"https:\/\/narteks.net\/#website"},"datePublished":"2009-12-07T08:27:52+00:00","breadcrumb":{"@id":"https:\/\/narteks.net\/index.php\/2009\/12\/07\/ben-bu-kadar-degilim\/#breadcrumb"},"inLanguage":"tr","potentialAction":[{"@type":"ReadAction","target":["https:\/\/narteks.net\/index.php\/2009\/12\/07\/ben-bu-kadar-degilim\/"]}]},{"@type":"BreadcrumbList","@id":"https:\/\/narteks.net\/index.php\/2009\/12\/07\/ben-bu-kadar-degilim\/#breadcrumb","itemListElement":[{"@type":"ListItem","position":1,"name":"Anasayfa","item":"https:\/\/narteks.net\/"},{"@type":"ListItem","position":2,"name":"BEN BU KADAR DE\u011e\u0130L\u0130M"}]},{"@type":"WebSite","@id":"https:\/\/narteks.net\/#website","url":"https:\/\/narteks.net\/","name":"narteks.net","description":"K\u00fclt\u00fcr Sanat Edebiyat Felsefe","publisher":{"@id":"https:\/\/narteks.net\/#organization"},"alternateName":"K\u00fclt\u00fcr Sanat Edebiyat Felsefe","potentialAction":[{"@type":"SearchAction","target":{"@type":"EntryPoint","urlTemplate":"https:\/\/narteks.net\/?s={search_term_string}"},"query-input":{"@type":"PropertyValueSpecification","valueRequired":true,"valueName":"search_term_string"}}],"inLanguage":"tr"},{"@type":"Organization","@id":"https:\/\/narteks.net\/#organization","name":"narteks.net","url":"https:\/\/narteks.net\/","logo":{"@type":"ImageObject","inLanguage":"tr","@id":"https:\/\/narteks.net\/#\/schema\/logo\/image\/","url":"https:\/\/narteks.net\/wp-content\/uploads\/narteks.png","contentUrl":"https:\/\/narteks.net\/wp-content\/uploads\/narteks.png","width":300,"height":90,"caption":"narteks.net"},"image":{"@id":"https:\/\/narteks.net\/#\/schema\/logo\/image\/"},"sameAs":["https:\/\/x.com\/narteks","https:\/\/instagram.com\/narteksnet"]},{"@type":"Person","@id":"https:\/\/narteks.net\/#\/schema\/person\/61f37d9834294b72d31d274e7ed79bca","name":"Tar\u0131k","image":{"@type":"ImageObject","inLanguage":"tr","@id":"https:\/\/narteks.net\/#\/schema\/person\/image\/","url":"https:\/\/secure.gravatar.com\/avatar\/50865afb55632c4ae467e0af0930f6510aa2297d8014be502a55b14f3b7550cf?s=96&d=mm&r=g","contentUrl":"https:\/\/secure.gravatar.com\/avatar\/50865afb55632c4ae467e0af0930f6510aa2297d8014be502a55b14f3b7550cf?s=96&d=mm&r=g","caption":"Tar\u0131k"},"sameAs":["http:\/\/narteks.net"],"url":"https:\/\/narteks.net\/index.php\/author\/narbak\/"}]}},"_links":{"self":[{"href":"https:\/\/narteks.net\/index.php\/wp-json\/wp\/v2\/posts\/2614","targetHints":{"allow":["GET"]}}],"collection":[{"href":"https:\/\/narteks.net\/index.php\/wp-json\/wp\/v2\/posts"}],"about":[{"href":"https:\/\/narteks.net\/index.php\/wp-json\/wp\/v2\/types\/post"}],"author":[{"embeddable":true,"href":"https:\/\/narteks.net\/index.php\/wp-json\/wp\/v2\/users\/1"}],"replies":[{"embeddable":true,"href":"https:\/\/narteks.net\/index.php\/wp-json\/wp\/v2\/comments?post=2614"}],"version-history":[{"count":0,"href":"https:\/\/narteks.net\/index.php\/wp-json\/wp\/v2\/posts\/2614\/revisions"}],"wp:attachment":[{"href":"https:\/\/narteks.net\/index.php\/wp-json\/wp\/v2\/media?parent=2614"}],"wp:term":[{"taxonomy":"category","embeddable":true,"href":"https:\/\/narteks.net\/index.php\/wp-json\/wp\/v2\/categories?post=2614"},{"taxonomy":"post_tag","embeddable":true,"href":"https:\/\/narteks.net\/index.php\/wp-json\/wp\/v2\/tags?post=2614"}],"curies":[{"name":"wp","href":"https:\/\/api.w.org\/{rel}","templated":true}]}}