{"id":2616,"date":"2009-12-07T11:29:05","date_gmt":"2009-12-07T08:29:05","guid":{"rendered":"http:\/\/localhost\/wordpress\/2009\/12\/07\/bilmez-miyim-hic\/"},"modified":"2009-12-07T11:29:05","modified_gmt":"2009-12-07T08:29:05","slug":"bilmez-miyim-hic","status":"publish","type":"post","link":"https:\/\/narteks.net\/index.php\/2009\/12\/07\/bilmez-miyim-hic\/","title":{"rendered":"B\u0130LMEZ M\u0130Y\u0130M H\u0130\u00c7"},"content":{"rendered":"<p>\u00a0<\/p>\n<p>Bilmez miyim hi\u00e7 b\u00fct\u00fcn bu s\u00f6zler ne der ona <br \/> Bu s\u00f6zler ve bu s\u00f6zlerin i\u00e7inde \u00e7\u0131rp\u0131nan uzakl\u0131klar <br \/> Dola\u015f\u0131yorum bir ba\u015f\u0131ma, ortal\u0131kta kimsecikler yok <br \/> K\u0131y\u0131lar da bombo\u015f, k\u0131r yollar\u0131 da <br \/> Solu\u011fumu duyuyorum ara s\u0131ra, bir onu duyuyorum <br \/> Duymuyorum belki de, biliyorum yaln\u0131zca <br \/> Ayaklar\u0131m\u0131n alt\u0131nda yaban naneleri, kekikler <br \/> Yol kenar\u0131nda bir kap\u0131, tahta <br \/> Peki, kim yitirmi\u015f evini, ya da <br \/> Hangi yitikle yok olmu\u015f o yap\u0131 <br \/> Kimbilir <br \/> Vuruyorum yoku\u015f a\u015fa\u011f\u0131, k\u0131y\u0131ya <br \/> Bir ta\u015f\u0131n \u00fcst\u00fcne oturuyorum <br \/> Ben oturur oturmaz <br \/> \u00c7\u0131k\u0131yor kuytular\u0131ndan b\u00fct\u00fcn g\u00f6r\u00fcn\u00fcmler <br \/> Ve ufak bir oyun oynuyor bana do\u011fa <br \/> Al\u0131p al\u0131p g\u00f6t\u00fcr\u00fcyor g\u00f6zlerimi b\u0131kmadan <br \/> K\u0131sal\u0131p uzayan bir \u00e7ift y\u0131lan bal\u0131\u011f\u0131n\u0131 and\u0131ran g\u00f6zlerimi <br \/> G\u00fcne\u015fin \u015favk\u0131ndan yuvarlanan \u00e7ak\u0131llara <br \/> Tam o s\u0131ra bir vapur yana\u015f\u0131yor iskeleye uzun s\u00fcrecek bir sonbahar tasla\u011f\u0131 gibi <br \/> Denize yeni s\u00fcr\u00fclm\u00fcs bir tarlaya benziyor, uyan\u0131k, diri <br \/> Ve i\u015fin tuhaf\u0131 bense <br \/> Al\u0131\u015f\u0131yorum gittik\u00e7e <br \/> Her g\u00fcn bir par\u00e7a daha al\u0131\u015f\u0131yorum yaln\u0131zl\u0131\u011f\u0131ma <br \/> \u00dcrperiyorum bir ara arkamdaki ayak sesinden <br \/> Ve bu y\u00fczden mi bilmem <br \/> Durup bir s\u00fcre \u00e7evreme bakar gibi yap\u0131yorum <br \/> S\u00fcr\u00fcyle kus havalan\u0131yor defnelerin i\u00e7inden <br \/> S\u00fcr\u00fcyle, evet, hat\u0131rl\u0131yorum birden <br \/> Nicedir unutmu\u015fum saymay\u0131 bile g\u00fcnleri <br \/> Da\u011f\u0131l\u0131p gitmi\u015fler herbiri bir yana <br \/> Ku\u015flar gibi, onlar da <br \/> Benimse ne gidecegim bir yer <br \/> Ne de \u00f6zledi\u011fim bir \u015fey var <br \/> \u00d6yleyse neden yaz\u0131yorum bu s\u00f6zleri ona <br \/> Bu biraz sevdaya benzeyen, biraz da sevdas\u0131zl\u0131\u011fa <br \/> B\u00f6yle geli\u015fig\u00fczel, b\u00f6yle k\u0131r\u0131k d\u00f6k\u00fck <br \/> Sanki hi\u00e7 kimselerin kullanmad\u0131\u011f\u0131 bir g\u00fcn kalm\u0131\u015f bana. <\/p>\n<p> Uzun bir cumartesiyi hat\u0131rl\u0131yorum, saat on iki <br \/> Dal\u0131p gidiyorum, d\u00fcs\u00fcn\u00fcyorum da, saat on iki <br \/> Bir sigara yak\u0131yorum, bir ka\u011f\u0131da bir iki dize yaz\u0131yorum <br \/> Yerini iyi bilen, onurlu bir iki s\u00f6zc\u00fck daha <br \/> Ama hi\u00e7 k\u0131m\u0131ldam\u0131yor, akrep de, yelkovan da <br \/> Yani tam b\u00f6yle bir\u015feye benziyor zaman <br \/> Y\u0131lg\u0131n ve \u00e7arp\u0131c\u0131 renkler i\u00e7inde pek k\u0131m\u0131ldamayan <br \/> \u00c7\u0131kageliyor sonra, saat on iki. <\/p>\n<p> Anl\u0131yorum <br \/> Ya\u015fam elbette uzun biz duyabildik\u00e7e sevgiyi <br \/> Yaln\u0131zca bunun i\u00e7in uzun <br \/> Yani sevgiyle de sevebilir insan, sevdayla da <br \/> \u00d6rne\u011fin <br \/> Bir sevgiyi yontup onarmak i\u00e7in <br \/> D\u00f6\u011f\u00fc\u015fmek de sevgidir <br \/> Ve benim bildi\u011fim kadar\u0131yla <br \/> Her \u015feydir bir insan, her \u015feydir <br \/> Yaland\u0131r k\u0131sal\u0131\u011f\u0131 ya\u015fam\u0131n <br \/> Ve \u00f6zellikle insan dedi\u011fimiz \u015fey <br \/> \u0130nan\u00e7li bir insan soyunun par\u00e7as\u0131ysa. <\/p>\n<p> Sonunda ba\u015fbasa kal\u0131yoruz gene <br \/> Ba\u015fba\u015fa kal\u0131yoruz do\u011fayla ben <br \/> \u0130\u015fte az \u00f6nce ya\u011fmur da ba\u015flad\u0131, cumartesi g\u00fcnlerden <br \/> On temmuz cumartesi <br \/> Bir vapur daha kalk\u0131yor iskeleden <br \/> Ve ya\u011fmur h\u0131zlan\u0131yor biraz <br \/> Uzan\u0131p yatsam diyorum otlar\u0131n \u00fcst\u00fcnde \u00e7\u0131r\u0131l\u00e7\u0131plak <br \/> Tam \u00f6yle yap\u0131yorum <br \/> \u015eimdi ya\u011fmuru seviyorum, \u015fimdi ya\u011fmuru seviyorum, ya\u011fmuru seviyorum.<\/p>\n<p>Edip CANSEVER<\/p>\n","protected":false},"excerpt":{"rendered":"<p>\u00a0 Bilmez miyim hi\u00e7 b\u00fct\u00fcn bu s\u00f6zler ne der ona Bu s\u00f6zler ve bu s\u00f6zlerin i\u00e7inde \u00e7\u0131rp\u0131nan uzakl\u0131klar Dola\u015f\u0131yorum bir ba\u015f\u0131ma, ortal\u0131kta kimsecikler yok K\u0131y\u0131lar da bombo\u015f, k\u0131r yollar\u0131 da Solu\u011fumu duyuyorum ara s\u0131ra, bir onu duyuyorum Duymuyorum belki de, biliyorum yaln\u0131zca Ayaklar\u0131m\u0131n alt\u0131nda yaban naneleri, kekikler Yol kenar\u0131nda bir kap\u0131, tahta Peki, kim yitirmi\u015f [&hellip;]<\/p>\n","protected":false},"author":1,"featured_media":0,"comment_status":"open","ping_status":"open","sticky":false,"template":"","format":"standard","meta":{"footnotes":""},"categories":[19],"tags":[],"class_list":{"0":"post-2616","1":"post","2":"type-post","3":"status-publish","4":"format-standard","6":"category-edip-cansever"},"yoast_head":"<!-- This site is optimized with the Yoast SEO Premium plugin v24.9 (Yoast SEO v24.9) - https:\/\/yoast.com\/wordpress\/plugins\/seo\/ -->\n<title>B\u0130LMEZ M\u0130Y\u0130M H\u0130\u00c7 - narteks.net<\/title>\n<meta name=\"robots\" content=\"index, follow, max-snippet:-1, max-image-preview:large, max-video-preview:-1\" \/>\n<link rel=\"canonical\" href=\"https:\/\/narteks.net\/index.php\/2009\/12\/07\/bilmez-miyim-hic\/\" \/>\n<meta property=\"og:locale\" content=\"tr_TR\" \/>\n<meta property=\"og:type\" content=\"article\" \/>\n<meta property=\"og:title\" content=\"B\u0130LMEZ M\u0130Y\u0130M H\u0130\u00c7\" \/>\n<meta property=\"og:description\" content=\"\u00a0 Bilmez miyim hi\u00e7 b\u00fct\u00fcn bu s\u00f6zler ne der ona Bu s\u00f6zler ve bu s\u00f6zlerin i\u00e7inde \u00e7\u0131rp\u0131nan uzakl\u0131klar Dola\u015f\u0131yorum bir ba\u015f\u0131ma, ortal\u0131kta kimsecikler yok K\u0131y\u0131lar da bombo\u015f, k\u0131r yollar\u0131 da Solu\u011fumu duyuyorum ara s\u0131ra, bir onu duyuyorum Duymuyorum belki de, biliyorum yaln\u0131zca Ayaklar\u0131m\u0131n alt\u0131nda yaban naneleri, kekikler Yol kenar\u0131nda bir kap\u0131, tahta Peki, kim yitirmi\u015f [&hellip;]\" \/>\n<meta property=\"og:url\" content=\"https:\/\/narteks.net\/index.php\/2009\/12\/07\/bilmez-miyim-hic\/\" \/>\n<meta property=\"og:site_name\" content=\"narteks.net\" \/>\n<meta property=\"article:published_time\" content=\"2009-12-07T08:29:05+00:00\" \/>\n<meta property=\"og:image\" content=\"https:\/\/narteks.net\/wp-content\/uploads\/narteks.png\" \/>\n\t<meta property=\"og:image:width\" content=\"300\" \/>\n\t<meta property=\"og:image:height\" content=\"90\" \/>\n\t<meta property=\"og:image:type\" content=\"image\/png\" \/>\n<meta name=\"author\" content=\"Tar\u0131k\" \/>\n<meta name=\"twitter:card\" content=\"summary_large_image\" \/>\n<meta name=\"twitter:creator\" content=\"@narteks\" \/>\n<meta name=\"twitter:site\" content=\"@narteks\" \/>\n<meta name=\"twitter:label1\" content=\"Yazan:\" \/>\n\t<meta name=\"twitter:data1\" content=\"Tar\u0131k\" \/>\n\t<meta name=\"twitter:label2\" content=\"Tahmini okuma s\u00fcresi\" \/>\n\t<meta name=\"twitter:data2\" content=\"3 dakika\" \/>\n<script type=\"application\/ld+json\" class=\"yoast-schema-graph\">{\"@context\":\"https:\/\/schema.org\",\"@graph\":[{\"@type\":\"Article\",\"@id\":\"https:\/\/narteks.net\/index.php\/2009\/12\/07\/bilmez-miyim-hic\/#article\",\"isPartOf\":{\"@id\":\"https:\/\/narteks.net\/index.php\/2009\/12\/07\/bilmez-miyim-hic\/\"},\"author\":{\"name\":\"Tar\u0131k\",\"@id\":\"https:\/\/narteks.net\/#\/schema\/person\/61f37d9834294b72d31d274e7ed79bca\"},\"headline\":\"B\u0130LMEZ M\u0130Y\u0130M H\u0130\u00c7\",\"datePublished\":\"2009-12-07T08:29:05+00:00\",\"mainEntityOfPage\":{\"@id\":\"https:\/\/narteks.net\/index.php\/2009\/12\/07\/bilmez-miyim-hic\/\"},\"wordCount\":533,\"commentCount\":0,\"publisher\":{\"@id\":\"https:\/\/narteks.net\/#organization\"},\"articleSection\":[\"Edip CANSEVER\"],\"inLanguage\":\"tr\",\"potentialAction\":[{\"@type\":\"CommentAction\",\"name\":\"Comment\",\"target\":[\"https:\/\/narteks.net\/index.php\/2009\/12\/07\/bilmez-miyim-hic\/#respond\"]}]},{\"@type\":\"WebPage\",\"@id\":\"https:\/\/narteks.net\/index.php\/2009\/12\/07\/bilmez-miyim-hic\/\",\"url\":\"https:\/\/narteks.net\/index.php\/2009\/12\/07\/bilmez-miyim-hic\/\",\"name\":\"B\u0130LMEZ M\u0130Y\u0130M H\u0130\u00c7 - narteks.net\",\"isPartOf\":{\"@id\":\"https:\/\/narteks.net\/#website\"},\"datePublished\":\"2009-12-07T08:29:05+00:00\",\"breadcrumb\":{\"@id\":\"https:\/\/narteks.net\/index.php\/2009\/12\/07\/bilmez-miyim-hic\/#breadcrumb\"},\"inLanguage\":\"tr\",\"potentialAction\":[{\"@type\":\"ReadAction\",\"target\":[\"https:\/\/narteks.net\/index.php\/2009\/12\/07\/bilmez-miyim-hic\/\"]}]},{\"@type\":\"BreadcrumbList\",\"@id\":\"https:\/\/narteks.net\/index.php\/2009\/12\/07\/bilmez-miyim-hic\/#breadcrumb\",\"itemListElement\":[{\"@type\":\"ListItem\",\"position\":1,\"name\":\"Anasayfa\",\"item\":\"https:\/\/narteks.net\/\"},{\"@type\":\"ListItem\",\"position\":2,\"name\":\"B\u0130LMEZ M\u0130Y\u0130M H\u0130\u00c7\"}]},{\"@type\":\"WebSite\",\"@id\":\"https:\/\/narteks.net\/#website\",\"url\":\"https:\/\/narteks.net\/\",\"name\":\"narteks.net\",\"description\":\"K\u00fclt\u00fcr Sanat Edebiyat Felsefe\",\"publisher\":{\"@id\":\"https:\/\/narteks.net\/#organization\"},\"alternateName\":\"K\u00fclt\u00fcr Sanat Edebiyat Felsefe\",\"potentialAction\":[{\"@type\":\"SearchAction\",\"target\":{\"@type\":\"EntryPoint\",\"urlTemplate\":\"https:\/\/narteks.net\/?s={search_term_string}\"},\"query-input\":{\"@type\":\"PropertyValueSpecification\",\"valueRequired\":true,\"valueName\":\"search_term_string\"}}],\"inLanguage\":\"tr\"},{\"@type\":\"Organization\",\"@id\":\"https:\/\/narteks.net\/#organization\",\"name\":\"narteks.net\",\"url\":\"https:\/\/narteks.net\/\",\"logo\":{\"@type\":\"ImageObject\",\"inLanguage\":\"tr\",\"@id\":\"https:\/\/narteks.net\/#\/schema\/logo\/image\/\",\"url\":\"https:\/\/narteks.net\/wp-content\/uploads\/narteks.png\",\"contentUrl\":\"https:\/\/narteks.net\/wp-content\/uploads\/narteks.png\",\"width\":300,\"height\":90,\"caption\":\"narteks.net\"},\"image\":{\"@id\":\"https:\/\/narteks.net\/#\/schema\/logo\/image\/\"},\"sameAs\":[\"https:\/\/x.com\/narteks\",\"https:\/\/instagram.com\/narteksnet\"]},{\"@type\":\"Person\",\"@id\":\"https:\/\/narteks.net\/#\/schema\/person\/61f37d9834294b72d31d274e7ed79bca\",\"name\":\"Tar\u0131k\",\"image\":{\"@type\":\"ImageObject\",\"inLanguage\":\"tr\",\"@id\":\"https:\/\/narteks.net\/#\/schema\/person\/image\/\",\"url\":\"https:\/\/secure.gravatar.com\/avatar\/50865afb55632c4ae467e0af0930f6510aa2297d8014be502a55b14f3b7550cf?s=96&d=mm&r=g\",\"contentUrl\":\"https:\/\/secure.gravatar.com\/avatar\/50865afb55632c4ae467e0af0930f6510aa2297d8014be502a55b14f3b7550cf?s=96&d=mm&r=g\",\"caption\":\"Tar\u0131k\"},\"sameAs\":[\"http:\/\/narteks.net\"],\"url\":\"https:\/\/narteks.net\/index.php\/author\/narbak\/\"}]}<\/script>\n<!-- \/ Yoast SEO Premium plugin. -->","yoast_head_json":{"title":"B\u0130LMEZ M\u0130Y\u0130M H\u0130\u00c7 - narteks.net","robots":{"index":"index","follow":"follow","max-snippet":"max-snippet:-1","max-image-preview":"max-image-preview:large","max-video-preview":"max-video-preview:-1"},"canonical":"https:\/\/narteks.net\/index.php\/2009\/12\/07\/bilmez-miyim-hic\/","og_locale":"tr_TR","og_type":"article","og_title":"B\u0130LMEZ M\u0130Y\u0130M H\u0130\u00c7","og_description":"\u00a0 Bilmez miyim hi\u00e7 b\u00fct\u00fcn bu s\u00f6zler ne der ona Bu s\u00f6zler ve bu s\u00f6zlerin i\u00e7inde \u00e7\u0131rp\u0131nan uzakl\u0131klar Dola\u015f\u0131yorum bir ba\u015f\u0131ma, ortal\u0131kta kimsecikler yok K\u0131y\u0131lar da bombo\u015f, k\u0131r yollar\u0131 da Solu\u011fumu duyuyorum ara s\u0131ra, bir onu duyuyorum Duymuyorum belki de, biliyorum yaln\u0131zca Ayaklar\u0131m\u0131n alt\u0131nda yaban naneleri, kekikler Yol kenar\u0131nda bir kap\u0131, tahta Peki, kim yitirmi\u015f [&hellip;]","og_url":"https:\/\/narteks.net\/index.php\/2009\/12\/07\/bilmez-miyim-hic\/","og_site_name":"narteks.net","article_published_time":"2009-12-07T08:29:05+00:00","og_image":[{"width":300,"height":90,"url":"https:\/\/narteks.net\/wp-content\/uploads\/narteks.png","type":"image\/png"}],"author":"Tar\u0131k","twitter_card":"summary_large_image","twitter_creator":"@narteks","twitter_site":"@narteks","twitter_misc":{"Yazan:":"Tar\u0131k","Tahmini okuma s\u00fcresi":"3 dakika"},"schema":{"@context":"https:\/\/schema.org","@graph":[{"@type":"Article","@id":"https:\/\/narteks.net\/index.php\/2009\/12\/07\/bilmez-miyim-hic\/#article","isPartOf":{"@id":"https:\/\/narteks.net\/index.php\/2009\/12\/07\/bilmez-miyim-hic\/"},"author":{"name":"Tar\u0131k","@id":"https:\/\/narteks.net\/#\/schema\/person\/61f37d9834294b72d31d274e7ed79bca"},"headline":"B\u0130LMEZ M\u0130Y\u0130M H\u0130\u00c7","datePublished":"2009-12-07T08:29:05+00:00","mainEntityOfPage":{"@id":"https:\/\/narteks.net\/index.php\/2009\/12\/07\/bilmez-miyim-hic\/"},"wordCount":533,"commentCount":0,"publisher":{"@id":"https:\/\/narteks.net\/#organization"},"articleSection":["Edip CANSEVER"],"inLanguage":"tr","potentialAction":[{"@type":"CommentAction","name":"Comment","target":["https:\/\/narteks.net\/index.php\/2009\/12\/07\/bilmez-miyim-hic\/#respond"]}]},{"@type":"WebPage","@id":"https:\/\/narteks.net\/index.php\/2009\/12\/07\/bilmez-miyim-hic\/","url":"https:\/\/narteks.net\/index.php\/2009\/12\/07\/bilmez-miyim-hic\/","name":"B\u0130LMEZ M\u0130Y\u0130M H\u0130\u00c7 - narteks.net","isPartOf":{"@id":"https:\/\/narteks.net\/#website"},"datePublished":"2009-12-07T08:29:05+00:00","breadcrumb":{"@id":"https:\/\/narteks.net\/index.php\/2009\/12\/07\/bilmez-miyim-hic\/#breadcrumb"},"inLanguage":"tr","potentialAction":[{"@type":"ReadAction","target":["https:\/\/narteks.net\/index.php\/2009\/12\/07\/bilmez-miyim-hic\/"]}]},{"@type":"BreadcrumbList","@id":"https:\/\/narteks.net\/index.php\/2009\/12\/07\/bilmez-miyim-hic\/#breadcrumb","itemListElement":[{"@type":"ListItem","position":1,"name":"Anasayfa","item":"https:\/\/narteks.net\/"},{"@type":"ListItem","position":2,"name":"B\u0130LMEZ M\u0130Y\u0130M H\u0130\u00c7"}]},{"@type":"WebSite","@id":"https:\/\/narteks.net\/#website","url":"https:\/\/narteks.net\/","name":"narteks.net","description":"K\u00fclt\u00fcr Sanat Edebiyat Felsefe","publisher":{"@id":"https:\/\/narteks.net\/#organization"},"alternateName":"K\u00fclt\u00fcr Sanat Edebiyat Felsefe","potentialAction":[{"@type":"SearchAction","target":{"@type":"EntryPoint","urlTemplate":"https:\/\/narteks.net\/?s={search_term_string}"},"query-input":{"@type":"PropertyValueSpecification","valueRequired":true,"valueName":"search_term_string"}}],"inLanguage":"tr"},{"@type":"Organization","@id":"https:\/\/narteks.net\/#organization","name":"narteks.net","url":"https:\/\/narteks.net\/","logo":{"@type":"ImageObject","inLanguage":"tr","@id":"https:\/\/narteks.net\/#\/schema\/logo\/image\/","url":"https:\/\/narteks.net\/wp-content\/uploads\/narteks.png","contentUrl":"https:\/\/narteks.net\/wp-content\/uploads\/narteks.png","width":300,"height":90,"caption":"narteks.net"},"image":{"@id":"https:\/\/narteks.net\/#\/schema\/logo\/image\/"},"sameAs":["https:\/\/x.com\/narteks","https:\/\/instagram.com\/narteksnet"]},{"@type":"Person","@id":"https:\/\/narteks.net\/#\/schema\/person\/61f37d9834294b72d31d274e7ed79bca","name":"Tar\u0131k","image":{"@type":"ImageObject","inLanguage":"tr","@id":"https:\/\/narteks.net\/#\/schema\/person\/image\/","url":"https:\/\/secure.gravatar.com\/avatar\/50865afb55632c4ae467e0af0930f6510aa2297d8014be502a55b14f3b7550cf?s=96&d=mm&r=g","contentUrl":"https:\/\/secure.gravatar.com\/avatar\/50865afb55632c4ae467e0af0930f6510aa2297d8014be502a55b14f3b7550cf?s=96&d=mm&r=g","caption":"Tar\u0131k"},"sameAs":["http:\/\/narteks.net"],"url":"https:\/\/narteks.net\/index.php\/author\/narbak\/"}]}},"_links":{"self":[{"href":"https:\/\/narteks.net\/index.php\/wp-json\/wp\/v2\/posts\/2616","targetHints":{"allow":["GET"]}}],"collection":[{"href":"https:\/\/narteks.net\/index.php\/wp-json\/wp\/v2\/posts"}],"about":[{"href":"https:\/\/narteks.net\/index.php\/wp-json\/wp\/v2\/types\/post"}],"author":[{"embeddable":true,"href":"https:\/\/narteks.net\/index.php\/wp-json\/wp\/v2\/users\/1"}],"replies":[{"embeddable":true,"href":"https:\/\/narteks.net\/index.php\/wp-json\/wp\/v2\/comments?post=2616"}],"version-history":[{"count":0,"href":"https:\/\/narteks.net\/index.php\/wp-json\/wp\/v2\/posts\/2616\/revisions"}],"wp:attachment":[{"href":"https:\/\/narteks.net\/index.php\/wp-json\/wp\/v2\/media?parent=2616"}],"wp:term":[{"taxonomy":"category","embeddable":true,"href":"https:\/\/narteks.net\/index.php\/wp-json\/wp\/v2\/categories?post=2616"},{"taxonomy":"post_tag","embeddable":true,"href":"https:\/\/narteks.net\/index.php\/wp-json\/wp\/v2\/tags?post=2616"}],"curies":[{"name":"wp","href":"https:\/\/api.w.org\/{rel}","templated":true}]}}