{"id":2618,"date":"2009-12-07T11:30:07","date_gmt":"2009-12-07T08:30:07","guid":{"rendered":"http:\/\/localhost\/wordpress\/2009\/12\/07\/bir-ay-aldim-diyarbakirdan-tokatta-biri-oldu-o-zaman\/"},"modified":"2009-12-07T11:30:07","modified_gmt":"2009-12-07T08:30:07","slug":"bir-ay-aldim-diyarbakirdan-tokatta-biri-oldu-o-zaman","status":"publish","type":"post","link":"https:\/\/narteks.net\/index.php\/2009\/12\/07\/bir-ay-aldim-diyarbakirdan-tokatta-biri-oldu-o-zaman\/","title":{"rendered":"B\u0130R AY ALDIM D\u0130YARBAKIRDAN TOKATTA B\u0130R\u0130 OLDU O ZAMAN"},"content":{"rendered":"<p>\u00a0<\/p>\n<p>Tokatl\u0131 diyorlar ya da bir at\u0131n ba\u015flang\u0131c\u0131 <br \/> E\u011filmi\u015f, sakin, i\u00e7kiler al\u0131yor kalabal\u0131ktan <br \/> \u015eimdi o mor g\u00f6zleri mor bir kad\u0131nla ilgili <br \/> Biraz\u0131 namuslu iyi, biraz\u0131 a\u00e7\u0131kca peri\u015fan <br \/> Ya da bir kad\u0131n bir kad\u0131n\u0131 \u00f6per gibi <br \/> Hi\u00e7bir\u015fey anlam\u0131yor ya\u015famaktan. <\/p>\n<p> Hi\u00e7bir \u015fey anlam\u0131yor diyeli anlam\u0131yor <br \/> Ama bir yaln\u0131zl\u0131\u011f\u0131 tamaml\u0131yor durmadan <br \/> Askerler geziniyor, her yerde bu g\u00f6z kahveleri <br \/> Ben bu g\u00f6zlere Tokat&#8217;ta rastlad\u0131md\u0131 bir zaman <br \/> Hopal\u0131 bir vard\u0131, hamal\u0131n biri <br \/> Daha hi\u00e7 \u00e7\u0131kmayacak kar\u0131s\u0131n\u0131n koynundan. <\/p>\n<p> Bir kadeh olmal\u0131 ya da bir rak\u0131n\u0131n baslang\u0131c\u0131 <br \/> Ans\u0131z\u0131n bir g\u00f6l Anadoludan <br \/> Bir yanda bir bal\u0131k\u00e7\u0131l ne zaman istese olur <br \/> Kocaman iz b\u0131rak\u0131r \u00e7\u0131lg\u0131nl\u0131\u011f\u0131ndan <br \/> Sonra o adamlar ki \u00e7elimsiz, esmer, b\u0131y\u0131kl\u0131 <br \/> Ve b\u00fct\u00fcn g\u00fcn sevi\u015firler ac\u0131lar\u0131ylan. <\/p>\n<p> Tokatl\u0131 diyorlar ya da bir ekme\u011fin baslang\u0131c\u0131 <br \/> Ezilmis, sakin, onca bir yoksullugu \u00f6d\u00fcyor durmadan <br \/> Bu kimin evreni, bu sa\u00e7\u0131na bir el atma saatlerinde <br \/> Bu kim ki oluyor, Tokatta oluyor her zaman <br \/> Ya da bir erkek bir erke\u011fi \u00f6per gibi <br \/> Hi\u00e7bir \u015fey anlamam\u0131s ya\u015famaktan<\/p>\n<p>Edip CANSEVER<\/p>\n","protected":false},"excerpt":{"rendered":"<p>\u00a0 Tokatl\u0131 diyorlar ya da bir at\u0131n ba\u015flang\u0131c\u0131 E\u011filmi\u015f, sakin, i\u00e7kiler al\u0131yor kalabal\u0131ktan \u015eimdi o mor g\u00f6zleri mor bir kad\u0131nla ilgili Biraz\u0131 namuslu iyi, biraz\u0131 a\u00e7\u0131kca peri\u015fan Ya da bir kad\u0131n bir kad\u0131n\u0131 \u00f6per gibi Hi\u00e7bir\u015fey anlam\u0131yor ya\u015famaktan. Hi\u00e7bir \u015fey anlam\u0131yor diyeli anlam\u0131yor Ama bir yaln\u0131zl\u0131\u011f\u0131 tamaml\u0131yor durmadan Askerler geziniyor, her yerde bu g\u00f6z kahveleri [&hellip;]<\/p>\n","protected":false},"author":1,"featured_media":0,"comment_status":"open","ping_status":"open","sticky":false,"template":"","format":"standard","meta":{"footnotes":""},"categories":[19],"tags":[],"class_list":{"0":"post-2618","1":"post","2":"type-post","3":"status-publish","4":"format-standard","6":"category-edip-cansever"},"yoast_head":"<!-- This site is optimized with the Yoast SEO Premium plugin v24.9 (Yoast SEO v24.9) - https:\/\/yoast.com\/wordpress\/plugins\/seo\/ -->\n<title>B\u0130R AY ALDIM D\u0130YARBAKIRDAN TOKATTA B\u0130R\u0130 OLDU O ZAMAN - narteks.net<\/title>\n<meta name=\"robots\" content=\"index, follow, max-snippet:-1, max-image-preview:large, max-video-preview:-1\" \/>\n<link rel=\"canonical\" href=\"https:\/\/narteks.net\/index.php\/2009\/12\/07\/bir-ay-aldim-diyarbakirdan-tokatta-biri-oldu-o-zaman\/\" \/>\n<meta property=\"og:locale\" content=\"tr_TR\" \/>\n<meta property=\"og:type\" content=\"article\" \/>\n<meta property=\"og:title\" content=\"B\u0130R AY ALDIM D\u0130YARBAKIRDAN TOKATTA B\u0130R\u0130 OLDU O ZAMAN\" \/>\n<meta property=\"og:description\" content=\"\u00a0 Tokatl\u0131 diyorlar ya da bir at\u0131n ba\u015flang\u0131c\u0131 E\u011filmi\u015f, sakin, i\u00e7kiler al\u0131yor kalabal\u0131ktan \u015eimdi o mor g\u00f6zleri mor bir kad\u0131nla ilgili Biraz\u0131 namuslu iyi, biraz\u0131 a\u00e7\u0131kca peri\u015fan Ya da bir kad\u0131n bir kad\u0131n\u0131 \u00f6per gibi Hi\u00e7bir\u015fey anlam\u0131yor ya\u015famaktan. Hi\u00e7bir \u015fey anlam\u0131yor diyeli anlam\u0131yor Ama bir yaln\u0131zl\u0131\u011f\u0131 tamaml\u0131yor durmadan Askerler geziniyor, her yerde bu g\u00f6z kahveleri [&hellip;]\" \/>\n<meta property=\"og:url\" content=\"https:\/\/narteks.net\/index.php\/2009\/12\/07\/bir-ay-aldim-diyarbakirdan-tokatta-biri-oldu-o-zaman\/\" \/>\n<meta property=\"og:site_name\" content=\"narteks.net\" \/>\n<meta property=\"article:published_time\" content=\"2009-12-07T08:30:07+00:00\" \/>\n<meta property=\"og:image\" content=\"https:\/\/narteks.net\/wp-content\/uploads\/narteks.png\" \/>\n\t<meta property=\"og:image:width\" content=\"300\" \/>\n\t<meta property=\"og:image:height\" content=\"90\" \/>\n\t<meta property=\"og:image:type\" content=\"image\/png\" \/>\n<meta name=\"author\" content=\"Tar\u0131k\" \/>\n<meta name=\"twitter:card\" content=\"summary_large_image\" \/>\n<meta name=\"twitter:creator\" content=\"@narteks\" \/>\n<meta name=\"twitter:site\" content=\"@narteks\" \/>\n<meta name=\"twitter:label1\" content=\"Yazan:\" \/>\n\t<meta name=\"twitter:data1\" content=\"Tar\u0131k\" \/>\n\t<meta name=\"twitter:label2\" content=\"Tahmini okuma s\u00fcresi\" \/>\n\t<meta name=\"twitter:data2\" content=\"1 dakika\" \/>\n<script type=\"application\/ld+json\" class=\"yoast-schema-graph\">{\"@context\":\"https:\/\/schema.org\",\"@graph\":[{\"@type\":\"Article\",\"@id\":\"https:\/\/narteks.net\/index.php\/2009\/12\/07\/bir-ay-aldim-diyarbakirdan-tokatta-biri-oldu-o-zaman\/#article\",\"isPartOf\":{\"@id\":\"https:\/\/narteks.net\/index.php\/2009\/12\/07\/bir-ay-aldim-diyarbakirdan-tokatta-biri-oldu-o-zaman\/\"},\"author\":{\"name\":\"Tar\u0131k\",\"@id\":\"https:\/\/narteks.net\/#\/schema\/person\/61f37d9834294b72d31d274e7ed79bca\"},\"headline\":\"B\u0130R AY ALDIM D\u0130YARBAKIRDAN TOKATTA B\u0130R\u0130 OLDU O ZAMAN\",\"datePublished\":\"2009-12-07T08:30:07+00:00\",\"mainEntityOfPage\":{\"@id\":\"https:\/\/narteks.net\/index.php\/2009\/12\/07\/bir-ay-aldim-diyarbakirdan-tokatta-biri-oldu-o-zaman\/\"},\"wordCount\":221,\"commentCount\":0,\"publisher\":{\"@id\":\"https:\/\/narteks.net\/#organization\"},\"articleSection\":[\"Edip CANSEVER\"],\"inLanguage\":\"tr\",\"potentialAction\":[{\"@type\":\"CommentAction\",\"name\":\"Comment\",\"target\":[\"https:\/\/narteks.net\/index.php\/2009\/12\/07\/bir-ay-aldim-diyarbakirdan-tokatta-biri-oldu-o-zaman\/#respond\"]}]},{\"@type\":\"WebPage\",\"@id\":\"https:\/\/narteks.net\/index.php\/2009\/12\/07\/bir-ay-aldim-diyarbakirdan-tokatta-biri-oldu-o-zaman\/\",\"url\":\"https:\/\/narteks.net\/index.php\/2009\/12\/07\/bir-ay-aldim-diyarbakirdan-tokatta-biri-oldu-o-zaman\/\",\"name\":\"B\u0130R AY ALDIM D\u0130YARBAKIRDAN TOKATTA B\u0130R\u0130 OLDU O ZAMAN - narteks.net\",\"isPartOf\":{\"@id\":\"https:\/\/narteks.net\/#website\"},\"datePublished\":\"2009-12-07T08:30:07+00:00\",\"breadcrumb\":{\"@id\":\"https:\/\/narteks.net\/index.php\/2009\/12\/07\/bir-ay-aldim-diyarbakirdan-tokatta-biri-oldu-o-zaman\/#breadcrumb\"},\"inLanguage\":\"tr\",\"potentialAction\":[{\"@type\":\"ReadAction\",\"target\":[\"https:\/\/narteks.net\/index.php\/2009\/12\/07\/bir-ay-aldim-diyarbakirdan-tokatta-biri-oldu-o-zaman\/\"]}]},{\"@type\":\"BreadcrumbList\",\"@id\":\"https:\/\/narteks.net\/index.php\/2009\/12\/07\/bir-ay-aldim-diyarbakirdan-tokatta-biri-oldu-o-zaman\/#breadcrumb\",\"itemListElement\":[{\"@type\":\"ListItem\",\"position\":1,\"name\":\"Anasayfa\",\"item\":\"https:\/\/narteks.net\/\"},{\"@type\":\"ListItem\",\"position\":2,\"name\":\"B\u0130R AY ALDIM D\u0130YARBAKIRDAN TOKATTA B\u0130R\u0130 OLDU O ZAMAN\"}]},{\"@type\":\"WebSite\",\"@id\":\"https:\/\/narteks.net\/#website\",\"url\":\"https:\/\/narteks.net\/\",\"name\":\"narteks.net\",\"description\":\"K\u00fclt\u00fcr Sanat Edebiyat Felsefe\",\"publisher\":{\"@id\":\"https:\/\/narteks.net\/#organization\"},\"alternateName\":\"K\u00fclt\u00fcr Sanat Edebiyat Felsefe\",\"potentialAction\":[{\"@type\":\"SearchAction\",\"target\":{\"@type\":\"EntryPoint\",\"urlTemplate\":\"https:\/\/narteks.net\/?s={search_term_string}\"},\"query-input\":{\"@type\":\"PropertyValueSpecification\",\"valueRequired\":true,\"valueName\":\"search_term_string\"}}],\"inLanguage\":\"tr\"},{\"@type\":\"Organization\",\"@id\":\"https:\/\/narteks.net\/#organization\",\"name\":\"narteks.net\",\"url\":\"https:\/\/narteks.net\/\",\"logo\":{\"@type\":\"ImageObject\",\"inLanguage\":\"tr\",\"@id\":\"https:\/\/narteks.net\/#\/schema\/logo\/image\/\",\"url\":\"https:\/\/narteks.net\/wp-content\/uploads\/narteks.png\",\"contentUrl\":\"https:\/\/narteks.net\/wp-content\/uploads\/narteks.png\",\"width\":300,\"height\":90,\"caption\":\"narteks.net\"},\"image\":{\"@id\":\"https:\/\/narteks.net\/#\/schema\/logo\/image\/\"},\"sameAs\":[\"https:\/\/x.com\/narteks\",\"https:\/\/instagram.com\/narteksnet\"]},{\"@type\":\"Person\",\"@id\":\"https:\/\/narteks.net\/#\/schema\/person\/61f37d9834294b72d31d274e7ed79bca\",\"name\":\"Tar\u0131k\",\"image\":{\"@type\":\"ImageObject\",\"inLanguage\":\"tr\",\"@id\":\"https:\/\/narteks.net\/#\/schema\/person\/image\/\",\"url\":\"https:\/\/secure.gravatar.com\/avatar\/50865afb55632c4ae467e0af0930f6510aa2297d8014be502a55b14f3b7550cf?s=96&d=mm&r=g\",\"contentUrl\":\"https:\/\/secure.gravatar.com\/avatar\/50865afb55632c4ae467e0af0930f6510aa2297d8014be502a55b14f3b7550cf?s=96&d=mm&r=g\",\"caption\":\"Tar\u0131k\"},\"sameAs\":[\"http:\/\/narteks.net\"],\"url\":\"https:\/\/narteks.net\/index.php\/author\/narbak\/\"}]}<\/script>\n<!-- \/ Yoast SEO Premium plugin. -->","yoast_head_json":{"title":"B\u0130R AY ALDIM D\u0130YARBAKIRDAN TOKATTA B\u0130R\u0130 OLDU O ZAMAN - narteks.net","robots":{"index":"index","follow":"follow","max-snippet":"max-snippet:-1","max-image-preview":"max-image-preview:large","max-video-preview":"max-video-preview:-1"},"canonical":"https:\/\/narteks.net\/index.php\/2009\/12\/07\/bir-ay-aldim-diyarbakirdan-tokatta-biri-oldu-o-zaman\/","og_locale":"tr_TR","og_type":"article","og_title":"B\u0130R AY ALDIM D\u0130YARBAKIRDAN TOKATTA B\u0130R\u0130 OLDU O ZAMAN","og_description":"\u00a0 Tokatl\u0131 diyorlar ya da bir at\u0131n ba\u015flang\u0131c\u0131 E\u011filmi\u015f, sakin, i\u00e7kiler al\u0131yor kalabal\u0131ktan \u015eimdi o mor g\u00f6zleri mor bir kad\u0131nla ilgili Biraz\u0131 namuslu iyi, biraz\u0131 a\u00e7\u0131kca peri\u015fan Ya da bir kad\u0131n bir kad\u0131n\u0131 \u00f6per gibi Hi\u00e7bir\u015fey anlam\u0131yor ya\u015famaktan. Hi\u00e7bir \u015fey anlam\u0131yor diyeli anlam\u0131yor Ama bir yaln\u0131zl\u0131\u011f\u0131 tamaml\u0131yor durmadan Askerler geziniyor, her yerde bu g\u00f6z kahveleri [&hellip;]","og_url":"https:\/\/narteks.net\/index.php\/2009\/12\/07\/bir-ay-aldim-diyarbakirdan-tokatta-biri-oldu-o-zaman\/","og_site_name":"narteks.net","article_published_time":"2009-12-07T08:30:07+00:00","og_image":[{"width":300,"height":90,"url":"https:\/\/narteks.net\/wp-content\/uploads\/narteks.png","type":"image\/png"}],"author":"Tar\u0131k","twitter_card":"summary_large_image","twitter_creator":"@narteks","twitter_site":"@narteks","twitter_misc":{"Yazan:":"Tar\u0131k","Tahmini okuma s\u00fcresi":"1 dakika"},"schema":{"@context":"https:\/\/schema.org","@graph":[{"@type":"Article","@id":"https:\/\/narteks.net\/index.php\/2009\/12\/07\/bir-ay-aldim-diyarbakirdan-tokatta-biri-oldu-o-zaman\/#article","isPartOf":{"@id":"https:\/\/narteks.net\/index.php\/2009\/12\/07\/bir-ay-aldim-diyarbakirdan-tokatta-biri-oldu-o-zaman\/"},"author":{"name":"Tar\u0131k","@id":"https:\/\/narteks.net\/#\/schema\/person\/61f37d9834294b72d31d274e7ed79bca"},"headline":"B\u0130R AY ALDIM D\u0130YARBAKIRDAN TOKATTA B\u0130R\u0130 OLDU O ZAMAN","datePublished":"2009-12-07T08:30:07+00:00","mainEntityOfPage":{"@id":"https:\/\/narteks.net\/index.php\/2009\/12\/07\/bir-ay-aldim-diyarbakirdan-tokatta-biri-oldu-o-zaman\/"},"wordCount":221,"commentCount":0,"publisher":{"@id":"https:\/\/narteks.net\/#organization"},"articleSection":["Edip CANSEVER"],"inLanguage":"tr","potentialAction":[{"@type":"CommentAction","name":"Comment","target":["https:\/\/narteks.net\/index.php\/2009\/12\/07\/bir-ay-aldim-diyarbakirdan-tokatta-biri-oldu-o-zaman\/#respond"]}]},{"@type":"WebPage","@id":"https:\/\/narteks.net\/index.php\/2009\/12\/07\/bir-ay-aldim-diyarbakirdan-tokatta-biri-oldu-o-zaman\/","url":"https:\/\/narteks.net\/index.php\/2009\/12\/07\/bir-ay-aldim-diyarbakirdan-tokatta-biri-oldu-o-zaman\/","name":"B\u0130R AY ALDIM D\u0130YARBAKIRDAN TOKATTA B\u0130R\u0130 OLDU O ZAMAN - narteks.net","isPartOf":{"@id":"https:\/\/narteks.net\/#website"},"datePublished":"2009-12-07T08:30:07+00:00","breadcrumb":{"@id":"https:\/\/narteks.net\/index.php\/2009\/12\/07\/bir-ay-aldim-diyarbakirdan-tokatta-biri-oldu-o-zaman\/#breadcrumb"},"inLanguage":"tr","potentialAction":[{"@type":"ReadAction","target":["https:\/\/narteks.net\/index.php\/2009\/12\/07\/bir-ay-aldim-diyarbakirdan-tokatta-biri-oldu-o-zaman\/"]}]},{"@type":"BreadcrumbList","@id":"https:\/\/narteks.net\/index.php\/2009\/12\/07\/bir-ay-aldim-diyarbakirdan-tokatta-biri-oldu-o-zaman\/#breadcrumb","itemListElement":[{"@type":"ListItem","position":1,"name":"Anasayfa","item":"https:\/\/narteks.net\/"},{"@type":"ListItem","position":2,"name":"B\u0130R AY ALDIM D\u0130YARBAKIRDAN TOKATTA B\u0130R\u0130 OLDU O ZAMAN"}]},{"@type":"WebSite","@id":"https:\/\/narteks.net\/#website","url":"https:\/\/narteks.net\/","name":"narteks.net","description":"K\u00fclt\u00fcr Sanat Edebiyat Felsefe","publisher":{"@id":"https:\/\/narteks.net\/#organization"},"alternateName":"K\u00fclt\u00fcr Sanat Edebiyat Felsefe","potentialAction":[{"@type":"SearchAction","target":{"@type":"EntryPoint","urlTemplate":"https:\/\/narteks.net\/?s={search_term_string}"},"query-input":{"@type":"PropertyValueSpecification","valueRequired":true,"valueName":"search_term_string"}}],"inLanguage":"tr"},{"@type":"Organization","@id":"https:\/\/narteks.net\/#organization","name":"narteks.net","url":"https:\/\/narteks.net\/","logo":{"@type":"ImageObject","inLanguage":"tr","@id":"https:\/\/narteks.net\/#\/schema\/logo\/image\/","url":"https:\/\/narteks.net\/wp-content\/uploads\/narteks.png","contentUrl":"https:\/\/narteks.net\/wp-content\/uploads\/narteks.png","width":300,"height":90,"caption":"narteks.net"},"image":{"@id":"https:\/\/narteks.net\/#\/schema\/logo\/image\/"},"sameAs":["https:\/\/x.com\/narteks","https:\/\/instagram.com\/narteksnet"]},{"@type":"Person","@id":"https:\/\/narteks.net\/#\/schema\/person\/61f37d9834294b72d31d274e7ed79bca","name":"Tar\u0131k","image":{"@type":"ImageObject","inLanguage":"tr","@id":"https:\/\/narteks.net\/#\/schema\/person\/image\/","url":"https:\/\/secure.gravatar.com\/avatar\/50865afb55632c4ae467e0af0930f6510aa2297d8014be502a55b14f3b7550cf?s=96&d=mm&r=g","contentUrl":"https:\/\/secure.gravatar.com\/avatar\/50865afb55632c4ae467e0af0930f6510aa2297d8014be502a55b14f3b7550cf?s=96&d=mm&r=g","caption":"Tar\u0131k"},"sameAs":["http:\/\/narteks.net"],"url":"https:\/\/narteks.net\/index.php\/author\/narbak\/"}]}},"_links":{"self":[{"href":"https:\/\/narteks.net\/index.php\/wp-json\/wp\/v2\/posts\/2618","targetHints":{"allow":["GET"]}}],"collection":[{"href":"https:\/\/narteks.net\/index.php\/wp-json\/wp\/v2\/posts"}],"about":[{"href":"https:\/\/narteks.net\/index.php\/wp-json\/wp\/v2\/types\/post"}],"author":[{"embeddable":true,"href":"https:\/\/narteks.net\/index.php\/wp-json\/wp\/v2\/users\/1"}],"replies":[{"embeddable":true,"href":"https:\/\/narteks.net\/index.php\/wp-json\/wp\/v2\/comments?post=2618"}],"version-history":[{"count":0,"href":"https:\/\/narteks.net\/index.php\/wp-json\/wp\/v2\/posts\/2618\/revisions"}],"wp:attachment":[{"href":"https:\/\/narteks.net\/index.php\/wp-json\/wp\/v2\/media?parent=2618"}],"wp:term":[{"taxonomy":"category","embeddable":true,"href":"https:\/\/narteks.net\/index.php\/wp-json\/wp\/v2\/categories?post=2618"},{"taxonomy":"post_tag","embeddable":true,"href":"https:\/\/narteks.net\/index.php\/wp-json\/wp\/v2\/tags?post=2618"}],"curies":[{"name":"wp","href":"https:\/\/api.w.org\/{rel}","templated":true}]}}