{"id":2619,"date":"2009-12-07T11:30:40","date_gmt":"2009-12-07T08:30:40","guid":{"rendered":"http:\/\/localhost\/wordpress\/2009\/12\/07\/bir-cicek-sergicisi-der-ki\/"},"modified":"2009-12-07T11:30:40","modified_gmt":"2009-12-07T08:30:40","slug":"bir-cicek-sergicisi-der-ki","status":"publish","type":"post","link":"https:\/\/narteks.net\/index.php\/2009\/12\/07\/bir-cicek-sergicisi-der-ki\/","title":{"rendered":"B\u0130R \u00c7\u0130\u00c7EK SERG\u0130C\u0130S\u0130 DER K\u0130"},"content":{"rendered":"<p>\u00a0<\/p>\n<p>Bin dokuzy\u00fcz on iki miydi, bin dokuz y\u00fcz elli iki miydi <br \/> G\u00fcne\u015fli bir \u00f6\u011fle miydi, \u00e7i\u00e7ekler g\u00f6lgesiz miydi <br \/> Ellerim kirli miydi <br \/> Neydi <br \/> \u00c7i\u00e7eklere su mu serpiyordum, bir karanfil \u00e7ok mu uzaklardan gelmi\u015fti <br \/> Bilmem ki <br \/> Benim b\u00fct\u00fcn ya\u015fam\u0131mda hep karanfiller olmu\u015ftur <br \/> Her zaman hat\u0131rlar\u0131m <br \/> Sanki bir karanfilden s\u00fcrekli do\u011fmu\u015fumdur <br \/> Bin dokuz y\u00fcz on iki do\u011fumlu bir karanfili <br \/> Kar\u0131m g\u00f6\u011fs\u00fcme takm\u0131\u015ft\u0131. \u015eimdi ben \u00e7ok ya\u015fl\u0131y\u0131m <br \/> \u015eimdi ben nedense \u00e7ok ya\u015fl\u0131y\u0131m <br \/> Herkesi ayr\u0131 ayr\u0131 tan\u0131mam <br \/> Ruhi Bey&#8217;i \u0130\u00e7erenk\u00f6y&#8217;den tan\u0131r\u0131m <br \/> \u0130\u00e7erenk\u00f6y&#8217;\u00fc iyi bilirim de ondan <br \/> Ka\u00e7 y\u0131l \u00f6nceydi, \u015fimdi unuttum <br \/> Babas\u0131n\u0131 da tan\u0131r\u0131m <br \/> Ka\u00e7 y\u0131l \u00f6nceydi, bilemem <br \/> \u00dcryani eri\u011fi gibi g\u00f6zleri vard\u0131 <br \/> \u00c7izmeleri, kam\u00e7\u0131s\u0131 <br \/> Ruhi Bey, benden \u00e7i\u00e7ek al\u0131rd\u0131 <br \/> O zamanlar sokak sokak dola\u015f\u0131rd\u0131m <br \/> \u00c7i\u00e7ek alanlar\u0131 iyi bilirdim <br \/> Ruhi Bey de \u00e7i\u00e7ek al\u0131rd\u0131 <br \/> Nedense benden al\u0131rd\u0131. \u00c7\u00fcnk\u00fc ben \u00e7i\u00e7ekleri \u00e7ok bi\u00e7imli tutar\u0131m <br \/> Ku\u015fkonmazlar\u0131 sevmem, kullanmam <br \/> \u00c7i\u00e7eklerin aral\u0131klar\u0131na bakar\u0131m <br \/> Sanki ben onlar\u0131 hep yeniden yarat\u0131r\u0131m, yontar\u0131m <br \/> Bin dokuz y\u00fcz k\u0131rk \u00fc\u00e7de biri \u00f6ld\u00fc <br \/> Boynu de\u011fil, bir karanfilin sap\u0131yd\u0131, yana d\u00fc\u015ft\u00fc <br \/> D\u00fc\u015f\u00fcnce \u00f6ld\u00fc <br \/> Bir \u00f6l\u00fcl\u00fck sindi ellerime <br \/> Bir \u00f6l\u00fcl\u00fck bana sindi <br \/> Ona sergimde her zaman bir yer ay\u0131r\u0131r\u0131m <br \/> Kimseler bilmez <br \/> Ben i\u015fte gizli gizli onu sular\u0131m <br \/> Karanl\u0131k bir karanfilli\u011fi <br \/> Yoklukta bir karanfilli\u011fi <br \/> O g\u00fcn bug\u00fcnd\u00fcr b\u00fct\u00fcn \u00e7i\u00e7ekler <br \/> Karanfildir benim i\u00e7in. <\/p>\n<p> Bir g\u00fcn de bir demet karanfilim yand\u0131 <br \/> Bir demet karanfilin penceresi, kap\u0131s\u0131 <br \/> Nedense yand\u0131 <br \/> \u00d6nce giyinik bir ev g\u00f6r\u00fcn\u00fcm\u00fcndeydi, \u00f6yleydi <br \/> Tak\u0131nd\u0131 k\u0131rm\u0131z\u0131lar\u0131n\u0131 sonra <br \/> S\u00fcslendi <br \/> Bir bo\u015fluk edindi orda kendine <br \/> Hemen orac\u0131kta bir bo\u015fluk <br \/> A\u00e7t\u0131 \u015femsiyesini ve gitti. <\/p>\n<p> Ben \u015fimdi o\u011flumun yan\u0131nda kal\u0131r\u0131m <br \/> Onun k\u0131rm\u0131z\u0131 yapraklardan yap\u0131lm\u0131\u015f <br \/> Bir zamand\u0131\u015f\u0131l\u0131\u011f\u0131 vard\u0131r <br \/> Beni anlamaz <br \/> Anlamaz, niye anlas\u0131n <br \/> Anla\u015f\u0131lmak -de\u011fil mi ama- sanki kimsenin olamaz <\/p>\n<p> Ben kendime bir karanfil mezar\u0131 sat\u0131n ald\u0131m <br \/> Beni oraya g\u00f6mecekler <br \/> Ruhi Bey cenazeme gelecek <br \/> Ama hangi Ruhi Bey <br \/> Do\u011frusu biraz \u015fa\u015f\u0131rd\u0131m <br \/> \u0130\u00e7erenk\u00f6y&#8217;deki Ruhi Bey gelmez <br \/> Osadece karanfil sat\u0131n al\u0131r <br \/> \u00d6l\u00fcm\u00fc pek be\u011fenmez <br \/> \u015eimdiki Ruhi Bey \u00f6l\u00fcmedaha yatk\u0131nd\u0131r <br \/> Ya\u015famaya da <br \/> \u00d6l\u00fcmle ya\u015fam aras\u0131nda bunal\u0131r bunal\u0131r <br \/> Ben bu kadar\u0131n\u0131 anlar\u0131m <br \/> O gelir beni kald\u0131r\u0131r <br \/> Bir karanfil kalabal\u0131\u011f\u0131na arrt\u0131k kat\u0131l\u0131r <br \/> Ge\u00e7en g\u00fcn g\u00f6rd\u00fcm <br \/> Ac\u0131may\u0131 unuttum <br \/> Sevinmeyi unuttum <br \/> Ben her \u015feyi art\u0131k unutuyorum <br \/> Ama oge\u00e7erken ne yalan s\u00f6yleyeyim \u015furamda bira\u011fr\u0131 duydum <br \/> A\u011fr\u0131 da de\u011fildi belki, hani, nas\u0131l <br \/> G\u00f6vdemi yeniden buldum <br \/> Ac\u0131lar ac\u0131lara eklenince a\u011f\u0131rla\u015f\u0131yor <br \/> G\u00f6vdem de a\u011f\u0131rla\u015f\u0131yor <br \/> Ruhi Beyle kocaman bir demet karanfil oluyoruz <br \/> \u015eu \u00fcst\u00fcmdeki bo\u015fluk kadar <br \/> Bir demet <br \/> Yok art\u0131k pek konu\u015fmuyoruz <br \/> Benim s\u00f6zlerim eskidi <br \/> Onunki de eskidi <br \/> Zaten kelimeler sonludur <br \/> \u00d6ylede\u011fil mi <br \/> Donuk donuk bak\u0131\u015f\u0131yoruz <br \/> Ben \u00f6l\u00fcme iyice yak\u0131n <br \/> O ya\u015famaktan uzak <br \/> \u00d6yle bir g\u00f6k i\u00e7inde durmu\u015f gibiyiz <br \/> Karanfiller \u00f6l\u00fcrken <br \/> Karanfillerden bir deniz.<\/p>\n<p>Edip CANSEVER<\/p>\n","protected":false},"excerpt":{"rendered":"<p>\u00a0 Bin dokuzy\u00fcz on iki miydi, bin dokuz y\u00fcz elli iki miydi G\u00fcne\u015fli bir \u00f6\u011fle miydi, \u00e7i\u00e7ekler g\u00f6lgesiz miydi Ellerim kirli miydi Neydi \u00c7i\u00e7eklere su mu serpiyordum, bir karanfil \u00e7ok mu uzaklardan gelmi\u015fti Bilmem ki Benim b\u00fct\u00fcn ya\u015fam\u0131mda hep karanfiller olmu\u015ftur Her zaman hat\u0131rlar\u0131m Sanki bir karanfilden s\u00fcrekli do\u011fmu\u015fumdur Bin dokuz y\u00fcz on iki do\u011fumlu [&hellip;]<\/p>\n","protected":false},"author":1,"featured_media":0,"comment_status":"open","ping_status":"open","sticky":false,"template":"","format":"standard","meta":{"footnotes":""},"categories":[19],"tags":[],"class_list":{"0":"post-2619","1":"post","2":"type-post","3":"status-publish","4":"format-standard","6":"category-edip-cansever"},"yoast_head":"<!-- This site is optimized with the Yoast SEO Premium plugin v24.9 (Yoast SEO v24.9) - https:\/\/yoast.com\/wordpress\/plugins\/seo\/ -->\n<title>B\u0130R \u00c7\u0130\u00c7EK SERG\u0130C\u0130S\u0130 DER K\u0130 - narteks.net<\/title>\n<meta name=\"robots\" content=\"index, follow, max-snippet:-1, max-image-preview:large, max-video-preview:-1\" \/>\n<link rel=\"canonical\" href=\"https:\/\/narteks.net\/index.php\/2009\/12\/07\/bir-cicek-sergicisi-der-ki\/\" \/>\n<meta property=\"og:locale\" content=\"tr_TR\" \/>\n<meta property=\"og:type\" content=\"article\" \/>\n<meta property=\"og:title\" content=\"B\u0130R \u00c7\u0130\u00c7EK SERG\u0130C\u0130S\u0130 DER K\u0130\" \/>\n<meta property=\"og:description\" content=\"\u00a0 Bin dokuzy\u00fcz on iki miydi, bin dokuz y\u00fcz elli iki miydi G\u00fcne\u015fli bir \u00f6\u011fle miydi, \u00e7i\u00e7ekler g\u00f6lgesiz miydi Ellerim kirli miydi Neydi \u00c7i\u00e7eklere su mu serpiyordum, bir karanfil \u00e7ok mu uzaklardan gelmi\u015fti Bilmem ki Benim b\u00fct\u00fcn ya\u015fam\u0131mda hep karanfiller olmu\u015ftur Her zaman hat\u0131rlar\u0131m Sanki bir karanfilden s\u00fcrekli do\u011fmu\u015fumdur Bin dokuz y\u00fcz on iki do\u011fumlu [&hellip;]\" \/>\n<meta property=\"og:url\" content=\"https:\/\/narteks.net\/index.php\/2009\/12\/07\/bir-cicek-sergicisi-der-ki\/\" \/>\n<meta property=\"og:site_name\" content=\"narteks.net\" \/>\n<meta property=\"article:published_time\" content=\"2009-12-07T08:30:40+00:00\" \/>\n<meta property=\"og:image\" content=\"https:\/\/narteks.net\/wp-content\/uploads\/narteks.png\" \/>\n\t<meta property=\"og:image:width\" content=\"300\" \/>\n\t<meta property=\"og:image:height\" content=\"90\" \/>\n\t<meta property=\"og:image:type\" content=\"image\/png\" \/>\n<meta name=\"author\" content=\"Tar\u0131k\" \/>\n<meta name=\"twitter:card\" content=\"summary_large_image\" \/>\n<meta name=\"twitter:creator\" content=\"@narteks\" \/>\n<meta name=\"twitter:site\" content=\"@narteks\" \/>\n<meta name=\"twitter:label1\" content=\"Yazan:\" \/>\n\t<meta name=\"twitter:data1\" content=\"Tar\u0131k\" \/>\n\t<meta name=\"twitter:label2\" content=\"Tahmini okuma s\u00fcresi\" \/>\n\t<meta name=\"twitter:data2\" content=\"3 dakika\" \/>\n<script type=\"application\/ld+json\" class=\"yoast-schema-graph\">{\"@context\":\"https:\/\/schema.org\",\"@graph\":[{\"@type\":\"Article\",\"@id\":\"https:\/\/narteks.net\/index.php\/2009\/12\/07\/bir-cicek-sergicisi-der-ki\/#article\",\"isPartOf\":{\"@id\":\"https:\/\/narteks.net\/index.php\/2009\/12\/07\/bir-cicek-sergicisi-der-ki\/\"},\"author\":{\"name\":\"Tar\u0131k\",\"@id\":\"https:\/\/narteks.net\/#\/schema\/person\/61f37d9834294b72d31d274e7ed79bca\"},\"headline\":\"B\u0130R \u00c7\u0130\u00c7EK SERG\u0130C\u0130S\u0130 DER K\u0130\",\"datePublished\":\"2009-12-07T08:30:40+00:00\",\"mainEntityOfPage\":{\"@id\":\"https:\/\/narteks.net\/index.php\/2009\/12\/07\/bir-cicek-sergicisi-der-ki\/\"},\"wordCount\":583,\"commentCount\":0,\"publisher\":{\"@id\":\"https:\/\/narteks.net\/#organization\"},\"articleSection\":[\"Edip CANSEVER\"],\"inLanguage\":\"tr\",\"potentialAction\":[{\"@type\":\"CommentAction\",\"name\":\"Comment\",\"target\":[\"https:\/\/narteks.net\/index.php\/2009\/12\/07\/bir-cicek-sergicisi-der-ki\/#respond\"]}]},{\"@type\":\"WebPage\",\"@id\":\"https:\/\/narteks.net\/index.php\/2009\/12\/07\/bir-cicek-sergicisi-der-ki\/\",\"url\":\"https:\/\/narteks.net\/index.php\/2009\/12\/07\/bir-cicek-sergicisi-der-ki\/\",\"name\":\"B\u0130R \u00c7\u0130\u00c7EK SERG\u0130C\u0130S\u0130 DER K\u0130 - narteks.net\",\"isPartOf\":{\"@id\":\"https:\/\/narteks.net\/#website\"},\"datePublished\":\"2009-12-07T08:30:40+00:00\",\"breadcrumb\":{\"@id\":\"https:\/\/narteks.net\/index.php\/2009\/12\/07\/bir-cicek-sergicisi-der-ki\/#breadcrumb\"},\"inLanguage\":\"tr\",\"potentialAction\":[{\"@type\":\"ReadAction\",\"target\":[\"https:\/\/narteks.net\/index.php\/2009\/12\/07\/bir-cicek-sergicisi-der-ki\/\"]}]},{\"@type\":\"BreadcrumbList\",\"@id\":\"https:\/\/narteks.net\/index.php\/2009\/12\/07\/bir-cicek-sergicisi-der-ki\/#breadcrumb\",\"itemListElement\":[{\"@type\":\"ListItem\",\"position\":1,\"name\":\"Anasayfa\",\"item\":\"https:\/\/narteks.net\/\"},{\"@type\":\"ListItem\",\"position\":2,\"name\":\"B\u0130R \u00c7\u0130\u00c7EK SERG\u0130C\u0130S\u0130 DER K\u0130\"}]},{\"@type\":\"WebSite\",\"@id\":\"https:\/\/narteks.net\/#website\",\"url\":\"https:\/\/narteks.net\/\",\"name\":\"narteks.net\",\"description\":\"K\u00fclt\u00fcr Sanat Edebiyat Felsefe\",\"publisher\":{\"@id\":\"https:\/\/narteks.net\/#organization\"},\"alternateName\":\"K\u00fclt\u00fcr Sanat Edebiyat Felsefe\",\"potentialAction\":[{\"@type\":\"SearchAction\",\"target\":{\"@type\":\"EntryPoint\",\"urlTemplate\":\"https:\/\/narteks.net\/?s={search_term_string}\"},\"query-input\":{\"@type\":\"PropertyValueSpecification\",\"valueRequired\":true,\"valueName\":\"search_term_string\"}}],\"inLanguage\":\"tr\"},{\"@type\":\"Organization\",\"@id\":\"https:\/\/narteks.net\/#organization\",\"name\":\"narteks.net\",\"url\":\"https:\/\/narteks.net\/\",\"logo\":{\"@type\":\"ImageObject\",\"inLanguage\":\"tr\",\"@id\":\"https:\/\/narteks.net\/#\/schema\/logo\/image\/\",\"url\":\"https:\/\/narteks.net\/wp-content\/uploads\/narteks.png\",\"contentUrl\":\"https:\/\/narteks.net\/wp-content\/uploads\/narteks.png\",\"width\":300,\"height\":90,\"caption\":\"narteks.net\"},\"image\":{\"@id\":\"https:\/\/narteks.net\/#\/schema\/logo\/image\/\"},\"sameAs\":[\"https:\/\/x.com\/narteks\",\"https:\/\/instagram.com\/narteksnet\"]},{\"@type\":\"Person\",\"@id\":\"https:\/\/narteks.net\/#\/schema\/person\/61f37d9834294b72d31d274e7ed79bca\",\"name\":\"Tar\u0131k\",\"image\":{\"@type\":\"ImageObject\",\"inLanguage\":\"tr\",\"@id\":\"https:\/\/narteks.net\/#\/schema\/person\/image\/\",\"url\":\"https:\/\/secure.gravatar.com\/avatar\/50865afb55632c4ae467e0af0930f6510aa2297d8014be502a55b14f3b7550cf?s=96&d=mm&r=g\",\"contentUrl\":\"https:\/\/secure.gravatar.com\/avatar\/50865afb55632c4ae467e0af0930f6510aa2297d8014be502a55b14f3b7550cf?s=96&d=mm&r=g\",\"caption\":\"Tar\u0131k\"},\"sameAs\":[\"http:\/\/narteks.net\"],\"url\":\"https:\/\/narteks.net\/index.php\/author\/narbak\/\"}]}<\/script>\n<!-- \/ Yoast SEO Premium plugin. -->","yoast_head_json":{"title":"B\u0130R \u00c7\u0130\u00c7EK SERG\u0130C\u0130S\u0130 DER K\u0130 - narteks.net","robots":{"index":"index","follow":"follow","max-snippet":"max-snippet:-1","max-image-preview":"max-image-preview:large","max-video-preview":"max-video-preview:-1"},"canonical":"https:\/\/narteks.net\/index.php\/2009\/12\/07\/bir-cicek-sergicisi-der-ki\/","og_locale":"tr_TR","og_type":"article","og_title":"B\u0130R \u00c7\u0130\u00c7EK SERG\u0130C\u0130S\u0130 DER K\u0130","og_description":"\u00a0 Bin dokuzy\u00fcz on iki miydi, bin dokuz y\u00fcz elli iki miydi G\u00fcne\u015fli bir \u00f6\u011fle miydi, \u00e7i\u00e7ekler g\u00f6lgesiz miydi Ellerim kirli miydi Neydi \u00c7i\u00e7eklere su mu serpiyordum, bir karanfil \u00e7ok mu uzaklardan gelmi\u015fti Bilmem ki Benim b\u00fct\u00fcn ya\u015fam\u0131mda hep karanfiller olmu\u015ftur Her zaman hat\u0131rlar\u0131m Sanki bir karanfilden s\u00fcrekli do\u011fmu\u015fumdur Bin dokuz y\u00fcz on iki do\u011fumlu [&hellip;]","og_url":"https:\/\/narteks.net\/index.php\/2009\/12\/07\/bir-cicek-sergicisi-der-ki\/","og_site_name":"narteks.net","article_published_time":"2009-12-07T08:30:40+00:00","og_image":[{"width":300,"height":90,"url":"https:\/\/narteks.net\/wp-content\/uploads\/narteks.png","type":"image\/png"}],"author":"Tar\u0131k","twitter_card":"summary_large_image","twitter_creator":"@narteks","twitter_site":"@narteks","twitter_misc":{"Yazan:":"Tar\u0131k","Tahmini okuma s\u00fcresi":"3 dakika"},"schema":{"@context":"https:\/\/schema.org","@graph":[{"@type":"Article","@id":"https:\/\/narteks.net\/index.php\/2009\/12\/07\/bir-cicek-sergicisi-der-ki\/#article","isPartOf":{"@id":"https:\/\/narteks.net\/index.php\/2009\/12\/07\/bir-cicek-sergicisi-der-ki\/"},"author":{"name":"Tar\u0131k","@id":"https:\/\/narteks.net\/#\/schema\/person\/61f37d9834294b72d31d274e7ed79bca"},"headline":"B\u0130R \u00c7\u0130\u00c7EK SERG\u0130C\u0130S\u0130 DER K\u0130","datePublished":"2009-12-07T08:30:40+00:00","mainEntityOfPage":{"@id":"https:\/\/narteks.net\/index.php\/2009\/12\/07\/bir-cicek-sergicisi-der-ki\/"},"wordCount":583,"commentCount":0,"publisher":{"@id":"https:\/\/narteks.net\/#organization"},"articleSection":["Edip CANSEVER"],"inLanguage":"tr","potentialAction":[{"@type":"CommentAction","name":"Comment","target":["https:\/\/narteks.net\/index.php\/2009\/12\/07\/bir-cicek-sergicisi-der-ki\/#respond"]}]},{"@type":"WebPage","@id":"https:\/\/narteks.net\/index.php\/2009\/12\/07\/bir-cicek-sergicisi-der-ki\/","url":"https:\/\/narteks.net\/index.php\/2009\/12\/07\/bir-cicek-sergicisi-der-ki\/","name":"B\u0130R \u00c7\u0130\u00c7EK SERG\u0130C\u0130S\u0130 DER K\u0130 - narteks.net","isPartOf":{"@id":"https:\/\/narteks.net\/#website"},"datePublished":"2009-12-07T08:30:40+00:00","breadcrumb":{"@id":"https:\/\/narteks.net\/index.php\/2009\/12\/07\/bir-cicek-sergicisi-der-ki\/#breadcrumb"},"inLanguage":"tr","potentialAction":[{"@type":"ReadAction","target":["https:\/\/narteks.net\/index.php\/2009\/12\/07\/bir-cicek-sergicisi-der-ki\/"]}]},{"@type":"BreadcrumbList","@id":"https:\/\/narteks.net\/index.php\/2009\/12\/07\/bir-cicek-sergicisi-der-ki\/#breadcrumb","itemListElement":[{"@type":"ListItem","position":1,"name":"Anasayfa","item":"https:\/\/narteks.net\/"},{"@type":"ListItem","position":2,"name":"B\u0130R \u00c7\u0130\u00c7EK SERG\u0130C\u0130S\u0130 DER K\u0130"}]},{"@type":"WebSite","@id":"https:\/\/narteks.net\/#website","url":"https:\/\/narteks.net\/","name":"narteks.net","description":"K\u00fclt\u00fcr Sanat Edebiyat Felsefe","publisher":{"@id":"https:\/\/narteks.net\/#organization"},"alternateName":"K\u00fclt\u00fcr Sanat Edebiyat Felsefe","potentialAction":[{"@type":"SearchAction","target":{"@type":"EntryPoint","urlTemplate":"https:\/\/narteks.net\/?s={search_term_string}"},"query-input":{"@type":"PropertyValueSpecification","valueRequired":true,"valueName":"search_term_string"}}],"inLanguage":"tr"},{"@type":"Organization","@id":"https:\/\/narteks.net\/#organization","name":"narteks.net","url":"https:\/\/narteks.net\/","logo":{"@type":"ImageObject","inLanguage":"tr","@id":"https:\/\/narteks.net\/#\/schema\/logo\/image\/","url":"https:\/\/narteks.net\/wp-content\/uploads\/narteks.png","contentUrl":"https:\/\/narteks.net\/wp-content\/uploads\/narteks.png","width":300,"height":90,"caption":"narteks.net"},"image":{"@id":"https:\/\/narteks.net\/#\/schema\/logo\/image\/"},"sameAs":["https:\/\/x.com\/narteks","https:\/\/instagram.com\/narteksnet"]},{"@type":"Person","@id":"https:\/\/narteks.net\/#\/schema\/person\/61f37d9834294b72d31d274e7ed79bca","name":"Tar\u0131k","image":{"@type":"ImageObject","inLanguage":"tr","@id":"https:\/\/narteks.net\/#\/schema\/person\/image\/","url":"https:\/\/secure.gravatar.com\/avatar\/50865afb55632c4ae467e0af0930f6510aa2297d8014be502a55b14f3b7550cf?s=96&d=mm&r=g","contentUrl":"https:\/\/secure.gravatar.com\/avatar\/50865afb55632c4ae467e0af0930f6510aa2297d8014be502a55b14f3b7550cf?s=96&d=mm&r=g","caption":"Tar\u0131k"},"sameAs":["http:\/\/narteks.net"],"url":"https:\/\/narteks.net\/index.php\/author\/narbak\/"}]}},"_links":{"self":[{"href":"https:\/\/narteks.net\/index.php\/wp-json\/wp\/v2\/posts\/2619","targetHints":{"allow":["GET"]}}],"collection":[{"href":"https:\/\/narteks.net\/index.php\/wp-json\/wp\/v2\/posts"}],"about":[{"href":"https:\/\/narteks.net\/index.php\/wp-json\/wp\/v2\/types\/post"}],"author":[{"embeddable":true,"href":"https:\/\/narteks.net\/index.php\/wp-json\/wp\/v2\/users\/1"}],"replies":[{"embeddable":true,"href":"https:\/\/narteks.net\/index.php\/wp-json\/wp\/v2\/comments?post=2619"}],"version-history":[{"count":0,"href":"https:\/\/narteks.net\/index.php\/wp-json\/wp\/v2\/posts\/2619\/revisions"}],"wp:attachment":[{"href":"https:\/\/narteks.net\/index.php\/wp-json\/wp\/v2\/media?parent=2619"}],"wp:term":[{"taxonomy":"category","embeddable":true,"href":"https:\/\/narteks.net\/index.php\/wp-json\/wp\/v2\/categories?post=2619"},{"taxonomy":"post_tag","embeddable":true,"href":"https:\/\/narteks.net\/index.php\/wp-json\/wp\/v2\/tags?post=2619"}],"curies":[{"name":"wp","href":"https:\/\/api.w.org\/{rel}","templated":true}]}}