{"id":2620,"date":"2009-12-07T11:31:13","date_gmt":"2009-12-07T08:31:13","guid":{"rendered":"http:\/\/localhost\/wordpress\/2009\/12\/07\/bir-genelev-kadini-ve\/"},"modified":"2009-12-07T11:31:13","modified_gmt":"2009-12-07T08:31:13","slug":"bir-genelev-kadini-ve","status":"publish","type":"post","link":"https:\/\/narteks.net\/index.php\/2009\/12\/07\/bir-genelev-kadini-ve\/","title":{"rendered":"B\u0130R GENELEV KADINI VE&#8230;"},"content":{"rendered":"<p>\u00a0<\/p>\n<p>Girdi <br \/> S\u0131rt\u0131nda eski bir ceket vard\u0131 <br \/> Bir yerlerden s\u0131zm\u0131\u015ft\u0131 sanki, g\u00fcn \u0131\u015f\u0131\u011f\u0131 gibiydi <br \/> Sar\u0131\u015f\u0131nd\u0131 <br \/> \u00d6nce bir s\u00fcre kap\u0131n\u0131n \u00f6n\u00fcnde durdu durdu <br \/> G\u00f6lgelendi, inceldi, beni g\u00f6rd\u00fc <br \/> Pek \u00f6nemsemedim <br \/> Bakt\u0131, hi\u00e7 konu\u015fmad\u0131 <br \/> Oysa bir \u0130sa tasviri gibi u\u00e7umluydu, g\u00fczeldi <br \/> Yer g\u00f6sterdim, oturmad\u0131 <br \/> Bir sigara yakt\u0131m, ona da verdim <br \/> Ald\u0131 <br \/> Sigaras\u0131n\u0131 ben yakt\u0131m <br \/> K\u0131sa bir g\u00fcl\u00fcmseme y\u00fcr\u00fcd\u00fc dudaklar\u0131ndan <br \/> Benim dudaklar\u0131ma da ge\u00e7ti <br \/> \u00c7ocuklar gibi k\u0131zard\u0131m <br \/> \u00d6teki k\u0131zlar g\u00fcl\u00fc\u015ft\u00fcler <br \/> Ben kendimi sevdim, g\u00fcvendim <br \/> Sa\u00e7lar\u0131m\u0131 d\u00fczelttim, g\u00f6\u011fs\u00fcm\u00fc biraz kapad\u0131m <br \/> Bana elini uzatt\u0131, ellerimiz birbirine de\u011fdi <br \/> S\u0131cakt\u0131, inceydi, k\u0131skan\u0131r\u0131m anlatmaya bu eli <br \/> A\u011f\u0131r a\u011f\u0131r odama \u00e7\u0131kt\u0131k. <\/p>\n<p> Girdi <br \/> A\u00e7\u0131k pencereyi kapad\u0131m <br \/> Perdeyi \u00e7ektim <br \/> Arkam\u0131 d\u00f6nd\u00fcm, yava\u015f yava\u015f soyundum <br \/> Bile\u011fimdeki saati \u00e7\u0131kard\u0131m <br \/> Sigaram\u0131 s\u00f6nd\u00fcrd\u00fcm <br \/> Tam o zaman.. <br \/> Zaman da de\u011fildi belki <br \/> \u00d6nce korkun\u00e7 bir g\u00f6zya\u015f\u0131 seli <br \/> Sonra alabildi\u011fine bir kayal\u0131k <br \/> Kayalar\u0131n \u00fcst\u00fcnde bir kertenkele <br \/> Ard\u0131ndan bir orman\u0131n u\u011fultusu <br \/> Binlerce kanat sesi <br \/> Sa\u011f elinde bir b\u0131\u00e7ak <br \/> Yok, hay\u0131r, b\u0131\u00e7ak da de\u011fildi <br \/> Vuran, ezen, \u00f6ld\u00fcren bir el <br \/> Ve eller <br \/> Ve di\u015fler <br \/> Kendimden ge\u00e7tim. <\/p>\n<p> Bir daha gelmedi, hay\u0131r, bir daha hi\u00e7 gelmedi <br \/> Ama onunla ben <br \/> Ne zaman istedimse o zaman yatt\u0131m.<\/p>\n<p>Edip CANSEVER<\/p>\n","protected":false},"excerpt":{"rendered":"<p>\u00a0 Girdi S\u0131rt\u0131nda eski bir ceket vard\u0131 Bir yerlerden s\u0131zm\u0131\u015ft\u0131 sanki, g\u00fcn \u0131\u015f\u0131\u011f\u0131 gibiydi Sar\u0131\u015f\u0131nd\u0131 \u00d6nce bir s\u00fcre kap\u0131n\u0131n \u00f6n\u00fcnde durdu durdu G\u00f6lgelendi, inceldi, beni g\u00f6rd\u00fc Pek \u00f6nemsemedim Bakt\u0131, hi\u00e7 konu\u015fmad\u0131 Oysa bir \u0130sa tasviri gibi u\u00e7umluydu, g\u00fczeldi Yer g\u00f6sterdim, oturmad\u0131 Bir sigara yakt\u0131m, ona da verdim Ald\u0131 Sigaras\u0131n\u0131 ben yakt\u0131m K\u0131sa bir g\u00fcl\u00fcmseme y\u00fcr\u00fcd\u00fc [&hellip;]<\/p>\n","protected":false},"author":1,"featured_media":0,"comment_status":"open","ping_status":"open","sticky":false,"template":"","format":"standard","meta":{"footnotes":""},"categories":[19],"tags":[],"class_list":{"0":"post-2620","1":"post","2":"type-post","3":"status-publish","4":"format-standard","6":"category-edip-cansever"},"yoast_head":"<!-- This site is optimized with the Yoast SEO Premium plugin v24.9 (Yoast SEO v24.9) - https:\/\/yoast.com\/wordpress\/plugins\/seo\/ -->\n<title>B\u0130R GENELEV KADINI VE... - narteks.net<\/title>\n<meta name=\"robots\" content=\"index, follow, max-snippet:-1, max-image-preview:large, max-video-preview:-1\" \/>\n<link rel=\"canonical\" href=\"https:\/\/narteks.net\/index.php\/2009\/12\/07\/bir-genelev-kadini-ve\/\" \/>\n<meta property=\"og:locale\" content=\"tr_TR\" \/>\n<meta property=\"og:type\" content=\"article\" \/>\n<meta property=\"og:title\" content=\"B\u0130R GENELEV KADINI VE...\" \/>\n<meta property=\"og:description\" content=\"\u00a0 Girdi S\u0131rt\u0131nda eski bir ceket vard\u0131 Bir yerlerden s\u0131zm\u0131\u015ft\u0131 sanki, g\u00fcn \u0131\u015f\u0131\u011f\u0131 gibiydi Sar\u0131\u015f\u0131nd\u0131 \u00d6nce bir s\u00fcre kap\u0131n\u0131n \u00f6n\u00fcnde durdu durdu G\u00f6lgelendi, inceldi, beni g\u00f6rd\u00fc Pek \u00f6nemsemedim Bakt\u0131, hi\u00e7 konu\u015fmad\u0131 Oysa bir \u0130sa tasviri gibi u\u00e7umluydu, g\u00fczeldi Yer g\u00f6sterdim, oturmad\u0131 Bir sigara yakt\u0131m, ona da verdim Ald\u0131 Sigaras\u0131n\u0131 ben yakt\u0131m K\u0131sa bir g\u00fcl\u00fcmseme y\u00fcr\u00fcd\u00fc [&hellip;]\" \/>\n<meta property=\"og:url\" content=\"https:\/\/narteks.net\/index.php\/2009\/12\/07\/bir-genelev-kadini-ve\/\" \/>\n<meta property=\"og:site_name\" content=\"narteks.net\" \/>\n<meta property=\"article:published_time\" content=\"2009-12-07T08:31:13+00:00\" \/>\n<meta property=\"og:image\" content=\"https:\/\/narteks.net\/wp-content\/uploads\/narteks.png\" \/>\n\t<meta property=\"og:image:width\" content=\"300\" \/>\n\t<meta property=\"og:image:height\" content=\"90\" \/>\n\t<meta property=\"og:image:type\" content=\"image\/png\" \/>\n<meta name=\"author\" content=\"Tar\u0131k\" \/>\n<meta name=\"twitter:card\" content=\"summary_large_image\" \/>\n<meta name=\"twitter:creator\" content=\"@narteks\" \/>\n<meta name=\"twitter:site\" content=\"@narteks\" \/>\n<meta name=\"twitter:label1\" content=\"Yazan:\" \/>\n\t<meta name=\"twitter:data1\" content=\"Tar\u0131k\" \/>\n\t<meta name=\"twitter:label2\" content=\"Tahmini okuma s\u00fcresi\" \/>\n\t<meta name=\"twitter:data2\" content=\"1 dakika\" \/>\n<script type=\"application\/ld+json\" class=\"yoast-schema-graph\">{\"@context\":\"https:\/\/schema.org\",\"@graph\":[{\"@type\":\"Article\",\"@id\":\"https:\/\/narteks.net\/index.php\/2009\/12\/07\/bir-genelev-kadini-ve\/#article\",\"isPartOf\":{\"@id\":\"https:\/\/narteks.net\/index.php\/2009\/12\/07\/bir-genelev-kadini-ve\/\"},\"author\":{\"name\":\"Tar\u0131k\",\"@id\":\"https:\/\/narteks.net\/#\/schema\/person\/61f37d9834294b72d31d274e7ed79bca\"},\"headline\":\"B\u0130R GENELEV KADINI VE&#8230;\",\"datePublished\":\"2009-12-07T08:31:13+00:00\",\"mainEntityOfPage\":{\"@id\":\"https:\/\/narteks.net\/index.php\/2009\/12\/07\/bir-genelev-kadini-ve\/\"},\"wordCount\":251,\"commentCount\":0,\"publisher\":{\"@id\":\"https:\/\/narteks.net\/#organization\"},\"articleSection\":[\"Edip CANSEVER\"],\"inLanguage\":\"tr\",\"potentialAction\":[{\"@type\":\"CommentAction\",\"name\":\"Comment\",\"target\":[\"https:\/\/narteks.net\/index.php\/2009\/12\/07\/bir-genelev-kadini-ve\/#respond\"]}]},{\"@type\":\"WebPage\",\"@id\":\"https:\/\/narteks.net\/index.php\/2009\/12\/07\/bir-genelev-kadini-ve\/\",\"url\":\"https:\/\/narteks.net\/index.php\/2009\/12\/07\/bir-genelev-kadini-ve\/\",\"name\":\"B\u0130R GENELEV KADINI VE... - narteks.net\",\"isPartOf\":{\"@id\":\"https:\/\/narteks.net\/#website\"},\"datePublished\":\"2009-12-07T08:31:13+00:00\",\"breadcrumb\":{\"@id\":\"https:\/\/narteks.net\/index.php\/2009\/12\/07\/bir-genelev-kadini-ve\/#breadcrumb\"},\"inLanguage\":\"tr\",\"potentialAction\":[{\"@type\":\"ReadAction\",\"target\":[\"https:\/\/narteks.net\/index.php\/2009\/12\/07\/bir-genelev-kadini-ve\/\"]}]},{\"@type\":\"BreadcrumbList\",\"@id\":\"https:\/\/narteks.net\/index.php\/2009\/12\/07\/bir-genelev-kadini-ve\/#breadcrumb\",\"itemListElement\":[{\"@type\":\"ListItem\",\"position\":1,\"name\":\"Anasayfa\",\"item\":\"https:\/\/narteks.net\/\"},{\"@type\":\"ListItem\",\"position\":2,\"name\":\"B\u0130R GENELEV KADINI VE&#8230;\"}]},{\"@type\":\"WebSite\",\"@id\":\"https:\/\/narteks.net\/#website\",\"url\":\"https:\/\/narteks.net\/\",\"name\":\"narteks.net\",\"description\":\"K\u00fclt\u00fcr Sanat Edebiyat Felsefe\",\"publisher\":{\"@id\":\"https:\/\/narteks.net\/#organization\"},\"alternateName\":\"K\u00fclt\u00fcr Sanat Edebiyat Felsefe\",\"potentialAction\":[{\"@type\":\"SearchAction\",\"target\":{\"@type\":\"EntryPoint\",\"urlTemplate\":\"https:\/\/narteks.net\/?s={search_term_string}\"},\"query-input\":{\"@type\":\"PropertyValueSpecification\",\"valueRequired\":true,\"valueName\":\"search_term_string\"}}],\"inLanguage\":\"tr\"},{\"@type\":\"Organization\",\"@id\":\"https:\/\/narteks.net\/#organization\",\"name\":\"narteks.net\",\"url\":\"https:\/\/narteks.net\/\",\"logo\":{\"@type\":\"ImageObject\",\"inLanguage\":\"tr\",\"@id\":\"https:\/\/narteks.net\/#\/schema\/logo\/image\/\",\"url\":\"https:\/\/narteks.net\/wp-content\/uploads\/narteks.png\",\"contentUrl\":\"https:\/\/narteks.net\/wp-content\/uploads\/narteks.png\",\"width\":300,\"height\":90,\"caption\":\"narteks.net\"},\"image\":{\"@id\":\"https:\/\/narteks.net\/#\/schema\/logo\/image\/\"},\"sameAs\":[\"https:\/\/x.com\/narteks\",\"https:\/\/instagram.com\/narteksnet\"]},{\"@type\":\"Person\",\"@id\":\"https:\/\/narteks.net\/#\/schema\/person\/61f37d9834294b72d31d274e7ed79bca\",\"name\":\"Tar\u0131k\",\"image\":{\"@type\":\"ImageObject\",\"inLanguage\":\"tr\",\"@id\":\"https:\/\/narteks.net\/#\/schema\/person\/image\/\",\"url\":\"https:\/\/secure.gravatar.com\/avatar\/50865afb55632c4ae467e0af0930f6510aa2297d8014be502a55b14f3b7550cf?s=96&d=mm&r=g\",\"contentUrl\":\"https:\/\/secure.gravatar.com\/avatar\/50865afb55632c4ae467e0af0930f6510aa2297d8014be502a55b14f3b7550cf?s=96&d=mm&r=g\",\"caption\":\"Tar\u0131k\"},\"sameAs\":[\"http:\/\/narteks.net\"],\"url\":\"https:\/\/narteks.net\/index.php\/author\/narbak\/\"}]}<\/script>\n<!-- \/ Yoast SEO Premium plugin. -->","yoast_head_json":{"title":"B\u0130R GENELEV KADINI VE... - narteks.net","robots":{"index":"index","follow":"follow","max-snippet":"max-snippet:-1","max-image-preview":"max-image-preview:large","max-video-preview":"max-video-preview:-1"},"canonical":"https:\/\/narteks.net\/index.php\/2009\/12\/07\/bir-genelev-kadini-ve\/","og_locale":"tr_TR","og_type":"article","og_title":"B\u0130R GENELEV KADINI VE...","og_description":"\u00a0 Girdi S\u0131rt\u0131nda eski bir ceket vard\u0131 Bir yerlerden s\u0131zm\u0131\u015ft\u0131 sanki, g\u00fcn \u0131\u015f\u0131\u011f\u0131 gibiydi Sar\u0131\u015f\u0131nd\u0131 \u00d6nce bir s\u00fcre kap\u0131n\u0131n \u00f6n\u00fcnde durdu durdu G\u00f6lgelendi, inceldi, beni g\u00f6rd\u00fc Pek \u00f6nemsemedim Bakt\u0131, hi\u00e7 konu\u015fmad\u0131 Oysa bir \u0130sa tasviri gibi u\u00e7umluydu, g\u00fczeldi Yer g\u00f6sterdim, oturmad\u0131 Bir sigara yakt\u0131m, ona da verdim Ald\u0131 Sigaras\u0131n\u0131 ben yakt\u0131m K\u0131sa bir g\u00fcl\u00fcmseme y\u00fcr\u00fcd\u00fc [&hellip;]","og_url":"https:\/\/narteks.net\/index.php\/2009\/12\/07\/bir-genelev-kadini-ve\/","og_site_name":"narteks.net","article_published_time":"2009-12-07T08:31:13+00:00","og_image":[{"width":300,"height":90,"url":"https:\/\/narteks.net\/wp-content\/uploads\/narteks.png","type":"image\/png"}],"author":"Tar\u0131k","twitter_card":"summary_large_image","twitter_creator":"@narteks","twitter_site":"@narteks","twitter_misc":{"Yazan:":"Tar\u0131k","Tahmini okuma s\u00fcresi":"1 dakika"},"schema":{"@context":"https:\/\/schema.org","@graph":[{"@type":"Article","@id":"https:\/\/narteks.net\/index.php\/2009\/12\/07\/bir-genelev-kadini-ve\/#article","isPartOf":{"@id":"https:\/\/narteks.net\/index.php\/2009\/12\/07\/bir-genelev-kadini-ve\/"},"author":{"name":"Tar\u0131k","@id":"https:\/\/narteks.net\/#\/schema\/person\/61f37d9834294b72d31d274e7ed79bca"},"headline":"B\u0130R GENELEV KADINI VE&#8230;","datePublished":"2009-12-07T08:31:13+00:00","mainEntityOfPage":{"@id":"https:\/\/narteks.net\/index.php\/2009\/12\/07\/bir-genelev-kadini-ve\/"},"wordCount":251,"commentCount":0,"publisher":{"@id":"https:\/\/narteks.net\/#organization"},"articleSection":["Edip CANSEVER"],"inLanguage":"tr","potentialAction":[{"@type":"CommentAction","name":"Comment","target":["https:\/\/narteks.net\/index.php\/2009\/12\/07\/bir-genelev-kadini-ve\/#respond"]}]},{"@type":"WebPage","@id":"https:\/\/narteks.net\/index.php\/2009\/12\/07\/bir-genelev-kadini-ve\/","url":"https:\/\/narteks.net\/index.php\/2009\/12\/07\/bir-genelev-kadini-ve\/","name":"B\u0130R GENELEV KADINI VE... - narteks.net","isPartOf":{"@id":"https:\/\/narteks.net\/#website"},"datePublished":"2009-12-07T08:31:13+00:00","breadcrumb":{"@id":"https:\/\/narteks.net\/index.php\/2009\/12\/07\/bir-genelev-kadini-ve\/#breadcrumb"},"inLanguage":"tr","potentialAction":[{"@type":"ReadAction","target":["https:\/\/narteks.net\/index.php\/2009\/12\/07\/bir-genelev-kadini-ve\/"]}]},{"@type":"BreadcrumbList","@id":"https:\/\/narteks.net\/index.php\/2009\/12\/07\/bir-genelev-kadini-ve\/#breadcrumb","itemListElement":[{"@type":"ListItem","position":1,"name":"Anasayfa","item":"https:\/\/narteks.net\/"},{"@type":"ListItem","position":2,"name":"B\u0130R GENELEV KADINI VE&#8230;"}]},{"@type":"WebSite","@id":"https:\/\/narteks.net\/#website","url":"https:\/\/narteks.net\/","name":"narteks.net","description":"K\u00fclt\u00fcr Sanat Edebiyat Felsefe","publisher":{"@id":"https:\/\/narteks.net\/#organization"},"alternateName":"K\u00fclt\u00fcr Sanat Edebiyat Felsefe","potentialAction":[{"@type":"SearchAction","target":{"@type":"EntryPoint","urlTemplate":"https:\/\/narteks.net\/?s={search_term_string}"},"query-input":{"@type":"PropertyValueSpecification","valueRequired":true,"valueName":"search_term_string"}}],"inLanguage":"tr"},{"@type":"Organization","@id":"https:\/\/narteks.net\/#organization","name":"narteks.net","url":"https:\/\/narteks.net\/","logo":{"@type":"ImageObject","inLanguage":"tr","@id":"https:\/\/narteks.net\/#\/schema\/logo\/image\/","url":"https:\/\/narteks.net\/wp-content\/uploads\/narteks.png","contentUrl":"https:\/\/narteks.net\/wp-content\/uploads\/narteks.png","width":300,"height":90,"caption":"narteks.net"},"image":{"@id":"https:\/\/narteks.net\/#\/schema\/logo\/image\/"},"sameAs":["https:\/\/x.com\/narteks","https:\/\/instagram.com\/narteksnet"]},{"@type":"Person","@id":"https:\/\/narteks.net\/#\/schema\/person\/61f37d9834294b72d31d274e7ed79bca","name":"Tar\u0131k","image":{"@type":"ImageObject","inLanguage":"tr","@id":"https:\/\/narteks.net\/#\/schema\/person\/image\/","url":"https:\/\/secure.gravatar.com\/avatar\/50865afb55632c4ae467e0af0930f6510aa2297d8014be502a55b14f3b7550cf?s=96&d=mm&r=g","contentUrl":"https:\/\/secure.gravatar.com\/avatar\/50865afb55632c4ae467e0af0930f6510aa2297d8014be502a55b14f3b7550cf?s=96&d=mm&r=g","caption":"Tar\u0131k"},"sameAs":["http:\/\/narteks.net"],"url":"https:\/\/narteks.net\/index.php\/author\/narbak\/"}]}},"_links":{"self":[{"href":"https:\/\/narteks.net\/index.php\/wp-json\/wp\/v2\/posts\/2620","targetHints":{"allow":["GET"]}}],"collection":[{"href":"https:\/\/narteks.net\/index.php\/wp-json\/wp\/v2\/posts"}],"about":[{"href":"https:\/\/narteks.net\/index.php\/wp-json\/wp\/v2\/types\/post"}],"author":[{"embeddable":true,"href":"https:\/\/narteks.net\/index.php\/wp-json\/wp\/v2\/users\/1"}],"replies":[{"embeddable":true,"href":"https:\/\/narteks.net\/index.php\/wp-json\/wp\/v2\/comments?post=2620"}],"version-history":[{"count":0,"href":"https:\/\/narteks.net\/index.php\/wp-json\/wp\/v2\/posts\/2620\/revisions"}],"wp:attachment":[{"href":"https:\/\/narteks.net\/index.php\/wp-json\/wp\/v2\/media?parent=2620"}],"wp:term":[{"taxonomy":"category","embeddable":true,"href":"https:\/\/narteks.net\/index.php\/wp-json\/wp\/v2\/categories?post=2620"},{"taxonomy":"post_tag","embeddable":true,"href":"https:\/\/narteks.net\/index.php\/wp-json\/wp\/v2\/tags?post=2620"}],"curies":[{"name":"wp","href":"https:\/\/api.w.org\/{rel}","templated":true}]}}