{"id":2624,"date":"2009-12-07T11:33:29","date_gmt":"2009-12-07T08:33:29","guid":{"rendered":"http:\/\/localhost\/wordpress\/2009\/12\/07\/bir-olay-ruhi-bey-ve\/"},"modified":"2009-12-07T11:33:29","modified_gmt":"2009-12-07T08:33:29","slug":"bir-olay-ruhi-bey-ve","status":"publish","type":"post","link":"https:\/\/narteks.net\/index.php\/2009\/12\/07\/bir-olay-ruhi-bey-ve\/","title":{"rendered":"B\u0130R OLAY: RUH\u0130 BEY VE&#8230;"},"content":{"rendered":"<p>\u00a0<\/p>\n<p>Bir kara par\u00e7as\u0131 san\u0131r insan <br \/> D\u00fc\u015ft\u00fc m\u00fc ba\u015f\u0131 derde <br \/> Kendini a\u00e7\u0131k denizlerde. <\/p>\n<p> \u015eimdi bir k\u0131y\u0131 bile de\u011fil <br \/> Bir ufuk \u00e7izgisi bile de\u011fil <br \/> Yaln\u0131zca \u00f6l\u00fc <br \/> Sabaha do\u011fru ya\u011fan kar\u0131n alt\u0131nda <br \/> K\u0131vr\u0131lm\u0131\u015f kalm\u0131\u015f <br \/> Besbelli tutunmak istemi\u015f bo\u015flu\u011fa <br \/> Kollar\u0131 havada <br \/> S\u0131km\u0131\u015f avu\u00e7lar\u0131yla bir demet g\u00fcl\u00fc <br \/> Yay\u0131lm\u0131\u015f g\u00f6vdesine bir g\u00fcl\u00fcmseme <br \/> Ve \u00e7evresine <br \/> Ta\u015f binalara, karanl\u0131k pencerelere <br \/> Kefeni kardan ve g\u00fclden. <\/p>\n<p> Polis arabas\u0131 kap\u0131ya geldi\u011fi zaman <br \/> Giyimevlerini, mezecileri, postaneyi ge\u00e7erek geldi\u011fi zaman <br \/> Arka sokaklardaki birka\u00e7 kiliseyi <br \/> Cenaze levaz\u0131mat\u00e7\u0131lar\u0131n\u0131 ve <br \/> Bin dokuz y\u00fcz yirmi sekiz modas\u0131na g\u00f6re giyinmi\u015f bir kad\u0131n\u0131n bir anl\u0131k \u00f6l\u00fcs\u00fcn\u00fc <br \/> Ge\u00e7erek geldi\u011fi zaman <br \/> Bir kamyon et bo\u015falt\u0131yorken bir kasap d\u00fckkan\u0131n\u0131n \u00f6n\u00fcnde, tam o zaman <br \/> Y\u00fcz\u00fc sabunlu bir otel m\u00fc\u015fterisinin elinde tra\u015f makinesiyle <br \/> Pencereden sarkt\u0131\u011f\u0131 zaman. <\/p>\n<p> Polis arabas\u0131n\u0131 g\u00f6rmeden \u00f6nce <br \/> Her yan\u0131 aynalarla \u00e7evrili bir meyhanedeydim <br \/> S\u0131r\u00e7alar\u0131 d\u00f6k\u00fclm\u00fc\u015f aynalarla <br \/> Par\u00e7a par\u00e7a g\u00f6r\u00fcyordum kendimi <br \/> D\u0131\u015farda kar vard\u0131, kirli kar <br \/> Is\u0131nmak i\u00e7in konyak i\u00e7iyordum <br \/> &#8211; Is\u0131nmak i\u00e7in mi dedim, tuhaf &#8211; <br \/> D\u0131\u015farda kar vard\u0131 <br \/> Saat dokuzu on ge\u00e7iyordu, Bal\u0131kpazar\u0131&#8217;n\u0131n her g\u00fcnk\u00fc sabah\u0131 <br \/> Y\u0131llard\u0131r hep ayn\u0131 sabah <br \/> \u0130ri bir kayabal\u0131\u011f\u0131n\u0131n i\u00e7b\u00fckey karn\u0131 <br \/> Ve binlerce, on binlerce kedinin hep birden <br \/> Kente hi\u00e7 uymayan bir yarat\u0131k gibi k\u0131m\u0131ldand\u0131\u011f\u0131 <br \/> O sabah. <\/p>\n<p> Polis arabas\u0131 kap\u0131ya geldi\u011fi zaman <br \/> Aynal\u0131pasaj&#8217;\u0131n d\u00fc\u011fmecileri, g\u00f6mlek\u00e7ileri <br \/> Y\u00fcz\u00fck\u00e7\u00fcleri, bilezik\u00e7ileri, tuhafiyecileri <br \/> D\u00fckkanlar\u0131n\u0131 a\u00e7\u0131k unuttuklar\u0131 zaman <br \/> Ve d\u00fckkanlar\u0131n \u00fcst\u00fcndeki heykelciklerin <br \/> Bir yas t\u00f6renine haz\u0131rlan\u0131r gibi <br \/> Anlat\u0131mlar\u0131n\u0131 de\u011fi\u015ftirdikleri zaman <br \/> Bal\u0131k\u00e7\u0131lar\u0131n bal\u0131klar\u0131n kar\u015f\u0131s\u0131nda en iyi durduklar\u0131 zaman <br \/> Ayakta \u00e7ay i\u00e7tikleri zaman <br \/> Mermer masalar\u0131n alt\u0131ndan yorgun g\u00f6vdeleriyle <br \/> \u00c7\u0131kt\u0131klar\u0131 zaman serserilerin <br \/> Ve Pasaj temizlenmeye ve karlar k\u00fcrenmeye ba\u015flad\u0131\u011f\u0131 zaman <br \/> Masmavi iki yenge\u00e7 gibi bakmaya ba\u015flad\u0131\u011f\u0131 zaman g\u00f6zleri garson Vasil&#8217;in <br \/> Tam o zaman. <\/p>\n<p> Polis arabas\u0131 kap\u0131ya geldi\u011fi zaman <br \/> \u00dc\u00e7 ki\u015fi siyah bir otomobilden indiler <br \/> \u00dc\u00e7\u00fc de sivildi, ellerinde \u00e7antalar\u0131 vard\u0131 <br \/> Ben meyhanenin penceresindeyim <br \/> \u0130\u00e7erde ve kar i\u00e7indeydim <br \/> Bir demet g\u00fcl i\u00e7indeydim <br \/> G\u00fcle g\u00f6m\u00fcl\u00fcyd\u00fcm <br \/> Kana. <\/p>\n<p> Polis arabas\u0131 gitti\u011fi zaman <br \/> Demir kap\u0131n\u0131n yan\u0131nda \u00f6l\u00fc <br \/> G\u00f6ky\u00fcz\u00fcn\u00fc d\u00f6nemecinin alt\u0131nda <br \/> Ve yerde b\u0131rakmamak ister gibi s\u00f6z\u00fcn\u00fc <br \/> Elinde bir demet g\u00fclle <br \/> &#8216;G\u00fcl, g\u00fcl&#8217; diye ac\u0131 bir ba\u011f\u0131rt\u0131y\u0131 uzatt\u0131\u011f\u0131 g\u00fcllerle <br \/> Ip\u0131slak sa\u00e7lar\u0131yla buzdan yata\u011f\u0131na uzanm\u0131\u015f. <\/p>\n<p> (O zaman \u0131hlamur a\u011fa\u00e7lar\u0131 kardan g\u00f6r\u00fcnmezdi. G\u00f6zlerim azal\u0131rd\u0131, <br \/> gizlenirdim. Babam koyu kahverengi \u00e7izmeleriyle karlar\u0131 ezer ezer <br \/> ezerdi \u00e7ak\u0131lta\u015flar\u0131n\u0131n ayaklar\u0131n\u0131n alt\u0131nda oyna\u015ft\u0131klar\u0131n\u0131 duyuncaya <br \/> kadar. Annem \u00e7at\u0131 kat\u0131n\u0131n yan\u0131ndaki sivri kuleden g\u00f6zlerini ay\u0131rmazd\u0131, <br \/> yeter ki g\u00f6k kanas\u0131nd\u0131 beyaz beyaz ve kocaman bir alabal\u0131\u011f\u0131n karn\u0131. <br \/> U\u015faklar bir k\u00f6\u015feye sinerlerdi, hi\u00e7 konu\u015fmazlard\u0131, bir kristal s\u00fcrahi <br \/> r\u00fczgardan \u00fcrperir titrerdi. \u0130niltiye benzeyen bir ses yay\u0131l\u0131rd\u0131. <br \/> Karanl\u0131\u011fa yap\u0131\u015f\u0131rd\u0131m, bir kap\u0131 karanl\u0131\u011f\u0131na, bir duvar karanl\u0131\u011f\u0131na, bir <br \/> yokolu\u015f karanl\u0131\u011f\u0131na. \u00d6l\u00fcm \u00e7ok uzaklardayd\u0131, o zaman \u00e7ok uzaklardayd\u0131 <br \/> \u00f6l\u00fcm.) <\/p>\n<p> Sordu <br \/> Karla kapl\u0131 kirli bir c\u00fcmle <br \/> Ba\u015f\u0131nda kimler vard\u0131? <br \/> Bir, emekli postac\u0131 H\u00fcseyin <br \/> &#8211; \u00c7ok adres bildi\u011fi i\u00e7in ad\u0131 pezevenge \u00e7\u0131kan &#8211; <br \/> \u0130ki, cenaze kald\u0131r\u0131c\u0131s\u0131 Adem <br \/> &#8211; \u00c7\u0131plak kafal\u0131, \u00f6n di\u015fleri \u00e7\u00fcr\u00fcm\u00fc\u015f &#8211; <br \/> \u00dc\u00e7, akordeoncu kad\u0131n <br \/> &#8211; Hemen hemen hi\u00e7 konu\u015fmayan, sa\u00e7lar\u0131 oksijele sarart\u0131lm\u0131\u015f, Bizansl\u0131 bir <br \/> kehribar taciri gibi \u015fi\u015fman, ya\u015fl\u0131 ve k\u0131zo\u011flank\u0131z &#8211; <br \/> Ve sonra \u00f6tekiler <br \/> \u00dc\u00e7 Horan Kilisesinin kap\u0131c\u0131s\u0131 <br \/> \u00c7ingene \u00e7alg\u0131c\u0131lar, bademciler <br \/> Lotaryac\u0131lar <br \/> Bir iki garson <br \/> En geride <br \/> \u00c7engelli i\u011fne satan bir k\u0131z \u00e7ocu\u011fu. <\/p>\n<p> Ve onu kald\u0131rd\u0131lar, ben g\u00f6rd\u00fcm <br \/> \u0130kinci konya\u011f\u0131m\u0131 i\u00e7tim bitirdim <br \/> Demir Kap\u0131dan \u00e7\u0131kard\u0131lar ve g\u00f6rd\u00fcm <br \/> Morg arabas\u0131na koydular <br \/> Kap\u0131s\u0131n\u0131 ittiler, kap\u0131 kapand\u0131 <br \/> Taraklar, istiridyeler a\u00e7\u0131ld\u0131 kapand\u0131 <br \/> \u00c7i\u00e7ekler titre\u015ftiler <br \/> Bir bal\u0131k\u00e7\u0131 bal\u0131k do\u011frad\u0131 ve tartt\u0131 <br \/> Pencereden \u00e7ekildim. <br \/> G\u00fcnlerdir ilk olarak g\u00fcld\u00fcm, g\u00fcl\u00fcmsedim <br \/> Y\u0131llard\u0131r ilk olarak <br \/> Sanki ilk g\u00f6zya\u015f\u0131n\u0131n tarihini buldum, \u00fcst\u00fcn\u00fc \u00e7izdim. <\/p>\n<p> Ve sordu gene <br \/> \u00d6l\u00fcmle kapl\u0131 o kirli c\u00fcmle: <br \/> Siz Ruhi Bey nas\u0131ls\u0131n\u0131z <br \/> Ben Ruhi Bey nas\u0131l\u0131m <br \/> Anlad\u0131m anlad\u0131m <br \/> Ve \u015fimdi iyi biliyorum art\u0131k nereye.<\/p>\n<p>Edip CANSEVER<\/p>\n","protected":false},"excerpt":{"rendered":"<p>\u00a0 Bir kara par\u00e7as\u0131 san\u0131r insan D\u00fc\u015ft\u00fc m\u00fc ba\u015f\u0131 derde Kendini a\u00e7\u0131k denizlerde. \u015eimdi bir k\u0131y\u0131 bile de\u011fil Bir ufuk \u00e7izgisi bile de\u011fil Yaln\u0131zca \u00f6l\u00fc Sabaha do\u011fru ya\u011fan kar\u0131n alt\u0131nda K\u0131vr\u0131lm\u0131\u015f kalm\u0131\u015f Besbelli tutunmak istemi\u015f bo\u015flu\u011fa Kollar\u0131 havada S\u0131km\u0131\u015f avu\u00e7lar\u0131yla bir demet g\u00fcl\u00fc Yay\u0131lm\u0131\u015f g\u00f6vdesine bir g\u00fcl\u00fcmseme Ve \u00e7evresine Ta\u015f binalara, karanl\u0131k pencerelere Kefeni kardan [&hellip;]<\/p>\n","protected":false},"author":1,"featured_media":0,"comment_status":"open","ping_status":"open","sticky":false,"template":"","format":"standard","meta":{"footnotes":""},"categories":[19],"tags":[],"class_list":{"0":"post-2624","1":"post","2":"type-post","3":"status-publish","4":"format-standard","6":"category-edip-cansever"},"yoast_head":"<!-- This site is optimized with the Yoast SEO Premium plugin v24.9 (Yoast SEO v24.9) - https:\/\/yoast.com\/wordpress\/plugins\/seo\/ -->\n<title>B\u0130R OLAY: RUH\u0130 BEY VE... - narteks.net<\/title>\n<meta name=\"robots\" content=\"index, follow, max-snippet:-1, max-image-preview:large, max-video-preview:-1\" \/>\n<link rel=\"canonical\" href=\"https:\/\/narteks.net\/index.php\/2009\/12\/07\/bir-olay-ruhi-bey-ve\/\" \/>\n<meta property=\"og:locale\" content=\"tr_TR\" \/>\n<meta property=\"og:type\" content=\"article\" \/>\n<meta property=\"og:title\" content=\"B\u0130R OLAY: RUH\u0130 BEY VE...\" \/>\n<meta property=\"og:description\" content=\"\u00a0 Bir kara par\u00e7as\u0131 san\u0131r insan D\u00fc\u015ft\u00fc m\u00fc ba\u015f\u0131 derde Kendini a\u00e7\u0131k denizlerde. \u015eimdi bir k\u0131y\u0131 bile de\u011fil Bir ufuk \u00e7izgisi bile de\u011fil Yaln\u0131zca \u00f6l\u00fc Sabaha do\u011fru ya\u011fan kar\u0131n alt\u0131nda K\u0131vr\u0131lm\u0131\u015f kalm\u0131\u015f Besbelli tutunmak istemi\u015f bo\u015flu\u011fa Kollar\u0131 havada S\u0131km\u0131\u015f avu\u00e7lar\u0131yla bir demet g\u00fcl\u00fc Yay\u0131lm\u0131\u015f g\u00f6vdesine bir g\u00fcl\u00fcmseme Ve \u00e7evresine Ta\u015f binalara, karanl\u0131k pencerelere Kefeni kardan [&hellip;]\" \/>\n<meta property=\"og:url\" content=\"https:\/\/narteks.net\/index.php\/2009\/12\/07\/bir-olay-ruhi-bey-ve\/\" \/>\n<meta property=\"og:site_name\" content=\"narteks.net\" \/>\n<meta property=\"article:published_time\" content=\"2009-12-07T08:33:29+00:00\" \/>\n<meta property=\"og:image\" content=\"https:\/\/narteks.net\/wp-content\/uploads\/narteks.png\" \/>\n\t<meta property=\"og:image:width\" content=\"300\" \/>\n\t<meta property=\"og:image:height\" content=\"90\" \/>\n\t<meta property=\"og:image:type\" content=\"image\/png\" \/>\n<meta name=\"author\" content=\"Tar\u0131k\" \/>\n<meta name=\"twitter:card\" content=\"summary_large_image\" \/>\n<meta name=\"twitter:creator\" content=\"@narteks\" \/>\n<meta name=\"twitter:site\" content=\"@narteks\" \/>\n<meta name=\"twitter:label1\" content=\"Yazan:\" \/>\n\t<meta name=\"twitter:data1\" content=\"Tar\u0131k\" \/>\n\t<meta name=\"twitter:label2\" content=\"Tahmini okuma s\u00fcresi\" \/>\n\t<meta name=\"twitter:data2\" content=\"4 dakika\" \/>\n<script type=\"application\/ld+json\" class=\"yoast-schema-graph\">{\"@context\":\"https:\/\/schema.org\",\"@graph\":[{\"@type\":\"Article\",\"@id\":\"https:\/\/narteks.net\/index.php\/2009\/12\/07\/bir-olay-ruhi-bey-ve\/#article\",\"isPartOf\":{\"@id\":\"https:\/\/narteks.net\/index.php\/2009\/12\/07\/bir-olay-ruhi-bey-ve\/\"},\"author\":{\"name\":\"Tar\u0131k\",\"@id\":\"https:\/\/narteks.net\/#\/schema\/person\/61f37d9834294b72d31d274e7ed79bca\"},\"headline\":\"B\u0130R OLAY: RUH\u0130 BEY VE&#8230;\",\"datePublished\":\"2009-12-07T08:33:29+00:00\",\"mainEntityOfPage\":{\"@id\":\"https:\/\/narteks.net\/index.php\/2009\/12\/07\/bir-olay-ruhi-bey-ve\/\"},\"wordCount\":806,\"commentCount\":0,\"publisher\":{\"@id\":\"https:\/\/narteks.net\/#organization\"},\"articleSection\":[\"Edip CANSEVER\"],\"inLanguage\":\"tr\",\"potentialAction\":[{\"@type\":\"CommentAction\",\"name\":\"Comment\",\"target\":[\"https:\/\/narteks.net\/index.php\/2009\/12\/07\/bir-olay-ruhi-bey-ve\/#respond\"]}]},{\"@type\":\"WebPage\",\"@id\":\"https:\/\/narteks.net\/index.php\/2009\/12\/07\/bir-olay-ruhi-bey-ve\/\",\"url\":\"https:\/\/narteks.net\/index.php\/2009\/12\/07\/bir-olay-ruhi-bey-ve\/\",\"name\":\"B\u0130R OLAY: RUH\u0130 BEY VE... - narteks.net\",\"isPartOf\":{\"@id\":\"https:\/\/narteks.net\/#website\"},\"datePublished\":\"2009-12-07T08:33:29+00:00\",\"breadcrumb\":{\"@id\":\"https:\/\/narteks.net\/index.php\/2009\/12\/07\/bir-olay-ruhi-bey-ve\/#breadcrumb\"},\"inLanguage\":\"tr\",\"potentialAction\":[{\"@type\":\"ReadAction\",\"target\":[\"https:\/\/narteks.net\/index.php\/2009\/12\/07\/bir-olay-ruhi-bey-ve\/\"]}]},{\"@type\":\"BreadcrumbList\",\"@id\":\"https:\/\/narteks.net\/index.php\/2009\/12\/07\/bir-olay-ruhi-bey-ve\/#breadcrumb\",\"itemListElement\":[{\"@type\":\"ListItem\",\"position\":1,\"name\":\"Anasayfa\",\"item\":\"https:\/\/narteks.net\/\"},{\"@type\":\"ListItem\",\"position\":2,\"name\":\"B\u0130R OLAY: RUH\u0130 BEY VE&#8230;\"}]},{\"@type\":\"WebSite\",\"@id\":\"https:\/\/narteks.net\/#website\",\"url\":\"https:\/\/narteks.net\/\",\"name\":\"narteks.net\",\"description\":\"K\u00fclt\u00fcr Sanat Edebiyat Felsefe\",\"publisher\":{\"@id\":\"https:\/\/narteks.net\/#organization\"},\"alternateName\":\"K\u00fclt\u00fcr Sanat Edebiyat Felsefe\",\"potentialAction\":[{\"@type\":\"SearchAction\",\"target\":{\"@type\":\"EntryPoint\",\"urlTemplate\":\"https:\/\/narteks.net\/?s={search_term_string}\"},\"query-input\":{\"@type\":\"PropertyValueSpecification\",\"valueRequired\":true,\"valueName\":\"search_term_string\"}}],\"inLanguage\":\"tr\"},{\"@type\":\"Organization\",\"@id\":\"https:\/\/narteks.net\/#organization\",\"name\":\"narteks.net\",\"url\":\"https:\/\/narteks.net\/\",\"logo\":{\"@type\":\"ImageObject\",\"inLanguage\":\"tr\",\"@id\":\"https:\/\/narteks.net\/#\/schema\/logo\/image\/\",\"url\":\"https:\/\/narteks.net\/wp-content\/uploads\/narteks.png\",\"contentUrl\":\"https:\/\/narteks.net\/wp-content\/uploads\/narteks.png\",\"width\":300,\"height\":90,\"caption\":\"narteks.net\"},\"image\":{\"@id\":\"https:\/\/narteks.net\/#\/schema\/logo\/image\/\"},\"sameAs\":[\"https:\/\/x.com\/narteks\",\"https:\/\/instagram.com\/narteksnet\"]},{\"@type\":\"Person\",\"@id\":\"https:\/\/narteks.net\/#\/schema\/person\/61f37d9834294b72d31d274e7ed79bca\",\"name\":\"Tar\u0131k\",\"image\":{\"@type\":\"ImageObject\",\"inLanguage\":\"tr\",\"@id\":\"https:\/\/narteks.net\/#\/schema\/person\/image\/\",\"url\":\"https:\/\/secure.gravatar.com\/avatar\/50865afb55632c4ae467e0af0930f6510aa2297d8014be502a55b14f3b7550cf?s=96&d=mm&r=g\",\"contentUrl\":\"https:\/\/secure.gravatar.com\/avatar\/50865afb55632c4ae467e0af0930f6510aa2297d8014be502a55b14f3b7550cf?s=96&d=mm&r=g\",\"caption\":\"Tar\u0131k\"},\"sameAs\":[\"http:\/\/narteks.net\"],\"url\":\"https:\/\/narteks.net\/index.php\/author\/narbak\/\"}]}<\/script>\n<!-- \/ Yoast SEO Premium plugin. -->","yoast_head_json":{"title":"B\u0130R OLAY: RUH\u0130 BEY VE... - narteks.net","robots":{"index":"index","follow":"follow","max-snippet":"max-snippet:-1","max-image-preview":"max-image-preview:large","max-video-preview":"max-video-preview:-1"},"canonical":"https:\/\/narteks.net\/index.php\/2009\/12\/07\/bir-olay-ruhi-bey-ve\/","og_locale":"tr_TR","og_type":"article","og_title":"B\u0130R OLAY: RUH\u0130 BEY VE...","og_description":"\u00a0 Bir kara par\u00e7as\u0131 san\u0131r insan D\u00fc\u015ft\u00fc m\u00fc ba\u015f\u0131 derde Kendini a\u00e7\u0131k denizlerde. \u015eimdi bir k\u0131y\u0131 bile de\u011fil Bir ufuk \u00e7izgisi bile de\u011fil Yaln\u0131zca \u00f6l\u00fc Sabaha do\u011fru ya\u011fan kar\u0131n alt\u0131nda K\u0131vr\u0131lm\u0131\u015f kalm\u0131\u015f Besbelli tutunmak istemi\u015f bo\u015flu\u011fa Kollar\u0131 havada S\u0131km\u0131\u015f avu\u00e7lar\u0131yla bir demet g\u00fcl\u00fc Yay\u0131lm\u0131\u015f g\u00f6vdesine bir g\u00fcl\u00fcmseme Ve \u00e7evresine Ta\u015f binalara, karanl\u0131k pencerelere Kefeni kardan [&hellip;]","og_url":"https:\/\/narteks.net\/index.php\/2009\/12\/07\/bir-olay-ruhi-bey-ve\/","og_site_name":"narteks.net","article_published_time":"2009-12-07T08:33:29+00:00","og_image":[{"width":300,"height":90,"url":"https:\/\/narteks.net\/wp-content\/uploads\/narteks.png","type":"image\/png"}],"author":"Tar\u0131k","twitter_card":"summary_large_image","twitter_creator":"@narteks","twitter_site":"@narteks","twitter_misc":{"Yazan:":"Tar\u0131k","Tahmini okuma s\u00fcresi":"4 dakika"},"schema":{"@context":"https:\/\/schema.org","@graph":[{"@type":"Article","@id":"https:\/\/narteks.net\/index.php\/2009\/12\/07\/bir-olay-ruhi-bey-ve\/#article","isPartOf":{"@id":"https:\/\/narteks.net\/index.php\/2009\/12\/07\/bir-olay-ruhi-bey-ve\/"},"author":{"name":"Tar\u0131k","@id":"https:\/\/narteks.net\/#\/schema\/person\/61f37d9834294b72d31d274e7ed79bca"},"headline":"B\u0130R OLAY: RUH\u0130 BEY VE&#8230;","datePublished":"2009-12-07T08:33:29+00:00","mainEntityOfPage":{"@id":"https:\/\/narteks.net\/index.php\/2009\/12\/07\/bir-olay-ruhi-bey-ve\/"},"wordCount":806,"commentCount":0,"publisher":{"@id":"https:\/\/narteks.net\/#organization"},"articleSection":["Edip CANSEVER"],"inLanguage":"tr","potentialAction":[{"@type":"CommentAction","name":"Comment","target":["https:\/\/narteks.net\/index.php\/2009\/12\/07\/bir-olay-ruhi-bey-ve\/#respond"]}]},{"@type":"WebPage","@id":"https:\/\/narteks.net\/index.php\/2009\/12\/07\/bir-olay-ruhi-bey-ve\/","url":"https:\/\/narteks.net\/index.php\/2009\/12\/07\/bir-olay-ruhi-bey-ve\/","name":"B\u0130R OLAY: RUH\u0130 BEY VE... - narteks.net","isPartOf":{"@id":"https:\/\/narteks.net\/#website"},"datePublished":"2009-12-07T08:33:29+00:00","breadcrumb":{"@id":"https:\/\/narteks.net\/index.php\/2009\/12\/07\/bir-olay-ruhi-bey-ve\/#breadcrumb"},"inLanguage":"tr","potentialAction":[{"@type":"ReadAction","target":["https:\/\/narteks.net\/index.php\/2009\/12\/07\/bir-olay-ruhi-bey-ve\/"]}]},{"@type":"BreadcrumbList","@id":"https:\/\/narteks.net\/index.php\/2009\/12\/07\/bir-olay-ruhi-bey-ve\/#breadcrumb","itemListElement":[{"@type":"ListItem","position":1,"name":"Anasayfa","item":"https:\/\/narteks.net\/"},{"@type":"ListItem","position":2,"name":"B\u0130R OLAY: RUH\u0130 BEY VE&#8230;"}]},{"@type":"WebSite","@id":"https:\/\/narteks.net\/#website","url":"https:\/\/narteks.net\/","name":"narteks.net","description":"K\u00fclt\u00fcr Sanat Edebiyat Felsefe","publisher":{"@id":"https:\/\/narteks.net\/#organization"},"alternateName":"K\u00fclt\u00fcr Sanat Edebiyat Felsefe","potentialAction":[{"@type":"SearchAction","target":{"@type":"EntryPoint","urlTemplate":"https:\/\/narteks.net\/?s={search_term_string}"},"query-input":{"@type":"PropertyValueSpecification","valueRequired":true,"valueName":"search_term_string"}}],"inLanguage":"tr"},{"@type":"Organization","@id":"https:\/\/narteks.net\/#organization","name":"narteks.net","url":"https:\/\/narteks.net\/","logo":{"@type":"ImageObject","inLanguage":"tr","@id":"https:\/\/narteks.net\/#\/schema\/logo\/image\/","url":"https:\/\/narteks.net\/wp-content\/uploads\/narteks.png","contentUrl":"https:\/\/narteks.net\/wp-content\/uploads\/narteks.png","width":300,"height":90,"caption":"narteks.net"},"image":{"@id":"https:\/\/narteks.net\/#\/schema\/logo\/image\/"},"sameAs":["https:\/\/x.com\/narteks","https:\/\/instagram.com\/narteksnet"]},{"@type":"Person","@id":"https:\/\/narteks.net\/#\/schema\/person\/61f37d9834294b72d31d274e7ed79bca","name":"Tar\u0131k","image":{"@type":"ImageObject","inLanguage":"tr","@id":"https:\/\/narteks.net\/#\/schema\/person\/image\/","url":"https:\/\/secure.gravatar.com\/avatar\/50865afb55632c4ae467e0af0930f6510aa2297d8014be502a55b14f3b7550cf?s=96&d=mm&r=g","contentUrl":"https:\/\/secure.gravatar.com\/avatar\/50865afb55632c4ae467e0af0930f6510aa2297d8014be502a55b14f3b7550cf?s=96&d=mm&r=g","caption":"Tar\u0131k"},"sameAs":["http:\/\/narteks.net"],"url":"https:\/\/narteks.net\/index.php\/author\/narbak\/"}]}},"_links":{"self":[{"href":"https:\/\/narteks.net\/index.php\/wp-json\/wp\/v2\/posts\/2624","targetHints":{"allow":["GET"]}}],"collection":[{"href":"https:\/\/narteks.net\/index.php\/wp-json\/wp\/v2\/posts"}],"about":[{"href":"https:\/\/narteks.net\/index.php\/wp-json\/wp\/v2\/types\/post"}],"author":[{"embeddable":true,"href":"https:\/\/narteks.net\/index.php\/wp-json\/wp\/v2\/users\/1"}],"replies":[{"embeddable":true,"href":"https:\/\/narteks.net\/index.php\/wp-json\/wp\/v2\/comments?post=2624"}],"version-history":[{"count":0,"href":"https:\/\/narteks.net\/index.php\/wp-json\/wp\/v2\/posts\/2624\/revisions"}],"wp:attachment":[{"href":"https:\/\/narteks.net\/index.php\/wp-json\/wp\/v2\/media?parent=2624"}],"wp:term":[{"taxonomy":"category","embeddable":true,"href":"https:\/\/narteks.net\/index.php\/wp-json\/wp\/v2\/categories?post=2624"},{"taxonomy":"post_tag","embeddable":true,"href":"https:\/\/narteks.net\/index.php\/wp-json\/wp\/v2\/tags?post=2624"}],"curies":[{"name":"wp","href":"https:\/\/api.w.org\/{rel}","templated":true}]}}