{"id":2627,"date":"2009-12-07T11:35:19","date_gmt":"2009-12-07T08:35:19","guid":{"rendered":"http:\/\/localhost\/wordpress\/2009\/12\/07\/bir-su-yili-denebilirdi\/"},"modified":"2009-12-07T11:35:19","modified_gmt":"2009-12-07T08:35:19","slug":"bir-su-yili-denebilirdi","status":"publish","type":"post","link":"https:\/\/narteks.net\/index.php\/2009\/12\/07\/bir-su-yili-denebilirdi\/","title":{"rendered":"B\u0130R SU YILI DENEB\u0130L\u0130RD\u0130"},"content":{"rendered":"<p>\u00a0<\/p>\n<p>Bir su y\u0131l\u0131 denebilirdi geldi ge\u00e7ti <br \/> \u00dcst\u00fcnde durmuyorum. <br \/> Terledim, bulan\u0131k bakt\u0131m.<br \/> Ne varsa kendili\u011findendi <br \/> Hemen hemen evden \u00e7\u0131kmad\u0131m.<\/p>\n<p> Sanki avu\u00e7lar\u0131mda s\u00fcrekli <br \/> Y\u0131kanm\u0131\u015f, taba\u011fa konmu\u015f bir meyvenin ellenmi\u015fli\u011fi, <br \/> Ola ki makyaj\u0131 bir oyuncunun, kar\u0131\u015fm\u0131\u015f g\u00f6zya\u015flar\u0131na <br \/> Yeni kire\u00e7lenmi\u015f bir duvar\u0131n kireci <br \/> Avu\u00e7lar\u0131mda s\u00fcrekli.. <br \/> Bir su y\u0131l\u0131 denebilirdi \u00fcst\u00fcnde durmuyorum <br \/> Kalm\u0131\u015fsa kalm\u0131\u015ft\u0131r bir \u00e7omak gibi <br \/> Kuru <br \/> Art\u0131k kullan\u0131lmayan bir demiryolu <br \/> Kararm\u0131\u015f, k\u0131r\u0131k d\u00f6k\u00fck <br \/> \u00dcst\u00fcnde bir y\u00fck vagonu. <\/p>\n<p> Mavi bir araba kap\u0131m\u0131n \u00f6n\u00fcnde <br \/> B\u00fct\u00fcn y\u0131l <br \/> Bir su y\u0131l\u0131<br \/> Kap\u0131s\u0131n\u0131 kimse a\u00e7mad\u0131 <br \/> A\u00e7\u0131p kapamad\u0131 hi\u00e7 kimse <br \/> Asl\u0131nda mavi de say\u0131lmazd\u0131 pek <br \/> Balk\u0131y\u0131p duruyordu k\u0131rm\u0131z\u0131 bir \u015fakay\u0131\u011f\u0131n renginde <br \/> Yani sabah g\u00fcne\u015flerini denizde <br \/> G\u00fcnbat\u0131m\u0131n\u0131 denizde <br \/> Severek ya\u015fayan bir bal\u0131k da denebilirdi ona <br \/> \u00c7\u00fcnk\u00fc d\u00fc\u015fler ger\u00e7ekle <br \/> Ger\u00e7ekler d\u00fc\u015fle <br \/> Anlay\u0131nca bir g\u00fcn bulu\u015ftu\u011funu <br \/> Ge\u00e7irir her g\u00fcnceye k\u0131sa bir yolculu\u011fu <br \/> Ama bir tak\u0131 eksik gibidir bir s\u00f6zc\u00fckte <br \/> Dama\u011f\u0131n duda\u011f\u0131n al\u0131\u015fkanl\u0131\u011f\u0131na kar\u015f\u0131 <br \/> Kalbin at\u0131\u015flar\u0131yla \u00e7ok uyumlu bir de. <\/p>\n<p> Hadi anlat deseler anlatamam <br \/> Bir yere gidiyorken cay\u0131p bir ba\u015fka yere gitmeyi <br \/> Yani bir kunduzu kar\u015f\u0131dan kar\u015f\u0131ya y\u00fczd\u00fcren sezgi <br \/> Nedir ben bilemem ki <br \/> Belki bir raslant\u0131d\u0131r da ondan m\u0131 sevdan\u0131n yeri <br \/> En yak\u0131n yeri <br \/> En uzak yeri <br \/> Bitmeyen yeri <br \/> Bitecek yeri <br \/> Farkedilmez zaten anla\u015f\u0131lm\u0131\u015f sevdan\u0131n <br \/> Anla\u015f\u0131lmaz sevda ile b\u00fct\u00fcn ekleri. <\/p>\n<p> G\u00f6zlerim sevdim seni <br \/> K\u00f6klerim g\u00f6zlerimin <br \/> Suyunu benden i\u00e7en \u0131ss\u0131z bir kasaba gibi..<\/p>\n<p>Edip CANSEVER<\/p>\n","protected":false},"excerpt":{"rendered":"<p>\u00a0 Bir su y\u0131l\u0131 denebilirdi geldi ge\u00e7ti \u00dcst\u00fcnde durmuyorum. Terledim, bulan\u0131k bakt\u0131m. Ne varsa kendili\u011findendi Hemen hemen evden \u00e7\u0131kmad\u0131m. Sanki avu\u00e7lar\u0131mda s\u00fcrekli Y\u0131kanm\u0131\u015f, taba\u011fa konmu\u015f bir meyvenin ellenmi\u015fli\u011fi, Ola ki makyaj\u0131 bir oyuncunun, kar\u0131\u015fm\u0131\u015f g\u00f6zya\u015flar\u0131na Yeni kire\u00e7lenmi\u015f bir duvar\u0131n kireci Avu\u00e7lar\u0131mda s\u00fcrekli.. Bir su y\u0131l\u0131 denebilirdi \u00fcst\u00fcnde durmuyorum Kalm\u0131\u015fsa kalm\u0131\u015ft\u0131r bir \u00e7omak gibi Kuru Art\u0131k [&hellip;]<\/p>\n","protected":false},"author":1,"featured_media":0,"comment_status":"open","ping_status":"open","sticky":false,"template":"","format":"standard","meta":{"footnotes":""},"categories":[19],"tags":[],"class_list":{"0":"post-2627","1":"post","2":"type-post","3":"status-publish","4":"format-standard","6":"category-edip-cansever"},"yoast_head":"<!-- This site is optimized with the Yoast SEO Premium plugin v24.9 (Yoast SEO v24.9) - https:\/\/yoast.com\/wordpress\/plugins\/seo\/ -->\n<title>B\u0130R SU YILI DENEB\u0130L\u0130RD\u0130 - narteks.net<\/title>\n<meta name=\"robots\" content=\"index, follow, max-snippet:-1, max-image-preview:large, max-video-preview:-1\" \/>\n<link rel=\"canonical\" href=\"https:\/\/narteks.net\/index.php\/2009\/12\/07\/bir-su-yili-denebilirdi\/\" \/>\n<meta property=\"og:locale\" content=\"tr_TR\" \/>\n<meta property=\"og:type\" content=\"article\" \/>\n<meta property=\"og:title\" content=\"B\u0130R SU YILI DENEB\u0130L\u0130RD\u0130\" \/>\n<meta property=\"og:description\" content=\"\u00a0 Bir su y\u0131l\u0131 denebilirdi geldi ge\u00e7ti \u00dcst\u00fcnde durmuyorum. Terledim, bulan\u0131k bakt\u0131m. Ne varsa kendili\u011findendi Hemen hemen evden \u00e7\u0131kmad\u0131m. Sanki avu\u00e7lar\u0131mda s\u00fcrekli Y\u0131kanm\u0131\u015f, taba\u011fa konmu\u015f bir meyvenin ellenmi\u015fli\u011fi, Ola ki makyaj\u0131 bir oyuncunun, kar\u0131\u015fm\u0131\u015f g\u00f6zya\u015flar\u0131na Yeni kire\u00e7lenmi\u015f bir duvar\u0131n kireci Avu\u00e7lar\u0131mda s\u00fcrekli.. Bir su y\u0131l\u0131 denebilirdi \u00fcst\u00fcnde durmuyorum Kalm\u0131\u015fsa kalm\u0131\u015ft\u0131r bir \u00e7omak gibi Kuru Art\u0131k [&hellip;]\" \/>\n<meta property=\"og:url\" content=\"https:\/\/narteks.net\/index.php\/2009\/12\/07\/bir-su-yili-denebilirdi\/\" \/>\n<meta property=\"og:site_name\" content=\"narteks.net\" \/>\n<meta property=\"article:published_time\" content=\"2009-12-07T08:35:19+00:00\" \/>\n<meta property=\"og:image\" content=\"https:\/\/narteks.net\/wp-content\/uploads\/narteks.png\" \/>\n\t<meta property=\"og:image:width\" content=\"300\" \/>\n\t<meta property=\"og:image:height\" content=\"90\" \/>\n\t<meta property=\"og:image:type\" content=\"image\/png\" \/>\n<meta name=\"author\" content=\"Tar\u0131k\" \/>\n<meta name=\"twitter:card\" content=\"summary_large_image\" \/>\n<meta name=\"twitter:creator\" content=\"@narteks\" \/>\n<meta name=\"twitter:site\" content=\"@narteks\" \/>\n<meta name=\"twitter:label1\" content=\"Yazan:\" \/>\n\t<meta name=\"twitter:data1\" content=\"Tar\u0131k\" \/>\n\t<meta name=\"twitter:label2\" content=\"Tahmini okuma s\u00fcresi\" \/>\n\t<meta name=\"twitter:data2\" content=\"2 dakika\" \/>\n<script type=\"application\/ld+json\" class=\"yoast-schema-graph\">{\"@context\":\"https:\/\/schema.org\",\"@graph\":[{\"@type\":\"Article\",\"@id\":\"https:\/\/narteks.net\/index.php\/2009\/12\/07\/bir-su-yili-denebilirdi\/#article\",\"isPartOf\":{\"@id\":\"https:\/\/narteks.net\/index.php\/2009\/12\/07\/bir-su-yili-denebilirdi\/\"},\"author\":{\"name\":\"Tar\u0131k\",\"@id\":\"https:\/\/narteks.net\/#\/schema\/person\/61f37d9834294b72d31d274e7ed79bca\"},\"headline\":\"B\u0130R SU YILI DENEB\u0130L\u0130RD\u0130\",\"datePublished\":\"2009-12-07T08:35:19+00:00\",\"mainEntityOfPage\":{\"@id\":\"https:\/\/narteks.net\/index.php\/2009\/12\/07\/bir-su-yili-denebilirdi\/\"},\"wordCount\":309,\"commentCount\":0,\"publisher\":{\"@id\":\"https:\/\/narteks.net\/#organization\"},\"articleSection\":[\"Edip CANSEVER\"],\"inLanguage\":\"tr\",\"potentialAction\":[{\"@type\":\"CommentAction\",\"name\":\"Comment\",\"target\":[\"https:\/\/narteks.net\/index.php\/2009\/12\/07\/bir-su-yili-denebilirdi\/#respond\"]}]},{\"@type\":\"WebPage\",\"@id\":\"https:\/\/narteks.net\/index.php\/2009\/12\/07\/bir-su-yili-denebilirdi\/\",\"url\":\"https:\/\/narteks.net\/index.php\/2009\/12\/07\/bir-su-yili-denebilirdi\/\",\"name\":\"B\u0130R SU YILI DENEB\u0130L\u0130RD\u0130 - narteks.net\",\"isPartOf\":{\"@id\":\"https:\/\/narteks.net\/#website\"},\"datePublished\":\"2009-12-07T08:35:19+00:00\",\"breadcrumb\":{\"@id\":\"https:\/\/narteks.net\/index.php\/2009\/12\/07\/bir-su-yili-denebilirdi\/#breadcrumb\"},\"inLanguage\":\"tr\",\"potentialAction\":[{\"@type\":\"ReadAction\",\"target\":[\"https:\/\/narteks.net\/index.php\/2009\/12\/07\/bir-su-yili-denebilirdi\/\"]}]},{\"@type\":\"BreadcrumbList\",\"@id\":\"https:\/\/narteks.net\/index.php\/2009\/12\/07\/bir-su-yili-denebilirdi\/#breadcrumb\",\"itemListElement\":[{\"@type\":\"ListItem\",\"position\":1,\"name\":\"Anasayfa\",\"item\":\"https:\/\/narteks.net\/\"},{\"@type\":\"ListItem\",\"position\":2,\"name\":\"B\u0130R SU YILI DENEB\u0130L\u0130RD\u0130\"}]},{\"@type\":\"WebSite\",\"@id\":\"https:\/\/narteks.net\/#website\",\"url\":\"https:\/\/narteks.net\/\",\"name\":\"narteks.net\",\"description\":\"K\u00fclt\u00fcr Sanat Edebiyat Felsefe\",\"publisher\":{\"@id\":\"https:\/\/narteks.net\/#organization\"},\"alternateName\":\"K\u00fclt\u00fcr Sanat Edebiyat Felsefe\",\"potentialAction\":[{\"@type\":\"SearchAction\",\"target\":{\"@type\":\"EntryPoint\",\"urlTemplate\":\"https:\/\/narteks.net\/?s={search_term_string}\"},\"query-input\":{\"@type\":\"PropertyValueSpecification\",\"valueRequired\":true,\"valueName\":\"search_term_string\"}}],\"inLanguage\":\"tr\"},{\"@type\":\"Organization\",\"@id\":\"https:\/\/narteks.net\/#organization\",\"name\":\"narteks.net\",\"url\":\"https:\/\/narteks.net\/\",\"logo\":{\"@type\":\"ImageObject\",\"inLanguage\":\"tr\",\"@id\":\"https:\/\/narteks.net\/#\/schema\/logo\/image\/\",\"url\":\"https:\/\/narteks.net\/wp-content\/uploads\/narteks.png\",\"contentUrl\":\"https:\/\/narteks.net\/wp-content\/uploads\/narteks.png\",\"width\":300,\"height\":90,\"caption\":\"narteks.net\"},\"image\":{\"@id\":\"https:\/\/narteks.net\/#\/schema\/logo\/image\/\"},\"sameAs\":[\"https:\/\/x.com\/narteks\",\"https:\/\/instagram.com\/narteksnet\"]},{\"@type\":\"Person\",\"@id\":\"https:\/\/narteks.net\/#\/schema\/person\/61f37d9834294b72d31d274e7ed79bca\",\"name\":\"Tar\u0131k\",\"image\":{\"@type\":\"ImageObject\",\"inLanguage\":\"tr\",\"@id\":\"https:\/\/narteks.net\/#\/schema\/person\/image\/\",\"url\":\"https:\/\/secure.gravatar.com\/avatar\/50865afb55632c4ae467e0af0930f6510aa2297d8014be502a55b14f3b7550cf?s=96&d=mm&r=g\",\"contentUrl\":\"https:\/\/secure.gravatar.com\/avatar\/50865afb55632c4ae467e0af0930f6510aa2297d8014be502a55b14f3b7550cf?s=96&d=mm&r=g\",\"caption\":\"Tar\u0131k\"},\"sameAs\":[\"http:\/\/narteks.net\"],\"url\":\"https:\/\/narteks.net\/index.php\/author\/narbak\/\"}]}<\/script>\n<!-- \/ Yoast SEO Premium plugin. -->","yoast_head_json":{"title":"B\u0130R SU YILI DENEB\u0130L\u0130RD\u0130 - narteks.net","robots":{"index":"index","follow":"follow","max-snippet":"max-snippet:-1","max-image-preview":"max-image-preview:large","max-video-preview":"max-video-preview:-1"},"canonical":"https:\/\/narteks.net\/index.php\/2009\/12\/07\/bir-su-yili-denebilirdi\/","og_locale":"tr_TR","og_type":"article","og_title":"B\u0130R SU YILI DENEB\u0130L\u0130RD\u0130","og_description":"\u00a0 Bir su y\u0131l\u0131 denebilirdi geldi ge\u00e7ti \u00dcst\u00fcnde durmuyorum. Terledim, bulan\u0131k bakt\u0131m. Ne varsa kendili\u011findendi Hemen hemen evden \u00e7\u0131kmad\u0131m. Sanki avu\u00e7lar\u0131mda s\u00fcrekli Y\u0131kanm\u0131\u015f, taba\u011fa konmu\u015f bir meyvenin ellenmi\u015fli\u011fi, Ola ki makyaj\u0131 bir oyuncunun, kar\u0131\u015fm\u0131\u015f g\u00f6zya\u015flar\u0131na Yeni kire\u00e7lenmi\u015f bir duvar\u0131n kireci Avu\u00e7lar\u0131mda s\u00fcrekli.. Bir su y\u0131l\u0131 denebilirdi \u00fcst\u00fcnde durmuyorum Kalm\u0131\u015fsa kalm\u0131\u015ft\u0131r bir \u00e7omak gibi Kuru Art\u0131k [&hellip;]","og_url":"https:\/\/narteks.net\/index.php\/2009\/12\/07\/bir-su-yili-denebilirdi\/","og_site_name":"narteks.net","article_published_time":"2009-12-07T08:35:19+00:00","og_image":[{"width":300,"height":90,"url":"https:\/\/narteks.net\/wp-content\/uploads\/narteks.png","type":"image\/png"}],"author":"Tar\u0131k","twitter_card":"summary_large_image","twitter_creator":"@narteks","twitter_site":"@narteks","twitter_misc":{"Yazan:":"Tar\u0131k","Tahmini okuma s\u00fcresi":"2 dakika"},"schema":{"@context":"https:\/\/schema.org","@graph":[{"@type":"Article","@id":"https:\/\/narteks.net\/index.php\/2009\/12\/07\/bir-su-yili-denebilirdi\/#article","isPartOf":{"@id":"https:\/\/narteks.net\/index.php\/2009\/12\/07\/bir-su-yili-denebilirdi\/"},"author":{"name":"Tar\u0131k","@id":"https:\/\/narteks.net\/#\/schema\/person\/61f37d9834294b72d31d274e7ed79bca"},"headline":"B\u0130R SU YILI DENEB\u0130L\u0130RD\u0130","datePublished":"2009-12-07T08:35:19+00:00","mainEntityOfPage":{"@id":"https:\/\/narteks.net\/index.php\/2009\/12\/07\/bir-su-yili-denebilirdi\/"},"wordCount":309,"commentCount":0,"publisher":{"@id":"https:\/\/narteks.net\/#organization"},"articleSection":["Edip CANSEVER"],"inLanguage":"tr","potentialAction":[{"@type":"CommentAction","name":"Comment","target":["https:\/\/narteks.net\/index.php\/2009\/12\/07\/bir-su-yili-denebilirdi\/#respond"]}]},{"@type":"WebPage","@id":"https:\/\/narteks.net\/index.php\/2009\/12\/07\/bir-su-yili-denebilirdi\/","url":"https:\/\/narteks.net\/index.php\/2009\/12\/07\/bir-su-yili-denebilirdi\/","name":"B\u0130R SU YILI DENEB\u0130L\u0130RD\u0130 - narteks.net","isPartOf":{"@id":"https:\/\/narteks.net\/#website"},"datePublished":"2009-12-07T08:35:19+00:00","breadcrumb":{"@id":"https:\/\/narteks.net\/index.php\/2009\/12\/07\/bir-su-yili-denebilirdi\/#breadcrumb"},"inLanguage":"tr","potentialAction":[{"@type":"ReadAction","target":["https:\/\/narteks.net\/index.php\/2009\/12\/07\/bir-su-yili-denebilirdi\/"]}]},{"@type":"BreadcrumbList","@id":"https:\/\/narteks.net\/index.php\/2009\/12\/07\/bir-su-yili-denebilirdi\/#breadcrumb","itemListElement":[{"@type":"ListItem","position":1,"name":"Anasayfa","item":"https:\/\/narteks.net\/"},{"@type":"ListItem","position":2,"name":"B\u0130R SU YILI DENEB\u0130L\u0130RD\u0130"}]},{"@type":"WebSite","@id":"https:\/\/narteks.net\/#website","url":"https:\/\/narteks.net\/","name":"narteks.net","description":"K\u00fclt\u00fcr Sanat Edebiyat Felsefe","publisher":{"@id":"https:\/\/narteks.net\/#organization"},"alternateName":"K\u00fclt\u00fcr Sanat Edebiyat Felsefe","potentialAction":[{"@type":"SearchAction","target":{"@type":"EntryPoint","urlTemplate":"https:\/\/narteks.net\/?s={search_term_string}"},"query-input":{"@type":"PropertyValueSpecification","valueRequired":true,"valueName":"search_term_string"}}],"inLanguage":"tr"},{"@type":"Organization","@id":"https:\/\/narteks.net\/#organization","name":"narteks.net","url":"https:\/\/narteks.net\/","logo":{"@type":"ImageObject","inLanguage":"tr","@id":"https:\/\/narteks.net\/#\/schema\/logo\/image\/","url":"https:\/\/narteks.net\/wp-content\/uploads\/narteks.png","contentUrl":"https:\/\/narteks.net\/wp-content\/uploads\/narteks.png","width":300,"height":90,"caption":"narteks.net"},"image":{"@id":"https:\/\/narteks.net\/#\/schema\/logo\/image\/"},"sameAs":["https:\/\/x.com\/narteks","https:\/\/instagram.com\/narteksnet"]},{"@type":"Person","@id":"https:\/\/narteks.net\/#\/schema\/person\/61f37d9834294b72d31d274e7ed79bca","name":"Tar\u0131k","image":{"@type":"ImageObject","inLanguage":"tr","@id":"https:\/\/narteks.net\/#\/schema\/person\/image\/","url":"https:\/\/secure.gravatar.com\/avatar\/50865afb55632c4ae467e0af0930f6510aa2297d8014be502a55b14f3b7550cf?s=96&d=mm&r=g","contentUrl":"https:\/\/secure.gravatar.com\/avatar\/50865afb55632c4ae467e0af0930f6510aa2297d8014be502a55b14f3b7550cf?s=96&d=mm&r=g","caption":"Tar\u0131k"},"sameAs":["http:\/\/narteks.net"],"url":"https:\/\/narteks.net\/index.php\/author\/narbak\/"}]}},"_links":{"self":[{"href":"https:\/\/narteks.net\/index.php\/wp-json\/wp\/v2\/posts\/2627","targetHints":{"allow":["GET"]}}],"collection":[{"href":"https:\/\/narteks.net\/index.php\/wp-json\/wp\/v2\/posts"}],"about":[{"href":"https:\/\/narteks.net\/index.php\/wp-json\/wp\/v2\/types\/post"}],"author":[{"embeddable":true,"href":"https:\/\/narteks.net\/index.php\/wp-json\/wp\/v2\/users\/1"}],"replies":[{"embeddable":true,"href":"https:\/\/narteks.net\/index.php\/wp-json\/wp\/v2\/comments?post=2627"}],"version-history":[{"count":0,"href":"https:\/\/narteks.net\/index.php\/wp-json\/wp\/v2\/posts\/2627\/revisions"}],"wp:attachment":[{"href":"https:\/\/narteks.net\/index.php\/wp-json\/wp\/v2\/media?parent=2627"}],"wp:term":[{"taxonomy":"category","embeddable":true,"href":"https:\/\/narteks.net\/index.php\/wp-json\/wp\/v2\/categories?post=2627"},{"taxonomy":"post_tag","embeddable":true,"href":"https:\/\/narteks.net\/index.php\/wp-json\/wp\/v2\/tags?post=2627"}],"curies":[{"name":"wp","href":"https:\/\/api.w.org\/{rel}","templated":true}]}}