{"id":263,"date":"2009-02-28T12:37:58","date_gmt":"2009-02-28T09:37:58","guid":{"rendered":"http:\/\/localhost\/wordpress\/2009\/02\/28\/marks-engels-laheyde-yapilan-genel-kongre-kararlarindan\/"},"modified":"2009-02-28T12:37:58","modified_gmt":"2009-02-28T09:37:58","slug":"marks-engels-laheyde-yapilan-genel-kongre-kararlarindan","status":"publish","type":"post","link":"https:\/\/narteks.net\/index.php\/2009\/02\/28\/marks-engels-laheyde-yapilan-genel-kongre-kararlarindan\/","title":{"rendered":"Marks-Engels: Lahey&#8217;de Yap\u0131lan Genel Kongre Kararlar\u0131ndan"},"content":{"rendered":"<p style=\"text-align: justify;\"><img loading=\"lazy\" decoding=\"async\" src=\"http:\/\/www.ortakyasam.org\/hermes\/bosweb\/web008\/images\/image\/marx_engels.jpg\" border=\"0\" width=\"155\" height=\"205\" style=\"float: left;\" \/>LAHEY&#8217;DE YAPILAN GENEL KONGRE KARARLARINDAN 2-7 EYL\u00dcL 1872<\/p>\n<p>I<br \/>T\u00dcZ\u00dcK KONUSUNDA KARAR<\/p>\n<p> Londra Konferans\u0131n\u0131n (Eyl\u00fcl 1871)[203] IX. Karar\u0131n\u0131n i\u00e7eri\u011fini \u00f6zetleyen a\u015fa\u011f\u0131daki madde, 7 . Maddeden sonra gelmek \u00fczere, T\u00fcz\u00fc\u011fe dahil edilecektir.<br \/> Madde 7 a. Proletarya, m\u00fclk sahibi s\u0131n\u0131flar\u0131n kolektif g\u00fcc\u00fcne kar\u015f\u0131 m\u00fccadelesinde, ancak m\u00fclk sahibi s\u0131n\u0131flar taraf\u0131ndan kurulmu\u015f eski partiler kar\u015f\u0131s\u0131nda ayr\u0131 bir siyasal parti haline gelirse, bir s\u0131n\u0131f olarak davranabilir.<br \/> Proletaryan\u0131n siyasal bir parti haline gelmesi, toplumsal devrimin ve onun nihai hedefinin, s\u0131n\u0131flar\u0131n kald\u0131r\u0131lmas\u0131n\u0131n, zaferinin g\u00fcvence alt\u0131na al\u0131nmas\u0131 i\u00e7in vazge\u00e7ilmezdir.<br \/> \u0130\u015f\u00e7i s\u0131n\u0131f\u0131n\u0131n, iktisadi m\u00fccadele ile zaten sa\u011flanm\u0131\u015f olan g\u00fc\u00e7birli\u011fi, bu s\u0131n\u0131f\u0131n elinde, kendisini s\u00f6m\u00fcrenlerin siyasal (sayfa 347) iktidar\u0131na kar\u015f\u0131 m\u00fccadelesinde de bir manivela olmal\u0131d\u0131r.<br \/> Toprak ve sermaye beyleri, iktisadi tekellerini savunmak ve s\u00fcrd\u00fcrmek ve eme\u011fi k\u00f6lele\u015ftirmek i\u00e7in, hep siyasal ayr\u0131cal\u0131klar\u0131ndan yararland\u0131klar\u0131na g\u00f6re, proletaryan\u0131n b\u00fcy\u00fck g\u00f6revi siyasal iktidar\u0131 ele ge\u00e7irmek olmaktad\u0131r.<br \/> 5 Aleyhte, 8 \u00e7ekimsere kar\u015f\u0131 29 oyla kabul edilmi\u015ftir&#8230; (sayfa 348)<\/p>\n<p>Marx ve Engels taraf\u0131ndan haz\u0131rlanm\u0131\u015ft\u0131r<\/p>\n<p> Bir bro\u015f\u00fcr olarak Resolutions du congr\u00e8s g\u00e9n\u00e9ral tenu \u00e0 la Haye du 2 au 7 semptembre 1872,Londres 1872&#8217;de, ve Le Emancipation&#8217;un<br \/> 2 Kas\u0131m 1872 tarihli 72. say\u0131s\u0131nda ve The International Herald&#8217;\u0131n 14 Aral\u0131k 1872 tarihli 37. say\u0131s\u0131nda yay\u0131nlanm\u0131\u015ft\u0131r<\/p>\n<p><strong>Dipnotlar<\/strong><\/p>\n<p style=\"text-align: justify;\">[203] Birinci Enternasyonalin Londra Konferans\u0131 17-23 Eyl\u00fcl 1871 tarihleri aras\u0131nda topland\u0131. Konferans, Paris Kom\u00fcn\u00fcn\u00fcn yenilgiye u\u011framas\u0131ndan sonra, Enternasyonal \u00fcyeleri \u00fczerinde amans\u0131z bir bask\u0131 oldu\u011fu s\u0131rada yap\u0131ld\u0131\u011f\u0131 i\u00e7in, \u00fcye say\u0131s\u0131 epey azd\u0131: konferansa 22 delege kat\u0131lm\u0131\u015ft\u0131, bunlardan 10&#8217;unun oy ve s\u00f6z hakk\u0131, 10&#8217;unun da yaln\u0131zca s\u00f6z hakk\u0131 vard\u0131. Delege g\u00f6nderememi\u015f olan \u00fclkeler, bu \u00fclkelerin Genel Konseydeki sekreterleri taraf\u0131ndan temsil olunuyordu. Marks Almanya&#8217;y\u0131, Engels de \u0130talya&#8217;y\u0131 temsil ediyorlard\u0131.<br \/> Londra Konferans\u0131, Marks ve Engels&#8217;in bir proleter partinin kurulmas\u0131 yolunda giri\u015fmi\u015f olduklar\u0131 m\u00fccadelede \u00f6nemli bir a\u015fama olmu\u015ftur. Konferans &#8220;\u0130\u015f\u00e7i S\u0131n\u0131f\u0131n\u0131n Siyasal Eylemi&#8221;ne ili\u015fkin bir karar kabul etti. Bu karar\u0131n temel b\u00f6l\u00fcm\u00fc, Enternasyonalin Lahey Kongresinin karar\u0131 uyar\u0131nca, Uluslararas\u0131 \u0130\u015f\u00e7i Birli\u011finin Genel T\u00fcz\u00fc\u011f\u00fcne al\u0131nd\u0131. Konferans kararlar\u0131nda proleter partinin bir\u00e7ok \u00f6nemli taktik ve \u00f6rg\u00fctsel ilkeleri form\u00fcle edilmekteydi. Bu ilkeler, sekterli\u011fe ve reformizme a\u011f\u0131r darbeler indirmi\u015ftir. Londra Konferans\u0131, anar\u015fizm ve oport\u00fcnizm kar\u015f\u0131s\u0131nda proleter partizanl\u0131\u011f\u0131n ilkelerinin y\u00fcceltilmesinde \u00e7ok \u00f6nemli bir rol oynam\u0131\u015ft\u0131r. -294, 309, 347, 350. <br \/>[244] Uluslararas\u0131 \u0130\u015f\u00e7i Birli\u011finin Lahey Kongresi 2-7 Eyl\u00fcl 1872 tarihleri aras\u0131na yap\u0131ld\u0131. Aralar\u0131nda kongrenin b\u00fct\u00fcn \u00e7al\u0131\u015fmalar\u0131n\u0131 y\u00f6nlendiren Marks ve Engels&#8217;in de bulundu\u011fu 15 ulusal \u00f6rg\u00fctten 65 delege kat\u0131ld\u0131. Kongre, Marks&#8217;\u0131n, Engels&#8217;in ve yanda\u015flar\u0131n\u0131n i\u015f\u00e7i s\u0131n\u0131f\u0131 hareketi i\u00e7ersindeki her t\u00fcrden k\u00fc\u00e7\u00fck-burjuva sekterli\u011fine kar\u015f\u0131 y\u0131llard\u0131r y\u00fcr\u00fctt\u00fckleri m\u00fccadelenin doru\u011funa ula\u015fmas\u0131na tan\u0131k oldu. Anar\u015fistlerin sekter eylemleri su\u00e7land\u0131 ve \u00f6nderleri Enternasyonal&#8217;den at\u0131ld\u0131lar. Lahey Kongresi&#8217;nin kararlar\u0131 \u00e7e\u015fitli \u00fclkelerde i\u015f\u00e7i s\u0131n\u0131f\u0131n\u0131n ba\u011f\u0131ms\u0131z siyasal partilerinin kurulmas\u0131na giden yolu a\u00e7m\u0131\u015f oldu. -347, 516, 518.<\/p>\n","protected":false},"excerpt":{"rendered":"<p>LAHEY&#8217;DE YAPILAN GENEL KONGRE KARARLARINDAN 2-7 EYL\u00dcL 1872 IT\u00dcZ\u00dcK KONUSUNDA KARAR Londra Konferans\u0131n\u0131n (Eyl\u00fcl 1871)[203] IX. Karar\u0131n\u0131n i\u00e7eri\u011fini \u00f6zetleyen a\u015fa\u011f\u0131daki madde, 7 . Maddeden sonra gelmek \u00fczere, T\u00fcz\u00fc\u011fe dahil edilecektir. Madde 7 a. Proletarya, m\u00fclk sahibi s\u0131n\u0131flar\u0131n kolektif g\u00fcc\u00fcne kar\u015f\u0131 m\u00fccadelesinde, ancak m\u00fclk sahibi s\u0131n\u0131flar taraf\u0131ndan kurulmu\u015f eski partiler kar\u015f\u0131s\u0131nda ayr\u0131 bir siyasal parti haline [&hellip;]<\/p>\n","protected":false},"author":1,"featured_media":0,"comment_status":"open","ping_status":"open","sticky":false,"template":"","format":"standard","meta":{"footnotes":""},"categories":[33],"tags":[],"class_list":{"0":"post-263","1":"post","2":"type-post","3":"status-publish","4":"format-standard","6":"category-karl-marx-friedrich-engels-arsivi"},"yoast_head":"<!-- This site is optimized with the Yoast SEO Premium plugin v24.9 (Yoast SEO v24.9) - https:\/\/yoast.com\/wordpress\/plugins\/seo\/ -->\n<title>Marks-Engels: Lahey&#039;de Yap\u0131lan Genel Kongre Kararlar\u0131ndan - narteks.net<\/title>\n<meta name=\"robots\" content=\"index, follow, max-snippet:-1, max-image-preview:large, max-video-preview:-1\" \/>\n<link rel=\"canonical\" href=\"https:\/\/narteks.net\/index.php\/2009\/02\/28\/marks-engels-laheyde-yapilan-genel-kongre-kararlarindan\/\" \/>\n<meta property=\"og:locale\" content=\"tr_TR\" \/>\n<meta property=\"og:type\" content=\"article\" \/>\n<meta property=\"og:title\" content=\"Marks-Engels: Lahey&#039;de Yap\u0131lan Genel Kongre Kararlar\u0131ndan\" \/>\n<meta property=\"og:description\" content=\"LAHEY&#8217;DE YAPILAN GENEL KONGRE KARARLARINDAN 2-7 EYL\u00dcL 1872 IT\u00dcZ\u00dcK KONUSUNDA KARAR Londra Konferans\u0131n\u0131n (Eyl\u00fcl 1871)[203] IX. Karar\u0131n\u0131n i\u00e7eri\u011fini \u00f6zetleyen a\u015fa\u011f\u0131daki madde, 7 . Maddeden sonra gelmek \u00fczere, T\u00fcz\u00fc\u011fe dahil edilecektir. Madde 7 a. Proletarya, m\u00fclk sahibi s\u0131n\u0131flar\u0131n kolektif g\u00fcc\u00fcne kar\u015f\u0131 m\u00fccadelesinde, ancak m\u00fclk sahibi s\u0131n\u0131flar taraf\u0131ndan kurulmu\u015f eski partiler kar\u015f\u0131s\u0131nda ayr\u0131 bir siyasal parti haline [&hellip;]\" \/>\n<meta property=\"og:url\" content=\"https:\/\/narteks.net\/index.php\/2009\/02\/28\/marks-engels-laheyde-yapilan-genel-kongre-kararlarindan\/\" \/>\n<meta property=\"og:site_name\" content=\"narteks.net\" \/>\n<meta property=\"article:published_time\" content=\"2009-02-28T09:37:58+00:00\" \/>\n<meta property=\"og:image\" content=\"http:\/\/www.ortakyasam.org\/hermes\/bosweb\/web008\/images\/image\/marx_engels.jpg\" \/>\n<meta name=\"author\" content=\"Tar\u0131k\" \/>\n<meta name=\"twitter:card\" content=\"summary_large_image\" \/>\n<meta name=\"twitter:creator\" content=\"@narteks\" \/>\n<meta name=\"twitter:site\" content=\"@narteks\" \/>\n<meta name=\"twitter:label1\" content=\"Yazan:\" \/>\n\t<meta name=\"twitter:data1\" content=\"Tar\u0131k\" \/>\n\t<meta name=\"twitter:label2\" content=\"Tahmini okuma s\u00fcresi\" \/>\n\t<meta name=\"twitter:data2\" content=\"3 dakika\" \/>\n<script type=\"application\/ld+json\" class=\"yoast-schema-graph\">{\"@context\":\"https:\/\/schema.org\",\"@graph\":[{\"@type\":\"Article\",\"@id\":\"https:\/\/narteks.net\/index.php\/2009\/02\/28\/marks-engels-laheyde-yapilan-genel-kongre-kararlarindan\/#article\",\"isPartOf\":{\"@id\":\"https:\/\/narteks.net\/index.php\/2009\/02\/28\/marks-engels-laheyde-yapilan-genel-kongre-kararlarindan\/\"},\"author\":{\"name\":\"Tar\u0131k\",\"@id\":\"https:\/\/narteks.net\/#\/schema\/person\/61f37d9834294b72d31d274e7ed79bca\"},\"headline\":\"Marks-Engels: Lahey&#8217;de Yap\u0131lan Genel Kongre Kararlar\u0131ndan\",\"datePublished\":\"2009-02-28T09:37:58+00:00\",\"mainEntityOfPage\":{\"@id\":\"https:\/\/narteks.net\/index.php\/2009\/02\/28\/marks-engels-laheyde-yapilan-genel-kongre-kararlarindan\/\"},\"wordCount\":581,\"commentCount\":0,\"publisher\":{\"@id\":\"https:\/\/narteks.net\/#organization\"},\"image\":{\"@id\":\"https:\/\/narteks.net\/index.php\/2009\/02\/28\/marks-engels-laheyde-yapilan-genel-kongre-kararlarindan\/#primaryimage\"},\"thumbnailUrl\":\"http:\/\/www.ortakyasam.org\/hermes\/bosweb\/web008\/images\/image\/marx_engels.jpg\",\"articleSection\":[\"Karl Marx - Friedrich Engels Ar\u015fivi\"],\"inLanguage\":\"tr\",\"potentialAction\":[{\"@type\":\"CommentAction\",\"name\":\"Comment\",\"target\":[\"https:\/\/narteks.net\/index.php\/2009\/02\/28\/marks-engels-laheyde-yapilan-genel-kongre-kararlarindan\/#respond\"]}]},{\"@type\":\"WebPage\",\"@id\":\"https:\/\/narteks.net\/index.php\/2009\/02\/28\/marks-engels-laheyde-yapilan-genel-kongre-kararlarindan\/\",\"url\":\"https:\/\/narteks.net\/index.php\/2009\/02\/28\/marks-engels-laheyde-yapilan-genel-kongre-kararlarindan\/\",\"name\":\"Marks-Engels: Lahey'de Yap\u0131lan Genel Kongre Kararlar\u0131ndan - narteks.net\",\"isPartOf\":{\"@id\":\"https:\/\/narteks.net\/#website\"},\"primaryImageOfPage\":{\"@id\":\"https:\/\/narteks.net\/index.php\/2009\/02\/28\/marks-engels-laheyde-yapilan-genel-kongre-kararlarindan\/#primaryimage\"},\"image\":{\"@id\":\"https:\/\/narteks.net\/index.php\/2009\/02\/28\/marks-engels-laheyde-yapilan-genel-kongre-kararlarindan\/#primaryimage\"},\"thumbnailUrl\":\"http:\/\/www.ortakyasam.org\/hermes\/bosweb\/web008\/images\/image\/marx_engels.jpg\",\"datePublished\":\"2009-02-28T09:37:58+00:00\",\"breadcrumb\":{\"@id\":\"https:\/\/narteks.net\/index.php\/2009\/02\/28\/marks-engels-laheyde-yapilan-genel-kongre-kararlarindan\/#breadcrumb\"},\"inLanguage\":\"tr\",\"potentialAction\":[{\"@type\":\"ReadAction\",\"target\":[\"https:\/\/narteks.net\/index.php\/2009\/02\/28\/marks-engels-laheyde-yapilan-genel-kongre-kararlarindan\/\"]}]},{\"@type\":\"ImageObject\",\"inLanguage\":\"tr\",\"@id\":\"https:\/\/narteks.net\/index.php\/2009\/02\/28\/marks-engels-laheyde-yapilan-genel-kongre-kararlarindan\/#primaryimage\",\"url\":\"http:\/\/www.ortakyasam.org\/hermes\/bosweb\/web008\/images\/image\/marx_engels.jpg\",\"contentUrl\":\"http:\/\/www.ortakyasam.org\/hermes\/bosweb\/web008\/images\/image\/marx_engels.jpg\"},{\"@type\":\"BreadcrumbList\",\"@id\":\"https:\/\/narteks.net\/index.php\/2009\/02\/28\/marks-engels-laheyde-yapilan-genel-kongre-kararlarindan\/#breadcrumb\",\"itemListElement\":[{\"@type\":\"ListItem\",\"position\":1,\"name\":\"Anasayfa\",\"item\":\"https:\/\/narteks.net\/\"},{\"@type\":\"ListItem\",\"position\":2,\"name\":\"Marks-Engels: Lahey&#8217;de Yap\u0131lan Genel Kongre Kararlar\u0131ndan\"}]},{\"@type\":\"WebSite\",\"@id\":\"https:\/\/narteks.net\/#website\",\"url\":\"https:\/\/narteks.net\/\",\"name\":\"narteks.net\",\"description\":\"K\u00fclt\u00fcr Sanat Edebiyat Felsefe\",\"publisher\":{\"@id\":\"https:\/\/narteks.net\/#organization\"},\"alternateName\":\"K\u00fclt\u00fcr Sanat Edebiyat Felsefe\",\"potentialAction\":[{\"@type\":\"SearchAction\",\"target\":{\"@type\":\"EntryPoint\",\"urlTemplate\":\"https:\/\/narteks.net\/?s={search_term_string}\"},\"query-input\":{\"@type\":\"PropertyValueSpecification\",\"valueRequired\":true,\"valueName\":\"search_term_string\"}}],\"inLanguage\":\"tr\"},{\"@type\":\"Organization\",\"@id\":\"https:\/\/narteks.net\/#organization\",\"name\":\"narteks.net\",\"url\":\"https:\/\/narteks.net\/\",\"logo\":{\"@type\":\"ImageObject\",\"inLanguage\":\"tr\",\"@id\":\"https:\/\/narteks.net\/#\/schema\/logo\/image\/\",\"url\":\"https:\/\/narteks.net\/wp-content\/uploads\/narteks.png\",\"contentUrl\":\"https:\/\/narteks.net\/wp-content\/uploads\/narteks.png\",\"width\":300,\"height\":90,\"caption\":\"narteks.net\"},\"image\":{\"@id\":\"https:\/\/narteks.net\/#\/schema\/logo\/image\/\"},\"sameAs\":[\"https:\/\/x.com\/narteks\",\"https:\/\/instagram.com\/narteksnet\"]},{\"@type\":\"Person\",\"@id\":\"https:\/\/narteks.net\/#\/schema\/person\/61f37d9834294b72d31d274e7ed79bca\",\"name\":\"Tar\u0131k\",\"image\":{\"@type\":\"ImageObject\",\"inLanguage\":\"tr\",\"@id\":\"https:\/\/narteks.net\/#\/schema\/person\/image\/\",\"url\":\"https:\/\/secure.gravatar.com\/avatar\/50865afb55632c4ae467e0af0930f6510aa2297d8014be502a55b14f3b7550cf?s=96&d=mm&r=g\",\"contentUrl\":\"https:\/\/secure.gravatar.com\/avatar\/50865afb55632c4ae467e0af0930f6510aa2297d8014be502a55b14f3b7550cf?s=96&d=mm&r=g\",\"caption\":\"Tar\u0131k\"},\"sameAs\":[\"http:\/\/narteks.net\"],\"url\":\"https:\/\/narteks.net\/index.php\/author\/narbak\/\"}]}<\/script>\n<!-- \/ Yoast SEO Premium plugin. -->","yoast_head_json":{"title":"Marks-Engels: Lahey'de Yap\u0131lan Genel Kongre Kararlar\u0131ndan - narteks.net","robots":{"index":"index","follow":"follow","max-snippet":"max-snippet:-1","max-image-preview":"max-image-preview:large","max-video-preview":"max-video-preview:-1"},"canonical":"https:\/\/narteks.net\/index.php\/2009\/02\/28\/marks-engels-laheyde-yapilan-genel-kongre-kararlarindan\/","og_locale":"tr_TR","og_type":"article","og_title":"Marks-Engels: Lahey'de Yap\u0131lan Genel Kongre Kararlar\u0131ndan","og_description":"LAHEY&#8217;DE YAPILAN GENEL KONGRE KARARLARINDAN 2-7 EYL\u00dcL 1872 IT\u00dcZ\u00dcK KONUSUNDA KARAR Londra Konferans\u0131n\u0131n (Eyl\u00fcl 1871)[203] IX. Karar\u0131n\u0131n i\u00e7eri\u011fini \u00f6zetleyen a\u015fa\u011f\u0131daki madde, 7 . Maddeden sonra gelmek \u00fczere, T\u00fcz\u00fc\u011fe dahil edilecektir. Madde 7 a. Proletarya, m\u00fclk sahibi s\u0131n\u0131flar\u0131n kolektif g\u00fcc\u00fcne kar\u015f\u0131 m\u00fccadelesinde, ancak m\u00fclk sahibi s\u0131n\u0131flar taraf\u0131ndan kurulmu\u015f eski partiler kar\u015f\u0131s\u0131nda ayr\u0131 bir siyasal parti haline [&hellip;]","og_url":"https:\/\/narteks.net\/index.php\/2009\/02\/28\/marks-engels-laheyde-yapilan-genel-kongre-kararlarindan\/","og_site_name":"narteks.net","article_published_time":"2009-02-28T09:37:58+00:00","og_image":[{"url":"http:\/\/www.ortakyasam.org\/hermes\/bosweb\/web008\/images\/image\/marx_engels.jpg","type":"","width":"","height":""}],"author":"Tar\u0131k","twitter_card":"summary_large_image","twitter_creator":"@narteks","twitter_site":"@narteks","twitter_misc":{"Yazan:":"Tar\u0131k","Tahmini okuma s\u00fcresi":"3 dakika"},"schema":{"@context":"https:\/\/schema.org","@graph":[{"@type":"Article","@id":"https:\/\/narteks.net\/index.php\/2009\/02\/28\/marks-engels-laheyde-yapilan-genel-kongre-kararlarindan\/#article","isPartOf":{"@id":"https:\/\/narteks.net\/index.php\/2009\/02\/28\/marks-engels-laheyde-yapilan-genel-kongre-kararlarindan\/"},"author":{"name":"Tar\u0131k","@id":"https:\/\/narteks.net\/#\/schema\/person\/61f37d9834294b72d31d274e7ed79bca"},"headline":"Marks-Engels: Lahey&#8217;de Yap\u0131lan Genel Kongre Kararlar\u0131ndan","datePublished":"2009-02-28T09:37:58+00:00","mainEntityOfPage":{"@id":"https:\/\/narteks.net\/index.php\/2009\/02\/28\/marks-engels-laheyde-yapilan-genel-kongre-kararlarindan\/"},"wordCount":581,"commentCount":0,"publisher":{"@id":"https:\/\/narteks.net\/#organization"},"image":{"@id":"https:\/\/narteks.net\/index.php\/2009\/02\/28\/marks-engels-laheyde-yapilan-genel-kongre-kararlarindan\/#primaryimage"},"thumbnailUrl":"http:\/\/www.ortakyasam.org\/hermes\/bosweb\/web008\/images\/image\/marx_engels.jpg","articleSection":["Karl Marx - Friedrich Engels Ar\u015fivi"],"inLanguage":"tr","potentialAction":[{"@type":"CommentAction","name":"Comment","target":["https:\/\/narteks.net\/index.php\/2009\/02\/28\/marks-engels-laheyde-yapilan-genel-kongre-kararlarindan\/#respond"]}]},{"@type":"WebPage","@id":"https:\/\/narteks.net\/index.php\/2009\/02\/28\/marks-engels-laheyde-yapilan-genel-kongre-kararlarindan\/","url":"https:\/\/narteks.net\/index.php\/2009\/02\/28\/marks-engels-laheyde-yapilan-genel-kongre-kararlarindan\/","name":"Marks-Engels: Lahey'de Yap\u0131lan Genel Kongre Kararlar\u0131ndan - narteks.net","isPartOf":{"@id":"https:\/\/narteks.net\/#website"},"primaryImageOfPage":{"@id":"https:\/\/narteks.net\/index.php\/2009\/02\/28\/marks-engels-laheyde-yapilan-genel-kongre-kararlarindan\/#primaryimage"},"image":{"@id":"https:\/\/narteks.net\/index.php\/2009\/02\/28\/marks-engels-laheyde-yapilan-genel-kongre-kararlarindan\/#primaryimage"},"thumbnailUrl":"http:\/\/www.ortakyasam.org\/hermes\/bosweb\/web008\/images\/image\/marx_engels.jpg","datePublished":"2009-02-28T09:37:58+00:00","breadcrumb":{"@id":"https:\/\/narteks.net\/index.php\/2009\/02\/28\/marks-engels-laheyde-yapilan-genel-kongre-kararlarindan\/#breadcrumb"},"inLanguage":"tr","potentialAction":[{"@type":"ReadAction","target":["https:\/\/narteks.net\/index.php\/2009\/02\/28\/marks-engels-laheyde-yapilan-genel-kongre-kararlarindan\/"]}]},{"@type":"ImageObject","inLanguage":"tr","@id":"https:\/\/narteks.net\/index.php\/2009\/02\/28\/marks-engels-laheyde-yapilan-genel-kongre-kararlarindan\/#primaryimage","url":"http:\/\/www.ortakyasam.org\/hermes\/bosweb\/web008\/images\/image\/marx_engels.jpg","contentUrl":"http:\/\/www.ortakyasam.org\/hermes\/bosweb\/web008\/images\/image\/marx_engels.jpg"},{"@type":"BreadcrumbList","@id":"https:\/\/narteks.net\/index.php\/2009\/02\/28\/marks-engels-laheyde-yapilan-genel-kongre-kararlarindan\/#breadcrumb","itemListElement":[{"@type":"ListItem","position":1,"name":"Anasayfa","item":"https:\/\/narteks.net\/"},{"@type":"ListItem","position":2,"name":"Marks-Engels: Lahey&#8217;de Yap\u0131lan Genel Kongre Kararlar\u0131ndan"}]},{"@type":"WebSite","@id":"https:\/\/narteks.net\/#website","url":"https:\/\/narteks.net\/","name":"narteks.net","description":"K\u00fclt\u00fcr Sanat Edebiyat Felsefe","publisher":{"@id":"https:\/\/narteks.net\/#organization"},"alternateName":"K\u00fclt\u00fcr Sanat Edebiyat Felsefe","potentialAction":[{"@type":"SearchAction","target":{"@type":"EntryPoint","urlTemplate":"https:\/\/narteks.net\/?s={search_term_string}"},"query-input":{"@type":"PropertyValueSpecification","valueRequired":true,"valueName":"search_term_string"}}],"inLanguage":"tr"},{"@type":"Organization","@id":"https:\/\/narteks.net\/#organization","name":"narteks.net","url":"https:\/\/narteks.net\/","logo":{"@type":"ImageObject","inLanguage":"tr","@id":"https:\/\/narteks.net\/#\/schema\/logo\/image\/","url":"https:\/\/narteks.net\/wp-content\/uploads\/narteks.png","contentUrl":"https:\/\/narteks.net\/wp-content\/uploads\/narteks.png","width":300,"height":90,"caption":"narteks.net"},"image":{"@id":"https:\/\/narteks.net\/#\/schema\/logo\/image\/"},"sameAs":["https:\/\/x.com\/narteks","https:\/\/instagram.com\/narteksnet"]},{"@type":"Person","@id":"https:\/\/narteks.net\/#\/schema\/person\/61f37d9834294b72d31d274e7ed79bca","name":"Tar\u0131k","image":{"@type":"ImageObject","inLanguage":"tr","@id":"https:\/\/narteks.net\/#\/schema\/person\/image\/","url":"https:\/\/secure.gravatar.com\/avatar\/50865afb55632c4ae467e0af0930f6510aa2297d8014be502a55b14f3b7550cf?s=96&d=mm&r=g","contentUrl":"https:\/\/secure.gravatar.com\/avatar\/50865afb55632c4ae467e0af0930f6510aa2297d8014be502a55b14f3b7550cf?s=96&d=mm&r=g","caption":"Tar\u0131k"},"sameAs":["http:\/\/narteks.net"],"url":"https:\/\/narteks.net\/index.php\/author\/narbak\/"}]}},"_links":{"self":[{"href":"https:\/\/narteks.net\/index.php\/wp-json\/wp\/v2\/posts\/263","targetHints":{"allow":["GET"]}}],"collection":[{"href":"https:\/\/narteks.net\/index.php\/wp-json\/wp\/v2\/posts"}],"about":[{"href":"https:\/\/narteks.net\/index.php\/wp-json\/wp\/v2\/types\/post"}],"author":[{"embeddable":true,"href":"https:\/\/narteks.net\/index.php\/wp-json\/wp\/v2\/users\/1"}],"replies":[{"embeddable":true,"href":"https:\/\/narteks.net\/index.php\/wp-json\/wp\/v2\/comments?post=263"}],"version-history":[{"count":0,"href":"https:\/\/narteks.net\/index.php\/wp-json\/wp\/v2\/posts\/263\/revisions"}],"wp:attachment":[{"href":"https:\/\/narteks.net\/index.php\/wp-json\/wp\/v2\/media?parent=263"}],"wp:term":[{"taxonomy":"category","embeddable":true,"href":"https:\/\/narteks.net\/index.php\/wp-json\/wp\/v2\/categories?post=263"},{"taxonomy":"post_tag","embeddable":true,"href":"https:\/\/narteks.net\/index.php\/wp-json\/wp\/v2\/tags?post=263"}],"curies":[{"name":"wp","href":"https:\/\/api.w.org\/{rel}","templated":true}]}}