{"id":2633,"date":"2009-12-07T11:38:22","date_gmt":"2009-12-07T08:38:22","guid":{"rendered":"http:\/\/localhost\/wordpress\/2009\/12\/07\/bu-gemi-ne-zamandir-burada\/"},"modified":"2009-12-07T11:38:22","modified_gmt":"2009-12-07T08:38:22","slug":"bu-gemi-ne-zamandir-burada","status":"publish","type":"post","link":"https:\/\/narteks.net\/index.php\/2009\/12\/07\/bu-gemi-ne-zamandir-burada\/","title":{"rendered":"BU GEM\u0130 NE ZAMANDIR BURADA"},"content":{"rendered":"<p>\u00a0<\/p>\n<p>Bu gemi ne zamand\u0131r burada <br \/> \u00c7oktan bo\u015faltm\u0131\u015f y\u00fck\u00fcn\u00fc <br \/> Gece de olmu\u015f, r\u0131ht\u0131m da bombo\u015f <br \/> Mavi bir suyun d\u00fc\u015f\u00fcn\u00fc uyutur bir tayfa <br \/> Arkada, guvertede <br \/> Ah, neresinden baksam sessizlik gene. <\/p>\n<p> Y\u00fcr\u00fcr\u00fcm usuldan, girerim bir meyhaneye <br \/> \u0130\u00e7erde \u00fc\u00e7 be\u015f ki\u015fi <br \/> Yaln\u0131zl\u0131k \u00fc\u00e7 be\u015f ki\u015fi <br \/> Bir kadeh rak\u0131 s\u00f6ylerim kendime <br \/> Bir kadeh rak\u0131 daha s\u00f6ylerim kendime <br \/> -S\u00f6yle be! ne zamand\u0131r burda bu gemi <br \/> -Denizin de\u011fil h\u00fczn\u00fcn \u00fcst\u00fcnde. <\/p>\n<p> Belki yar\u0131n gidecek <br \/> Bir an\u0131 gelecek bir ba\u015fka an\u0131n\u0131n yerine. <\/p>\n<p> \u0130nsan bazan a\u011flamaz m\u0131 bak\u0131p bak\u0131p kendine.<\/p>\n<p>Edip CANSEVER<\/p>\n","protected":false},"excerpt":{"rendered":"<p>\u00a0 Bu gemi ne zamand\u0131r burada \u00c7oktan bo\u015faltm\u0131\u015f y\u00fck\u00fcn\u00fc Gece de olmu\u015f, r\u0131ht\u0131m da bombo\u015f Mavi bir suyun d\u00fc\u015f\u00fcn\u00fc uyutur bir tayfa Arkada, guvertede Ah, neresinden baksam sessizlik gene. Y\u00fcr\u00fcr\u00fcm usuldan, girerim bir meyhaneye \u0130\u00e7erde \u00fc\u00e7 be\u015f ki\u015fi Yaln\u0131zl\u0131k \u00fc\u00e7 be\u015f ki\u015fi Bir kadeh rak\u0131 s\u00f6ylerim kendime Bir kadeh rak\u0131 daha s\u00f6ylerim kendime -S\u00f6yle be! [&hellip;]<\/p>\n","protected":false},"author":1,"featured_media":0,"comment_status":"open","ping_status":"open","sticky":false,"template":"","format":"standard","meta":{"footnotes":""},"categories":[19],"tags":[],"class_list":{"0":"post-2633","1":"post","2":"type-post","3":"status-publish","4":"format-standard","6":"category-edip-cansever"},"yoast_head":"<!-- This site is optimized with the Yoast SEO Premium plugin v24.9 (Yoast SEO v24.9) - https:\/\/yoast.com\/wordpress\/plugins\/seo\/ -->\n<title>BU GEM\u0130 NE ZAMANDIR BURADA - narteks.net<\/title>\n<meta name=\"robots\" content=\"index, follow, max-snippet:-1, max-image-preview:large, max-video-preview:-1\" \/>\n<link rel=\"canonical\" href=\"https:\/\/narteks.net\/index.php\/2009\/12\/07\/bu-gemi-ne-zamandir-burada\/\" \/>\n<meta property=\"og:locale\" content=\"tr_TR\" \/>\n<meta property=\"og:type\" content=\"article\" \/>\n<meta property=\"og:title\" content=\"BU GEM\u0130 NE ZAMANDIR BURADA\" \/>\n<meta property=\"og:description\" content=\"\u00a0 Bu gemi ne zamand\u0131r burada \u00c7oktan bo\u015faltm\u0131\u015f y\u00fck\u00fcn\u00fc Gece de olmu\u015f, r\u0131ht\u0131m da bombo\u015f Mavi bir suyun d\u00fc\u015f\u00fcn\u00fc uyutur bir tayfa Arkada, guvertede Ah, neresinden baksam sessizlik gene. Y\u00fcr\u00fcr\u00fcm usuldan, girerim bir meyhaneye \u0130\u00e7erde \u00fc\u00e7 be\u015f ki\u015fi Yaln\u0131zl\u0131k \u00fc\u00e7 be\u015f ki\u015fi Bir kadeh rak\u0131 s\u00f6ylerim kendime Bir kadeh rak\u0131 daha s\u00f6ylerim kendime -S\u00f6yle be! [&hellip;]\" \/>\n<meta property=\"og:url\" content=\"https:\/\/narteks.net\/index.php\/2009\/12\/07\/bu-gemi-ne-zamandir-burada\/\" \/>\n<meta property=\"og:site_name\" content=\"narteks.net\" \/>\n<meta property=\"article:published_time\" content=\"2009-12-07T08:38:22+00:00\" \/>\n<meta property=\"og:image\" content=\"https:\/\/narteks.net\/wp-content\/uploads\/narteks.png\" \/>\n\t<meta property=\"og:image:width\" content=\"300\" \/>\n\t<meta property=\"og:image:height\" content=\"90\" \/>\n\t<meta property=\"og:image:type\" content=\"image\/png\" \/>\n<meta name=\"author\" content=\"Tar\u0131k\" \/>\n<meta name=\"twitter:card\" content=\"summary_large_image\" \/>\n<meta name=\"twitter:creator\" content=\"@narteks\" \/>\n<meta name=\"twitter:site\" content=\"@narteks\" \/>\n<meta name=\"twitter:label1\" content=\"Yazan:\" \/>\n\t<meta name=\"twitter:data1\" content=\"Tar\u0131k\" \/>\n\t<meta name=\"twitter:label2\" content=\"Tahmini okuma s\u00fcresi\" \/>\n\t<meta name=\"twitter:data2\" content=\"1 dakika\" \/>\n<script type=\"application\/ld+json\" class=\"yoast-schema-graph\">{\"@context\":\"https:\/\/schema.org\",\"@graph\":[{\"@type\":\"Article\",\"@id\":\"https:\/\/narteks.net\/index.php\/2009\/12\/07\/bu-gemi-ne-zamandir-burada\/#article\",\"isPartOf\":{\"@id\":\"https:\/\/narteks.net\/index.php\/2009\/12\/07\/bu-gemi-ne-zamandir-burada\/\"},\"author\":{\"name\":\"Tar\u0131k\",\"@id\":\"https:\/\/narteks.net\/#\/schema\/person\/61f37d9834294b72d31d274e7ed79bca\"},\"headline\":\"BU GEM\u0130 NE ZAMANDIR BURADA\",\"datePublished\":\"2009-12-07T08:38:22+00:00\",\"mainEntityOfPage\":{\"@id\":\"https:\/\/narteks.net\/index.php\/2009\/12\/07\/bu-gemi-ne-zamandir-burada\/\"},\"wordCount\":114,\"commentCount\":0,\"publisher\":{\"@id\":\"https:\/\/narteks.net\/#organization\"},\"articleSection\":[\"Edip CANSEVER\"],\"inLanguage\":\"tr\",\"potentialAction\":[{\"@type\":\"CommentAction\",\"name\":\"Comment\",\"target\":[\"https:\/\/narteks.net\/index.php\/2009\/12\/07\/bu-gemi-ne-zamandir-burada\/#respond\"]}]},{\"@type\":\"WebPage\",\"@id\":\"https:\/\/narteks.net\/index.php\/2009\/12\/07\/bu-gemi-ne-zamandir-burada\/\",\"url\":\"https:\/\/narteks.net\/index.php\/2009\/12\/07\/bu-gemi-ne-zamandir-burada\/\",\"name\":\"BU GEM\u0130 NE ZAMANDIR BURADA - narteks.net\",\"isPartOf\":{\"@id\":\"https:\/\/narteks.net\/#website\"},\"datePublished\":\"2009-12-07T08:38:22+00:00\",\"breadcrumb\":{\"@id\":\"https:\/\/narteks.net\/index.php\/2009\/12\/07\/bu-gemi-ne-zamandir-burada\/#breadcrumb\"},\"inLanguage\":\"tr\",\"potentialAction\":[{\"@type\":\"ReadAction\",\"target\":[\"https:\/\/narteks.net\/index.php\/2009\/12\/07\/bu-gemi-ne-zamandir-burada\/\"]}]},{\"@type\":\"BreadcrumbList\",\"@id\":\"https:\/\/narteks.net\/index.php\/2009\/12\/07\/bu-gemi-ne-zamandir-burada\/#breadcrumb\",\"itemListElement\":[{\"@type\":\"ListItem\",\"position\":1,\"name\":\"Anasayfa\",\"item\":\"https:\/\/narteks.net\/\"},{\"@type\":\"ListItem\",\"position\":2,\"name\":\"BU GEM\u0130 NE ZAMANDIR BURADA\"}]},{\"@type\":\"WebSite\",\"@id\":\"https:\/\/narteks.net\/#website\",\"url\":\"https:\/\/narteks.net\/\",\"name\":\"narteks.net\",\"description\":\"K\u00fclt\u00fcr Sanat Edebiyat Felsefe\",\"publisher\":{\"@id\":\"https:\/\/narteks.net\/#organization\"},\"alternateName\":\"K\u00fclt\u00fcr Sanat Edebiyat Felsefe\",\"potentialAction\":[{\"@type\":\"SearchAction\",\"target\":{\"@type\":\"EntryPoint\",\"urlTemplate\":\"https:\/\/narteks.net\/?s={search_term_string}\"},\"query-input\":{\"@type\":\"PropertyValueSpecification\",\"valueRequired\":true,\"valueName\":\"search_term_string\"}}],\"inLanguage\":\"tr\"},{\"@type\":\"Organization\",\"@id\":\"https:\/\/narteks.net\/#organization\",\"name\":\"narteks.net\",\"url\":\"https:\/\/narteks.net\/\",\"logo\":{\"@type\":\"ImageObject\",\"inLanguage\":\"tr\",\"@id\":\"https:\/\/narteks.net\/#\/schema\/logo\/image\/\",\"url\":\"https:\/\/narteks.net\/wp-content\/uploads\/narteks.png\",\"contentUrl\":\"https:\/\/narteks.net\/wp-content\/uploads\/narteks.png\",\"width\":300,\"height\":90,\"caption\":\"narteks.net\"},\"image\":{\"@id\":\"https:\/\/narteks.net\/#\/schema\/logo\/image\/\"},\"sameAs\":[\"https:\/\/x.com\/narteks\",\"https:\/\/instagram.com\/narteksnet\"]},{\"@type\":\"Person\",\"@id\":\"https:\/\/narteks.net\/#\/schema\/person\/61f37d9834294b72d31d274e7ed79bca\",\"name\":\"Tar\u0131k\",\"image\":{\"@type\":\"ImageObject\",\"inLanguage\":\"tr\",\"@id\":\"https:\/\/narteks.net\/#\/schema\/person\/image\/\",\"url\":\"https:\/\/secure.gravatar.com\/avatar\/50865afb55632c4ae467e0af0930f6510aa2297d8014be502a55b14f3b7550cf?s=96&d=mm&r=g\",\"contentUrl\":\"https:\/\/secure.gravatar.com\/avatar\/50865afb55632c4ae467e0af0930f6510aa2297d8014be502a55b14f3b7550cf?s=96&d=mm&r=g\",\"caption\":\"Tar\u0131k\"},\"sameAs\":[\"http:\/\/narteks.net\"],\"url\":\"https:\/\/narteks.net\/index.php\/author\/narbak\/\"}]}<\/script>\n<!-- \/ Yoast SEO Premium plugin. -->","yoast_head_json":{"title":"BU GEM\u0130 NE ZAMANDIR BURADA - narteks.net","robots":{"index":"index","follow":"follow","max-snippet":"max-snippet:-1","max-image-preview":"max-image-preview:large","max-video-preview":"max-video-preview:-1"},"canonical":"https:\/\/narteks.net\/index.php\/2009\/12\/07\/bu-gemi-ne-zamandir-burada\/","og_locale":"tr_TR","og_type":"article","og_title":"BU GEM\u0130 NE ZAMANDIR BURADA","og_description":"\u00a0 Bu gemi ne zamand\u0131r burada \u00c7oktan bo\u015faltm\u0131\u015f y\u00fck\u00fcn\u00fc Gece de olmu\u015f, r\u0131ht\u0131m da bombo\u015f Mavi bir suyun d\u00fc\u015f\u00fcn\u00fc uyutur bir tayfa Arkada, guvertede Ah, neresinden baksam sessizlik gene. Y\u00fcr\u00fcr\u00fcm usuldan, girerim bir meyhaneye \u0130\u00e7erde \u00fc\u00e7 be\u015f ki\u015fi Yaln\u0131zl\u0131k \u00fc\u00e7 be\u015f ki\u015fi Bir kadeh rak\u0131 s\u00f6ylerim kendime Bir kadeh rak\u0131 daha s\u00f6ylerim kendime -S\u00f6yle be! [&hellip;]","og_url":"https:\/\/narteks.net\/index.php\/2009\/12\/07\/bu-gemi-ne-zamandir-burada\/","og_site_name":"narteks.net","article_published_time":"2009-12-07T08:38:22+00:00","og_image":[{"width":300,"height":90,"url":"https:\/\/narteks.net\/wp-content\/uploads\/narteks.png","type":"image\/png"}],"author":"Tar\u0131k","twitter_card":"summary_large_image","twitter_creator":"@narteks","twitter_site":"@narteks","twitter_misc":{"Yazan:":"Tar\u0131k","Tahmini okuma s\u00fcresi":"1 dakika"},"schema":{"@context":"https:\/\/schema.org","@graph":[{"@type":"Article","@id":"https:\/\/narteks.net\/index.php\/2009\/12\/07\/bu-gemi-ne-zamandir-burada\/#article","isPartOf":{"@id":"https:\/\/narteks.net\/index.php\/2009\/12\/07\/bu-gemi-ne-zamandir-burada\/"},"author":{"name":"Tar\u0131k","@id":"https:\/\/narteks.net\/#\/schema\/person\/61f37d9834294b72d31d274e7ed79bca"},"headline":"BU GEM\u0130 NE ZAMANDIR BURADA","datePublished":"2009-12-07T08:38:22+00:00","mainEntityOfPage":{"@id":"https:\/\/narteks.net\/index.php\/2009\/12\/07\/bu-gemi-ne-zamandir-burada\/"},"wordCount":114,"commentCount":0,"publisher":{"@id":"https:\/\/narteks.net\/#organization"},"articleSection":["Edip CANSEVER"],"inLanguage":"tr","potentialAction":[{"@type":"CommentAction","name":"Comment","target":["https:\/\/narteks.net\/index.php\/2009\/12\/07\/bu-gemi-ne-zamandir-burada\/#respond"]}]},{"@type":"WebPage","@id":"https:\/\/narteks.net\/index.php\/2009\/12\/07\/bu-gemi-ne-zamandir-burada\/","url":"https:\/\/narteks.net\/index.php\/2009\/12\/07\/bu-gemi-ne-zamandir-burada\/","name":"BU GEM\u0130 NE ZAMANDIR BURADA - narteks.net","isPartOf":{"@id":"https:\/\/narteks.net\/#website"},"datePublished":"2009-12-07T08:38:22+00:00","breadcrumb":{"@id":"https:\/\/narteks.net\/index.php\/2009\/12\/07\/bu-gemi-ne-zamandir-burada\/#breadcrumb"},"inLanguage":"tr","potentialAction":[{"@type":"ReadAction","target":["https:\/\/narteks.net\/index.php\/2009\/12\/07\/bu-gemi-ne-zamandir-burada\/"]}]},{"@type":"BreadcrumbList","@id":"https:\/\/narteks.net\/index.php\/2009\/12\/07\/bu-gemi-ne-zamandir-burada\/#breadcrumb","itemListElement":[{"@type":"ListItem","position":1,"name":"Anasayfa","item":"https:\/\/narteks.net\/"},{"@type":"ListItem","position":2,"name":"BU GEM\u0130 NE ZAMANDIR BURADA"}]},{"@type":"WebSite","@id":"https:\/\/narteks.net\/#website","url":"https:\/\/narteks.net\/","name":"narteks.net","description":"K\u00fclt\u00fcr Sanat Edebiyat Felsefe","publisher":{"@id":"https:\/\/narteks.net\/#organization"},"alternateName":"K\u00fclt\u00fcr Sanat Edebiyat Felsefe","potentialAction":[{"@type":"SearchAction","target":{"@type":"EntryPoint","urlTemplate":"https:\/\/narteks.net\/?s={search_term_string}"},"query-input":{"@type":"PropertyValueSpecification","valueRequired":true,"valueName":"search_term_string"}}],"inLanguage":"tr"},{"@type":"Organization","@id":"https:\/\/narteks.net\/#organization","name":"narteks.net","url":"https:\/\/narteks.net\/","logo":{"@type":"ImageObject","inLanguage":"tr","@id":"https:\/\/narteks.net\/#\/schema\/logo\/image\/","url":"https:\/\/narteks.net\/wp-content\/uploads\/narteks.png","contentUrl":"https:\/\/narteks.net\/wp-content\/uploads\/narteks.png","width":300,"height":90,"caption":"narteks.net"},"image":{"@id":"https:\/\/narteks.net\/#\/schema\/logo\/image\/"},"sameAs":["https:\/\/x.com\/narteks","https:\/\/instagram.com\/narteksnet"]},{"@type":"Person","@id":"https:\/\/narteks.net\/#\/schema\/person\/61f37d9834294b72d31d274e7ed79bca","name":"Tar\u0131k","image":{"@type":"ImageObject","inLanguage":"tr","@id":"https:\/\/narteks.net\/#\/schema\/person\/image\/","url":"https:\/\/secure.gravatar.com\/avatar\/50865afb55632c4ae467e0af0930f6510aa2297d8014be502a55b14f3b7550cf?s=96&d=mm&r=g","contentUrl":"https:\/\/secure.gravatar.com\/avatar\/50865afb55632c4ae467e0af0930f6510aa2297d8014be502a55b14f3b7550cf?s=96&d=mm&r=g","caption":"Tar\u0131k"},"sameAs":["http:\/\/narteks.net"],"url":"https:\/\/narteks.net\/index.php\/author\/narbak\/"}]}},"_links":{"self":[{"href":"https:\/\/narteks.net\/index.php\/wp-json\/wp\/v2\/posts\/2633","targetHints":{"allow":["GET"]}}],"collection":[{"href":"https:\/\/narteks.net\/index.php\/wp-json\/wp\/v2\/posts"}],"about":[{"href":"https:\/\/narteks.net\/index.php\/wp-json\/wp\/v2\/types\/post"}],"author":[{"embeddable":true,"href":"https:\/\/narteks.net\/index.php\/wp-json\/wp\/v2\/users\/1"}],"replies":[{"embeddable":true,"href":"https:\/\/narteks.net\/index.php\/wp-json\/wp\/v2\/comments?post=2633"}],"version-history":[{"count":0,"href":"https:\/\/narteks.net\/index.php\/wp-json\/wp\/v2\/posts\/2633\/revisions"}],"wp:attachment":[{"href":"https:\/\/narteks.net\/index.php\/wp-json\/wp\/v2\/media?parent=2633"}],"wp:term":[{"taxonomy":"category","embeddable":true,"href":"https:\/\/narteks.net\/index.php\/wp-json\/wp\/v2\/categories?post=2633"},{"taxonomy":"post_tag","embeddable":true,"href":"https:\/\/narteks.net\/index.php\/wp-json\/wp\/v2\/tags?post=2633"}],"curies":[{"name":"wp","href":"https:\/\/api.w.org\/{rel}","templated":true}]}}