{"id":2635,"date":"2009-12-07T11:39:22","date_gmt":"2009-12-07T08:39:22","guid":{"rendered":"http:\/\/localhost\/wordpress\/2009\/12\/07\/cenaze-kaldiricisi-adem\/"},"modified":"2009-12-07T11:39:22","modified_gmt":"2009-12-07T08:39:22","slug":"cenaze-kaldiricisi-adem","status":"publish","type":"post","link":"https:\/\/narteks.net\/index.php\/2009\/12\/07\/cenaze-kaldiricisi-adem\/","title":{"rendered":"CENAZE KALDIRICISI ADEM"},"content":{"rendered":"<p>\u00a0<\/p>\n<p>Bir \u00f6l\u00fc nedir ki bir \u00f6l\u00fcm nedir <br \/> Ac\u0131yla kirlenmektir, ac\u0131ya sevinmektir. <\/p>\n<p> Siz bilirsiniz, isterseniz biraz gecikiriz <br \/> Gelmesine geliriz, birazc\u0131k gecikiriz <br \/> Ne kadar gecikirsek o kadar iyiyiz <br \/> Ben o kadar iyiyim. <\/p>\n<p> Bir zamanlar hamald\u0131m, \u00e7elenk ta\u015f\u0131rd\u0131m <br \/> En g\u00fczel \u00e7i\u00e7ekleri ben s\u0131rt\u0131mda ta\u015f\u0131rd\u0131m <br \/> Caddelerden ge\u00e7erdim, b\u00fcy\u00fck vitrinlerin \u00f6n\u00fcnden <br \/> Serlerden bah\u00e7elerden g\u00fcne damlard\u0131m <br \/> Renklere kar\u0131\u015f\u0131rd\u0131m, kentin \u0131\u015f\u0131klar\u0131na <br \/> \u0130\u00e7inden soyulan bir portakal gibi <br \/> Kendi i\u00e7denizlerimi \u00f6per ok\u015fard\u0131m <br \/> S\u00fcslenmi\u015f gibi olurdum <br \/> Kokular i\u00e7inde kal\u0131rd\u0131m. <\/p>\n<p> Sonra bir g\u00fcn \u00e7a\u011f\u0131rd\u0131lar <br \/> Sonra bir g\u00fcn beni gene \u00e7a\u011f\u0131rd\u0131lar <br \/> Art\u0131k hep \u00e7a\u011f\u0131rd\u0131lar, d\u00f6rt ki\u015fi olduk <br \/> D\u00f6rt ki\u015fi gerekliydi, d\u00f6rt ki\u015fi olduk <br \/> \u00d6l\u00fcleri g\u00f6rd\u00fck, \u00f6l\u00fcler koltuktayd\u0131lar <br \/> \u00d6l\u00fcleri g\u00f6rd\u00fck \u00f6l\u00fcler yatakta <br \/> \u00d6l\u00fcler giyinik, \u00f6l\u00fcler \u00e7\u0131plak <br \/> \u0130\u015fte biz d\u00f6rt ki\u015fi buna al\u0131\u015ft\u0131k <br \/> Bizi al\u0131\u015ft\u0131rd\u0131lar. <\/p>\n<p> Omuzlar\u0131m kesik kesiktir, nas\u0131rl\u0131d\u0131r <br \/> Her zaman bir \u00f6l\u00fc vard\u0131r omuzlar\u0131mda <br \/> O kadar \u00f6l\u00fc vard\u0131r ki her yan\u0131mda benim <br \/> &#8211; \u00d6l\u00fcler i\u00e7indeyim \u00f6l\u00fcler i\u00e7indeyim &#8211; <br \/> \u00d6rne\u011fin bir bardak su i\u00e7sem bir \u00f6l\u00fc kayar \u015furamdan <br \/> Su i\u00e7meyen bir bal\u0131k gibi kayar <br \/> \u00d6l\u00fclere tak\u0131lm\u0131\u015f bir u\u00e7urtma gibiyim <br \/> Biraz \u00f6yleyim. <\/p>\n<p> Ve otel m\u00fc\u015fterileri, onlar <br \/> En inand\u0131r\u0131c\u0131 \u00f6l\u00fclerimdir benim <br \/> Her biri  \u00f6l\u00fcm\u00fc her g\u00fcn yeniden ya\u015far <br \/> Camlara yap\u0131\u015ft\u0131r\u0131lm\u0131\u015f y\u00fczler gibi <br \/> &#8211; Unutmak utanmakt\u0131r, siz bilirsiniz &#8211; <br \/> H\u00fcz\u00fcns\u00fcz, anlat\u0131ms\u0131z, so\u011fuk <br \/> Ak\u015fam\u00fcst\u00fc rengindedirler ve yorgundurlar. <\/p>\n<p> Siz daha iyi bilirsiniz, H\u0131ristiyanlar\u0131 soyarlar <br \/> \u00d6l\u00fcleri \u00e7\u0131plakt\u0131r onlar\u0131n <br \/> Ne yalan s\u00f6yleyeyim g\u00f6r\u00fcnce huylan\u0131r\u0131m <br \/> Yeni \u00f6lm\u00fc\u015f gen\u00e7 k\u0131zlar yeni do\u011fmu\u015f \u00e7ocuklara benzerler <br \/> G\u00f6r\u00fcnce huylan\u0131r\u0131m <br \/> Bunu kar\u0131ma da anlat\u0131r\u0131m, su d\u00f6k\u00fcn\u00fcr\u00fcm <br \/> Ad\u0131m m\u0131, Ademdir, iyi adam\u0131md\u0131r. <\/p>\n<p> Kar\u0131ma anlat\u0131r\u0131m ya, size de anlat\u0131r\u0131m <br \/> Bir g\u00fcn bir \u00f6l\u00fc kald\u0131rd\u0131k, A\u015fkenazlardan <br \/> Heni \u015fu Leh Yahudilerinden i\u015fte <br \/> G\u00f6zleri o kadar mavi olan, mavi bir suda y\u00fczer gibi g\u00f6vdesi <br \/> Sa\u00e7lar\u0131 t\u00fct\u00fcn renginde <br \/> Her neyse, uzatmayal\u0131m, bir de bakt\u0131k ki \u00f6l\u00fcn\u00fcn arka cebinde <br \/> Dolarlar, marklar, sterlinler <br \/> \u00d6nce payla\u015fmay\u0131 d\u00fc\u015f\u00fcnd\u00fck, yalan s\u00f6ylemeyeyim <br \/> G\u00f6t\u00fcr\u00fcp geri verdik az sonra <br \/> G\u00f6t\u00fcr\u00fcp geri verdik, y\u00fcz lira ald\u0131k <br \/> Hepsi hepsi y\u00fcz lira <br \/> Bir g\u00fcn bir \u00f6l\u00fcye as\u0131l\u0131 iki torba <br \/> Torbalar kal\u00e7alara inmi\u015f, ask\u0131lar omuzlarda <br \/> \u0130\u00e7leri alt\u0131n dolu <br \/> \u00d6l\u00fcyse bir kocakar\u0131, Ermeni <br \/> \u00c7oluk \u00e7ocu\u011fu <br \/> Elbette geri verdik alt\u0131nlar\u0131 da. <\/p>\n<p> Ve gen\u00e7 bir k\u0131z \u00f6l\u00fcs\u00fcnden ametist bir kolye \u00e7\u0131kard\u0131m <br \/> Do\u011frusu saklad\u0131m onu gizlice <br \/> Kar\u0131mdan bile saklad\u0131m, kar\u0131mdan <br \/> Niye mi saklad\u0131m, u\u011furdur diye. <\/p>\n<p> Bir kar\u0131m, iki \u00e7ocu\u011fum, d\u00f6rt ki\u015fiyiz <br \/> Kimseler bizimle konu\u015fmaz <br \/> Mahallede kahveye \u00e7\u0131kmam, anlars\u0131n\u0131z <br \/> Giderek al\u0131\u015ft\u0131m i\u00e7kiye de <br \/> Demin de s\u00f6yledim ya, iyi adam\u0131md\u0131r <br \/> Benden k\u00f6t\u00fcl\u00fck gelmez <br \/> \u0130nan\u0131r m\u0131s\u0131n\u0131z, bir g\u00fcn gene bir \u00f6l\u00fcy\u00fc kald\u0131raca\u011f\u0131z <br \/> Tam kald\u0131raca\u011f\u0131z, birden fark\u0131na vard\u0131m <br \/> Adam d\u00fcped\u00fcz ya\u015f\u0131yor <br \/> Oysa raporlar filan tamam <br \/> Buzlu\u011fa girdi mi o anda i\u015fi bitik <br \/> Ba\u015f\u0131nda miras\u00e7\u0131lar yas giysileri i\u00e7inde <br \/> Dedim ya, birden fark\u0131na vard\u0131m <br \/> Evet, o g\u00fcn bug\u00fcnd\u00fcr ya\u015f\u0131yor <br \/> Cihangir&#8217;de oturur, zengindir <br \/> Bir iki kez evine de u\u011frad\u0131m <br \/> Beni pek sevmez. <\/p>\n<p> Ne de olsa herkes biraz \u00f6l\u00fcd\u00fcr <br \/> Otel m\u00fc\u015fterileri en \u00f6nde gelir <br \/> Kendileri soyar kendilerini kendileri giydirir <br \/> B\u00fcy\u00fck kentlerin b\u00fcy\u00fck tabutlar\u0131d\u0131r oteller <br \/> Nedense i\u015fte onlar g\u00f6ky\u00fcz\u00fcne g\u00f6m\u00fcl\u00fcr. <\/p>\n<p> Bu sabah on birde bitirdim i\u015fimi <br \/> Gidip uyuyaca\u011f\u0131m <br \/> Belki de <br \/> Ya kar\u0131mla ya da <br \/> Bir ba\u015fka \u00f6l\u00fcyle yataca\u011f\u0131m.<\/p>\n<p>Edip CANSEVER<\/p>\n","protected":false},"excerpt":{"rendered":"<p>\u00a0 Bir \u00f6l\u00fc nedir ki bir \u00f6l\u00fcm nedir Ac\u0131yla kirlenmektir, ac\u0131ya sevinmektir. Siz bilirsiniz, isterseniz biraz gecikiriz Gelmesine geliriz, birazc\u0131k gecikiriz Ne kadar gecikirsek o kadar iyiyiz Ben o kadar iyiyim. Bir zamanlar hamald\u0131m, \u00e7elenk ta\u015f\u0131rd\u0131m En g\u00fczel \u00e7i\u00e7ekleri ben s\u0131rt\u0131mda ta\u015f\u0131rd\u0131m Caddelerden ge\u00e7erdim, b\u00fcy\u00fck vitrinlerin \u00f6n\u00fcnden Serlerden bah\u00e7elerden g\u00fcne damlard\u0131m Renklere kar\u0131\u015f\u0131rd\u0131m, kentin \u0131\u015f\u0131klar\u0131na [&hellip;]<\/p>\n","protected":false},"author":1,"featured_media":0,"comment_status":"open","ping_status":"open","sticky":false,"template":"","format":"standard","meta":{"footnotes":""},"categories":[19],"tags":[],"class_list":{"0":"post-2635","1":"post","2":"type-post","3":"status-publish","4":"format-standard","6":"category-edip-cansever"},"yoast_head":"<!-- This site is optimized with the Yoast SEO Premium plugin v24.9 (Yoast SEO v24.9) - https:\/\/yoast.com\/wordpress\/plugins\/seo\/ -->\n<title>CENAZE KALDIRICISI ADEM - narteks.net<\/title>\n<meta name=\"robots\" content=\"index, follow, max-snippet:-1, max-image-preview:large, max-video-preview:-1\" \/>\n<link rel=\"canonical\" href=\"https:\/\/narteks.net\/index.php\/2009\/12\/07\/cenaze-kaldiricisi-adem\/\" \/>\n<meta property=\"og:locale\" content=\"tr_TR\" \/>\n<meta property=\"og:type\" content=\"article\" \/>\n<meta property=\"og:title\" content=\"CENAZE KALDIRICISI ADEM\" \/>\n<meta property=\"og:description\" content=\"\u00a0 Bir \u00f6l\u00fc nedir ki bir \u00f6l\u00fcm nedir Ac\u0131yla kirlenmektir, ac\u0131ya sevinmektir. Siz bilirsiniz, isterseniz biraz gecikiriz Gelmesine geliriz, birazc\u0131k gecikiriz Ne kadar gecikirsek o kadar iyiyiz Ben o kadar iyiyim. Bir zamanlar hamald\u0131m, \u00e7elenk ta\u015f\u0131rd\u0131m En g\u00fczel \u00e7i\u00e7ekleri ben s\u0131rt\u0131mda ta\u015f\u0131rd\u0131m Caddelerden ge\u00e7erdim, b\u00fcy\u00fck vitrinlerin \u00f6n\u00fcnden Serlerden bah\u00e7elerden g\u00fcne damlard\u0131m Renklere kar\u0131\u015f\u0131rd\u0131m, kentin \u0131\u015f\u0131klar\u0131na [&hellip;]\" \/>\n<meta property=\"og:url\" content=\"https:\/\/narteks.net\/index.php\/2009\/12\/07\/cenaze-kaldiricisi-adem\/\" \/>\n<meta property=\"og:site_name\" content=\"narteks.net\" \/>\n<meta property=\"article:published_time\" content=\"2009-12-07T08:39:22+00:00\" \/>\n<meta property=\"og:image\" content=\"https:\/\/narteks.net\/wp-content\/uploads\/narteks.png\" \/>\n\t<meta property=\"og:image:width\" content=\"300\" \/>\n\t<meta property=\"og:image:height\" content=\"90\" \/>\n\t<meta property=\"og:image:type\" content=\"image\/png\" \/>\n<meta name=\"author\" content=\"Tar\u0131k\" \/>\n<meta name=\"twitter:card\" content=\"summary_large_image\" \/>\n<meta name=\"twitter:creator\" content=\"@narteks\" \/>\n<meta name=\"twitter:site\" content=\"@narteks\" \/>\n<meta name=\"twitter:label1\" content=\"Yazan:\" \/>\n\t<meta name=\"twitter:data1\" content=\"Tar\u0131k\" \/>\n\t<meta name=\"twitter:label2\" content=\"Tahmini okuma s\u00fcresi\" \/>\n\t<meta name=\"twitter:data2\" content=\"4 dakika\" \/>\n<script type=\"application\/ld+json\" class=\"yoast-schema-graph\">{\"@context\":\"https:\/\/schema.org\",\"@graph\":[{\"@type\":\"Article\",\"@id\":\"https:\/\/narteks.net\/index.php\/2009\/12\/07\/cenaze-kaldiricisi-adem\/#article\",\"isPartOf\":{\"@id\":\"https:\/\/narteks.net\/index.php\/2009\/12\/07\/cenaze-kaldiricisi-adem\/\"},\"author\":{\"name\":\"Tar\u0131k\",\"@id\":\"https:\/\/narteks.net\/#\/schema\/person\/61f37d9834294b72d31d274e7ed79bca\"},\"headline\":\"CENAZE KALDIRICISI ADEM\",\"datePublished\":\"2009-12-07T08:39:22+00:00\",\"mainEntityOfPage\":{\"@id\":\"https:\/\/narteks.net\/index.php\/2009\/12\/07\/cenaze-kaldiricisi-adem\/\"},\"wordCount\":711,\"commentCount\":0,\"publisher\":{\"@id\":\"https:\/\/narteks.net\/#organization\"},\"articleSection\":[\"Edip CANSEVER\"],\"inLanguage\":\"tr\",\"potentialAction\":[{\"@type\":\"CommentAction\",\"name\":\"Comment\",\"target\":[\"https:\/\/narteks.net\/index.php\/2009\/12\/07\/cenaze-kaldiricisi-adem\/#respond\"]}]},{\"@type\":\"WebPage\",\"@id\":\"https:\/\/narteks.net\/index.php\/2009\/12\/07\/cenaze-kaldiricisi-adem\/\",\"url\":\"https:\/\/narteks.net\/index.php\/2009\/12\/07\/cenaze-kaldiricisi-adem\/\",\"name\":\"CENAZE KALDIRICISI ADEM - narteks.net\",\"isPartOf\":{\"@id\":\"https:\/\/narteks.net\/#website\"},\"datePublished\":\"2009-12-07T08:39:22+00:00\",\"breadcrumb\":{\"@id\":\"https:\/\/narteks.net\/index.php\/2009\/12\/07\/cenaze-kaldiricisi-adem\/#breadcrumb\"},\"inLanguage\":\"tr\",\"potentialAction\":[{\"@type\":\"ReadAction\",\"target\":[\"https:\/\/narteks.net\/index.php\/2009\/12\/07\/cenaze-kaldiricisi-adem\/\"]}]},{\"@type\":\"BreadcrumbList\",\"@id\":\"https:\/\/narteks.net\/index.php\/2009\/12\/07\/cenaze-kaldiricisi-adem\/#breadcrumb\",\"itemListElement\":[{\"@type\":\"ListItem\",\"position\":1,\"name\":\"Anasayfa\",\"item\":\"https:\/\/narteks.net\/\"},{\"@type\":\"ListItem\",\"position\":2,\"name\":\"CENAZE KALDIRICISI ADEM\"}]},{\"@type\":\"WebSite\",\"@id\":\"https:\/\/narteks.net\/#website\",\"url\":\"https:\/\/narteks.net\/\",\"name\":\"narteks.net\",\"description\":\"K\u00fclt\u00fcr Sanat Edebiyat Felsefe\",\"publisher\":{\"@id\":\"https:\/\/narteks.net\/#organization\"},\"alternateName\":\"K\u00fclt\u00fcr Sanat Edebiyat Felsefe\",\"potentialAction\":[{\"@type\":\"SearchAction\",\"target\":{\"@type\":\"EntryPoint\",\"urlTemplate\":\"https:\/\/narteks.net\/?s={search_term_string}\"},\"query-input\":{\"@type\":\"PropertyValueSpecification\",\"valueRequired\":true,\"valueName\":\"search_term_string\"}}],\"inLanguage\":\"tr\"},{\"@type\":\"Organization\",\"@id\":\"https:\/\/narteks.net\/#organization\",\"name\":\"narteks.net\",\"url\":\"https:\/\/narteks.net\/\",\"logo\":{\"@type\":\"ImageObject\",\"inLanguage\":\"tr\",\"@id\":\"https:\/\/narteks.net\/#\/schema\/logo\/image\/\",\"url\":\"https:\/\/narteks.net\/wp-content\/uploads\/narteks.png\",\"contentUrl\":\"https:\/\/narteks.net\/wp-content\/uploads\/narteks.png\",\"width\":300,\"height\":90,\"caption\":\"narteks.net\"},\"image\":{\"@id\":\"https:\/\/narteks.net\/#\/schema\/logo\/image\/\"},\"sameAs\":[\"https:\/\/x.com\/narteks\",\"https:\/\/instagram.com\/narteksnet\"]},{\"@type\":\"Person\",\"@id\":\"https:\/\/narteks.net\/#\/schema\/person\/61f37d9834294b72d31d274e7ed79bca\",\"name\":\"Tar\u0131k\",\"image\":{\"@type\":\"ImageObject\",\"inLanguage\":\"tr\",\"@id\":\"https:\/\/narteks.net\/#\/schema\/person\/image\/\",\"url\":\"https:\/\/secure.gravatar.com\/avatar\/50865afb55632c4ae467e0af0930f6510aa2297d8014be502a55b14f3b7550cf?s=96&d=mm&r=g\",\"contentUrl\":\"https:\/\/secure.gravatar.com\/avatar\/50865afb55632c4ae467e0af0930f6510aa2297d8014be502a55b14f3b7550cf?s=96&d=mm&r=g\",\"caption\":\"Tar\u0131k\"},\"sameAs\":[\"http:\/\/narteks.net\"],\"url\":\"https:\/\/narteks.net\/index.php\/author\/narbak\/\"}]}<\/script>\n<!-- \/ Yoast SEO Premium plugin. -->","yoast_head_json":{"title":"CENAZE KALDIRICISI ADEM - narteks.net","robots":{"index":"index","follow":"follow","max-snippet":"max-snippet:-1","max-image-preview":"max-image-preview:large","max-video-preview":"max-video-preview:-1"},"canonical":"https:\/\/narteks.net\/index.php\/2009\/12\/07\/cenaze-kaldiricisi-adem\/","og_locale":"tr_TR","og_type":"article","og_title":"CENAZE KALDIRICISI ADEM","og_description":"\u00a0 Bir \u00f6l\u00fc nedir ki bir \u00f6l\u00fcm nedir Ac\u0131yla kirlenmektir, ac\u0131ya sevinmektir. Siz bilirsiniz, isterseniz biraz gecikiriz Gelmesine geliriz, birazc\u0131k gecikiriz Ne kadar gecikirsek o kadar iyiyiz Ben o kadar iyiyim. Bir zamanlar hamald\u0131m, \u00e7elenk ta\u015f\u0131rd\u0131m En g\u00fczel \u00e7i\u00e7ekleri ben s\u0131rt\u0131mda ta\u015f\u0131rd\u0131m Caddelerden ge\u00e7erdim, b\u00fcy\u00fck vitrinlerin \u00f6n\u00fcnden Serlerden bah\u00e7elerden g\u00fcne damlard\u0131m Renklere kar\u0131\u015f\u0131rd\u0131m, kentin \u0131\u015f\u0131klar\u0131na [&hellip;]","og_url":"https:\/\/narteks.net\/index.php\/2009\/12\/07\/cenaze-kaldiricisi-adem\/","og_site_name":"narteks.net","article_published_time":"2009-12-07T08:39:22+00:00","og_image":[{"width":300,"height":90,"url":"https:\/\/narteks.net\/wp-content\/uploads\/narteks.png","type":"image\/png"}],"author":"Tar\u0131k","twitter_card":"summary_large_image","twitter_creator":"@narteks","twitter_site":"@narteks","twitter_misc":{"Yazan:":"Tar\u0131k","Tahmini okuma s\u00fcresi":"4 dakika"},"schema":{"@context":"https:\/\/schema.org","@graph":[{"@type":"Article","@id":"https:\/\/narteks.net\/index.php\/2009\/12\/07\/cenaze-kaldiricisi-adem\/#article","isPartOf":{"@id":"https:\/\/narteks.net\/index.php\/2009\/12\/07\/cenaze-kaldiricisi-adem\/"},"author":{"name":"Tar\u0131k","@id":"https:\/\/narteks.net\/#\/schema\/person\/61f37d9834294b72d31d274e7ed79bca"},"headline":"CENAZE KALDIRICISI ADEM","datePublished":"2009-12-07T08:39:22+00:00","mainEntityOfPage":{"@id":"https:\/\/narteks.net\/index.php\/2009\/12\/07\/cenaze-kaldiricisi-adem\/"},"wordCount":711,"commentCount":0,"publisher":{"@id":"https:\/\/narteks.net\/#organization"},"articleSection":["Edip CANSEVER"],"inLanguage":"tr","potentialAction":[{"@type":"CommentAction","name":"Comment","target":["https:\/\/narteks.net\/index.php\/2009\/12\/07\/cenaze-kaldiricisi-adem\/#respond"]}]},{"@type":"WebPage","@id":"https:\/\/narteks.net\/index.php\/2009\/12\/07\/cenaze-kaldiricisi-adem\/","url":"https:\/\/narteks.net\/index.php\/2009\/12\/07\/cenaze-kaldiricisi-adem\/","name":"CENAZE KALDIRICISI ADEM - narteks.net","isPartOf":{"@id":"https:\/\/narteks.net\/#website"},"datePublished":"2009-12-07T08:39:22+00:00","breadcrumb":{"@id":"https:\/\/narteks.net\/index.php\/2009\/12\/07\/cenaze-kaldiricisi-adem\/#breadcrumb"},"inLanguage":"tr","potentialAction":[{"@type":"ReadAction","target":["https:\/\/narteks.net\/index.php\/2009\/12\/07\/cenaze-kaldiricisi-adem\/"]}]},{"@type":"BreadcrumbList","@id":"https:\/\/narteks.net\/index.php\/2009\/12\/07\/cenaze-kaldiricisi-adem\/#breadcrumb","itemListElement":[{"@type":"ListItem","position":1,"name":"Anasayfa","item":"https:\/\/narteks.net\/"},{"@type":"ListItem","position":2,"name":"CENAZE KALDIRICISI ADEM"}]},{"@type":"WebSite","@id":"https:\/\/narteks.net\/#website","url":"https:\/\/narteks.net\/","name":"narteks.net","description":"K\u00fclt\u00fcr Sanat Edebiyat Felsefe","publisher":{"@id":"https:\/\/narteks.net\/#organization"},"alternateName":"K\u00fclt\u00fcr Sanat Edebiyat Felsefe","potentialAction":[{"@type":"SearchAction","target":{"@type":"EntryPoint","urlTemplate":"https:\/\/narteks.net\/?s={search_term_string}"},"query-input":{"@type":"PropertyValueSpecification","valueRequired":true,"valueName":"search_term_string"}}],"inLanguage":"tr"},{"@type":"Organization","@id":"https:\/\/narteks.net\/#organization","name":"narteks.net","url":"https:\/\/narteks.net\/","logo":{"@type":"ImageObject","inLanguage":"tr","@id":"https:\/\/narteks.net\/#\/schema\/logo\/image\/","url":"https:\/\/narteks.net\/wp-content\/uploads\/narteks.png","contentUrl":"https:\/\/narteks.net\/wp-content\/uploads\/narteks.png","width":300,"height":90,"caption":"narteks.net"},"image":{"@id":"https:\/\/narteks.net\/#\/schema\/logo\/image\/"},"sameAs":["https:\/\/x.com\/narteks","https:\/\/instagram.com\/narteksnet"]},{"@type":"Person","@id":"https:\/\/narteks.net\/#\/schema\/person\/61f37d9834294b72d31d274e7ed79bca","name":"Tar\u0131k","image":{"@type":"ImageObject","inLanguage":"tr","@id":"https:\/\/narteks.net\/#\/schema\/person\/image\/","url":"https:\/\/secure.gravatar.com\/avatar\/50865afb55632c4ae467e0af0930f6510aa2297d8014be502a55b14f3b7550cf?s=96&d=mm&r=g","contentUrl":"https:\/\/secure.gravatar.com\/avatar\/50865afb55632c4ae467e0af0930f6510aa2297d8014be502a55b14f3b7550cf?s=96&d=mm&r=g","caption":"Tar\u0131k"},"sameAs":["http:\/\/narteks.net"],"url":"https:\/\/narteks.net\/index.php\/author\/narbak\/"}]}},"_links":{"self":[{"href":"https:\/\/narteks.net\/index.php\/wp-json\/wp\/v2\/posts\/2635","targetHints":{"allow":["GET"]}}],"collection":[{"href":"https:\/\/narteks.net\/index.php\/wp-json\/wp\/v2\/posts"}],"about":[{"href":"https:\/\/narteks.net\/index.php\/wp-json\/wp\/v2\/types\/post"}],"author":[{"embeddable":true,"href":"https:\/\/narteks.net\/index.php\/wp-json\/wp\/v2\/users\/1"}],"replies":[{"embeddable":true,"href":"https:\/\/narteks.net\/index.php\/wp-json\/wp\/v2\/comments?post=2635"}],"version-history":[{"count":0,"href":"https:\/\/narteks.net\/index.php\/wp-json\/wp\/v2\/posts\/2635\/revisions"}],"wp:attachment":[{"href":"https:\/\/narteks.net\/index.php\/wp-json\/wp\/v2\/media?parent=2635"}],"wp:term":[{"taxonomy":"category","embeddable":true,"href":"https:\/\/narteks.net\/index.php\/wp-json\/wp\/v2\/categories?post=2635"},{"taxonomy":"post_tag","embeddable":true,"href":"https:\/\/narteks.net\/index.php\/wp-json\/wp\/v2\/tags?post=2635"}],"curies":[{"name":"wp","href":"https:\/\/api.w.org\/{rel}","templated":true}]}}