{"id":2698,"date":"2009-12-07T12:18:13","date_gmt":"2009-12-07T09:18:13","guid":{"rendered":"http:\/\/localhost\/wordpress\/2009\/12\/07\/ruhi-bey-ve-limonluktaki-yangin\/"},"modified":"2009-12-07T12:18:13","modified_gmt":"2009-12-07T09:18:13","slug":"ruhi-bey-ve-limonluktaki-yangin","status":"publish","type":"post","link":"https:\/\/narteks.net\/index.php\/2009\/12\/07\/ruhi-bey-ve-limonluktaki-yangin\/","title":{"rendered":"RUH\u0130 BEY VE L\u0130MONLUKTAK\u0130 YANGIN"},"content":{"rendered":"<p>\u00a0<\/p>\n<p>Niye imal\u0131 \u00f6yleyse <br \/> A\u015fk mutlu bir s\u00fcrg\u00fcnl\u00fckse. <\/p>\n<p> \u00dcvey annemdi benim, ben sar\u0131\u015f\u0131nd\u0131m <br \/> On alt\u0131 ya\u015f\u0131ndayd\u0131m, sar\u0131\u015f\u0131nd\u0131m <br \/> Bulan\u0131k \u00e7\u0131km\u0131\u015f foto\u011fraflar gibiydim, g\u00f6r\u00fcn\u00fcms\u00fcz <br \/> Yaln\u0131zd\u0131m, kar\u0131\u015f\u0131kt\u0131m <br \/> Beni tan\u0131yan kimseler yoktu <br \/> Hi\u00e7 yoktu <br \/> \u0130\u00e7ime kapan\u0131kt\u0131m <br \/> B\u00fcy\u00fck a\u011fa\u00e7lar\u0131n alt\u0131nda <br \/> Havuzun k\u0131r\u0131k ta\u015flar\u0131 aras\u0131nda <br \/> Bilmezdim mutluluk nedir <br \/> Bilemezdim <br \/> Al\u0131p ba\u015f\u0131m\u0131 gitmek isterdim <br \/> \u0130sterdim ama, kal\u0131rd\u0131m <\/p>\n<p> Sanki kar ya\u011f\u0131\u015flar\u0131n\u0131n ard\u0131ndan <br \/> Uzun s\u00fcren kar ya\u011f\u0131\u015flar\u0131n\u0131n ard\u0131ndan <br \/> Sevimsiz bir lunaparkta <br \/> Kimsesiz bir atl\u0131kar\u0131ncayd\u0131m. <\/p>\n<p> Bir limonlu\u011fumuz vard\u0131, \u00f6\u011fle saatlerinde <br \/> Bazen o limonlukta uyurdum <br \/> Kar\u0131\u015f\u0131k d\u00fc\u015fler g\u00f6r\u00fcrd\u00fcm <br \/> Yaln\u0131zl\u0131k? <br \/> O bir ba\u015f\u0131na kal\u0131rd\u0131, ben bir ba\u015f\u0131ma kal\u0131rd\u0131m <br \/> Sanki hi\u00e7 t\u00fcketilmeyen bir otob\u00fcs dura\u011f\u0131 <br \/> Gibi kal\u0131rd\u0131m <br \/> Bir g\u00fcn <br \/> \u0130\u00e7eri girdi, uyan\u0131kt\u0131m <br \/> Yar\u0131 uzanm\u0131\u015ft\u0131m, uyan\u0131kt\u0131m <br \/> Bir \u00fc\u015f\u00fcm\u00fc\u015fl\u00fc\u011f\u00fc tutuyordum y\u00fcz\u00fcmde, uyan\u0131kt\u0131m <br \/> Dudaklar\u0131 aral\u0131kt\u0131, ben uyan\u0131kt\u0131m <br \/> \u00d6yle bir s\u00fcre durdu, bakt\u0131 <br \/> O bakt\u0131 ben de bakt\u0131m <br \/> Yan\u0131ma usulca uzand\u0131 <br \/> Uzand\u0131\u011f\u0131n\u0131 g\u00f6rmedim, ama uzand\u0131 <br \/> Da\u011f\u0131ld\u0131, u\u00e7u\u015ftu, bir g\u00fcl\u00fc\u015f gibi uzand\u0131 <br \/> \u00d6nce \u015fa\u015f\u0131rd\u0131m <br \/> \u00d6nce hi\u00e7 k\u0131m\u0131ldamad\u0131m <br \/> &#8211; Yaln\u0131zl\u0131k biraz azald\u0131 &#8211; <br \/> Sa\u00e7lar\u0131m\u0131 sevdi, hi\u00e7 k\u0131m\u0131ldamad\u0131m <br \/> Bir bi\u00e7im de\u011fildim sanki, bir nesne, bir \u015fey de\u011fildim <br \/> Biraz utand\u0131m <br \/> Sokuldu bana iyice, bana sar\u0131ld\u0131 <br \/> Dudaklar\u0131m\u0131 ald\u0131, dudaklar\u0131m\u0131 ta\u015f\u0131rd\u0131 <br \/> K\u00f6p\u00fcren s\u00fctler gibi ta\u015f\u0131rd\u0131 <br \/> K\u00f6p\u00fckler i\u00e7inde kald\u0131m <br \/> &#8211; Mevsim her zamanki gibi yazd\u0131 &#8211; <br \/> Birden beyaz bacaklar\u0131n\u0131 g\u00f6rd\u00fcm <br \/> Sonra her \u015feyi g\u00f6rd\u00fcm <br \/> O her \u015feyi ben ilk defa g\u00f6rd\u00fcm <br \/> Ses \u00e7\u0131karmad\u0131m <br \/> Ses \u00e7\u0131karmad\u0131m, k\u00f6p\u00fcren s\u00fctler gibiydik <br \/> Beni yeniden \u00f6pt\u00fc, \u00fcst\u00fcne \u00e7ekti beni <br \/> K\u00f6p\u00fcren s\u00fctler gibiydik <br \/> Limonlar beyazland\u0131 <br \/> Bir limondan ba\u015fka bir limona ge\u00e7tik <br \/> Bir limondan ba\u015fka bir limona ge\u00e7tim <br \/> G\u00f6zlerim s\u00fct gibiydi, say\u0131s\u0131z g\u00f6zlerim vard\u0131 <br \/> \u0130lk defa vard\u0131 <br \/> Upuzun s\u00fcrd\u00fc, k\u0131sac\u0131k s\u00fcrd\u00fc <br \/> Beni b\u0131rakt\u0131 <br \/> Aya\u011fa kalkt\u0131, sa\u00e7lar\u0131n\u0131 d\u00fczeltti <br \/> S\u00fct dindi <br \/> Ama ben kald\u0131m <br \/> \u00c7oraklar, \u00e7\u00f6ller, tuzlu denizler gibi kald\u0131m <br \/> O g\u00f6zlerini dikti bana <br \/> &#8211; Ben suyun yanmas\u0131 gibi tuzda &#8211; <br \/> Anlams\u0131z, uzun <br \/> Gizli, korunakl\u0131 <br \/> Y\u00fcz\u00fcyle itermi\u015f gibi ilk defa g\u00f6rd\u00fc\u011f\u00fc bir yarat\u0131\u011f\u0131 <br \/> Y\u0131llarca, ama y\u0131llarca <br \/> Bakt\u0131 bakt\u0131 bakt\u0131. <\/p>\n<p> Kimseye bir \u015fey s\u00f6ylemedim <br \/> Ama bir daha gelmedi <br \/> Ne sevgi, ne nefret, ne \u00f6nceleri bir \u015fey duymad\u0131m <br \/> Sadece gelsin istedim <br \/> Uyan\u0131k bekledim <br \/> Gelsin istedim <br \/> Ama bir daha gelmedi. <\/p>\n<p> Anlad\u0131m neden sonra <br \/> Anlad\u0131m k\u00f6t\u00fcl\u00fck olsun diye geldi\u011fini limonlu\u011fa <br \/> O bembeyaz di\u015fleriyle yoktu, ben vard\u0131m <br \/> \u00dc\u00e7 g\u00fcnd\u00fcz daha ge\u00e7ti, ben vard\u0131m <br \/> On g\u00fcn daha ge\u00e7ti, sonra ben g\u00fcnleri unuttum <br \/> &#8211; Unutmak ben b\u00fcy\u00fcd\u00fck\u00e7e o benim \u00e7ocuklu\u011fum &#8211; <br \/> O yoktu <br \/> Beni uyard\u0131, beni yaln\u0131z b\u0131rakt\u0131, anlad\u0131m <br \/> \u00c7ocukken vururdu, kanat\u0131rd\u0131, ezerdi <br \/> Bu kez de <br \/> Anlad\u0131m severekten <br \/> Ok\u015fayaraktan yapmak istedi ayn\u0131 \u015feyi. <\/p>\n<p> \u00dcvey annemdi, ben sar\u0131\u015f\u0131nd\u0131m <br \/> O da sar\u0131\u015f\u0131nd\u0131 <br \/> Beni uyard\u0131, beni yaln\u0131z b\u0131rakt\u0131 <\/p>\n<p> (A\u00e7\u0131k sa\u00e7\u0131k giyinirdi, pek anlamazd\u0131m <br \/> Dudaklar\u0131n\u0131 \u0131slak tutard\u0131, pek anlamazd\u0131m <br \/> \u015eehvetle aralard\u0131, bembeyaz di\u015flerini g\u00f6r\u00fcrd\u00fcm <br \/> Bembeyaz di\u015flerini g\u00f6r\u00fcrd\u00fcm <br \/> Bembeyaz <br \/> Kal\u00e7alar\u0131n\u0131 ok\u015fayaraktan tutard\u0131.) <\/p>\n<p> O g\u00fcnden sonrad\u0131r ki iyi tan\u0131d\u0131m ben kan\u0131. <\/p>\n<p> Bir gece uykudayd\u0131 b\u00fct\u00fcn konak <br \/> Gizlice bah\u00e7eye \u00e7\u0131kt\u0131m <br \/> Yaral\u0131 bir hayvan gibi s\u00fcr\u00fcnerekten <br \/> Sokuldum limonlu\u011fa usul usul <br \/> D\u00f6kt\u00fcm bir \u015fi\u015fe gaz\u0131 ve limonlu\u011fu yakt\u0131m.<\/p>\n<p>Edip CANSEVER<\/p>\n","protected":false},"excerpt":{"rendered":"<p>\u00a0 Niye imal\u0131 \u00f6yleyse A\u015fk mutlu bir s\u00fcrg\u00fcnl\u00fckse. \u00dcvey annemdi benim, ben sar\u0131\u015f\u0131nd\u0131m On alt\u0131 ya\u015f\u0131ndayd\u0131m, sar\u0131\u015f\u0131nd\u0131m Bulan\u0131k \u00e7\u0131km\u0131\u015f foto\u011fraflar gibiydim, g\u00f6r\u00fcn\u00fcms\u00fcz Yaln\u0131zd\u0131m, kar\u0131\u015f\u0131kt\u0131m Beni tan\u0131yan kimseler yoktu Hi\u00e7 yoktu \u0130\u00e7ime kapan\u0131kt\u0131m B\u00fcy\u00fck a\u011fa\u00e7lar\u0131n alt\u0131nda Havuzun k\u0131r\u0131k ta\u015flar\u0131 aras\u0131nda Bilmezdim mutluluk nedir Bilemezdim Al\u0131p ba\u015f\u0131m\u0131 gitmek isterdim \u0130sterdim ama, kal\u0131rd\u0131m Sanki kar ya\u011f\u0131\u015flar\u0131n\u0131n ard\u0131ndan Uzun [&hellip;]<\/p>\n","protected":false},"author":1,"featured_media":0,"comment_status":"open","ping_status":"open","sticky":false,"template":"","format":"standard","meta":{"footnotes":""},"categories":[19],"tags":[],"class_list":{"0":"post-2698","1":"post","2":"type-post","3":"status-publish","4":"format-standard","6":"category-edip-cansever"},"yoast_head":"<!-- This site is optimized with the Yoast SEO Premium plugin v24.9 (Yoast SEO v24.9) - https:\/\/yoast.com\/wordpress\/plugins\/seo\/ -->\n<title>RUH\u0130 BEY VE L\u0130MONLUKTAK\u0130 YANGIN - narteks.net<\/title>\n<meta name=\"robots\" content=\"index, follow, max-snippet:-1, max-image-preview:large, max-video-preview:-1\" \/>\n<link rel=\"canonical\" href=\"https:\/\/narteks.net\/index.php\/2009\/12\/07\/ruhi-bey-ve-limonluktaki-yangin\/\" \/>\n<meta property=\"og:locale\" content=\"tr_TR\" \/>\n<meta property=\"og:type\" content=\"article\" \/>\n<meta property=\"og:title\" content=\"RUH\u0130 BEY VE L\u0130MONLUKTAK\u0130 YANGIN\" \/>\n<meta property=\"og:description\" content=\"\u00a0 Niye imal\u0131 \u00f6yleyse A\u015fk mutlu bir s\u00fcrg\u00fcnl\u00fckse. \u00dcvey annemdi benim, ben sar\u0131\u015f\u0131nd\u0131m On alt\u0131 ya\u015f\u0131ndayd\u0131m, sar\u0131\u015f\u0131nd\u0131m Bulan\u0131k \u00e7\u0131km\u0131\u015f foto\u011fraflar gibiydim, g\u00f6r\u00fcn\u00fcms\u00fcz Yaln\u0131zd\u0131m, kar\u0131\u015f\u0131kt\u0131m Beni tan\u0131yan kimseler yoktu Hi\u00e7 yoktu \u0130\u00e7ime kapan\u0131kt\u0131m B\u00fcy\u00fck a\u011fa\u00e7lar\u0131n alt\u0131nda Havuzun k\u0131r\u0131k ta\u015flar\u0131 aras\u0131nda Bilmezdim mutluluk nedir Bilemezdim Al\u0131p ba\u015f\u0131m\u0131 gitmek isterdim \u0130sterdim ama, kal\u0131rd\u0131m Sanki kar ya\u011f\u0131\u015flar\u0131n\u0131n ard\u0131ndan Uzun [&hellip;]\" \/>\n<meta property=\"og:url\" content=\"https:\/\/narteks.net\/index.php\/2009\/12\/07\/ruhi-bey-ve-limonluktaki-yangin\/\" \/>\n<meta property=\"og:site_name\" content=\"narteks.net\" \/>\n<meta property=\"article:published_time\" content=\"2009-12-07T09:18:13+00:00\" \/>\n<meta property=\"og:image\" content=\"https:\/\/narteks.net\/wp-content\/uploads\/narteks.png\" \/>\n\t<meta property=\"og:image:width\" content=\"300\" \/>\n\t<meta property=\"og:image:height\" content=\"90\" \/>\n\t<meta property=\"og:image:type\" content=\"image\/png\" \/>\n<meta name=\"author\" content=\"Tar\u0131k\" \/>\n<meta name=\"twitter:card\" content=\"summary_large_image\" \/>\n<meta name=\"twitter:creator\" content=\"@narteks\" \/>\n<meta name=\"twitter:site\" content=\"@narteks\" \/>\n<meta name=\"twitter:label1\" content=\"Yazan:\" \/>\n\t<meta name=\"twitter:data1\" content=\"Tar\u0131k\" \/>\n\t<meta name=\"twitter:label2\" content=\"Tahmini okuma s\u00fcresi\" \/>\n\t<meta name=\"twitter:data2\" content=\"3 dakika\" \/>\n<script type=\"application\/ld+json\" class=\"yoast-schema-graph\">{\"@context\":\"https:\/\/schema.org\",\"@graph\":[{\"@type\":\"Article\",\"@id\":\"https:\/\/narteks.net\/index.php\/2009\/12\/07\/ruhi-bey-ve-limonluktaki-yangin\/#article\",\"isPartOf\":{\"@id\":\"https:\/\/narteks.net\/index.php\/2009\/12\/07\/ruhi-bey-ve-limonluktaki-yangin\/\"},\"author\":{\"name\":\"Tar\u0131k\",\"@id\":\"https:\/\/narteks.net\/#\/schema\/person\/61f37d9834294b72d31d274e7ed79bca\"},\"headline\":\"RUH\u0130 BEY VE L\u0130MONLUKTAK\u0130 YANGIN\",\"datePublished\":\"2009-12-07T09:18:13+00:00\",\"mainEntityOfPage\":{\"@id\":\"https:\/\/narteks.net\/index.php\/2009\/12\/07\/ruhi-bey-ve-limonluktaki-yangin\/\"},\"wordCount\":674,\"commentCount\":0,\"publisher\":{\"@id\":\"https:\/\/narteks.net\/#organization\"},\"articleSection\":[\"Edip CANSEVER\"],\"inLanguage\":\"tr\",\"potentialAction\":[{\"@type\":\"CommentAction\",\"name\":\"Comment\",\"target\":[\"https:\/\/narteks.net\/index.php\/2009\/12\/07\/ruhi-bey-ve-limonluktaki-yangin\/#respond\"]}]},{\"@type\":\"WebPage\",\"@id\":\"https:\/\/narteks.net\/index.php\/2009\/12\/07\/ruhi-bey-ve-limonluktaki-yangin\/\",\"url\":\"https:\/\/narteks.net\/index.php\/2009\/12\/07\/ruhi-bey-ve-limonluktaki-yangin\/\",\"name\":\"RUH\u0130 BEY VE L\u0130MONLUKTAK\u0130 YANGIN - narteks.net\",\"isPartOf\":{\"@id\":\"https:\/\/narteks.net\/#website\"},\"datePublished\":\"2009-12-07T09:18:13+00:00\",\"breadcrumb\":{\"@id\":\"https:\/\/narteks.net\/index.php\/2009\/12\/07\/ruhi-bey-ve-limonluktaki-yangin\/#breadcrumb\"},\"inLanguage\":\"tr\",\"potentialAction\":[{\"@type\":\"ReadAction\",\"target\":[\"https:\/\/narteks.net\/index.php\/2009\/12\/07\/ruhi-bey-ve-limonluktaki-yangin\/\"]}]},{\"@type\":\"BreadcrumbList\",\"@id\":\"https:\/\/narteks.net\/index.php\/2009\/12\/07\/ruhi-bey-ve-limonluktaki-yangin\/#breadcrumb\",\"itemListElement\":[{\"@type\":\"ListItem\",\"position\":1,\"name\":\"Anasayfa\",\"item\":\"https:\/\/narteks.net\/\"},{\"@type\":\"ListItem\",\"position\":2,\"name\":\"RUH\u0130 BEY VE L\u0130MONLUKTAK\u0130 YANGIN\"}]},{\"@type\":\"WebSite\",\"@id\":\"https:\/\/narteks.net\/#website\",\"url\":\"https:\/\/narteks.net\/\",\"name\":\"narteks.net\",\"description\":\"K\u00fclt\u00fcr Sanat Edebiyat Felsefe\",\"publisher\":{\"@id\":\"https:\/\/narteks.net\/#organization\"},\"alternateName\":\"K\u00fclt\u00fcr Sanat Edebiyat Felsefe\",\"potentialAction\":[{\"@type\":\"SearchAction\",\"target\":{\"@type\":\"EntryPoint\",\"urlTemplate\":\"https:\/\/narteks.net\/?s={search_term_string}\"},\"query-input\":{\"@type\":\"PropertyValueSpecification\",\"valueRequired\":true,\"valueName\":\"search_term_string\"}}],\"inLanguage\":\"tr\"},{\"@type\":\"Organization\",\"@id\":\"https:\/\/narteks.net\/#organization\",\"name\":\"narteks.net\",\"url\":\"https:\/\/narteks.net\/\",\"logo\":{\"@type\":\"ImageObject\",\"inLanguage\":\"tr\",\"@id\":\"https:\/\/narteks.net\/#\/schema\/logo\/image\/\",\"url\":\"https:\/\/narteks.net\/wp-content\/uploads\/narteks.png\",\"contentUrl\":\"https:\/\/narteks.net\/wp-content\/uploads\/narteks.png\",\"width\":300,\"height\":90,\"caption\":\"narteks.net\"},\"image\":{\"@id\":\"https:\/\/narteks.net\/#\/schema\/logo\/image\/\"},\"sameAs\":[\"https:\/\/x.com\/narteks\",\"https:\/\/instagram.com\/narteksnet\"]},{\"@type\":\"Person\",\"@id\":\"https:\/\/narteks.net\/#\/schema\/person\/61f37d9834294b72d31d274e7ed79bca\",\"name\":\"Tar\u0131k\",\"image\":{\"@type\":\"ImageObject\",\"inLanguage\":\"tr\",\"@id\":\"https:\/\/narteks.net\/#\/schema\/person\/image\/\",\"url\":\"https:\/\/secure.gravatar.com\/avatar\/50865afb55632c4ae467e0af0930f6510aa2297d8014be502a55b14f3b7550cf?s=96&d=mm&r=g\",\"contentUrl\":\"https:\/\/secure.gravatar.com\/avatar\/50865afb55632c4ae467e0af0930f6510aa2297d8014be502a55b14f3b7550cf?s=96&d=mm&r=g\",\"caption\":\"Tar\u0131k\"},\"sameAs\":[\"http:\/\/narteks.net\"],\"url\":\"https:\/\/narteks.net\/index.php\/author\/narbak\/\"}]}<\/script>\n<!-- \/ Yoast SEO Premium plugin. -->","yoast_head_json":{"title":"RUH\u0130 BEY VE L\u0130MONLUKTAK\u0130 YANGIN - narteks.net","robots":{"index":"index","follow":"follow","max-snippet":"max-snippet:-1","max-image-preview":"max-image-preview:large","max-video-preview":"max-video-preview:-1"},"canonical":"https:\/\/narteks.net\/index.php\/2009\/12\/07\/ruhi-bey-ve-limonluktaki-yangin\/","og_locale":"tr_TR","og_type":"article","og_title":"RUH\u0130 BEY VE L\u0130MONLUKTAK\u0130 YANGIN","og_description":"\u00a0 Niye imal\u0131 \u00f6yleyse A\u015fk mutlu bir s\u00fcrg\u00fcnl\u00fckse. \u00dcvey annemdi benim, ben sar\u0131\u015f\u0131nd\u0131m On alt\u0131 ya\u015f\u0131ndayd\u0131m, sar\u0131\u015f\u0131nd\u0131m Bulan\u0131k \u00e7\u0131km\u0131\u015f foto\u011fraflar gibiydim, g\u00f6r\u00fcn\u00fcms\u00fcz Yaln\u0131zd\u0131m, kar\u0131\u015f\u0131kt\u0131m Beni tan\u0131yan kimseler yoktu Hi\u00e7 yoktu \u0130\u00e7ime kapan\u0131kt\u0131m B\u00fcy\u00fck a\u011fa\u00e7lar\u0131n alt\u0131nda Havuzun k\u0131r\u0131k ta\u015flar\u0131 aras\u0131nda Bilmezdim mutluluk nedir Bilemezdim Al\u0131p ba\u015f\u0131m\u0131 gitmek isterdim \u0130sterdim ama, kal\u0131rd\u0131m Sanki kar ya\u011f\u0131\u015flar\u0131n\u0131n ard\u0131ndan Uzun [&hellip;]","og_url":"https:\/\/narteks.net\/index.php\/2009\/12\/07\/ruhi-bey-ve-limonluktaki-yangin\/","og_site_name":"narteks.net","article_published_time":"2009-12-07T09:18:13+00:00","og_image":[{"width":300,"height":90,"url":"https:\/\/narteks.net\/wp-content\/uploads\/narteks.png","type":"image\/png"}],"author":"Tar\u0131k","twitter_card":"summary_large_image","twitter_creator":"@narteks","twitter_site":"@narteks","twitter_misc":{"Yazan:":"Tar\u0131k","Tahmini okuma s\u00fcresi":"3 dakika"},"schema":{"@context":"https:\/\/schema.org","@graph":[{"@type":"Article","@id":"https:\/\/narteks.net\/index.php\/2009\/12\/07\/ruhi-bey-ve-limonluktaki-yangin\/#article","isPartOf":{"@id":"https:\/\/narteks.net\/index.php\/2009\/12\/07\/ruhi-bey-ve-limonluktaki-yangin\/"},"author":{"name":"Tar\u0131k","@id":"https:\/\/narteks.net\/#\/schema\/person\/61f37d9834294b72d31d274e7ed79bca"},"headline":"RUH\u0130 BEY VE L\u0130MONLUKTAK\u0130 YANGIN","datePublished":"2009-12-07T09:18:13+00:00","mainEntityOfPage":{"@id":"https:\/\/narteks.net\/index.php\/2009\/12\/07\/ruhi-bey-ve-limonluktaki-yangin\/"},"wordCount":674,"commentCount":0,"publisher":{"@id":"https:\/\/narteks.net\/#organization"},"articleSection":["Edip CANSEVER"],"inLanguage":"tr","potentialAction":[{"@type":"CommentAction","name":"Comment","target":["https:\/\/narteks.net\/index.php\/2009\/12\/07\/ruhi-bey-ve-limonluktaki-yangin\/#respond"]}]},{"@type":"WebPage","@id":"https:\/\/narteks.net\/index.php\/2009\/12\/07\/ruhi-bey-ve-limonluktaki-yangin\/","url":"https:\/\/narteks.net\/index.php\/2009\/12\/07\/ruhi-bey-ve-limonluktaki-yangin\/","name":"RUH\u0130 BEY VE L\u0130MONLUKTAK\u0130 YANGIN - narteks.net","isPartOf":{"@id":"https:\/\/narteks.net\/#website"},"datePublished":"2009-12-07T09:18:13+00:00","breadcrumb":{"@id":"https:\/\/narteks.net\/index.php\/2009\/12\/07\/ruhi-bey-ve-limonluktaki-yangin\/#breadcrumb"},"inLanguage":"tr","potentialAction":[{"@type":"ReadAction","target":["https:\/\/narteks.net\/index.php\/2009\/12\/07\/ruhi-bey-ve-limonluktaki-yangin\/"]}]},{"@type":"BreadcrumbList","@id":"https:\/\/narteks.net\/index.php\/2009\/12\/07\/ruhi-bey-ve-limonluktaki-yangin\/#breadcrumb","itemListElement":[{"@type":"ListItem","position":1,"name":"Anasayfa","item":"https:\/\/narteks.net\/"},{"@type":"ListItem","position":2,"name":"RUH\u0130 BEY VE L\u0130MONLUKTAK\u0130 YANGIN"}]},{"@type":"WebSite","@id":"https:\/\/narteks.net\/#website","url":"https:\/\/narteks.net\/","name":"narteks.net","description":"K\u00fclt\u00fcr Sanat Edebiyat Felsefe","publisher":{"@id":"https:\/\/narteks.net\/#organization"},"alternateName":"K\u00fclt\u00fcr Sanat Edebiyat Felsefe","potentialAction":[{"@type":"SearchAction","target":{"@type":"EntryPoint","urlTemplate":"https:\/\/narteks.net\/?s={search_term_string}"},"query-input":{"@type":"PropertyValueSpecification","valueRequired":true,"valueName":"search_term_string"}}],"inLanguage":"tr"},{"@type":"Organization","@id":"https:\/\/narteks.net\/#organization","name":"narteks.net","url":"https:\/\/narteks.net\/","logo":{"@type":"ImageObject","inLanguage":"tr","@id":"https:\/\/narteks.net\/#\/schema\/logo\/image\/","url":"https:\/\/narteks.net\/wp-content\/uploads\/narteks.png","contentUrl":"https:\/\/narteks.net\/wp-content\/uploads\/narteks.png","width":300,"height":90,"caption":"narteks.net"},"image":{"@id":"https:\/\/narteks.net\/#\/schema\/logo\/image\/"},"sameAs":["https:\/\/x.com\/narteks","https:\/\/instagram.com\/narteksnet"]},{"@type":"Person","@id":"https:\/\/narteks.net\/#\/schema\/person\/61f37d9834294b72d31d274e7ed79bca","name":"Tar\u0131k","image":{"@type":"ImageObject","inLanguage":"tr","@id":"https:\/\/narteks.net\/#\/schema\/person\/image\/","url":"https:\/\/secure.gravatar.com\/avatar\/50865afb55632c4ae467e0af0930f6510aa2297d8014be502a55b14f3b7550cf?s=96&d=mm&r=g","contentUrl":"https:\/\/secure.gravatar.com\/avatar\/50865afb55632c4ae467e0af0930f6510aa2297d8014be502a55b14f3b7550cf?s=96&d=mm&r=g","caption":"Tar\u0131k"},"sameAs":["http:\/\/narteks.net"],"url":"https:\/\/narteks.net\/index.php\/author\/narbak\/"}]}},"_links":{"self":[{"href":"https:\/\/narteks.net\/index.php\/wp-json\/wp\/v2\/posts\/2698","targetHints":{"allow":["GET"]}}],"collection":[{"href":"https:\/\/narteks.net\/index.php\/wp-json\/wp\/v2\/posts"}],"about":[{"href":"https:\/\/narteks.net\/index.php\/wp-json\/wp\/v2\/types\/post"}],"author":[{"embeddable":true,"href":"https:\/\/narteks.net\/index.php\/wp-json\/wp\/v2\/users\/1"}],"replies":[{"embeddable":true,"href":"https:\/\/narteks.net\/index.php\/wp-json\/wp\/v2\/comments?post=2698"}],"version-history":[{"count":0,"href":"https:\/\/narteks.net\/index.php\/wp-json\/wp\/v2\/posts\/2698\/revisions"}],"wp:attachment":[{"href":"https:\/\/narteks.net\/index.php\/wp-json\/wp\/v2\/media?parent=2698"}],"wp:term":[{"taxonomy":"category","embeddable":true,"href":"https:\/\/narteks.net\/index.php\/wp-json\/wp\/v2\/categories?post=2698"},{"taxonomy":"post_tag","embeddable":true,"href":"https:\/\/narteks.net\/index.php\/wp-json\/wp\/v2\/tags?post=2698"}],"curies":[{"name":"wp","href":"https:\/\/api.w.org\/{rel}","templated":true}]}}