{"id":27,"date":"2009-02-27T13:24:32","date_gmt":"2009-02-27T10:24:32","guid":{"rendered":"http:\/\/localhost\/wordpress\/2009\/02\/27\/sen-gideli\/"},"modified":"2009-02-27T13:24:32","modified_gmt":"2009-02-27T10:24:32","slug":"sen-gideli","status":"publish","type":"post","link":"https:\/\/narteks.net\/index.php\/2009\/02\/27\/sen-gideli\/","title":{"rendered":"SEN GIDELI"},"content":{"rendered":"<p>\u00a0<\/p>\n<p><span>Hani saz \u00e7al\u0131n\u0131rd\u0131 \u00f6l\u00fcm <br \/> T\u00fcrk\u00fcler s\u00f6ylenirdi kan <br \/> Sen gideli ka\u00e7 mevsim <br \/> Ka\u00e7 y\u0131l ge\u00e7ti aradan <br \/> \u015eimdi rak\u0131 sofras\u0131nda <br \/> Evvel zaman diyor biri <br \/> Di\u011feri kalbur saman <br \/> Oysa hala g\u00fcn\u00fcn y\u00fcre\u011finde <br \/> Elektrik tad\u0131nda ba\u011f\u0131ran <br \/> Kara bir katrand\u0131r zaman <\/p>\n<p> O barut solu\u011fu gecelerde <br \/> Sanki hi\u00e7 y\u00fcr\u00fcnmemi\u015f gibi <br \/> Ve \u00e7\u00f6k\u00fclmemi\u015f gibi korkunun \u00fcst\u00fcne <br \/> Ya\u015fam vurulmu\u015f diyorlar <br \/> A\u015fklar susmu\u015f seninle birlikte <br \/> B\u00fct\u00fcn g\u00f6zlerde ayn\u0131 y\u0131lg\u0131nl\u0131k <br \/> Ayn\u0131 alkol ayn\u0131 bunal\u0131m <br \/> Ne bir \u00e7ocukta g\u00f6r\u00fcyorlar sabah\u0131 <br \/> Ne f\u0131\u015fk\u0131ran bir \u00e7i\u00e7ekte <\/p>\n<p> Hangi sab\u0131r demi\u015fti da\u011flar <br \/> A\u015fk demi\u015fti ya deniz <br \/> Nas\u0131l geldik bu g\u00fcnlere <br \/> Bu duyars\u0131z yerlere nas\u0131l <br \/> \u015eimdi rak\u0131 sofras\u0131nda <br \/> Evvel zaman diyor biri <br \/> Di\u011feri kalbur saman <br \/> Oysa hala her an <br \/> \u00c7\u0131r\u0131l\u00e7\u0131plakt\u0131r bir ye\u015filin <br \/> Ate\u015fte \u00e7\u0131\u011fl\u0131\u011f\u0131d\u0131r ya\u015fanan <\/span><\/p>\n<p>ADNAN Y\u00dcCEL<\/p>\n","protected":false},"excerpt":{"rendered":"<p>\u00a0 Hani saz \u00e7al\u0131n\u0131rd\u0131 \u00f6l\u00fcm T\u00fcrk\u00fcler s\u00f6ylenirdi kan Sen gideli ka\u00e7 mevsim Ka\u00e7 y\u0131l ge\u00e7ti aradan \u015eimdi rak\u0131 sofras\u0131nda Evvel zaman diyor biri Di\u011feri kalbur saman Oysa hala g\u00fcn\u00fcn y\u00fcre\u011finde Elektrik tad\u0131nda ba\u011f\u0131ran Kara bir katrand\u0131r zaman O barut solu\u011fu gecelerde Sanki hi\u00e7 y\u00fcr\u00fcnmemi\u015f gibi Ve \u00e7\u00f6k\u00fclmemi\u015f gibi korkunun \u00fcst\u00fcne Ya\u015fam vurulmu\u015f diyorlar A\u015fklar susmu\u015f [&hellip;]<\/p>\n","protected":false},"author":1,"featured_media":0,"comment_status":"open","ping_status":"open","sticky":false,"template":"","format":"standard","meta":{"footnotes":""},"categories":[3],"tags":[],"class_list":{"0":"post-27","1":"post","2":"type-post","3":"status-publish","4":"format-standard","6":"category-adnan-yucel"},"yoast_head":"<!-- This site is optimized with the Yoast SEO Premium plugin v24.9 (Yoast SEO v24.9) - https:\/\/yoast.com\/wordpress\/plugins\/seo\/ -->\n<title>SEN GIDELI - narteks.net<\/title>\n<meta name=\"robots\" content=\"index, follow, max-snippet:-1, max-image-preview:large, max-video-preview:-1\" \/>\n<link rel=\"canonical\" href=\"https:\/\/narteks.net\/index.php\/2009\/02\/27\/sen-gideli\/\" \/>\n<meta property=\"og:locale\" content=\"tr_TR\" \/>\n<meta property=\"og:type\" content=\"article\" \/>\n<meta property=\"og:title\" content=\"SEN GIDELI\" \/>\n<meta property=\"og:description\" content=\"\u00a0 Hani saz \u00e7al\u0131n\u0131rd\u0131 \u00f6l\u00fcm T\u00fcrk\u00fcler s\u00f6ylenirdi kan Sen gideli ka\u00e7 mevsim Ka\u00e7 y\u0131l ge\u00e7ti aradan \u015eimdi rak\u0131 sofras\u0131nda Evvel zaman diyor biri Di\u011feri kalbur saman Oysa hala g\u00fcn\u00fcn y\u00fcre\u011finde Elektrik tad\u0131nda ba\u011f\u0131ran Kara bir katrand\u0131r zaman O barut solu\u011fu gecelerde Sanki hi\u00e7 y\u00fcr\u00fcnmemi\u015f gibi Ve \u00e7\u00f6k\u00fclmemi\u015f gibi korkunun \u00fcst\u00fcne Ya\u015fam vurulmu\u015f diyorlar A\u015fklar susmu\u015f [&hellip;]\" \/>\n<meta property=\"og:url\" content=\"https:\/\/narteks.net\/index.php\/2009\/02\/27\/sen-gideli\/\" \/>\n<meta property=\"og:site_name\" content=\"narteks.net\" \/>\n<meta property=\"article:published_time\" content=\"2009-02-27T10:24:32+00:00\" \/>\n<meta property=\"og:image\" content=\"https:\/\/narteks.net\/wp-content\/uploads\/narteks.png\" \/>\n\t<meta property=\"og:image:width\" content=\"300\" \/>\n\t<meta property=\"og:image:height\" content=\"90\" \/>\n\t<meta property=\"og:image:type\" content=\"image\/png\" \/>\n<meta name=\"author\" content=\"Tar\u0131k\" \/>\n<meta name=\"twitter:card\" content=\"summary_large_image\" \/>\n<meta name=\"twitter:creator\" content=\"@narteks\" \/>\n<meta name=\"twitter:site\" content=\"@narteks\" \/>\n<meta name=\"twitter:label1\" content=\"Yazan:\" \/>\n\t<meta name=\"twitter:data1\" content=\"Tar\u0131k\" \/>\n\t<meta name=\"twitter:label2\" content=\"Tahmini okuma s\u00fcresi\" \/>\n\t<meta name=\"twitter:data2\" content=\"1 dakika\" \/>\n<script type=\"application\/ld+json\" class=\"yoast-schema-graph\">{\"@context\":\"https:\/\/schema.org\",\"@graph\":[{\"@type\":\"Article\",\"@id\":\"https:\/\/narteks.net\/index.php\/2009\/02\/27\/sen-gideli\/#article\",\"isPartOf\":{\"@id\":\"https:\/\/narteks.net\/index.php\/2009\/02\/27\/sen-gideli\/\"},\"author\":{\"name\":\"Tar\u0131k\",\"@id\":\"https:\/\/narteks.net\/#\/schema\/person\/61f37d9834294b72d31d274e7ed79bca\"},\"headline\":\"SEN GIDELI\",\"datePublished\":\"2009-02-27T10:24:32+00:00\",\"mainEntityOfPage\":{\"@id\":\"https:\/\/narteks.net\/index.php\/2009\/02\/27\/sen-gideli\/\"},\"wordCount\":169,\"commentCount\":0,\"publisher\":{\"@id\":\"https:\/\/narteks.net\/#organization\"},\"articleSection\":[\"Adnan Y\u00dcCEL\"],\"inLanguage\":\"tr\",\"potentialAction\":[{\"@type\":\"CommentAction\",\"name\":\"Comment\",\"target\":[\"https:\/\/narteks.net\/index.php\/2009\/02\/27\/sen-gideli\/#respond\"]}]},{\"@type\":\"WebPage\",\"@id\":\"https:\/\/narteks.net\/index.php\/2009\/02\/27\/sen-gideli\/\",\"url\":\"https:\/\/narteks.net\/index.php\/2009\/02\/27\/sen-gideli\/\",\"name\":\"SEN GIDELI - narteks.net\",\"isPartOf\":{\"@id\":\"https:\/\/narteks.net\/#website\"},\"datePublished\":\"2009-02-27T10:24:32+00:00\",\"breadcrumb\":{\"@id\":\"https:\/\/narteks.net\/index.php\/2009\/02\/27\/sen-gideli\/#breadcrumb\"},\"inLanguage\":\"tr\",\"potentialAction\":[{\"@type\":\"ReadAction\",\"target\":[\"https:\/\/narteks.net\/index.php\/2009\/02\/27\/sen-gideli\/\"]}]},{\"@type\":\"BreadcrumbList\",\"@id\":\"https:\/\/narteks.net\/index.php\/2009\/02\/27\/sen-gideli\/#breadcrumb\",\"itemListElement\":[{\"@type\":\"ListItem\",\"position\":1,\"name\":\"Anasayfa\",\"item\":\"https:\/\/narteks.net\/\"},{\"@type\":\"ListItem\",\"position\":2,\"name\":\"SEN GIDELI\"}]},{\"@type\":\"WebSite\",\"@id\":\"https:\/\/narteks.net\/#website\",\"url\":\"https:\/\/narteks.net\/\",\"name\":\"narteks.net\",\"description\":\"K\u00fclt\u00fcr Sanat Edebiyat Felsefe\",\"publisher\":{\"@id\":\"https:\/\/narteks.net\/#organization\"},\"alternateName\":\"K\u00fclt\u00fcr Sanat Edebiyat Felsefe\",\"potentialAction\":[{\"@type\":\"SearchAction\",\"target\":{\"@type\":\"EntryPoint\",\"urlTemplate\":\"https:\/\/narteks.net\/?s={search_term_string}\"},\"query-input\":{\"@type\":\"PropertyValueSpecification\",\"valueRequired\":true,\"valueName\":\"search_term_string\"}}],\"inLanguage\":\"tr\"},{\"@type\":\"Organization\",\"@id\":\"https:\/\/narteks.net\/#organization\",\"name\":\"narteks.net\",\"url\":\"https:\/\/narteks.net\/\",\"logo\":{\"@type\":\"ImageObject\",\"inLanguage\":\"tr\",\"@id\":\"https:\/\/narteks.net\/#\/schema\/logo\/image\/\",\"url\":\"https:\/\/narteks.net\/wp-content\/uploads\/narteks.png\",\"contentUrl\":\"https:\/\/narteks.net\/wp-content\/uploads\/narteks.png\",\"width\":300,\"height\":90,\"caption\":\"narteks.net\"},\"image\":{\"@id\":\"https:\/\/narteks.net\/#\/schema\/logo\/image\/\"},\"sameAs\":[\"https:\/\/x.com\/narteks\",\"https:\/\/instagram.com\/narteksnet\"]},{\"@type\":\"Person\",\"@id\":\"https:\/\/narteks.net\/#\/schema\/person\/61f37d9834294b72d31d274e7ed79bca\",\"name\":\"Tar\u0131k\",\"image\":{\"@type\":\"ImageObject\",\"inLanguage\":\"tr\",\"@id\":\"https:\/\/narteks.net\/#\/schema\/person\/image\/\",\"url\":\"https:\/\/secure.gravatar.com\/avatar\/50865afb55632c4ae467e0af0930f6510aa2297d8014be502a55b14f3b7550cf?s=96&d=mm&r=g\",\"contentUrl\":\"https:\/\/secure.gravatar.com\/avatar\/50865afb55632c4ae467e0af0930f6510aa2297d8014be502a55b14f3b7550cf?s=96&d=mm&r=g\",\"caption\":\"Tar\u0131k\"},\"sameAs\":[\"http:\/\/narteks.net\"],\"url\":\"https:\/\/narteks.net\/index.php\/author\/narbak\/\"}]}<\/script>\n<!-- \/ Yoast SEO Premium plugin. -->","yoast_head_json":{"title":"SEN GIDELI - narteks.net","robots":{"index":"index","follow":"follow","max-snippet":"max-snippet:-1","max-image-preview":"max-image-preview:large","max-video-preview":"max-video-preview:-1"},"canonical":"https:\/\/narteks.net\/index.php\/2009\/02\/27\/sen-gideli\/","og_locale":"tr_TR","og_type":"article","og_title":"SEN GIDELI","og_description":"\u00a0 Hani saz \u00e7al\u0131n\u0131rd\u0131 \u00f6l\u00fcm T\u00fcrk\u00fcler s\u00f6ylenirdi kan Sen gideli ka\u00e7 mevsim Ka\u00e7 y\u0131l ge\u00e7ti aradan \u015eimdi rak\u0131 sofras\u0131nda Evvel zaman diyor biri Di\u011feri kalbur saman Oysa hala g\u00fcn\u00fcn y\u00fcre\u011finde Elektrik tad\u0131nda ba\u011f\u0131ran Kara bir katrand\u0131r zaman O barut solu\u011fu gecelerde Sanki hi\u00e7 y\u00fcr\u00fcnmemi\u015f gibi Ve \u00e7\u00f6k\u00fclmemi\u015f gibi korkunun \u00fcst\u00fcne Ya\u015fam vurulmu\u015f diyorlar A\u015fklar susmu\u015f [&hellip;]","og_url":"https:\/\/narteks.net\/index.php\/2009\/02\/27\/sen-gideli\/","og_site_name":"narteks.net","article_published_time":"2009-02-27T10:24:32+00:00","og_image":[{"width":300,"height":90,"url":"https:\/\/narteks.net\/wp-content\/uploads\/narteks.png","type":"image\/png"}],"author":"Tar\u0131k","twitter_card":"summary_large_image","twitter_creator":"@narteks","twitter_site":"@narteks","twitter_misc":{"Yazan:":"Tar\u0131k","Tahmini okuma s\u00fcresi":"1 dakika"},"schema":{"@context":"https:\/\/schema.org","@graph":[{"@type":"Article","@id":"https:\/\/narteks.net\/index.php\/2009\/02\/27\/sen-gideli\/#article","isPartOf":{"@id":"https:\/\/narteks.net\/index.php\/2009\/02\/27\/sen-gideli\/"},"author":{"name":"Tar\u0131k","@id":"https:\/\/narteks.net\/#\/schema\/person\/61f37d9834294b72d31d274e7ed79bca"},"headline":"SEN GIDELI","datePublished":"2009-02-27T10:24:32+00:00","mainEntityOfPage":{"@id":"https:\/\/narteks.net\/index.php\/2009\/02\/27\/sen-gideli\/"},"wordCount":169,"commentCount":0,"publisher":{"@id":"https:\/\/narteks.net\/#organization"},"articleSection":["Adnan Y\u00dcCEL"],"inLanguage":"tr","potentialAction":[{"@type":"CommentAction","name":"Comment","target":["https:\/\/narteks.net\/index.php\/2009\/02\/27\/sen-gideli\/#respond"]}]},{"@type":"WebPage","@id":"https:\/\/narteks.net\/index.php\/2009\/02\/27\/sen-gideli\/","url":"https:\/\/narteks.net\/index.php\/2009\/02\/27\/sen-gideli\/","name":"SEN GIDELI - narteks.net","isPartOf":{"@id":"https:\/\/narteks.net\/#website"},"datePublished":"2009-02-27T10:24:32+00:00","breadcrumb":{"@id":"https:\/\/narteks.net\/index.php\/2009\/02\/27\/sen-gideli\/#breadcrumb"},"inLanguage":"tr","potentialAction":[{"@type":"ReadAction","target":["https:\/\/narteks.net\/index.php\/2009\/02\/27\/sen-gideli\/"]}]},{"@type":"BreadcrumbList","@id":"https:\/\/narteks.net\/index.php\/2009\/02\/27\/sen-gideli\/#breadcrumb","itemListElement":[{"@type":"ListItem","position":1,"name":"Anasayfa","item":"https:\/\/narteks.net\/"},{"@type":"ListItem","position":2,"name":"SEN GIDELI"}]},{"@type":"WebSite","@id":"https:\/\/narteks.net\/#website","url":"https:\/\/narteks.net\/","name":"narteks.net","description":"K\u00fclt\u00fcr Sanat Edebiyat Felsefe","publisher":{"@id":"https:\/\/narteks.net\/#organization"},"alternateName":"K\u00fclt\u00fcr Sanat Edebiyat Felsefe","potentialAction":[{"@type":"SearchAction","target":{"@type":"EntryPoint","urlTemplate":"https:\/\/narteks.net\/?s={search_term_string}"},"query-input":{"@type":"PropertyValueSpecification","valueRequired":true,"valueName":"search_term_string"}}],"inLanguage":"tr"},{"@type":"Organization","@id":"https:\/\/narteks.net\/#organization","name":"narteks.net","url":"https:\/\/narteks.net\/","logo":{"@type":"ImageObject","inLanguage":"tr","@id":"https:\/\/narteks.net\/#\/schema\/logo\/image\/","url":"https:\/\/narteks.net\/wp-content\/uploads\/narteks.png","contentUrl":"https:\/\/narteks.net\/wp-content\/uploads\/narteks.png","width":300,"height":90,"caption":"narteks.net"},"image":{"@id":"https:\/\/narteks.net\/#\/schema\/logo\/image\/"},"sameAs":["https:\/\/x.com\/narteks","https:\/\/instagram.com\/narteksnet"]},{"@type":"Person","@id":"https:\/\/narteks.net\/#\/schema\/person\/61f37d9834294b72d31d274e7ed79bca","name":"Tar\u0131k","image":{"@type":"ImageObject","inLanguage":"tr","@id":"https:\/\/narteks.net\/#\/schema\/person\/image\/","url":"https:\/\/secure.gravatar.com\/avatar\/50865afb55632c4ae467e0af0930f6510aa2297d8014be502a55b14f3b7550cf?s=96&d=mm&r=g","contentUrl":"https:\/\/secure.gravatar.com\/avatar\/50865afb55632c4ae467e0af0930f6510aa2297d8014be502a55b14f3b7550cf?s=96&d=mm&r=g","caption":"Tar\u0131k"},"sameAs":["http:\/\/narteks.net"],"url":"https:\/\/narteks.net\/index.php\/author\/narbak\/"}]}},"_links":{"self":[{"href":"https:\/\/narteks.net\/index.php\/wp-json\/wp\/v2\/posts\/27","targetHints":{"allow":["GET"]}}],"collection":[{"href":"https:\/\/narteks.net\/index.php\/wp-json\/wp\/v2\/posts"}],"about":[{"href":"https:\/\/narteks.net\/index.php\/wp-json\/wp\/v2\/types\/post"}],"author":[{"embeddable":true,"href":"https:\/\/narteks.net\/index.php\/wp-json\/wp\/v2\/users\/1"}],"replies":[{"embeddable":true,"href":"https:\/\/narteks.net\/index.php\/wp-json\/wp\/v2\/comments?post=27"}],"version-history":[{"count":0,"href":"https:\/\/narteks.net\/index.php\/wp-json\/wp\/v2\/posts\/27\/revisions"}],"wp:attachment":[{"href":"https:\/\/narteks.net\/index.php\/wp-json\/wp\/v2\/media?parent=27"}],"wp:term":[{"taxonomy":"category","embeddable":true,"href":"https:\/\/narteks.net\/index.php\/wp-json\/wp\/v2\/categories?post=27"},{"taxonomy":"post_tag","embeddable":true,"href":"https:\/\/narteks.net\/index.php\/wp-json\/wp\/v2\/tags?post=27"}],"curies":[{"name":"wp","href":"https:\/\/api.w.org\/{rel}","templated":true}]}}