{"id":2701,"date":"2009-12-07T12:20:03","date_gmt":"2009-12-07T09:20:03","guid":{"rendered":"http:\/\/localhost\/wordpress\/2009\/12\/07\/seni-gunlere-boldum\/"},"modified":"2009-12-07T12:20:03","modified_gmt":"2009-12-07T09:20:03","slug":"seni-gunlere-boldum","status":"publish","type":"post","link":"https:\/\/narteks.net\/index.php\/2009\/12\/07\/seni-gunlere-boldum\/","title":{"rendered":"SEN\u0130 G\u00dcNLERE B\u00d6LD\u00dcM"},"content":{"rendered":"<p>\u00a0<\/p>\n<p>Seni g\u00fcnlere b\u00f6ld\u00fcm, seni aylara <br \/> Daha y\u0131llara, y\u00fczy\u0131llara b\u00f6lece\u011fim <br \/> Ve her zaman s\u00f6yleyece\u011fim ki beni anla <br \/> B\u00f6yle eskitilmi\u015f de olsa bu kalbi <br \/> Minesi \u00e7atlam\u0131\u015f bir di\u015f gibi durduraca\u011f\u0131m kar\u015f\u0131s\u0131nda. <\/p>\n<p> \u015eiirler s\u00f6ylenir, \u015fiirler biter <br \/> Biz bu sevday\u0131 neresine saklad\u0131kt\u0131 sen ona bak da <br \/> Kahverengi avu\u00e7lar\u0131na m\u0131 g\u00f6zlerinin <br \/> Tam oradan m\u0131 kahverengi ya\u011fan bir ayd\u0131nl\u0131\u011fa. <\/p>\n<p> B\u00fct\u00fcn g\u00fcnler yenile\u015fir her bekleyi\u015fte <br \/> Ve b\u00fct\u00fcn d\u00fcnler, b\u00fct\u00fcn ge\u00e7mi\u015fler <br \/> Kap\u0131n\u0131 a\u00e7ars\u0131n ki bir de, hi\u00e7 kimseler yok <br \/> \u00c7aresiz, benim sana geli\u015fim de hep b\u00f6yle. <\/p>\n<p> D\u00fcn ak\u015fama do\u011fru turuncu bir bulut ge\u00e7ti <br \/> Sonra b\u00fct\u00fcn bulutlar hep birden ge\u00e7ti <br \/> An\u0131lar, an\u0131lar, belki hepsi bir kelime<\/p>\n<p>Edip CANSEVER<\/p>\n","protected":false},"excerpt":{"rendered":"<p>\u00a0 Seni g\u00fcnlere b\u00f6ld\u00fcm, seni aylara Daha y\u0131llara, y\u00fczy\u0131llara b\u00f6lece\u011fim Ve her zaman s\u00f6yleyece\u011fim ki beni anla B\u00f6yle eskitilmi\u015f de olsa bu kalbi Minesi \u00e7atlam\u0131\u015f bir di\u015f gibi durduraca\u011f\u0131m kar\u015f\u0131s\u0131nda. \u015eiirler s\u00f6ylenir, \u015fiirler biter Biz bu sevday\u0131 neresine saklad\u0131kt\u0131 sen ona bak da Kahverengi avu\u00e7lar\u0131na m\u0131 g\u00f6zlerinin Tam oradan m\u0131 kahverengi ya\u011fan bir ayd\u0131nl\u0131\u011fa. B\u00fct\u00fcn [&hellip;]<\/p>\n","protected":false},"author":1,"featured_media":0,"comment_status":"open","ping_status":"open","sticky":false,"template":"","format":"standard","meta":{"footnotes":""},"categories":[19],"tags":[],"class_list":{"0":"post-2701","1":"post","2":"type-post","3":"status-publish","4":"format-standard","6":"category-edip-cansever"},"yoast_head":"<!-- This site is optimized with the Yoast SEO Premium plugin v24.9 (Yoast SEO v24.9) - https:\/\/yoast.com\/wordpress\/plugins\/seo\/ -->\n<title>SEN\u0130 G\u00dcNLERE B\u00d6LD\u00dcM - narteks.net<\/title>\n<meta name=\"robots\" content=\"index, follow, max-snippet:-1, max-image-preview:large, max-video-preview:-1\" \/>\n<link rel=\"canonical\" href=\"https:\/\/narteks.net\/index.php\/2009\/12\/07\/seni-gunlere-boldum\/\" \/>\n<meta property=\"og:locale\" content=\"tr_TR\" \/>\n<meta property=\"og:type\" content=\"article\" \/>\n<meta property=\"og:title\" content=\"SEN\u0130 G\u00dcNLERE B\u00d6LD\u00dcM\" \/>\n<meta property=\"og:description\" content=\"\u00a0 Seni g\u00fcnlere b\u00f6ld\u00fcm, seni aylara Daha y\u0131llara, y\u00fczy\u0131llara b\u00f6lece\u011fim Ve her zaman s\u00f6yleyece\u011fim ki beni anla B\u00f6yle eskitilmi\u015f de olsa bu kalbi Minesi \u00e7atlam\u0131\u015f bir di\u015f gibi durduraca\u011f\u0131m kar\u015f\u0131s\u0131nda. \u015eiirler s\u00f6ylenir, \u015fiirler biter Biz bu sevday\u0131 neresine saklad\u0131kt\u0131 sen ona bak da Kahverengi avu\u00e7lar\u0131na m\u0131 g\u00f6zlerinin Tam oradan m\u0131 kahverengi ya\u011fan bir ayd\u0131nl\u0131\u011fa. B\u00fct\u00fcn [&hellip;]\" \/>\n<meta property=\"og:url\" content=\"https:\/\/narteks.net\/index.php\/2009\/12\/07\/seni-gunlere-boldum\/\" \/>\n<meta property=\"og:site_name\" content=\"narteks.net\" \/>\n<meta property=\"article:published_time\" content=\"2009-12-07T09:20:03+00:00\" \/>\n<meta property=\"og:image\" content=\"https:\/\/narteks.net\/wp-content\/uploads\/narteks.png\" \/>\n\t<meta property=\"og:image:width\" content=\"300\" \/>\n\t<meta property=\"og:image:height\" content=\"90\" \/>\n\t<meta property=\"og:image:type\" content=\"image\/png\" \/>\n<meta name=\"author\" content=\"Tar\u0131k\" \/>\n<meta name=\"twitter:card\" content=\"summary_large_image\" \/>\n<meta name=\"twitter:creator\" content=\"@narteks\" \/>\n<meta name=\"twitter:site\" content=\"@narteks\" \/>\n<meta name=\"twitter:label1\" content=\"Yazan:\" \/>\n\t<meta name=\"twitter:data1\" content=\"Tar\u0131k\" \/>\n\t<meta name=\"twitter:label2\" content=\"Tahmini okuma s\u00fcresi\" \/>\n\t<meta name=\"twitter:data2\" content=\"1 dakika\" \/>\n<script type=\"application\/ld+json\" class=\"yoast-schema-graph\">{\"@context\":\"https:\/\/schema.org\",\"@graph\":[{\"@type\":\"Article\",\"@id\":\"https:\/\/narteks.net\/index.php\/2009\/12\/07\/seni-gunlere-boldum\/#article\",\"isPartOf\":{\"@id\":\"https:\/\/narteks.net\/index.php\/2009\/12\/07\/seni-gunlere-boldum\/\"},\"author\":{\"name\":\"Tar\u0131k\",\"@id\":\"https:\/\/narteks.net\/#\/schema\/person\/61f37d9834294b72d31d274e7ed79bca\"},\"headline\":\"SEN\u0130 G\u00dcNLERE B\u00d6LD\u00dcM\",\"datePublished\":\"2009-12-07T09:20:03+00:00\",\"mainEntityOfPage\":{\"@id\":\"https:\/\/narteks.net\/index.php\/2009\/12\/07\/seni-gunlere-boldum\/\"},\"wordCount\":153,\"commentCount\":0,\"publisher\":{\"@id\":\"https:\/\/narteks.net\/#organization\"},\"articleSection\":[\"Edip CANSEVER\"],\"inLanguage\":\"tr\",\"potentialAction\":[{\"@type\":\"CommentAction\",\"name\":\"Comment\",\"target\":[\"https:\/\/narteks.net\/index.php\/2009\/12\/07\/seni-gunlere-boldum\/#respond\"]}]},{\"@type\":\"WebPage\",\"@id\":\"https:\/\/narteks.net\/index.php\/2009\/12\/07\/seni-gunlere-boldum\/\",\"url\":\"https:\/\/narteks.net\/index.php\/2009\/12\/07\/seni-gunlere-boldum\/\",\"name\":\"SEN\u0130 G\u00dcNLERE B\u00d6LD\u00dcM - narteks.net\",\"isPartOf\":{\"@id\":\"https:\/\/narteks.net\/#website\"},\"datePublished\":\"2009-12-07T09:20:03+00:00\",\"breadcrumb\":{\"@id\":\"https:\/\/narteks.net\/index.php\/2009\/12\/07\/seni-gunlere-boldum\/#breadcrumb\"},\"inLanguage\":\"tr\",\"potentialAction\":[{\"@type\":\"ReadAction\",\"target\":[\"https:\/\/narteks.net\/index.php\/2009\/12\/07\/seni-gunlere-boldum\/\"]}]},{\"@type\":\"BreadcrumbList\",\"@id\":\"https:\/\/narteks.net\/index.php\/2009\/12\/07\/seni-gunlere-boldum\/#breadcrumb\",\"itemListElement\":[{\"@type\":\"ListItem\",\"position\":1,\"name\":\"Anasayfa\",\"item\":\"https:\/\/narteks.net\/\"},{\"@type\":\"ListItem\",\"position\":2,\"name\":\"SEN\u0130 G\u00dcNLERE B\u00d6LD\u00dcM\"}]},{\"@type\":\"WebSite\",\"@id\":\"https:\/\/narteks.net\/#website\",\"url\":\"https:\/\/narteks.net\/\",\"name\":\"narteks.net\",\"description\":\"K\u00fclt\u00fcr Sanat Edebiyat Felsefe\",\"publisher\":{\"@id\":\"https:\/\/narteks.net\/#organization\"},\"alternateName\":\"K\u00fclt\u00fcr Sanat Edebiyat Felsefe\",\"potentialAction\":[{\"@type\":\"SearchAction\",\"target\":{\"@type\":\"EntryPoint\",\"urlTemplate\":\"https:\/\/narteks.net\/?s={search_term_string}\"},\"query-input\":{\"@type\":\"PropertyValueSpecification\",\"valueRequired\":true,\"valueName\":\"search_term_string\"}}],\"inLanguage\":\"tr\"},{\"@type\":\"Organization\",\"@id\":\"https:\/\/narteks.net\/#organization\",\"name\":\"narteks.net\",\"url\":\"https:\/\/narteks.net\/\",\"logo\":{\"@type\":\"ImageObject\",\"inLanguage\":\"tr\",\"@id\":\"https:\/\/narteks.net\/#\/schema\/logo\/image\/\",\"url\":\"https:\/\/narteks.net\/wp-content\/uploads\/narteks.png\",\"contentUrl\":\"https:\/\/narteks.net\/wp-content\/uploads\/narteks.png\",\"width\":300,\"height\":90,\"caption\":\"narteks.net\"},\"image\":{\"@id\":\"https:\/\/narteks.net\/#\/schema\/logo\/image\/\"},\"sameAs\":[\"https:\/\/x.com\/narteks\",\"https:\/\/instagram.com\/narteksnet\"]},{\"@type\":\"Person\",\"@id\":\"https:\/\/narteks.net\/#\/schema\/person\/61f37d9834294b72d31d274e7ed79bca\",\"name\":\"Tar\u0131k\",\"image\":{\"@type\":\"ImageObject\",\"inLanguage\":\"tr\",\"@id\":\"https:\/\/narteks.net\/#\/schema\/person\/image\/\",\"url\":\"https:\/\/secure.gravatar.com\/avatar\/50865afb55632c4ae467e0af0930f6510aa2297d8014be502a55b14f3b7550cf?s=96&d=mm&r=g\",\"contentUrl\":\"https:\/\/secure.gravatar.com\/avatar\/50865afb55632c4ae467e0af0930f6510aa2297d8014be502a55b14f3b7550cf?s=96&d=mm&r=g\",\"caption\":\"Tar\u0131k\"},\"sameAs\":[\"http:\/\/narteks.net\"],\"url\":\"https:\/\/narteks.net\/index.php\/author\/narbak\/\"}]}<\/script>\n<!-- \/ Yoast SEO Premium plugin. -->","yoast_head_json":{"title":"SEN\u0130 G\u00dcNLERE B\u00d6LD\u00dcM - narteks.net","robots":{"index":"index","follow":"follow","max-snippet":"max-snippet:-1","max-image-preview":"max-image-preview:large","max-video-preview":"max-video-preview:-1"},"canonical":"https:\/\/narteks.net\/index.php\/2009\/12\/07\/seni-gunlere-boldum\/","og_locale":"tr_TR","og_type":"article","og_title":"SEN\u0130 G\u00dcNLERE B\u00d6LD\u00dcM","og_description":"\u00a0 Seni g\u00fcnlere b\u00f6ld\u00fcm, seni aylara Daha y\u0131llara, y\u00fczy\u0131llara b\u00f6lece\u011fim Ve her zaman s\u00f6yleyece\u011fim ki beni anla B\u00f6yle eskitilmi\u015f de olsa bu kalbi Minesi \u00e7atlam\u0131\u015f bir di\u015f gibi durduraca\u011f\u0131m kar\u015f\u0131s\u0131nda. \u015eiirler s\u00f6ylenir, \u015fiirler biter Biz bu sevday\u0131 neresine saklad\u0131kt\u0131 sen ona bak da Kahverengi avu\u00e7lar\u0131na m\u0131 g\u00f6zlerinin Tam oradan m\u0131 kahverengi ya\u011fan bir ayd\u0131nl\u0131\u011fa. B\u00fct\u00fcn [&hellip;]","og_url":"https:\/\/narteks.net\/index.php\/2009\/12\/07\/seni-gunlere-boldum\/","og_site_name":"narteks.net","article_published_time":"2009-12-07T09:20:03+00:00","og_image":[{"width":300,"height":90,"url":"https:\/\/narteks.net\/wp-content\/uploads\/narteks.png","type":"image\/png"}],"author":"Tar\u0131k","twitter_card":"summary_large_image","twitter_creator":"@narteks","twitter_site":"@narteks","twitter_misc":{"Yazan:":"Tar\u0131k","Tahmini okuma s\u00fcresi":"1 dakika"},"schema":{"@context":"https:\/\/schema.org","@graph":[{"@type":"Article","@id":"https:\/\/narteks.net\/index.php\/2009\/12\/07\/seni-gunlere-boldum\/#article","isPartOf":{"@id":"https:\/\/narteks.net\/index.php\/2009\/12\/07\/seni-gunlere-boldum\/"},"author":{"name":"Tar\u0131k","@id":"https:\/\/narteks.net\/#\/schema\/person\/61f37d9834294b72d31d274e7ed79bca"},"headline":"SEN\u0130 G\u00dcNLERE B\u00d6LD\u00dcM","datePublished":"2009-12-07T09:20:03+00:00","mainEntityOfPage":{"@id":"https:\/\/narteks.net\/index.php\/2009\/12\/07\/seni-gunlere-boldum\/"},"wordCount":153,"commentCount":0,"publisher":{"@id":"https:\/\/narteks.net\/#organization"},"articleSection":["Edip CANSEVER"],"inLanguage":"tr","potentialAction":[{"@type":"CommentAction","name":"Comment","target":["https:\/\/narteks.net\/index.php\/2009\/12\/07\/seni-gunlere-boldum\/#respond"]}]},{"@type":"WebPage","@id":"https:\/\/narteks.net\/index.php\/2009\/12\/07\/seni-gunlere-boldum\/","url":"https:\/\/narteks.net\/index.php\/2009\/12\/07\/seni-gunlere-boldum\/","name":"SEN\u0130 G\u00dcNLERE B\u00d6LD\u00dcM - narteks.net","isPartOf":{"@id":"https:\/\/narteks.net\/#website"},"datePublished":"2009-12-07T09:20:03+00:00","breadcrumb":{"@id":"https:\/\/narteks.net\/index.php\/2009\/12\/07\/seni-gunlere-boldum\/#breadcrumb"},"inLanguage":"tr","potentialAction":[{"@type":"ReadAction","target":["https:\/\/narteks.net\/index.php\/2009\/12\/07\/seni-gunlere-boldum\/"]}]},{"@type":"BreadcrumbList","@id":"https:\/\/narteks.net\/index.php\/2009\/12\/07\/seni-gunlere-boldum\/#breadcrumb","itemListElement":[{"@type":"ListItem","position":1,"name":"Anasayfa","item":"https:\/\/narteks.net\/"},{"@type":"ListItem","position":2,"name":"SEN\u0130 G\u00dcNLERE B\u00d6LD\u00dcM"}]},{"@type":"WebSite","@id":"https:\/\/narteks.net\/#website","url":"https:\/\/narteks.net\/","name":"narteks.net","description":"K\u00fclt\u00fcr Sanat Edebiyat Felsefe","publisher":{"@id":"https:\/\/narteks.net\/#organization"},"alternateName":"K\u00fclt\u00fcr Sanat Edebiyat Felsefe","potentialAction":[{"@type":"SearchAction","target":{"@type":"EntryPoint","urlTemplate":"https:\/\/narteks.net\/?s={search_term_string}"},"query-input":{"@type":"PropertyValueSpecification","valueRequired":true,"valueName":"search_term_string"}}],"inLanguage":"tr"},{"@type":"Organization","@id":"https:\/\/narteks.net\/#organization","name":"narteks.net","url":"https:\/\/narteks.net\/","logo":{"@type":"ImageObject","inLanguage":"tr","@id":"https:\/\/narteks.net\/#\/schema\/logo\/image\/","url":"https:\/\/narteks.net\/wp-content\/uploads\/narteks.png","contentUrl":"https:\/\/narteks.net\/wp-content\/uploads\/narteks.png","width":300,"height":90,"caption":"narteks.net"},"image":{"@id":"https:\/\/narteks.net\/#\/schema\/logo\/image\/"},"sameAs":["https:\/\/x.com\/narteks","https:\/\/instagram.com\/narteksnet"]},{"@type":"Person","@id":"https:\/\/narteks.net\/#\/schema\/person\/61f37d9834294b72d31d274e7ed79bca","name":"Tar\u0131k","image":{"@type":"ImageObject","inLanguage":"tr","@id":"https:\/\/narteks.net\/#\/schema\/person\/image\/","url":"https:\/\/secure.gravatar.com\/avatar\/50865afb55632c4ae467e0af0930f6510aa2297d8014be502a55b14f3b7550cf?s=96&d=mm&r=g","contentUrl":"https:\/\/secure.gravatar.com\/avatar\/50865afb55632c4ae467e0af0930f6510aa2297d8014be502a55b14f3b7550cf?s=96&d=mm&r=g","caption":"Tar\u0131k"},"sameAs":["http:\/\/narteks.net"],"url":"https:\/\/narteks.net\/index.php\/author\/narbak\/"}]}},"_links":{"self":[{"href":"https:\/\/narteks.net\/index.php\/wp-json\/wp\/v2\/posts\/2701","targetHints":{"allow":["GET"]}}],"collection":[{"href":"https:\/\/narteks.net\/index.php\/wp-json\/wp\/v2\/posts"}],"about":[{"href":"https:\/\/narteks.net\/index.php\/wp-json\/wp\/v2\/types\/post"}],"author":[{"embeddable":true,"href":"https:\/\/narteks.net\/index.php\/wp-json\/wp\/v2\/users\/1"}],"replies":[{"embeddable":true,"href":"https:\/\/narteks.net\/index.php\/wp-json\/wp\/v2\/comments?post=2701"}],"version-history":[{"count":0,"href":"https:\/\/narteks.net\/index.php\/wp-json\/wp\/v2\/posts\/2701\/revisions"}],"wp:attachment":[{"href":"https:\/\/narteks.net\/index.php\/wp-json\/wp\/v2\/media?parent=2701"}],"wp:term":[{"taxonomy":"category","embeddable":true,"href":"https:\/\/narteks.net\/index.php\/wp-json\/wp\/v2\/categories?post=2701"},{"taxonomy":"post_tag","embeddable":true,"href":"https:\/\/narteks.net\/index.php\/wp-json\/wp\/v2\/tags?post=2701"}],"curies":[{"name":"wp","href":"https:\/\/api.w.org\/{rel}","templated":true}]}}