{"id":2702,"date":"2009-12-07T12:20:34","date_gmt":"2009-12-07T09:20:34","guid":{"rendered":"http:\/\/localhost\/wordpress\/2009\/12\/07\/sesli-harfler\/"},"modified":"2009-12-07T12:20:34","modified_gmt":"2009-12-07T09:20:34","slug":"sesli-harfler","status":"publish","type":"post","link":"https:\/\/narteks.net\/index.php\/2009\/12\/07\/sesli-harfler\/","title":{"rendered":"SESL\u0130 HARFLER"},"content":{"rendered":"<p>\u00a0<\/p>\n<p>Sen, o benim, daha ne duruyorsun a\u015fk kelimesi <br \/> Buras\u0131 ben, gene bir sevdaya \u00e7a\u011fr\u0131ld\u0131 o yer <br \/> \u0130nanma ellerimi deniz, a\u011fz\u0131m\u0131 bulut etti\u011fime <br \/> A\u011fz\u0131m da, ellerim de d\u00fcnyaya g\u00f6re <br \/> G\u00fcn\u00fcm ayd\u0131nl\u0131kla biter. <\/p>\n<p> Tut ki ben her t\u00fcrl\u00fc g\u00f6r\u00fcnmenin apayr\u0131s\u0131 <br \/> G\u00fcn g\u00fcnden sevdaya benzer <br \/> Bir adam d\u00fc\u015f\u00fcn\u00fcrsem \u015fapkas\u0131 maviyle gelen <br \/> Bir ekmek kopar\u0131lsam i\u015fte o s\u0131ra <br \/> Benzer mi benzer sevdaya <br \/> Bir duru\u015fum var \u00e7evresi g\u00f6zlerinden. <\/p>\n<p> Sanki yan\u0131mda gezdiriyorum a\u015fk kelimesi <br \/> Uyan\u0131k, duygulu, her g\u00fcnk\u00fc yan\u0131mda <br \/> Bilmem ki ne yapsam, ne etsem bu sevinirli\u011fi <br \/> Kendimi g\u00f6rmeye parklara gidiyorum <br \/> Kiminin bana kiminin \u00e7aresizli\u011fe elleri. <\/p>\n<p> Ka\u00e7sam da bir t\u00fcrl\u00fc karanl\u0131k \u015fimdi <br \/> Ne kadar ayn\u0131 bir d\u00fcnyaday\u0131z seninle <br \/> A\u015fka, d\u00f6v\u00fc\u015fe, maviye yetmek i\u00e7in <br \/> Biriyim, cesurum, var m\u0131s\u0131n ellerime <br \/> Bir ba\u015fka sabaha kadar i\u00e7elim.<\/p>\n<p>Edip CANSEVER<\/p>\n","protected":false},"excerpt":{"rendered":"<p>\u00a0 Sen, o benim, daha ne duruyorsun a\u015fk kelimesi Buras\u0131 ben, gene bir sevdaya \u00e7a\u011fr\u0131ld\u0131 o yer \u0130nanma ellerimi deniz, a\u011fz\u0131m\u0131 bulut etti\u011fime A\u011fz\u0131m da, ellerim de d\u00fcnyaya g\u00f6re G\u00fcn\u00fcm ayd\u0131nl\u0131kla biter. Tut ki ben her t\u00fcrl\u00fc g\u00f6r\u00fcnmenin apayr\u0131s\u0131 G\u00fcn g\u00fcnden sevdaya benzer Bir adam d\u00fc\u015f\u00fcn\u00fcrsem \u015fapkas\u0131 maviyle gelen Bir ekmek kopar\u0131lsam i\u015fte o s\u0131ra [&hellip;]<\/p>\n","protected":false},"author":1,"featured_media":0,"comment_status":"open","ping_status":"open","sticky":false,"template":"","format":"standard","meta":{"footnotes":""},"categories":[19],"tags":[],"class_list":{"0":"post-2702","1":"post","2":"type-post","3":"status-publish","4":"format-standard","6":"category-edip-cansever"},"yoast_head":"<!-- This site is optimized with the Yoast SEO Premium plugin v24.9 (Yoast SEO v24.9) - https:\/\/yoast.com\/wordpress\/plugins\/seo\/ -->\n<title>SESL\u0130 HARFLER - narteks.net<\/title>\n<meta name=\"robots\" content=\"index, follow, max-snippet:-1, max-image-preview:large, max-video-preview:-1\" \/>\n<link rel=\"canonical\" href=\"https:\/\/narteks.net\/index.php\/2009\/12\/07\/sesli-harfler\/\" \/>\n<meta property=\"og:locale\" content=\"tr_TR\" \/>\n<meta property=\"og:type\" content=\"article\" \/>\n<meta property=\"og:title\" content=\"SESL\u0130 HARFLER\" \/>\n<meta property=\"og:description\" content=\"\u00a0 Sen, o benim, daha ne duruyorsun a\u015fk kelimesi Buras\u0131 ben, gene bir sevdaya \u00e7a\u011fr\u0131ld\u0131 o yer \u0130nanma ellerimi deniz, a\u011fz\u0131m\u0131 bulut etti\u011fime A\u011fz\u0131m da, ellerim de d\u00fcnyaya g\u00f6re G\u00fcn\u00fcm ayd\u0131nl\u0131kla biter. Tut ki ben her t\u00fcrl\u00fc g\u00f6r\u00fcnmenin apayr\u0131s\u0131 G\u00fcn g\u00fcnden sevdaya benzer Bir adam d\u00fc\u015f\u00fcn\u00fcrsem \u015fapkas\u0131 maviyle gelen Bir ekmek kopar\u0131lsam i\u015fte o s\u0131ra [&hellip;]\" \/>\n<meta property=\"og:url\" content=\"https:\/\/narteks.net\/index.php\/2009\/12\/07\/sesli-harfler\/\" \/>\n<meta property=\"og:site_name\" content=\"narteks.net\" \/>\n<meta property=\"article:published_time\" content=\"2009-12-07T09:20:34+00:00\" \/>\n<meta property=\"og:image\" content=\"https:\/\/narteks.net\/wp-content\/uploads\/narteks.png\" \/>\n\t<meta property=\"og:image:width\" content=\"300\" \/>\n\t<meta property=\"og:image:height\" content=\"90\" \/>\n\t<meta property=\"og:image:type\" content=\"image\/png\" \/>\n<meta name=\"author\" content=\"Tar\u0131k\" \/>\n<meta name=\"twitter:card\" content=\"summary_large_image\" \/>\n<meta name=\"twitter:creator\" content=\"@narteks\" \/>\n<meta name=\"twitter:site\" content=\"@narteks\" \/>\n<meta name=\"twitter:label1\" content=\"Yazan:\" \/>\n\t<meta name=\"twitter:data1\" content=\"Tar\u0131k\" \/>\n\t<meta name=\"twitter:label2\" content=\"Tahmini okuma s\u00fcresi\" \/>\n\t<meta name=\"twitter:data2\" content=\"1 dakika\" \/>\n<script type=\"application\/ld+json\" class=\"yoast-schema-graph\">{\"@context\":\"https:\/\/schema.org\",\"@graph\":[{\"@type\":\"Article\",\"@id\":\"https:\/\/narteks.net\/index.php\/2009\/12\/07\/sesli-harfler\/#article\",\"isPartOf\":{\"@id\":\"https:\/\/narteks.net\/index.php\/2009\/12\/07\/sesli-harfler\/\"},\"author\":{\"name\":\"Tar\u0131k\",\"@id\":\"https:\/\/narteks.net\/#\/schema\/person\/61f37d9834294b72d31d274e7ed79bca\"},\"headline\":\"SESL\u0130 HARFLER\",\"datePublished\":\"2009-12-07T09:20:34+00:00\",\"mainEntityOfPage\":{\"@id\":\"https:\/\/narteks.net\/index.php\/2009\/12\/07\/sesli-harfler\/\"},\"wordCount\":169,\"commentCount\":0,\"publisher\":{\"@id\":\"https:\/\/narteks.net\/#organization\"},\"articleSection\":[\"Edip CANSEVER\"],\"inLanguage\":\"tr\",\"potentialAction\":[{\"@type\":\"CommentAction\",\"name\":\"Comment\",\"target\":[\"https:\/\/narteks.net\/index.php\/2009\/12\/07\/sesli-harfler\/#respond\"]}]},{\"@type\":\"WebPage\",\"@id\":\"https:\/\/narteks.net\/index.php\/2009\/12\/07\/sesli-harfler\/\",\"url\":\"https:\/\/narteks.net\/index.php\/2009\/12\/07\/sesli-harfler\/\",\"name\":\"SESL\u0130 HARFLER - narteks.net\",\"isPartOf\":{\"@id\":\"https:\/\/narteks.net\/#website\"},\"datePublished\":\"2009-12-07T09:20:34+00:00\",\"breadcrumb\":{\"@id\":\"https:\/\/narteks.net\/index.php\/2009\/12\/07\/sesli-harfler\/#breadcrumb\"},\"inLanguage\":\"tr\",\"potentialAction\":[{\"@type\":\"ReadAction\",\"target\":[\"https:\/\/narteks.net\/index.php\/2009\/12\/07\/sesli-harfler\/\"]}]},{\"@type\":\"BreadcrumbList\",\"@id\":\"https:\/\/narteks.net\/index.php\/2009\/12\/07\/sesli-harfler\/#breadcrumb\",\"itemListElement\":[{\"@type\":\"ListItem\",\"position\":1,\"name\":\"Anasayfa\",\"item\":\"https:\/\/narteks.net\/\"},{\"@type\":\"ListItem\",\"position\":2,\"name\":\"SESL\u0130 HARFLER\"}]},{\"@type\":\"WebSite\",\"@id\":\"https:\/\/narteks.net\/#website\",\"url\":\"https:\/\/narteks.net\/\",\"name\":\"narteks.net\",\"description\":\"K\u00fclt\u00fcr Sanat Edebiyat Felsefe\",\"publisher\":{\"@id\":\"https:\/\/narteks.net\/#organization\"},\"alternateName\":\"K\u00fclt\u00fcr Sanat Edebiyat Felsefe\",\"potentialAction\":[{\"@type\":\"SearchAction\",\"target\":{\"@type\":\"EntryPoint\",\"urlTemplate\":\"https:\/\/narteks.net\/?s={search_term_string}\"},\"query-input\":{\"@type\":\"PropertyValueSpecification\",\"valueRequired\":true,\"valueName\":\"search_term_string\"}}],\"inLanguage\":\"tr\"},{\"@type\":\"Organization\",\"@id\":\"https:\/\/narteks.net\/#organization\",\"name\":\"narteks.net\",\"url\":\"https:\/\/narteks.net\/\",\"logo\":{\"@type\":\"ImageObject\",\"inLanguage\":\"tr\",\"@id\":\"https:\/\/narteks.net\/#\/schema\/logo\/image\/\",\"url\":\"https:\/\/narteks.net\/wp-content\/uploads\/narteks.png\",\"contentUrl\":\"https:\/\/narteks.net\/wp-content\/uploads\/narteks.png\",\"width\":300,\"height\":90,\"caption\":\"narteks.net\"},\"image\":{\"@id\":\"https:\/\/narteks.net\/#\/schema\/logo\/image\/\"},\"sameAs\":[\"https:\/\/x.com\/narteks\",\"https:\/\/instagram.com\/narteksnet\"]},{\"@type\":\"Person\",\"@id\":\"https:\/\/narteks.net\/#\/schema\/person\/61f37d9834294b72d31d274e7ed79bca\",\"name\":\"Tar\u0131k\",\"image\":{\"@type\":\"ImageObject\",\"inLanguage\":\"tr\",\"@id\":\"https:\/\/narteks.net\/#\/schema\/person\/image\/\",\"url\":\"https:\/\/secure.gravatar.com\/avatar\/50865afb55632c4ae467e0af0930f6510aa2297d8014be502a55b14f3b7550cf?s=96&d=mm&r=g\",\"contentUrl\":\"https:\/\/secure.gravatar.com\/avatar\/50865afb55632c4ae467e0af0930f6510aa2297d8014be502a55b14f3b7550cf?s=96&d=mm&r=g\",\"caption\":\"Tar\u0131k\"},\"sameAs\":[\"http:\/\/narteks.net\"],\"url\":\"https:\/\/narteks.net\/index.php\/author\/narbak\/\"}]}<\/script>\n<!-- \/ Yoast SEO Premium plugin. -->","yoast_head_json":{"title":"SESL\u0130 HARFLER - narteks.net","robots":{"index":"index","follow":"follow","max-snippet":"max-snippet:-1","max-image-preview":"max-image-preview:large","max-video-preview":"max-video-preview:-1"},"canonical":"https:\/\/narteks.net\/index.php\/2009\/12\/07\/sesli-harfler\/","og_locale":"tr_TR","og_type":"article","og_title":"SESL\u0130 HARFLER","og_description":"\u00a0 Sen, o benim, daha ne duruyorsun a\u015fk kelimesi Buras\u0131 ben, gene bir sevdaya \u00e7a\u011fr\u0131ld\u0131 o yer \u0130nanma ellerimi deniz, a\u011fz\u0131m\u0131 bulut etti\u011fime A\u011fz\u0131m da, ellerim de d\u00fcnyaya g\u00f6re G\u00fcn\u00fcm ayd\u0131nl\u0131kla biter. Tut ki ben her t\u00fcrl\u00fc g\u00f6r\u00fcnmenin apayr\u0131s\u0131 G\u00fcn g\u00fcnden sevdaya benzer Bir adam d\u00fc\u015f\u00fcn\u00fcrsem \u015fapkas\u0131 maviyle gelen Bir ekmek kopar\u0131lsam i\u015fte o s\u0131ra [&hellip;]","og_url":"https:\/\/narteks.net\/index.php\/2009\/12\/07\/sesli-harfler\/","og_site_name":"narteks.net","article_published_time":"2009-12-07T09:20:34+00:00","og_image":[{"width":300,"height":90,"url":"https:\/\/narteks.net\/wp-content\/uploads\/narteks.png","type":"image\/png"}],"author":"Tar\u0131k","twitter_card":"summary_large_image","twitter_creator":"@narteks","twitter_site":"@narteks","twitter_misc":{"Yazan:":"Tar\u0131k","Tahmini okuma s\u00fcresi":"1 dakika"},"schema":{"@context":"https:\/\/schema.org","@graph":[{"@type":"Article","@id":"https:\/\/narteks.net\/index.php\/2009\/12\/07\/sesli-harfler\/#article","isPartOf":{"@id":"https:\/\/narteks.net\/index.php\/2009\/12\/07\/sesli-harfler\/"},"author":{"name":"Tar\u0131k","@id":"https:\/\/narteks.net\/#\/schema\/person\/61f37d9834294b72d31d274e7ed79bca"},"headline":"SESL\u0130 HARFLER","datePublished":"2009-12-07T09:20:34+00:00","mainEntityOfPage":{"@id":"https:\/\/narteks.net\/index.php\/2009\/12\/07\/sesli-harfler\/"},"wordCount":169,"commentCount":0,"publisher":{"@id":"https:\/\/narteks.net\/#organization"},"articleSection":["Edip CANSEVER"],"inLanguage":"tr","potentialAction":[{"@type":"CommentAction","name":"Comment","target":["https:\/\/narteks.net\/index.php\/2009\/12\/07\/sesli-harfler\/#respond"]}]},{"@type":"WebPage","@id":"https:\/\/narteks.net\/index.php\/2009\/12\/07\/sesli-harfler\/","url":"https:\/\/narteks.net\/index.php\/2009\/12\/07\/sesli-harfler\/","name":"SESL\u0130 HARFLER - narteks.net","isPartOf":{"@id":"https:\/\/narteks.net\/#website"},"datePublished":"2009-12-07T09:20:34+00:00","breadcrumb":{"@id":"https:\/\/narteks.net\/index.php\/2009\/12\/07\/sesli-harfler\/#breadcrumb"},"inLanguage":"tr","potentialAction":[{"@type":"ReadAction","target":["https:\/\/narteks.net\/index.php\/2009\/12\/07\/sesli-harfler\/"]}]},{"@type":"BreadcrumbList","@id":"https:\/\/narteks.net\/index.php\/2009\/12\/07\/sesli-harfler\/#breadcrumb","itemListElement":[{"@type":"ListItem","position":1,"name":"Anasayfa","item":"https:\/\/narteks.net\/"},{"@type":"ListItem","position":2,"name":"SESL\u0130 HARFLER"}]},{"@type":"WebSite","@id":"https:\/\/narteks.net\/#website","url":"https:\/\/narteks.net\/","name":"narteks.net","description":"K\u00fclt\u00fcr Sanat Edebiyat Felsefe","publisher":{"@id":"https:\/\/narteks.net\/#organization"},"alternateName":"K\u00fclt\u00fcr Sanat Edebiyat Felsefe","potentialAction":[{"@type":"SearchAction","target":{"@type":"EntryPoint","urlTemplate":"https:\/\/narteks.net\/?s={search_term_string}"},"query-input":{"@type":"PropertyValueSpecification","valueRequired":true,"valueName":"search_term_string"}}],"inLanguage":"tr"},{"@type":"Organization","@id":"https:\/\/narteks.net\/#organization","name":"narteks.net","url":"https:\/\/narteks.net\/","logo":{"@type":"ImageObject","inLanguage":"tr","@id":"https:\/\/narteks.net\/#\/schema\/logo\/image\/","url":"https:\/\/narteks.net\/wp-content\/uploads\/narteks.png","contentUrl":"https:\/\/narteks.net\/wp-content\/uploads\/narteks.png","width":300,"height":90,"caption":"narteks.net"},"image":{"@id":"https:\/\/narteks.net\/#\/schema\/logo\/image\/"},"sameAs":["https:\/\/x.com\/narteks","https:\/\/instagram.com\/narteksnet"]},{"@type":"Person","@id":"https:\/\/narteks.net\/#\/schema\/person\/61f37d9834294b72d31d274e7ed79bca","name":"Tar\u0131k","image":{"@type":"ImageObject","inLanguage":"tr","@id":"https:\/\/narteks.net\/#\/schema\/person\/image\/","url":"https:\/\/secure.gravatar.com\/avatar\/50865afb55632c4ae467e0af0930f6510aa2297d8014be502a55b14f3b7550cf?s=96&d=mm&r=g","contentUrl":"https:\/\/secure.gravatar.com\/avatar\/50865afb55632c4ae467e0af0930f6510aa2297d8014be502a55b14f3b7550cf?s=96&d=mm&r=g","caption":"Tar\u0131k"},"sameAs":["http:\/\/narteks.net"],"url":"https:\/\/narteks.net\/index.php\/author\/narbak\/"}]}},"_links":{"self":[{"href":"https:\/\/narteks.net\/index.php\/wp-json\/wp\/v2\/posts\/2702","targetHints":{"allow":["GET"]}}],"collection":[{"href":"https:\/\/narteks.net\/index.php\/wp-json\/wp\/v2\/posts"}],"about":[{"href":"https:\/\/narteks.net\/index.php\/wp-json\/wp\/v2\/types\/post"}],"author":[{"embeddable":true,"href":"https:\/\/narteks.net\/index.php\/wp-json\/wp\/v2\/users\/1"}],"replies":[{"embeddable":true,"href":"https:\/\/narteks.net\/index.php\/wp-json\/wp\/v2\/comments?post=2702"}],"version-history":[{"count":0,"href":"https:\/\/narteks.net\/index.php\/wp-json\/wp\/v2\/posts\/2702\/revisions"}],"wp:attachment":[{"href":"https:\/\/narteks.net\/index.php\/wp-json\/wp\/v2\/media?parent=2702"}],"wp:term":[{"taxonomy":"category","embeddable":true,"href":"https:\/\/narteks.net\/index.php\/wp-json\/wp\/v2\/categories?post=2702"},{"taxonomy":"post_tag","embeddable":true,"href":"https:\/\/narteks.net\/index.php\/wp-json\/wp\/v2\/tags?post=2702"}],"curies":[{"name":"wp","href":"https:\/\/api.w.org\/{rel}","templated":true}]}}