{"id":2705,"date":"2009-12-07T12:22:00","date_gmt":"2009-12-07T09:22:00","guid":{"rendered":"http:\/\/localhost\/wordpress\/2009\/12\/07\/su-altinda-kanat-cirpan-uveyik\/"},"modified":"2009-12-07T12:22:00","modified_gmt":"2009-12-07T09:22:00","slug":"su-altinda-kanat-cirpan-uveyik","status":"publish","type":"post","link":"https:\/\/narteks.net\/index.php\/2009\/12\/07\/su-altinda-kanat-cirpan-uveyik\/","title":{"rendered":"SU ALTINDA KANAT \u00c7IRPAN \u00dcVEY\u0130K"},"content":{"rendered":"<p>\u00a0<\/p>\n<p>I<\/p>\n<p> Bir \u00e7ift Van sesi<br \/> Van&#8217;\u0131n do\u011furgan sesi<br \/> Bin \u00e7ift nar d\u00fc\u015f\u00fcr\u00fclm\u00fc\u015f gibi dal\u0131ndan<br \/> Bu onun sesi<br \/> Sessizce ya\u011fan karda nar sesi.<\/p>\n<p> Su alt\u0131nda kanat \u00e7\u0131rpan \u00fcveyik<br \/> Her rengin ba\u015fka rengi<br \/> Resmini kendi \u00e7izer<br \/> D\u00fc\u015f\u00fcnde kendini g\u00f6r\u00fcr<br \/> K\u0131y\u0131lar onun iti\u015f bi\u00e7imi<br \/> \u00dcveyiktir Van&#8217;da anmak an\u0131lmak<br \/> \u00dcveyiktir sanr\u0131n\u0131n \u00fcvey karde\u015fi.<\/p>\n<p> Da\u011f yollar\u0131nda yaln\u0131z gezen \u00e7e\u015fmeler<br \/> Suyu e\u015fkiya solu\u011fu<br \/> Ak\u0131\u015f\u0131 aral\u0131ks\u0131z nal sesi<br \/> \u0130lk kulak veri\u015fte duyman\u0131n uzak<br \/> \u00c7ok derin i\u00e7i<br \/> Da\u011f yollar\u0131nda yaln\u0131z gezen \u00e7e\u015fmeler.<\/p>\n<p> Asurlu sert h\u00fczn\u00fc onun<br \/> Bizans g\u00f6zleri<br \/> Yuvarlar beyaz ta\u015flar<br \/> \u0130\u00e7ini a\u00e7ar bana<br \/> A\u00e7\u0131nca bana i\u00e7ini<br \/> G\u00fcnd\u0131\u015f\u0131 bir saattir, ac\u0131 bir k\u0131\u015f kavununda<br \/> Birikmi\u015f g\u00fcnd\u00fczlerdir<br \/> Ve gelen kimdir bilinmez<br \/> Oyunlarda ikinci<br \/> Oyunlarda \u00fc\u00e7\u00fcnc\u00fc<br \/> Ki\u015filer gibi<br \/> S\u00f6ze pek kar\u0131\u015fmayan<br \/> Ya da<br \/> \u00c7ok eski bir haberci.<\/p>\n<p> Kapamam g\u00f6zlerimi, kapamam<br \/> Korkar\u0131m kapay\u0131nca bir ba\u015fka \u015fehirde uyursam<\/p>\n<p> Ya\u011farken ya\u011fan karda Do\u011fu&#8217;nun<br \/> \u0130\u015fleyen ezik sesi<br \/> Ya\u011farken ya\u011fan karda<br \/> \u00c7ekip gider haberci.<\/p>\n<p> Eski bir manast\u0131r \u00e7an\u0131<br \/> Ak\u015famlar\u0131 suya d\u00f6ker s\u00fcs\u00fcn\u00fc<br \/> Su alt\u0131ndan \u00e7\u0131kan \u00fcveyik<br \/> O da<br \/> Ya\u011fmurda y\u0131kar y\u00fcz\u00fcn\u00fc<br \/> Da\u011f ba\u015flar\u0131nda yaln\u0131z gezen ormanlar<br \/> Da\u011f\u0131t\u0131r kamyonlara sisinden s\u0131yr\u0131larak<br \/> G\u00fcnlerdir bo\u015flu\u011funda tuttu\u011fu h\u00fczn\u00fc<br \/> Ve h\u00fcz\u00fcnd\u00fcr kendili\u011finden<br \/> Han havlular\u0131nda a\u011f\u0131r a\u011f\u0131r<br \/> Yem kesen atlar\u0131n y\u00fck\u00fc<br \/> Toplanan pazarlarda, kapanan d\u00fckk\u00e2nlarda<br \/> B\u00fct\u00fcn g\u00fcn ip satanlar\u0131n, bak\u0131r satanlar\u0131n<br \/> Dolu\u015fup cami \u00e7e\u015fmelerine<br \/> El y\u0131karken \u00e7\u0131\u011f\u0131rd\u0131klar\u0131 t\u00fcrk\u00fc<br \/> Ve Tatvan&#8217;a giden vapur bir de<br \/> Ekler b\u00fct\u00fcn h\u00fcz\u00fcnlere<br \/> Bir sabah bir Van h\u00fczn\u00fcn\u00fcn \u00f6zg\u00fcnl\u00fc\u011f\u00fcn\u00fc.<\/p>\n<p> Sabah de\u011filim, ak\u015fam de\u011filim<br \/> Sunaklarda ipince<br \/> Belirsiz bir \u00e7izi\u011fim<br \/> Y\u00fcre\u011fim kanda parlar<br \/> Kan kadar yerde parlar<br \/> Toprakla i\u00e7 i\u00e7eyim<br \/> Biri kaz\u0131p bozmasa<br \/> Al\u0131p gitmese beni<br \/> Batmadan yakalanm\u0131\u015f \u00e7ok eski bir g\u00fcne\u015fim<br \/> \u00d6yleyim<br \/> Yeralt\u0131nda g\u00f6zleri k\u00f6r mozay\u0131k<br \/> Yeralt\u0131nda yaln\u0131z gezen parmaklar<br \/> Binlerce dibek konu\u015fur<br \/> Binlerce dibek parlar<br \/> Ko\u015far bu\u011fday tozuna su alt\u0131ndaki \u00fcveyik<br \/> Bir \u00e7ift Van sesi<br \/> Do\u011fan g\u00fcne\u015fle bu, batan g\u00fcne\u015fin sesi.<\/p>\n<p> Kapamam g\u00f6zlerimi, kapamam<br \/> Korkar\u0131m kapay\u0131nca bir ba\u015fka \u015fehirde uyursam.<\/p>\n<p> II<\/p>\n<p> K\u0131\u015f bitecek birazdan, k\u0131\u015fa ge\u00e7 kalma<br \/> B\u00f6yle diyordu savat ustas\u0131 Hasan<br \/> Gelirken az t\u00fct\u00fcn getir<br \/> Bir da\u011f ke\u00e7isi par\u00e7ala<br \/> Tuz bas d\u00fc\u015f\u00fcmde g\u00f6rd\u00fc\u011f\u00fcm kana, tuz bas<br \/> Ne derdi g\u00fcz ortalar\u0131nda baban sana<br \/> Dokunma Van&#8217;a<br \/> Van k\u00f6yl\u00fcs\u00fc kendini \u00e7avlan gibi \u00fcretir<br \/> G\u00f6l gibi dokur<br \/> Ve beklemesini bilir, burkulur<br \/> E\u011fiktir \u015fimdi boynu, sen de e\u011fiksin<br \/> O kadar\u0131n\u0131 anlar\u0131m<br \/> Ben bu savatlar\u0131 bunun i\u00e7in i\u015flerim<br \/> \u00dc\u00e7 be\u015f kuru\u015fa satar\u0131m<br \/> G\u00f6z\u00fcm\u00fcn ye\u015fili \u00fcst\u00fcnde kal\u0131r<br \/> Balk\u0131r g\u00fcz k\u0131rm\u0131z\u0131s\u0131 e\u011fiminde<br \/> \u00dcveyikler kalkar her bir nak\u0131\u015f\u0131ndan<br \/> Durur belle\u011fimde konuk say\u0131l\u0131r<br \/> Senin olsun \u015fu eski mavzer<br \/> Biri arma\u011fan ettiydi babama<br \/> Ok\u015fad\u0131 sevdi y\u0131llarca onu<br \/> Bir g\u00fcn hi\u00e7 konu\u015fmadan<br \/> Uzatt\u0131 verdi bana<br \/> \u0130\u015fine yarar m\u0131 bilmem<br \/> Bildi\u011fim bir \u015fey varsa<br \/> Mavzerle denenmek ister da\u011flar<br \/> H\u00fcz\u00fcnle de\u011fil<\/p>\n<p> Y\u0131k \u015fapkan\u0131 arkaya<br \/> Bu da kundura<br \/> \u00c7akal derisi bu da<br \/> Gerisi senin i\u015fin<br \/> Bir soru kendine sor, bir soru ona<br \/> Sak\u0131n sormadan vurma<br \/> \u00d6l\u00fcm pusuda<br \/> Mahpusluk dersen<br \/> Pusuda<br \/> Ve yaln\u0131z kalma<br \/> D\u00fcn biri seni sordu, Van&#8217;a gelmi\u015f<br \/> G\u00f6rmek istemi\u015f seni<br \/> Demek ki bir ba\u015fka tutsak o da<br \/> Bir ba\u015fka \u00e7ekmi\u015f<br \/> Bilirim ac\u0131lar birbirine benzemez<br \/> Ama<br \/> Ac\u0131lar nerde b\u00fct\u00fcn, sen onu yokla<br \/> \u00c7avlan\u0131 unutma, g\u00f6l\u00fc unutma<br \/> Mavzerini ayarla<br \/> Haz\u0131r ol<br \/> K\u0131\u015f bitecek birazdan, k\u0131\u015fa ge\u00e7 kalma.<\/p>\n<p> III<\/p>\n<p> Bir tarakla ya da bir i\u011fneyle sa\u00e7lar\u0131ndan<br \/> Tutturulmu\u015f unutulmaya<br \/> Su\u00e7u vard\u0131, ne miydi su\u00e7u<br \/> Su\u00e7lar\u0131 onlar\u0131n erkekleriyle<br \/> Yoklu\u011fu varl\u0131\u011fa \u00e7evirmek su\u00e7u<br \/> Ve son kerteye gelmi\u015f \u00f6fkenin c\u0131valanmas\u0131<br \/> &#8220;Hay\u0131r, hi\u00e7 yenilmedik, \u00e7ekildik yaln\u0131z<br \/> Ve \u015fimdi oldu\u011fumuz yerde<br \/> Ve ayaktay\u0131z&#8221;<br \/> Diyorlar ki, elbette do\u011fru<br \/> Kim kat\u0131lmak istemez onlara<br \/> Kim duymak istemez b\u00f6yle bir su\u00e7u<br \/> Ah Van&#8217;\u0131n sar\u0131 r\u00fczg\u00e2r\u0131<br \/> Ta\u015flar\u0131 \u015farap koyusu<br \/> Ak\u015fam\u0131 kiremit tozu<br \/> Ho\u015fap Kalesi<br \/> Ba\u011fdat Oteli<br \/> S\u0131n\u0131r t\u00fcrk\u00fcs\u00fc<br \/> Bana bir resmini ver arkada\u015f<br \/> Ve s\u00f6yle<br \/> Neresinden bulurum \u015fu \u0130stanbul&#8217;u<br \/> Bulamam<br \/> Senin bak\u0131\u015f\u0131n d\u00fczg\u00fcn<br \/> Bizimki \u00e7at\u0131k<br \/> Ama anla\u015ft\u0131k ya sen ona bak<br \/> Yolun d\u00fc\u015ferse gene u\u011fra<br \/> Bizim g\u00f6nl\u00fcm\u00fcz kanmaz<br \/> A\u015f\u0131m\u0131z bitmez senin gibi konu\u011fa<br \/> \u00dcstelik daha bir peki\u015firiz<br \/> \u0130\u015fleriz yan yanyken ba\u015fkalar\u0131na da<br \/> T\u00fckenmez olur sevgimiz<br \/> \u0130yi yolculuklar sana.<\/p>\n<p> \u0130yi geceler sana da<br \/> O\u011flum motoru \u0131s\u0131t<br \/> \u0130yi geceler Van<br \/> Yolumuz bir ba\u015fka Van&#8217;a, Kars&#8217;a.<\/p>\n<p>Edip CANSEVER<\/p>\n","protected":false},"excerpt":{"rendered":"<p>\u00a0 I Bir \u00e7ift Van sesi Van&#8217;\u0131n do\u011furgan sesi Bin \u00e7ift nar d\u00fc\u015f\u00fcr\u00fclm\u00fc\u015f gibi dal\u0131ndan Bu onun sesi Sessizce ya\u011fan karda nar sesi. Su alt\u0131nda kanat \u00e7\u0131rpan \u00fcveyik Her rengin ba\u015fka rengi Resmini kendi \u00e7izer D\u00fc\u015f\u00fcnde kendini g\u00f6r\u00fcr K\u0131y\u0131lar onun iti\u015f bi\u00e7imi \u00dcveyiktir Van&#8217;da anmak an\u0131lmak \u00dcveyiktir sanr\u0131n\u0131n \u00fcvey karde\u015fi. Da\u011f yollar\u0131nda yaln\u0131z gezen \u00e7e\u015fmeler [&hellip;]<\/p>\n","protected":false},"author":1,"featured_media":0,"comment_status":"open","ping_status":"open","sticky":false,"template":"","format":"standard","meta":{"footnotes":""},"categories":[19],"tags":[],"class_list":{"0":"post-2705","1":"post","2":"type-post","3":"status-publish","4":"format-standard","6":"category-edip-cansever"},"yoast_head":"<!-- This site is optimized with the Yoast SEO Premium plugin v24.9 (Yoast SEO v24.9) - https:\/\/yoast.com\/wordpress\/plugins\/seo\/ -->\n<title>SU ALTINDA KANAT \u00c7IRPAN \u00dcVEY\u0130K - narteks.net<\/title>\n<meta name=\"robots\" content=\"index, follow, max-snippet:-1, max-image-preview:large, max-video-preview:-1\" \/>\n<link rel=\"canonical\" href=\"https:\/\/narteks.net\/index.php\/2009\/12\/07\/su-altinda-kanat-cirpan-uveyik\/\" \/>\n<meta property=\"og:locale\" content=\"tr_TR\" \/>\n<meta property=\"og:type\" content=\"article\" \/>\n<meta property=\"og:title\" content=\"SU ALTINDA KANAT \u00c7IRPAN \u00dcVEY\u0130K\" \/>\n<meta property=\"og:description\" content=\"\u00a0 I Bir \u00e7ift Van sesi Van&#8217;\u0131n do\u011furgan sesi Bin \u00e7ift nar d\u00fc\u015f\u00fcr\u00fclm\u00fc\u015f gibi dal\u0131ndan Bu onun sesi Sessizce ya\u011fan karda nar sesi. Su alt\u0131nda kanat \u00e7\u0131rpan \u00fcveyik Her rengin ba\u015fka rengi Resmini kendi \u00e7izer D\u00fc\u015f\u00fcnde kendini g\u00f6r\u00fcr K\u0131y\u0131lar onun iti\u015f bi\u00e7imi \u00dcveyiktir Van&#8217;da anmak an\u0131lmak \u00dcveyiktir sanr\u0131n\u0131n \u00fcvey karde\u015fi. Da\u011f yollar\u0131nda yaln\u0131z gezen \u00e7e\u015fmeler [&hellip;]\" \/>\n<meta property=\"og:url\" content=\"https:\/\/narteks.net\/index.php\/2009\/12\/07\/su-altinda-kanat-cirpan-uveyik\/\" \/>\n<meta property=\"og:site_name\" content=\"narteks.net\" \/>\n<meta property=\"article:published_time\" content=\"2009-12-07T09:22:00+00:00\" \/>\n<meta property=\"og:image\" content=\"https:\/\/narteks.net\/wp-content\/uploads\/narteks.png\" \/>\n\t<meta property=\"og:image:width\" content=\"300\" \/>\n\t<meta property=\"og:image:height\" content=\"90\" \/>\n\t<meta property=\"og:image:type\" content=\"image\/png\" \/>\n<meta name=\"author\" content=\"Tar\u0131k\" \/>\n<meta name=\"twitter:card\" content=\"summary_large_image\" \/>\n<meta name=\"twitter:creator\" content=\"@narteks\" \/>\n<meta name=\"twitter:site\" content=\"@narteks\" \/>\n<meta name=\"twitter:label1\" content=\"Yazan:\" \/>\n\t<meta name=\"twitter:data1\" content=\"Tar\u0131k\" \/>\n\t<meta name=\"twitter:label2\" content=\"Tahmini okuma s\u00fcresi\" \/>\n\t<meta name=\"twitter:data2\" content=\"4 dakika\" \/>\n<script type=\"application\/ld+json\" class=\"yoast-schema-graph\">{\"@context\":\"https:\/\/schema.org\",\"@graph\":[{\"@type\":\"Article\",\"@id\":\"https:\/\/narteks.net\/index.php\/2009\/12\/07\/su-altinda-kanat-cirpan-uveyik\/#article\",\"isPartOf\":{\"@id\":\"https:\/\/narteks.net\/index.php\/2009\/12\/07\/su-altinda-kanat-cirpan-uveyik\/\"},\"author\":{\"name\":\"Tar\u0131k\",\"@id\":\"https:\/\/narteks.net\/#\/schema\/person\/61f37d9834294b72d31d274e7ed79bca\"},\"headline\":\"SU ALTINDA KANAT \u00c7IRPAN \u00dcVEY\u0130K\",\"datePublished\":\"2009-12-07T09:22:00+00:00\",\"mainEntityOfPage\":{\"@id\":\"https:\/\/narteks.net\/index.php\/2009\/12\/07\/su-altinda-kanat-cirpan-uveyik\/\"},\"wordCount\":868,\"commentCount\":0,\"publisher\":{\"@id\":\"https:\/\/narteks.net\/#organization\"},\"articleSection\":[\"Edip CANSEVER\"],\"inLanguage\":\"tr\",\"potentialAction\":[{\"@type\":\"CommentAction\",\"name\":\"Comment\",\"target\":[\"https:\/\/narteks.net\/index.php\/2009\/12\/07\/su-altinda-kanat-cirpan-uveyik\/#respond\"]}]},{\"@type\":\"WebPage\",\"@id\":\"https:\/\/narteks.net\/index.php\/2009\/12\/07\/su-altinda-kanat-cirpan-uveyik\/\",\"url\":\"https:\/\/narteks.net\/index.php\/2009\/12\/07\/su-altinda-kanat-cirpan-uveyik\/\",\"name\":\"SU ALTINDA KANAT \u00c7IRPAN \u00dcVEY\u0130K - narteks.net\",\"isPartOf\":{\"@id\":\"https:\/\/narteks.net\/#website\"},\"datePublished\":\"2009-12-07T09:22:00+00:00\",\"breadcrumb\":{\"@id\":\"https:\/\/narteks.net\/index.php\/2009\/12\/07\/su-altinda-kanat-cirpan-uveyik\/#breadcrumb\"},\"inLanguage\":\"tr\",\"potentialAction\":[{\"@type\":\"ReadAction\",\"target\":[\"https:\/\/narteks.net\/index.php\/2009\/12\/07\/su-altinda-kanat-cirpan-uveyik\/\"]}]},{\"@type\":\"BreadcrumbList\",\"@id\":\"https:\/\/narteks.net\/index.php\/2009\/12\/07\/su-altinda-kanat-cirpan-uveyik\/#breadcrumb\",\"itemListElement\":[{\"@type\":\"ListItem\",\"position\":1,\"name\":\"Anasayfa\",\"item\":\"https:\/\/narteks.net\/\"},{\"@type\":\"ListItem\",\"position\":2,\"name\":\"SU ALTINDA KANAT \u00c7IRPAN \u00dcVEY\u0130K\"}]},{\"@type\":\"WebSite\",\"@id\":\"https:\/\/narteks.net\/#website\",\"url\":\"https:\/\/narteks.net\/\",\"name\":\"narteks.net\",\"description\":\"K\u00fclt\u00fcr Sanat Edebiyat Felsefe\",\"publisher\":{\"@id\":\"https:\/\/narteks.net\/#organization\"},\"alternateName\":\"K\u00fclt\u00fcr Sanat Edebiyat Felsefe\",\"potentialAction\":[{\"@type\":\"SearchAction\",\"target\":{\"@type\":\"EntryPoint\",\"urlTemplate\":\"https:\/\/narteks.net\/?s={search_term_string}\"},\"query-input\":{\"@type\":\"PropertyValueSpecification\",\"valueRequired\":true,\"valueName\":\"search_term_string\"}}],\"inLanguage\":\"tr\"},{\"@type\":\"Organization\",\"@id\":\"https:\/\/narteks.net\/#organization\",\"name\":\"narteks.net\",\"url\":\"https:\/\/narteks.net\/\",\"logo\":{\"@type\":\"ImageObject\",\"inLanguage\":\"tr\",\"@id\":\"https:\/\/narteks.net\/#\/schema\/logo\/image\/\",\"url\":\"https:\/\/narteks.net\/wp-content\/uploads\/narteks.png\",\"contentUrl\":\"https:\/\/narteks.net\/wp-content\/uploads\/narteks.png\",\"width\":300,\"height\":90,\"caption\":\"narteks.net\"},\"image\":{\"@id\":\"https:\/\/narteks.net\/#\/schema\/logo\/image\/\"},\"sameAs\":[\"https:\/\/x.com\/narteks\",\"https:\/\/instagram.com\/narteksnet\"]},{\"@type\":\"Person\",\"@id\":\"https:\/\/narteks.net\/#\/schema\/person\/61f37d9834294b72d31d274e7ed79bca\",\"name\":\"Tar\u0131k\",\"image\":{\"@type\":\"ImageObject\",\"inLanguage\":\"tr\",\"@id\":\"https:\/\/narteks.net\/#\/schema\/person\/image\/\",\"url\":\"https:\/\/secure.gravatar.com\/avatar\/50865afb55632c4ae467e0af0930f6510aa2297d8014be502a55b14f3b7550cf?s=96&d=mm&r=g\",\"contentUrl\":\"https:\/\/secure.gravatar.com\/avatar\/50865afb55632c4ae467e0af0930f6510aa2297d8014be502a55b14f3b7550cf?s=96&d=mm&r=g\",\"caption\":\"Tar\u0131k\"},\"sameAs\":[\"http:\/\/narteks.net\"],\"url\":\"https:\/\/narteks.net\/index.php\/author\/narbak\/\"}]}<\/script>\n<!-- \/ Yoast SEO Premium plugin. -->","yoast_head_json":{"title":"SU ALTINDA KANAT \u00c7IRPAN \u00dcVEY\u0130K - narteks.net","robots":{"index":"index","follow":"follow","max-snippet":"max-snippet:-1","max-image-preview":"max-image-preview:large","max-video-preview":"max-video-preview:-1"},"canonical":"https:\/\/narteks.net\/index.php\/2009\/12\/07\/su-altinda-kanat-cirpan-uveyik\/","og_locale":"tr_TR","og_type":"article","og_title":"SU ALTINDA KANAT \u00c7IRPAN \u00dcVEY\u0130K","og_description":"\u00a0 I Bir \u00e7ift Van sesi Van&#8217;\u0131n do\u011furgan sesi Bin \u00e7ift nar d\u00fc\u015f\u00fcr\u00fclm\u00fc\u015f gibi dal\u0131ndan Bu onun sesi Sessizce ya\u011fan karda nar sesi. Su alt\u0131nda kanat \u00e7\u0131rpan \u00fcveyik Her rengin ba\u015fka rengi Resmini kendi \u00e7izer D\u00fc\u015f\u00fcnde kendini g\u00f6r\u00fcr K\u0131y\u0131lar onun iti\u015f bi\u00e7imi \u00dcveyiktir Van&#8217;da anmak an\u0131lmak \u00dcveyiktir sanr\u0131n\u0131n \u00fcvey karde\u015fi. Da\u011f yollar\u0131nda yaln\u0131z gezen \u00e7e\u015fmeler [&hellip;]","og_url":"https:\/\/narteks.net\/index.php\/2009\/12\/07\/su-altinda-kanat-cirpan-uveyik\/","og_site_name":"narteks.net","article_published_time":"2009-12-07T09:22:00+00:00","og_image":[{"width":300,"height":90,"url":"https:\/\/narteks.net\/wp-content\/uploads\/narteks.png","type":"image\/png"}],"author":"Tar\u0131k","twitter_card":"summary_large_image","twitter_creator":"@narteks","twitter_site":"@narteks","twitter_misc":{"Yazan:":"Tar\u0131k","Tahmini okuma s\u00fcresi":"4 dakika"},"schema":{"@context":"https:\/\/schema.org","@graph":[{"@type":"Article","@id":"https:\/\/narteks.net\/index.php\/2009\/12\/07\/su-altinda-kanat-cirpan-uveyik\/#article","isPartOf":{"@id":"https:\/\/narteks.net\/index.php\/2009\/12\/07\/su-altinda-kanat-cirpan-uveyik\/"},"author":{"name":"Tar\u0131k","@id":"https:\/\/narteks.net\/#\/schema\/person\/61f37d9834294b72d31d274e7ed79bca"},"headline":"SU ALTINDA KANAT \u00c7IRPAN \u00dcVEY\u0130K","datePublished":"2009-12-07T09:22:00+00:00","mainEntityOfPage":{"@id":"https:\/\/narteks.net\/index.php\/2009\/12\/07\/su-altinda-kanat-cirpan-uveyik\/"},"wordCount":868,"commentCount":0,"publisher":{"@id":"https:\/\/narteks.net\/#organization"},"articleSection":["Edip CANSEVER"],"inLanguage":"tr","potentialAction":[{"@type":"CommentAction","name":"Comment","target":["https:\/\/narteks.net\/index.php\/2009\/12\/07\/su-altinda-kanat-cirpan-uveyik\/#respond"]}]},{"@type":"WebPage","@id":"https:\/\/narteks.net\/index.php\/2009\/12\/07\/su-altinda-kanat-cirpan-uveyik\/","url":"https:\/\/narteks.net\/index.php\/2009\/12\/07\/su-altinda-kanat-cirpan-uveyik\/","name":"SU ALTINDA KANAT \u00c7IRPAN \u00dcVEY\u0130K - narteks.net","isPartOf":{"@id":"https:\/\/narteks.net\/#website"},"datePublished":"2009-12-07T09:22:00+00:00","breadcrumb":{"@id":"https:\/\/narteks.net\/index.php\/2009\/12\/07\/su-altinda-kanat-cirpan-uveyik\/#breadcrumb"},"inLanguage":"tr","potentialAction":[{"@type":"ReadAction","target":["https:\/\/narteks.net\/index.php\/2009\/12\/07\/su-altinda-kanat-cirpan-uveyik\/"]}]},{"@type":"BreadcrumbList","@id":"https:\/\/narteks.net\/index.php\/2009\/12\/07\/su-altinda-kanat-cirpan-uveyik\/#breadcrumb","itemListElement":[{"@type":"ListItem","position":1,"name":"Anasayfa","item":"https:\/\/narteks.net\/"},{"@type":"ListItem","position":2,"name":"SU ALTINDA KANAT \u00c7IRPAN \u00dcVEY\u0130K"}]},{"@type":"WebSite","@id":"https:\/\/narteks.net\/#website","url":"https:\/\/narteks.net\/","name":"narteks.net","description":"K\u00fclt\u00fcr Sanat Edebiyat Felsefe","publisher":{"@id":"https:\/\/narteks.net\/#organization"},"alternateName":"K\u00fclt\u00fcr Sanat Edebiyat Felsefe","potentialAction":[{"@type":"SearchAction","target":{"@type":"EntryPoint","urlTemplate":"https:\/\/narteks.net\/?s={search_term_string}"},"query-input":{"@type":"PropertyValueSpecification","valueRequired":true,"valueName":"search_term_string"}}],"inLanguage":"tr"},{"@type":"Organization","@id":"https:\/\/narteks.net\/#organization","name":"narteks.net","url":"https:\/\/narteks.net\/","logo":{"@type":"ImageObject","inLanguage":"tr","@id":"https:\/\/narteks.net\/#\/schema\/logo\/image\/","url":"https:\/\/narteks.net\/wp-content\/uploads\/narteks.png","contentUrl":"https:\/\/narteks.net\/wp-content\/uploads\/narteks.png","width":300,"height":90,"caption":"narteks.net"},"image":{"@id":"https:\/\/narteks.net\/#\/schema\/logo\/image\/"},"sameAs":["https:\/\/x.com\/narteks","https:\/\/instagram.com\/narteksnet"]},{"@type":"Person","@id":"https:\/\/narteks.net\/#\/schema\/person\/61f37d9834294b72d31d274e7ed79bca","name":"Tar\u0131k","image":{"@type":"ImageObject","inLanguage":"tr","@id":"https:\/\/narteks.net\/#\/schema\/person\/image\/","url":"https:\/\/secure.gravatar.com\/avatar\/50865afb55632c4ae467e0af0930f6510aa2297d8014be502a55b14f3b7550cf?s=96&d=mm&r=g","contentUrl":"https:\/\/secure.gravatar.com\/avatar\/50865afb55632c4ae467e0af0930f6510aa2297d8014be502a55b14f3b7550cf?s=96&d=mm&r=g","caption":"Tar\u0131k"},"sameAs":["http:\/\/narteks.net"],"url":"https:\/\/narteks.net\/index.php\/author\/narbak\/"}]}},"_links":{"self":[{"href":"https:\/\/narteks.net\/index.php\/wp-json\/wp\/v2\/posts\/2705","targetHints":{"allow":["GET"]}}],"collection":[{"href":"https:\/\/narteks.net\/index.php\/wp-json\/wp\/v2\/posts"}],"about":[{"href":"https:\/\/narteks.net\/index.php\/wp-json\/wp\/v2\/types\/post"}],"author":[{"embeddable":true,"href":"https:\/\/narteks.net\/index.php\/wp-json\/wp\/v2\/users\/1"}],"replies":[{"embeddable":true,"href":"https:\/\/narteks.net\/index.php\/wp-json\/wp\/v2\/comments?post=2705"}],"version-history":[{"count":0,"href":"https:\/\/narteks.net\/index.php\/wp-json\/wp\/v2\/posts\/2705\/revisions"}],"wp:attachment":[{"href":"https:\/\/narteks.net\/index.php\/wp-json\/wp\/v2\/media?parent=2705"}],"wp:term":[{"taxonomy":"category","embeddable":true,"href":"https:\/\/narteks.net\/index.php\/wp-json\/wp\/v2\/categories?post=2705"},{"taxonomy":"post_tag","embeddable":true,"href":"https:\/\/narteks.net\/index.php\/wp-json\/wp\/v2\/tags?post=2705"}],"curies":[{"name":"wp","href":"https:\/\/api.w.org\/{rel}","templated":true}]}}