{"id":2707,"date":"2009-12-07T12:23:26","date_gmt":"2009-12-07T09:23:26","guid":{"rendered":"http:\/\/localhost\/wordpress\/2009\/12\/07\/sekerli-gercek\/"},"modified":"2009-12-07T12:23:26","modified_gmt":"2009-12-07T09:23:26","slug":"sekerli-gercek","status":"publish","type":"post","link":"https:\/\/narteks.net\/index.php\/2009\/12\/07\/sekerli-gercek\/","title":{"rendered":"\u015eEKERL\u0130 GER\u00c7EK"},"content":{"rendered":"<p>\u00a0<\/p>\n<p>Ev karanl\u0131k kap ka\u00e7ak i\u011fne \u00fcst\u00fcnde <br \/> Karisi \u00e7ocuklar\u0131 var mi yok mu belli de\u011fil <br \/> Masa iskemle ocak <br \/> Arama \u00f6yle \u015feyleri <br \/> Bir sofra bir yayg\u0131 <br \/> Bir sedir olsun yok mu <br \/> Yok o da yok iste <br \/> \u0130\u011freti bir ya\u015fay\u0131\u015f i\u00e7inde adam <br \/> Duvarlar\u0131 yaln\u0131zl\u0131k yemi\u015f bitirmi\u015f <br \/> G\u00f6ky\u00fcz\u00fc \u00fcst\u00fcnde y\u0131ld\u0131zlar daha \u00fcst\u00fcnde <br \/> Kim \u00f6rts\u00fcn dam\u0131 duvarlar\u0131 kim koysun yerine <br \/> Adam bir hi\u00e7li\u011fin \u00fcst\u00fcne uzanm\u0131\u015f <br \/> Kimseler g\u00f6rmez <br \/> Kil bir torba i\u00e7inde sabunlar k\u0131m\u0131lda\u015f\u0131r <br \/> Sabaha kadar <br \/> Adam b\u0131kt\u0131\u011f\u0131n\u0131 anlay\u0131nca hi\u00e7likten <br \/> Gelsin pencere gelsin duvar <br \/> Gelsin kar\u0131s\u0131 \u00e7ocuklar\u0131 <br \/> Islak ta\u015flar sabah i\u015fleri <br \/> Adam d\u00fckkana d\u00f6ner gene <br \/> O ger\u00e7ek dedi\u011fimiz \u015fey \u0131\u015f\u0131l \u0131\u015f\u0131l <br \/> Yap\u0131\u015f\u0131k sesler \u00e7\u0131kar\u0131r \u015fekerlerin \u00fcst\u00fcnde.<\/p>\n<p>Edip CANSEVER<\/p>\n","protected":false},"excerpt":{"rendered":"<p>\u00a0 Ev karanl\u0131k kap ka\u00e7ak i\u011fne \u00fcst\u00fcnde Karisi \u00e7ocuklar\u0131 var mi yok mu belli de\u011fil Masa iskemle ocak Arama \u00f6yle \u015feyleri Bir sofra bir yayg\u0131 Bir sedir olsun yok mu Yok o da yok iste \u0130\u011freti bir ya\u015fay\u0131\u015f i\u00e7inde adam Duvarlar\u0131 yaln\u0131zl\u0131k yemi\u015f bitirmi\u015f G\u00f6ky\u00fcz\u00fc \u00fcst\u00fcnde y\u0131ld\u0131zlar daha \u00fcst\u00fcnde Kim \u00f6rts\u00fcn dam\u0131 duvarlar\u0131 kim koysun [&hellip;]<\/p>\n","protected":false},"author":1,"featured_media":0,"comment_status":"open","ping_status":"open","sticky":false,"template":"","format":"standard","meta":{"footnotes":""},"categories":[19],"tags":[],"class_list":{"0":"post-2707","1":"post","2":"type-post","3":"status-publish","4":"format-standard","6":"category-edip-cansever"},"yoast_head":"<!-- This site is optimized with the Yoast SEO Premium plugin v24.9 (Yoast SEO v24.9) - https:\/\/yoast.com\/wordpress\/plugins\/seo\/ -->\n<title>\u015eEKERL\u0130 GER\u00c7EK - narteks.net<\/title>\n<meta name=\"robots\" content=\"index, follow, max-snippet:-1, max-image-preview:large, max-video-preview:-1\" \/>\n<link rel=\"canonical\" href=\"https:\/\/narteks.net\/index.php\/2009\/12\/07\/sekerli-gercek\/\" \/>\n<meta property=\"og:locale\" content=\"tr_TR\" \/>\n<meta property=\"og:type\" content=\"article\" \/>\n<meta property=\"og:title\" content=\"\u015eEKERL\u0130 GER\u00c7EK\" \/>\n<meta property=\"og:description\" content=\"\u00a0 Ev karanl\u0131k kap ka\u00e7ak i\u011fne \u00fcst\u00fcnde Karisi \u00e7ocuklar\u0131 var mi yok mu belli de\u011fil Masa iskemle ocak Arama \u00f6yle \u015feyleri Bir sofra bir yayg\u0131 Bir sedir olsun yok mu Yok o da yok iste \u0130\u011freti bir ya\u015fay\u0131\u015f i\u00e7inde adam Duvarlar\u0131 yaln\u0131zl\u0131k yemi\u015f bitirmi\u015f G\u00f6ky\u00fcz\u00fc \u00fcst\u00fcnde y\u0131ld\u0131zlar daha \u00fcst\u00fcnde Kim \u00f6rts\u00fcn dam\u0131 duvarlar\u0131 kim koysun [&hellip;]\" \/>\n<meta property=\"og:url\" content=\"https:\/\/narteks.net\/index.php\/2009\/12\/07\/sekerli-gercek\/\" \/>\n<meta property=\"og:site_name\" content=\"narteks.net\" \/>\n<meta property=\"article:published_time\" content=\"2009-12-07T09:23:26+00:00\" \/>\n<meta property=\"og:image\" content=\"https:\/\/narteks.net\/wp-content\/uploads\/narteks.png\" \/>\n\t<meta property=\"og:image:width\" content=\"300\" \/>\n\t<meta property=\"og:image:height\" content=\"90\" \/>\n\t<meta property=\"og:image:type\" content=\"image\/png\" \/>\n<meta name=\"author\" content=\"Tar\u0131k\" \/>\n<meta name=\"twitter:card\" content=\"summary_large_image\" \/>\n<meta name=\"twitter:creator\" content=\"@narteks\" \/>\n<meta name=\"twitter:site\" content=\"@narteks\" \/>\n<meta name=\"twitter:label1\" content=\"Yazan:\" \/>\n\t<meta name=\"twitter:data1\" content=\"Tar\u0131k\" \/>\n\t<meta name=\"twitter:label2\" content=\"Tahmini okuma s\u00fcresi\" \/>\n\t<meta name=\"twitter:data2\" content=\"1 dakika\" \/>\n<script type=\"application\/ld+json\" class=\"yoast-schema-graph\">{\"@context\":\"https:\/\/schema.org\",\"@graph\":[{\"@type\":\"Article\",\"@id\":\"https:\/\/narteks.net\/index.php\/2009\/12\/07\/sekerli-gercek\/#article\",\"isPartOf\":{\"@id\":\"https:\/\/narteks.net\/index.php\/2009\/12\/07\/sekerli-gercek\/\"},\"author\":{\"name\":\"Tar\u0131k\",\"@id\":\"https:\/\/narteks.net\/#\/schema\/person\/61f37d9834294b72d31d274e7ed79bca\"},\"headline\":\"\u015eEKERL\u0130 GER\u00c7EK\",\"datePublished\":\"2009-12-07T09:23:26+00:00\",\"mainEntityOfPage\":{\"@id\":\"https:\/\/narteks.net\/index.php\/2009\/12\/07\/sekerli-gercek\/\"},\"wordCount\":143,\"commentCount\":0,\"publisher\":{\"@id\":\"https:\/\/narteks.net\/#organization\"},\"articleSection\":[\"Edip CANSEVER\"],\"inLanguage\":\"tr\",\"potentialAction\":[{\"@type\":\"CommentAction\",\"name\":\"Comment\",\"target\":[\"https:\/\/narteks.net\/index.php\/2009\/12\/07\/sekerli-gercek\/#respond\"]}]},{\"@type\":\"WebPage\",\"@id\":\"https:\/\/narteks.net\/index.php\/2009\/12\/07\/sekerli-gercek\/\",\"url\":\"https:\/\/narteks.net\/index.php\/2009\/12\/07\/sekerli-gercek\/\",\"name\":\"\u015eEKERL\u0130 GER\u00c7EK - narteks.net\",\"isPartOf\":{\"@id\":\"https:\/\/narteks.net\/#website\"},\"datePublished\":\"2009-12-07T09:23:26+00:00\",\"breadcrumb\":{\"@id\":\"https:\/\/narteks.net\/index.php\/2009\/12\/07\/sekerli-gercek\/#breadcrumb\"},\"inLanguage\":\"tr\",\"potentialAction\":[{\"@type\":\"ReadAction\",\"target\":[\"https:\/\/narteks.net\/index.php\/2009\/12\/07\/sekerli-gercek\/\"]}]},{\"@type\":\"BreadcrumbList\",\"@id\":\"https:\/\/narteks.net\/index.php\/2009\/12\/07\/sekerli-gercek\/#breadcrumb\",\"itemListElement\":[{\"@type\":\"ListItem\",\"position\":1,\"name\":\"Anasayfa\",\"item\":\"https:\/\/narteks.net\/\"},{\"@type\":\"ListItem\",\"position\":2,\"name\":\"\u015eEKERL\u0130 GER\u00c7EK\"}]},{\"@type\":\"WebSite\",\"@id\":\"https:\/\/narteks.net\/#website\",\"url\":\"https:\/\/narteks.net\/\",\"name\":\"narteks.net\",\"description\":\"K\u00fclt\u00fcr Sanat Edebiyat Felsefe\",\"publisher\":{\"@id\":\"https:\/\/narteks.net\/#organization\"},\"alternateName\":\"K\u00fclt\u00fcr Sanat Edebiyat Felsefe\",\"potentialAction\":[{\"@type\":\"SearchAction\",\"target\":{\"@type\":\"EntryPoint\",\"urlTemplate\":\"https:\/\/narteks.net\/?s={search_term_string}\"},\"query-input\":{\"@type\":\"PropertyValueSpecification\",\"valueRequired\":true,\"valueName\":\"search_term_string\"}}],\"inLanguage\":\"tr\"},{\"@type\":\"Organization\",\"@id\":\"https:\/\/narteks.net\/#organization\",\"name\":\"narteks.net\",\"url\":\"https:\/\/narteks.net\/\",\"logo\":{\"@type\":\"ImageObject\",\"inLanguage\":\"tr\",\"@id\":\"https:\/\/narteks.net\/#\/schema\/logo\/image\/\",\"url\":\"https:\/\/narteks.net\/wp-content\/uploads\/narteks.png\",\"contentUrl\":\"https:\/\/narteks.net\/wp-content\/uploads\/narteks.png\",\"width\":300,\"height\":90,\"caption\":\"narteks.net\"},\"image\":{\"@id\":\"https:\/\/narteks.net\/#\/schema\/logo\/image\/\"},\"sameAs\":[\"https:\/\/x.com\/narteks\",\"https:\/\/instagram.com\/narteksnet\"]},{\"@type\":\"Person\",\"@id\":\"https:\/\/narteks.net\/#\/schema\/person\/61f37d9834294b72d31d274e7ed79bca\",\"name\":\"Tar\u0131k\",\"image\":{\"@type\":\"ImageObject\",\"inLanguage\":\"tr\",\"@id\":\"https:\/\/narteks.net\/#\/schema\/person\/image\/\",\"url\":\"https:\/\/secure.gravatar.com\/avatar\/50865afb55632c4ae467e0af0930f6510aa2297d8014be502a55b14f3b7550cf?s=96&d=mm&r=g\",\"contentUrl\":\"https:\/\/secure.gravatar.com\/avatar\/50865afb55632c4ae467e0af0930f6510aa2297d8014be502a55b14f3b7550cf?s=96&d=mm&r=g\",\"caption\":\"Tar\u0131k\"},\"sameAs\":[\"http:\/\/narteks.net\"],\"url\":\"https:\/\/narteks.net\/index.php\/author\/narbak\/\"}]}<\/script>\n<!-- \/ Yoast SEO Premium plugin. -->","yoast_head_json":{"title":"\u015eEKERL\u0130 GER\u00c7EK - narteks.net","robots":{"index":"index","follow":"follow","max-snippet":"max-snippet:-1","max-image-preview":"max-image-preview:large","max-video-preview":"max-video-preview:-1"},"canonical":"https:\/\/narteks.net\/index.php\/2009\/12\/07\/sekerli-gercek\/","og_locale":"tr_TR","og_type":"article","og_title":"\u015eEKERL\u0130 GER\u00c7EK","og_description":"\u00a0 Ev karanl\u0131k kap ka\u00e7ak i\u011fne \u00fcst\u00fcnde Karisi \u00e7ocuklar\u0131 var mi yok mu belli de\u011fil Masa iskemle ocak Arama \u00f6yle \u015feyleri Bir sofra bir yayg\u0131 Bir sedir olsun yok mu Yok o da yok iste \u0130\u011freti bir ya\u015fay\u0131\u015f i\u00e7inde adam Duvarlar\u0131 yaln\u0131zl\u0131k yemi\u015f bitirmi\u015f G\u00f6ky\u00fcz\u00fc \u00fcst\u00fcnde y\u0131ld\u0131zlar daha \u00fcst\u00fcnde Kim \u00f6rts\u00fcn dam\u0131 duvarlar\u0131 kim koysun [&hellip;]","og_url":"https:\/\/narteks.net\/index.php\/2009\/12\/07\/sekerli-gercek\/","og_site_name":"narteks.net","article_published_time":"2009-12-07T09:23:26+00:00","og_image":[{"width":300,"height":90,"url":"https:\/\/narteks.net\/wp-content\/uploads\/narteks.png","type":"image\/png"}],"author":"Tar\u0131k","twitter_card":"summary_large_image","twitter_creator":"@narteks","twitter_site":"@narteks","twitter_misc":{"Yazan:":"Tar\u0131k","Tahmini okuma s\u00fcresi":"1 dakika"},"schema":{"@context":"https:\/\/schema.org","@graph":[{"@type":"Article","@id":"https:\/\/narteks.net\/index.php\/2009\/12\/07\/sekerli-gercek\/#article","isPartOf":{"@id":"https:\/\/narteks.net\/index.php\/2009\/12\/07\/sekerli-gercek\/"},"author":{"name":"Tar\u0131k","@id":"https:\/\/narteks.net\/#\/schema\/person\/61f37d9834294b72d31d274e7ed79bca"},"headline":"\u015eEKERL\u0130 GER\u00c7EK","datePublished":"2009-12-07T09:23:26+00:00","mainEntityOfPage":{"@id":"https:\/\/narteks.net\/index.php\/2009\/12\/07\/sekerli-gercek\/"},"wordCount":143,"commentCount":0,"publisher":{"@id":"https:\/\/narteks.net\/#organization"},"articleSection":["Edip CANSEVER"],"inLanguage":"tr","potentialAction":[{"@type":"CommentAction","name":"Comment","target":["https:\/\/narteks.net\/index.php\/2009\/12\/07\/sekerli-gercek\/#respond"]}]},{"@type":"WebPage","@id":"https:\/\/narteks.net\/index.php\/2009\/12\/07\/sekerli-gercek\/","url":"https:\/\/narteks.net\/index.php\/2009\/12\/07\/sekerli-gercek\/","name":"\u015eEKERL\u0130 GER\u00c7EK - narteks.net","isPartOf":{"@id":"https:\/\/narteks.net\/#website"},"datePublished":"2009-12-07T09:23:26+00:00","breadcrumb":{"@id":"https:\/\/narteks.net\/index.php\/2009\/12\/07\/sekerli-gercek\/#breadcrumb"},"inLanguage":"tr","potentialAction":[{"@type":"ReadAction","target":["https:\/\/narteks.net\/index.php\/2009\/12\/07\/sekerli-gercek\/"]}]},{"@type":"BreadcrumbList","@id":"https:\/\/narteks.net\/index.php\/2009\/12\/07\/sekerli-gercek\/#breadcrumb","itemListElement":[{"@type":"ListItem","position":1,"name":"Anasayfa","item":"https:\/\/narteks.net\/"},{"@type":"ListItem","position":2,"name":"\u015eEKERL\u0130 GER\u00c7EK"}]},{"@type":"WebSite","@id":"https:\/\/narteks.net\/#website","url":"https:\/\/narteks.net\/","name":"narteks.net","description":"K\u00fclt\u00fcr Sanat Edebiyat Felsefe","publisher":{"@id":"https:\/\/narteks.net\/#organization"},"alternateName":"K\u00fclt\u00fcr Sanat Edebiyat Felsefe","potentialAction":[{"@type":"SearchAction","target":{"@type":"EntryPoint","urlTemplate":"https:\/\/narteks.net\/?s={search_term_string}"},"query-input":{"@type":"PropertyValueSpecification","valueRequired":true,"valueName":"search_term_string"}}],"inLanguage":"tr"},{"@type":"Organization","@id":"https:\/\/narteks.net\/#organization","name":"narteks.net","url":"https:\/\/narteks.net\/","logo":{"@type":"ImageObject","inLanguage":"tr","@id":"https:\/\/narteks.net\/#\/schema\/logo\/image\/","url":"https:\/\/narteks.net\/wp-content\/uploads\/narteks.png","contentUrl":"https:\/\/narteks.net\/wp-content\/uploads\/narteks.png","width":300,"height":90,"caption":"narteks.net"},"image":{"@id":"https:\/\/narteks.net\/#\/schema\/logo\/image\/"},"sameAs":["https:\/\/x.com\/narteks","https:\/\/instagram.com\/narteksnet"]},{"@type":"Person","@id":"https:\/\/narteks.net\/#\/schema\/person\/61f37d9834294b72d31d274e7ed79bca","name":"Tar\u0131k","image":{"@type":"ImageObject","inLanguage":"tr","@id":"https:\/\/narteks.net\/#\/schema\/person\/image\/","url":"https:\/\/secure.gravatar.com\/avatar\/50865afb55632c4ae467e0af0930f6510aa2297d8014be502a55b14f3b7550cf?s=96&d=mm&r=g","contentUrl":"https:\/\/secure.gravatar.com\/avatar\/50865afb55632c4ae467e0af0930f6510aa2297d8014be502a55b14f3b7550cf?s=96&d=mm&r=g","caption":"Tar\u0131k"},"sameAs":["http:\/\/narteks.net"],"url":"https:\/\/narteks.net\/index.php\/author\/narbak\/"}]}},"_links":{"self":[{"href":"https:\/\/narteks.net\/index.php\/wp-json\/wp\/v2\/posts\/2707","targetHints":{"allow":["GET"]}}],"collection":[{"href":"https:\/\/narteks.net\/index.php\/wp-json\/wp\/v2\/posts"}],"about":[{"href":"https:\/\/narteks.net\/index.php\/wp-json\/wp\/v2\/types\/post"}],"author":[{"embeddable":true,"href":"https:\/\/narteks.net\/index.php\/wp-json\/wp\/v2\/users\/1"}],"replies":[{"embeddable":true,"href":"https:\/\/narteks.net\/index.php\/wp-json\/wp\/v2\/comments?post=2707"}],"version-history":[{"count":0,"href":"https:\/\/narteks.net\/index.php\/wp-json\/wp\/v2\/posts\/2707\/revisions"}],"wp:attachment":[{"href":"https:\/\/narteks.net\/index.php\/wp-json\/wp\/v2\/media?parent=2707"}],"wp:term":[{"taxonomy":"category","embeddable":true,"href":"https:\/\/narteks.net\/index.php\/wp-json\/wp\/v2\/categories?post=2707"},{"taxonomy":"post_tag","embeddable":true,"href":"https:\/\/narteks.net\/index.php\/wp-json\/wp\/v2\/tags?post=2707"}],"curies":[{"name":"wp","href":"https:\/\/api.w.org\/{rel}","templated":true}]}}