{"id":2708,"date":"2009-12-07T12:24:00","date_gmt":"2009-12-07T09:24:00","guid":{"rendered":"http:\/\/localhost\/wordpress\/2009\/12\/07\/sey-sey-sey-ve-seylerden\/"},"modified":"2009-12-07T12:24:00","modified_gmt":"2009-12-07T09:24:00","slug":"sey-sey-sey-ve-seylerden","status":"publish","type":"post","link":"https:\/\/narteks.net\/index.php\/2009\/12\/07\/sey-sey-sey-ve-seylerden\/","title":{"rendered":"\u015eEY \u015eEY \u015eEY VE \u015eEYLERDEN"},"content":{"rendered":"<p>\u00a0<\/p>\n<p>Bir adam kendi tiyatrosunda, tamam <br \/> Bir k\u00f6pek sokak de\u011fi\u015ftirdi, korkak <br \/> \u0130\u00e7i s\u00fct dolu bir lokanta, ve kapand\u0131 <br \/> Ben a\u011fz\u0131ma geleni s\u00f6yledim, \u00f6yle <br \/> Gene bir a\u011fa\u00e7 \u00f6tt\u00fc, bu ka\u00e7\u0131nc\u0131. <\/p>\n<p> Sevi\u015fsek olmaz m\u0131yd\u0131, varan bir <br \/> Elbette olurdu, bir k\u0131r \u00e7i\u00e7e\u011fi bir bulut <br \/> Bir g\u00fcl\u00fc\u015f kanamak \u00fczere, ve gizli <br \/> Ve \u00e7abuk taraf\u0131ndan bir \u015fey, \u015farap <br \/> A\u015fk gene kelime de\u011fi\u015ftirdi, vah\u015fi. <\/p>\n<p> G\u00fcne\u015fe \u00e7\u0131kt\u0131k, bunu unutma, varan iki <br \/> Ne uzak bir sesimiz vard\u0131, efsane <br \/> Gelince \u00c7ile geliyordu bir \u00e7ay <br \/> Oysa biz iki demi\u015ftik, varan \u00fc\u00e7 <br \/> G\u00f6zler ki demeye kalmad\u0131, derin. <\/p>\n<p> Kim bilir ne sevi\u015ftik ki saat ka\u00e7 <br \/> Elleri tetikte bu gazetelerin.<\/p>\n<p>Edip CANSEVER<\/p>\n","protected":false},"excerpt":{"rendered":"<p>\u00a0 Bir adam kendi tiyatrosunda, tamam Bir k\u00f6pek sokak de\u011fi\u015ftirdi, korkak \u0130\u00e7i s\u00fct dolu bir lokanta, ve kapand\u0131 Ben a\u011fz\u0131ma geleni s\u00f6yledim, \u00f6yle Gene bir a\u011fa\u00e7 \u00f6tt\u00fc, bu ka\u00e7\u0131nc\u0131. Sevi\u015fsek olmaz m\u0131yd\u0131, varan bir Elbette olurdu, bir k\u0131r \u00e7i\u00e7e\u011fi bir bulut Bir g\u00fcl\u00fc\u015f kanamak \u00fczere, ve gizli Ve \u00e7abuk taraf\u0131ndan bir \u015fey, \u015farap A\u015fk gene [&hellip;]<\/p>\n","protected":false},"author":1,"featured_media":0,"comment_status":"open","ping_status":"open","sticky":false,"template":"","format":"standard","meta":{"footnotes":""},"categories":[19],"tags":[],"class_list":{"0":"post-2708","1":"post","2":"type-post","3":"status-publish","4":"format-standard","6":"category-edip-cansever"},"yoast_head":"<!-- This site is optimized with the Yoast SEO Premium plugin v24.9 (Yoast SEO v24.9) - https:\/\/yoast.com\/wordpress\/plugins\/seo\/ -->\n<title>\u015eEY \u015eEY \u015eEY VE \u015eEYLERDEN - narteks.net<\/title>\n<meta name=\"robots\" content=\"index, follow, max-snippet:-1, max-image-preview:large, max-video-preview:-1\" \/>\n<link rel=\"canonical\" href=\"https:\/\/narteks.net\/index.php\/2009\/12\/07\/sey-sey-sey-ve-seylerden\/\" \/>\n<meta property=\"og:locale\" content=\"tr_TR\" \/>\n<meta property=\"og:type\" content=\"article\" \/>\n<meta property=\"og:title\" content=\"\u015eEY \u015eEY \u015eEY VE \u015eEYLERDEN\" \/>\n<meta property=\"og:description\" content=\"\u00a0 Bir adam kendi tiyatrosunda, tamam Bir k\u00f6pek sokak de\u011fi\u015ftirdi, korkak \u0130\u00e7i s\u00fct dolu bir lokanta, ve kapand\u0131 Ben a\u011fz\u0131ma geleni s\u00f6yledim, \u00f6yle Gene bir a\u011fa\u00e7 \u00f6tt\u00fc, bu ka\u00e7\u0131nc\u0131. Sevi\u015fsek olmaz m\u0131yd\u0131, varan bir Elbette olurdu, bir k\u0131r \u00e7i\u00e7e\u011fi bir bulut Bir g\u00fcl\u00fc\u015f kanamak \u00fczere, ve gizli Ve \u00e7abuk taraf\u0131ndan bir \u015fey, \u015farap A\u015fk gene [&hellip;]\" \/>\n<meta property=\"og:url\" content=\"https:\/\/narteks.net\/index.php\/2009\/12\/07\/sey-sey-sey-ve-seylerden\/\" \/>\n<meta property=\"og:site_name\" content=\"narteks.net\" \/>\n<meta property=\"article:published_time\" content=\"2009-12-07T09:24:00+00:00\" \/>\n<meta property=\"og:image\" content=\"https:\/\/narteks.net\/wp-content\/uploads\/narteks.png\" \/>\n\t<meta property=\"og:image:width\" content=\"300\" \/>\n\t<meta property=\"og:image:height\" content=\"90\" \/>\n\t<meta property=\"og:image:type\" content=\"image\/png\" \/>\n<meta name=\"author\" content=\"Tar\u0131k\" \/>\n<meta name=\"twitter:card\" content=\"summary_large_image\" \/>\n<meta name=\"twitter:creator\" content=\"@narteks\" \/>\n<meta name=\"twitter:site\" content=\"@narteks\" \/>\n<meta name=\"twitter:label1\" content=\"Yazan:\" \/>\n\t<meta name=\"twitter:data1\" content=\"Tar\u0131k\" \/>\n\t<meta name=\"twitter:label2\" content=\"Tahmini okuma s\u00fcresi\" \/>\n\t<meta name=\"twitter:data2\" content=\"1 dakika\" \/>\n<script type=\"application\/ld+json\" class=\"yoast-schema-graph\">{\"@context\":\"https:\/\/schema.org\",\"@graph\":[{\"@type\":\"Article\",\"@id\":\"https:\/\/narteks.net\/index.php\/2009\/12\/07\/sey-sey-sey-ve-seylerden\/#article\",\"isPartOf\":{\"@id\":\"https:\/\/narteks.net\/index.php\/2009\/12\/07\/sey-sey-sey-ve-seylerden\/\"},\"author\":{\"name\":\"Tar\u0131k\",\"@id\":\"https:\/\/narteks.net\/#\/schema\/person\/61f37d9834294b72d31d274e7ed79bca\"},\"headline\":\"\u015eEY \u015eEY \u015eEY VE \u015eEYLERDEN\",\"datePublished\":\"2009-12-07T09:24:00+00:00\",\"mainEntityOfPage\":{\"@id\":\"https:\/\/narteks.net\/index.php\/2009\/12\/07\/sey-sey-sey-ve-seylerden\/\"},\"wordCount\":128,\"commentCount\":0,\"publisher\":{\"@id\":\"https:\/\/narteks.net\/#organization\"},\"articleSection\":[\"Edip CANSEVER\"],\"inLanguage\":\"tr\",\"potentialAction\":[{\"@type\":\"CommentAction\",\"name\":\"Comment\",\"target\":[\"https:\/\/narteks.net\/index.php\/2009\/12\/07\/sey-sey-sey-ve-seylerden\/#respond\"]}]},{\"@type\":\"WebPage\",\"@id\":\"https:\/\/narteks.net\/index.php\/2009\/12\/07\/sey-sey-sey-ve-seylerden\/\",\"url\":\"https:\/\/narteks.net\/index.php\/2009\/12\/07\/sey-sey-sey-ve-seylerden\/\",\"name\":\"\u015eEY \u015eEY \u015eEY VE \u015eEYLERDEN - narteks.net\",\"isPartOf\":{\"@id\":\"https:\/\/narteks.net\/#website\"},\"datePublished\":\"2009-12-07T09:24:00+00:00\",\"breadcrumb\":{\"@id\":\"https:\/\/narteks.net\/index.php\/2009\/12\/07\/sey-sey-sey-ve-seylerden\/#breadcrumb\"},\"inLanguage\":\"tr\",\"potentialAction\":[{\"@type\":\"ReadAction\",\"target\":[\"https:\/\/narteks.net\/index.php\/2009\/12\/07\/sey-sey-sey-ve-seylerden\/\"]}]},{\"@type\":\"BreadcrumbList\",\"@id\":\"https:\/\/narteks.net\/index.php\/2009\/12\/07\/sey-sey-sey-ve-seylerden\/#breadcrumb\",\"itemListElement\":[{\"@type\":\"ListItem\",\"position\":1,\"name\":\"Anasayfa\",\"item\":\"https:\/\/narteks.net\/\"},{\"@type\":\"ListItem\",\"position\":2,\"name\":\"\u015eEY \u015eEY \u015eEY VE \u015eEYLERDEN\"}]},{\"@type\":\"WebSite\",\"@id\":\"https:\/\/narteks.net\/#website\",\"url\":\"https:\/\/narteks.net\/\",\"name\":\"narteks.net\",\"description\":\"K\u00fclt\u00fcr Sanat Edebiyat Felsefe\",\"publisher\":{\"@id\":\"https:\/\/narteks.net\/#organization\"},\"alternateName\":\"K\u00fclt\u00fcr Sanat Edebiyat Felsefe\",\"potentialAction\":[{\"@type\":\"SearchAction\",\"target\":{\"@type\":\"EntryPoint\",\"urlTemplate\":\"https:\/\/narteks.net\/?s={search_term_string}\"},\"query-input\":{\"@type\":\"PropertyValueSpecification\",\"valueRequired\":true,\"valueName\":\"search_term_string\"}}],\"inLanguage\":\"tr\"},{\"@type\":\"Organization\",\"@id\":\"https:\/\/narteks.net\/#organization\",\"name\":\"narteks.net\",\"url\":\"https:\/\/narteks.net\/\",\"logo\":{\"@type\":\"ImageObject\",\"inLanguage\":\"tr\",\"@id\":\"https:\/\/narteks.net\/#\/schema\/logo\/image\/\",\"url\":\"https:\/\/narteks.net\/wp-content\/uploads\/narteks.png\",\"contentUrl\":\"https:\/\/narteks.net\/wp-content\/uploads\/narteks.png\",\"width\":300,\"height\":90,\"caption\":\"narteks.net\"},\"image\":{\"@id\":\"https:\/\/narteks.net\/#\/schema\/logo\/image\/\"},\"sameAs\":[\"https:\/\/x.com\/narteks\",\"https:\/\/instagram.com\/narteksnet\"]},{\"@type\":\"Person\",\"@id\":\"https:\/\/narteks.net\/#\/schema\/person\/61f37d9834294b72d31d274e7ed79bca\",\"name\":\"Tar\u0131k\",\"image\":{\"@type\":\"ImageObject\",\"inLanguage\":\"tr\",\"@id\":\"https:\/\/narteks.net\/#\/schema\/person\/image\/\",\"url\":\"https:\/\/secure.gravatar.com\/avatar\/50865afb55632c4ae467e0af0930f6510aa2297d8014be502a55b14f3b7550cf?s=96&d=mm&r=g\",\"contentUrl\":\"https:\/\/secure.gravatar.com\/avatar\/50865afb55632c4ae467e0af0930f6510aa2297d8014be502a55b14f3b7550cf?s=96&d=mm&r=g\",\"caption\":\"Tar\u0131k\"},\"sameAs\":[\"http:\/\/narteks.net\"],\"url\":\"https:\/\/narteks.net\/index.php\/author\/narbak\/\"}]}<\/script>\n<!-- \/ Yoast SEO Premium plugin. -->","yoast_head_json":{"title":"\u015eEY \u015eEY \u015eEY VE \u015eEYLERDEN - narteks.net","robots":{"index":"index","follow":"follow","max-snippet":"max-snippet:-1","max-image-preview":"max-image-preview:large","max-video-preview":"max-video-preview:-1"},"canonical":"https:\/\/narteks.net\/index.php\/2009\/12\/07\/sey-sey-sey-ve-seylerden\/","og_locale":"tr_TR","og_type":"article","og_title":"\u015eEY \u015eEY \u015eEY VE \u015eEYLERDEN","og_description":"\u00a0 Bir adam kendi tiyatrosunda, tamam Bir k\u00f6pek sokak de\u011fi\u015ftirdi, korkak \u0130\u00e7i s\u00fct dolu bir lokanta, ve kapand\u0131 Ben a\u011fz\u0131ma geleni s\u00f6yledim, \u00f6yle Gene bir a\u011fa\u00e7 \u00f6tt\u00fc, bu ka\u00e7\u0131nc\u0131. Sevi\u015fsek olmaz m\u0131yd\u0131, varan bir Elbette olurdu, bir k\u0131r \u00e7i\u00e7e\u011fi bir bulut Bir g\u00fcl\u00fc\u015f kanamak \u00fczere, ve gizli Ve \u00e7abuk taraf\u0131ndan bir \u015fey, \u015farap A\u015fk gene [&hellip;]","og_url":"https:\/\/narteks.net\/index.php\/2009\/12\/07\/sey-sey-sey-ve-seylerden\/","og_site_name":"narteks.net","article_published_time":"2009-12-07T09:24:00+00:00","og_image":[{"width":300,"height":90,"url":"https:\/\/narteks.net\/wp-content\/uploads\/narteks.png","type":"image\/png"}],"author":"Tar\u0131k","twitter_card":"summary_large_image","twitter_creator":"@narteks","twitter_site":"@narteks","twitter_misc":{"Yazan:":"Tar\u0131k","Tahmini okuma s\u00fcresi":"1 dakika"},"schema":{"@context":"https:\/\/schema.org","@graph":[{"@type":"Article","@id":"https:\/\/narteks.net\/index.php\/2009\/12\/07\/sey-sey-sey-ve-seylerden\/#article","isPartOf":{"@id":"https:\/\/narteks.net\/index.php\/2009\/12\/07\/sey-sey-sey-ve-seylerden\/"},"author":{"name":"Tar\u0131k","@id":"https:\/\/narteks.net\/#\/schema\/person\/61f37d9834294b72d31d274e7ed79bca"},"headline":"\u015eEY \u015eEY \u015eEY VE \u015eEYLERDEN","datePublished":"2009-12-07T09:24:00+00:00","mainEntityOfPage":{"@id":"https:\/\/narteks.net\/index.php\/2009\/12\/07\/sey-sey-sey-ve-seylerden\/"},"wordCount":128,"commentCount":0,"publisher":{"@id":"https:\/\/narteks.net\/#organization"},"articleSection":["Edip CANSEVER"],"inLanguage":"tr","potentialAction":[{"@type":"CommentAction","name":"Comment","target":["https:\/\/narteks.net\/index.php\/2009\/12\/07\/sey-sey-sey-ve-seylerden\/#respond"]}]},{"@type":"WebPage","@id":"https:\/\/narteks.net\/index.php\/2009\/12\/07\/sey-sey-sey-ve-seylerden\/","url":"https:\/\/narteks.net\/index.php\/2009\/12\/07\/sey-sey-sey-ve-seylerden\/","name":"\u015eEY \u015eEY \u015eEY VE \u015eEYLERDEN - narteks.net","isPartOf":{"@id":"https:\/\/narteks.net\/#website"},"datePublished":"2009-12-07T09:24:00+00:00","breadcrumb":{"@id":"https:\/\/narteks.net\/index.php\/2009\/12\/07\/sey-sey-sey-ve-seylerden\/#breadcrumb"},"inLanguage":"tr","potentialAction":[{"@type":"ReadAction","target":["https:\/\/narteks.net\/index.php\/2009\/12\/07\/sey-sey-sey-ve-seylerden\/"]}]},{"@type":"BreadcrumbList","@id":"https:\/\/narteks.net\/index.php\/2009\/12\/07\/sey-sey-sey-ve-seylerden\/#breadcrumb","itemListElement":[{"@type":"ListItem","position":1,"name":"Anasayfa","item":"https:\/\/narteks.net\/"},{"@type":"ListItem","position":2,"name":"\u015eEY \u015eEY \u015eEY VE \u015eEYLERDEN"}]},{"@type":"WebSite","@id":"https:\/\/narteks.net\/#website","url":"https:\/\/narteks.net\/","name":"narteks.net","description":"K\u00fclt\u00fcr Sanat Edebiyat Felsefe","publisher":{"@id":"https:\/\/narteks.net\/#organization"},"alternateName":"K\u00fclt\u00fcr Sanat Edebiyat Felsefe","potentialAction":[{"@type":"SearchAction","target":{"@type":"EntryPoint","urlTemplate":"https:\/\/narteks.net\/?s={search_term_string}"},"query-input":{"@type":"PropertyValueSpecification","valueRequired":true,"valueName":"search_term_string"}}],"inLanguage":"tr"},{"@type":"Organization","@id":"https:\/\/narteks.net\/#organization","name":"narteks.net","url":"https:\/\/narteks.net\/","logo":{"@type":"ImageObject","inLanguage":"tr","@id":"https:\/\/narteks.net\/#\/schema\/logo\/image\/","url":"https:\/\/narteks.net\/wp-content\/uploads\/narteks.png","contentUrl":"https:\/\/narteks.net\/wp-content\/uploads\/narteks.png","width":300,"height":90,"caption":"narteks.net"},"image":{"@id":"https:\/\/narteks.net\/#\/schema\/logo\/image\/"},"sameAs":["https:\/\/x.com\/narteks","https:\/\/instagram.com\/narteksnet"]},{"@type":"Person","@id":"https:\/\/narteks.net\/#\/schema\/person\/61f37d9834294b72d31d274e7ed79bca","name":"Tar\u0131k","image":{"@type":"ImageObject","inLanguage":"tr","@id":"https:\/\/narteks.net\/#\/schema\/person\/image\/","url":"https:\/\/secure.gravatar.com\/avatar\/50865afb55632c4ae467e0af0930f6510aa2297d8014be502a55b14f3b7550cf?s=96&d=mm&r=g","contentUrl":"https:\/\/secure.gravatar.com\/avatar\/50865afb55632c4ae467e0af0930f6510aa2297d8014be502a55b14f3b7550cf?s=96&d=mm&r=g","caption":"Tar\u0131k"},"sameAs":["http:\/\/narteks.net"],"url":"https:\/\/narteks.net\/index.php\/author\/narbak\/"}]}},"_links":{"self":[{"href":"https:\/\/narteks.net\/index.php\/wp-json\/wp\/v2\/posts\/2708","targetHints":{"allow":["GET"]}}],"collection":[{"href":"https:\/\/narteks.net\/index.php\/wp-json\/wp\/v2\/posts"}],"about":[{"href":"https:\/\/narteks.net\/index.php\/wp-json\/wp\/v2\/types\/post"}],"author":[{"embeddable":true,"href":"https:\/\/narteks.net\/index.php\/wp-json\/wp\/v2\/users\/1"}],"replies":[{"embeddable":true,"href":"https:\/\/narteks.net\/index.php\/wp-json\/wp\/v2\/comments?post=2708"}],"version-history":[{"count":0,"href":"https:\/\/narteks.net\/index.php\/wp-json\/wp\/v2\/posts\/2708\/revisions"}],"wp:attachment":[{"href":"https:\/\/narteks.net\/index.php\/wp-json\/wp\/v2\/media?parent=2708"}],"wp:term":[{"taxonomy":"category","embeddable":true,"href":"https:\/\/narteks.net\/index.php\/wp-json\/wp\/v2\/categories?post=2708"},{"taxonomy":"post_tag","embeddable":true,"href":"https:\/\/narteks.net\/index.php\/wp-json\/wp\/v2\/tags?post=2708"}],"curies":[{"name":"wp","href":"https:\/\/api.w.org\/{rel}","templated":true}]}}