{"id":2734,"date":"2009-12-07T12:48:25","date_gmt":"2009-12-07T09:48:25","guid":{"rendered":"http:\/\/localhost\/wordpress\/2009\/12\/07\/patron-masaya-gelir\/"},"modified":"2009-12-07T12:48:25","modified_gmt":"2009-12-07T09:48:25","slug":"patron-masaya-gelir","status":"publish","type":"post","link":"https:\/\/narteks.net\/index.php\/2009\/12\/07\/patron-masaya-gelir\/","title":{"rendered":"PATRON MASAYA GEL\u0130R"},"content":{"rendered":"<p>\u00a0<\/p>\n<p>Ben patronum, \u015f\u00f6yle b\u00f6yle bir adam\u0131m<br \/>B\u0131rak\u0131n konu\u015fay\u0131m<br \/>Bir bira i\u00e7eyim konu\u015fay\u0131m<br \/>Kim ne derse desin kad\u0131nlara d\u00fc\u015fk\u00fcn\u00fcm<br \/>Ne yapay\u0131m \u00f6yleyim<br \/>Kad\u0131n dendi mi sanki ben<br \/>Vi\u015fneli bir dondurmay\u0131 durmaks\u0131z\u0131n yalar\u0131m.<\/p>\n<p>Ruhi Beyi pek tan\u0131mam<br \/>Yok, hay\u0131r, belki de iyi tan\u0131r\u0131m<br \/>Neden derseniz ben herkesi iyi tan\u0131r\u0131m<br \/>\u0130\u015fsizim, d\u00fclgerim, boyac\u0131y\u0131m<br \/>Herkesle bir olurum<br \/>Ki\u015filiksiz kal\u0131r\u0131m.<\/p>\n<p>G\u00fcn\u00fcn herhangi bir saatinde \u00e7\u0131kar gelir<br \/>Nas\u0131ls\u0131n\u0131z Ruhi Bey, derim<br \/>O her zamanki gibi: iyiyim, iyiyim<br \/>\u015eu k\u00f6\u015fedeki masa onundur<br \/>Ba\u015fkas\u0131 oturmuyorsa gider oturur<br \/>\u015earaptan ba\u015fka bir \u015fey i\u00e7mez<br \/>Bazen \u015farapla biray\u0131 kar\u0131\u015ft\u0131r\u0131r<br \/>Do\u011frusu sarho\u015fken hi\u00e7 g\u00f6rmedim<br \/>Tersine \u00e7ok incedir, derim ki biraz da soyludur<br \/>Nedense bulutlan\u0131r g\u00f6zleri arada<br \/>O zaman kimseyi g\u00f6rmez<br \/>Uzaklara bakar yaln\u0131zca<br \/>Benimle konu\u015furken, gazetesini okurken<br \/>Ruhi Bey uzaklara bakar<br \/>San\u0131rs\u0131n\u0131z ki i\u015fte \u00e7ok uzaklarda bir Ruhi Bey daha var<br \/>Bana \u00f6yle gelir ki durmadan geri \u00e7a\u011f\u0131r\u0131r onu<br \/>Ama durmadan<br \/>Ve al\u0131r kar\u015f\u0131s\u0131na &#8211; neden bilinmez &#8211;<br \/>Su\u00e7lu bir \u00e7ocuktur da sanki o, gizli gizli azarlar.<\/p>\n<p>Paras\u0131 varsa verir<br \/>Yoksa hi\u00e7 bir \u015fey s\u00f6ylemeden \u00e7ekip gider<br \/>Sonra bir cep saati vard\u0131r, arada \u00e7\u0131kar\u0131p bakar<br \/>Ama bilirim saatle filan i\u015fi yoktur<br \/>Zaten zamanla i\u015fi yoktur ki Ruhi Beyin<br \/>Hep ayn\u0131 elbiseyi giyer<br \/>Yaz\u0131n ceketini \u00e7\u0131kar\u0131r<br \/>Kravat\u0131 ip gibidir, incedir<br \/>Ayaklar\u0131na hi\u00e7 bakmad\u0131m<br \/>O kadar ilgin\u00e7tir ki y\u00fcz\u00fc, ayaklar\u0131 bilmem var m\u0131d\u0131r.<\/p>\n<p>Bu meyhaneyi yirmi y\u0131ld\u0131r i\u015fletirim<br \/>Do\u011frusu Ruhi Bey gibisini hi\u00e7 g\u00f6rmedim<br \/>M\u0131s\u0131r\u00e7ar\u015f\u0131s\u0131&#8217;nda baharat\u00e7\u0131 d\u00fckkanlar\u0131 vard\u0131r, bilirsiniz<br \/>Ruhi Beyi ben o d\u00fckkanlara benzetirim<br \/>Binlerce \u015feydir \u00e7\u00fcnk\u00fc Ruhi Bey<br \/>Nanedir, ada \u00e7ay\u0131d\u0131r, zencefildir<br \/>Bu \u00e7evrede herkes onu tan\u0131r<br \/>Bana sorarsan\u0131z tan\u0131maz<br \/>\u015e\u00f6yle ki, bir ayakkab\u0131 \u00e7ivisi gibi kendine batar<br \/>\u015earab\u0131yla batar, uykusuzlu\u011fuyla batar<br \/>G\u00fclmesi h\u00fczn\u00fcne<br \/>Konu\u015fmas\u0131 susmas\u0131na batar.<\/p>\n<p>\u00c7ok oturmaz, usulca kalk\u0131p gider<br \/>S\u0131k\u0131l\u0131r da m\u0131 gider, pek anlamam<br \/>Anlad\u0131\u011f\u0131m bir \u015fey varsa<br \/>\u015eu barda\u011f\u0131 g\u00f6r\u00fcyorsunuz ya<br \/>Barda\u011fa biray\u0131 bo\u015faltt\u0131\u011f\u0131m gibi gider<br \/>Gitmeden \u00f6nce biraz silikle\u015fir<br \/>Sonra b\u00fcsb\u00fct\u00fcn solar<br \/>Ger\u00e7ekte<br \/>D\u00f6rt mevsimin kar\u0131\u015f\u0131m\u0131 gibidir Ruhi Bey.<\/p>\n<p>Size bir olay anlatay\u0131m, \u00e7ok k\u0131sa<br \/>Bir k\u0131\u015f g\u00fcn\u00fcyd\u00fc, kar ya\u011f\u0131yordu<br \/>G\u00f6k sap\u0131ndan bo\u015falm\u0131\u015f papatya yapraklar\u0131 gibi duruyordu<br \/>Kap\u0131da Ruhi Beyi g\u00f6rd\u00fcm<br \/>G\u00f6zleri k\u0131pk\u0131rm\u0131z\u0131yd\u0131<br \/>\u00c7i\u011fnenmemi\u015f kar\u0131n \u00fcst\u00fcnde<br \/>\u0130ki tek kokina gibi duruyordu g\u00f6zleri<br \/>Beni birine g\u00f6steriyordu eliyle<br \/>Yan\u0131nda kimseler yoktu<br \/>Birine yak\u0131n\u0131yordu benden<br \/>Yan\u0131nda kimseler yoktu<br \/>Bir ad\u0131m daha att\u0131<br \/>Eli\u00a0\u00a0bir b\u0131\u00e7ak ucu gibi sipsivriydi, uzundu<br \/>Ve nas\u0131l olduysa oldu<br \/>Yitirdim bir anda g\u00f6zden<br \/>Hani d\u00fc\u015f g\u00f6rd\u00fcm desem<br \/>O zaman sa\u011f bile\u011fim niye kan\u0131yordu.<\/p>\n<p>Edip CANSEVER<\/p>\n","protected":false},"excerpt":{"rendered":"<p>\u00a0 Ben patronum, \u015f\u00f6yle b\u00f6yle bir adam\u0131mB\u0131rak\u0131n konu\u015fay\u0131mBir bira i\u00e7eyim konu\u015fay\u0131mKim ne derse desin kad\u0131nlara d\u00fc\u015fk\u00fcn\u00fcmNe yapay\u0131m \u00f6yleyimKad\u0131n dendi mi sanki benVi\u015fneli bir dondurmay\u0131 durmaks\u0131z\u0131n yalar\u0131m. Ruhi Beyi pek tan\u0131mamYok, hay\u0131r, belki de iyi tan\u0131r\u0131mNeden derseniz ben herkesi iyi tan\u0131r\u0131m\u0130\u015fsizim, d\u00fclgerim, boyac\u0131y\u0131mHerkesle bir olurumKi\u015filiksiz kal\u0131r\u0131m. G\u00fcn\u00fcn herhangi bir saatinde \u00e7\u0131kar gelirNas\u0131ls\u0131n\u0131z Ruhi Bey, derimO her [&hellip;]<\/p>\n","protected":false},"author":1,"featured_media":0,"comment_status":"open","ping_status":"open","sticky":false,"template":"","format":"standard","meta":{"footnotes":""},"categories":[19],"tags":[],"class_list":{"0":"post-2734","1":"post","2":"type-post","3":"status-publish","4":"format-standard","6":"category-edip-cansever"},"yoast_head":"<!-- This site is optimized with the Yoast SEO Premium plugin v24.9 (Yoast SEO v24.9) - https:\/\/yoast.com\/wordpress\/plugins\/seo\/ -->\n<title>PATRON MASAYA GEL\u0130R - narteks.net<\/title>\n<meta name=\"robots\" content=\"index, follow, max-snippet:-1, max-image-preview:large, max-video-preview:-1\" \/>\n<link rel=\"canonical\" href=\"https:\/\/narteks.net\/index.php\/2009\/12\/07\/patron-masaya-gelir\/\" \/>\n<meta property=\"og:locale\" content=\"tr_TR\" \/>\n<meta property=\"og:type\" content=\"article\" \/>\n<meta property=\"og:title\" content=\"PATRON MASAYA GEL\u0130R\" \/>\n<meta property=\"og:description\" content=\"\u00a0 Ben patronum, \u015f\u00f6yle b\u00f6yle bir adam\u0131mB\u0131rak\u0131n konu\u015fay\u0131mBir bira i\u00e7eyim konu\u015fay\u0131mKim ne derse desin kad\u0131nlara d\u00fc\u015fk\u00fcn\u00fcmNe yapay\u0131m \u00f6yleyimKad\u0131n dendi mi sanki benVi\u015fneli bir dondurmay\u0131 durmaks\u0131z\u0131n yalar\u0131m. Ruhi Beyi pek tan\u0131mamYok, hay\u0131r, belki de iyi tan\u0131r\u0131mNeden derseniz ben herkesi iyi tan\u0131r\u0131m\u0130\u015fsizim, d\u00fclgerim, boyac\u0131y\u0131mHerkesle bir olurumKi\u015filiksiz kal\u0131r\u0131m. G\u00fcn\u00fcn herhangi bir saatinde \u00e7\u0131kar gelirNas\u0131ls\u0131n\u0131z Ruhi Bey, derimO her [&hellip;]\" \/>\n<meta property=\"og:url\" content=\"https:\/\/narteks.net\/index.php\/2009\/12\/07\/patron-masaya-gelir\/\" \/>\n<meta property=\"og:site_name\" content=\"narteks.net\" \/>\n<meta property=\"article:published_time\" content=\"2009-12-07T09:48:25+00:00\" \/>\n<meta property=\"og:image\" content=\"https:\/\/narteks.net\/wp-content\/uploads\/narteks.png\" \/>\n\t<meta property=\"og:image:width\" content=\"300\" \/>\n\t<meta property=\"og:image:height\" content=\"90\" \/>\n\t<meta property=\"og:image:type\" content=\"image\/png\" \/>\n<meta name=\"author\" content=\"Tar\u0131k\" \/>\n<meta name=\"twitter:card\" content=\"summary_large_image\" \/>\n<meta name=\"twitter:creator\" content=\"@narteks\" \/>\n<meta name=\"twitter:site\" content=\"@narteks\" \/>\n<meta name=\"twitter:label1\" content=\"Yazan:\" \/>\n\t<meta name=\"twitter:data1\" content=\"Tar\u0131k\" \/>\n\t<meta name=\"twitter:label2\" content=\"Tahmini okuma s\u00fcresi\" \/>\n\t<meta name=\"twitter:data2\" content=\"2 dakika\" \/>\n<script type=\"application\/ld+json\" class=\"yoast-schema-graph\">{\"@context\":\"https:\/\/schema.org\",\"@graph\":[{\"@type\":\"Article\",\"@id\":\"https:\/\/narteks.net\/index.php\/2009\/12\/07\/patron-masaya-gelir\/#article\",\"isPartOf\":{\"@id\":\"https:\/\/narteks.net\/index.php\/2009\/12\/07\/patron-masaya-gelir\/\"},\"author\":{\"name\":\"Tar\u0131k\",\"@id\":\"https:\/\/narteks.net\/#\/schema\/person\/61f37d9834294b72d31d274e7ed79bca\"},\"headline\":\"PATRON MASAYA GEL\u0130R\",\"datePublished\":\"2009-12-07T09:48:25+00:00\",\"mainEntityOfPage\":{\"@id\":\"https:\/\/narteks.net\/index.php\/2009\/12\/07\/patron-masaya-gelir\/\"},\"wordCount\":469,\"commentCount\":0,\"publisher\":{\"@id\":\"https:\/\/narteks.net\/#organization\"},\"articleSection\":[\"Edip CANSEVER\"],\"inLanguage\":\"tr\",\"potentialAction\":[{\"@type\":\"CommentAction\",\"name\":\"Comment\",\"target\":[\"https:\/\/narteks.net\/index.php\/2009\/12\/07\/patron-masaya-gelir\/#respond\"]}]},{\"@type\":\"WebPage\",\"@id\":\"https:\/\/narteks.net\/index.php\/2009\/12\/07\/patron-masaya-gelir\/\",\"url\":\"https:\/\/narteks.net\/index.php\/2009\/12\/07\/patron-masaya-gelir\/\",\"name\":\"PATRON MASAYA GEL\u0130R - narteks.net\",\"isPartOf\":{\"@id\":\"https:\/\/narteks.net\/#website\"},\"datePublished\":\"2009-12-07T09:48:25+00:00\",\"breadcrumb\":{\"@id\":\"https:\/\/narteks.net\/index.php\/2009\/12\/07\/patron-masaya-gelir\/#breadcrumb\"},\"inLanguage\":\"tr\",\"potentialAction\":[{\"@type\":\"ReadAction\",\"target\":[\"https:\/\/narteks.net\/index.php\/2009\/12\/07\/patron-masaya-gelir\/\"]}]},{\"@type\":\"BreadcrumbList\",\"@id\":\"https:\/\/narteks.net\/index.php\/2009\/12\/07\/patron-masaya-gelir\/#breadcrumb\",\"itemListElement\":[{\"@type\":\"ListItem\",\"position\":1,\"name\":\"Anasayfa\",\"item\":\"https:\/\/narteks.net\/\"},{\"@type\":\"ListItem\",\"position\":2,\"name\":\"PATRON MASAYA GEL\u0130R\"}]},{\"@type\":\"WebSite\",\"@id\":\"https:\/\/narteks.net\/#website\",\"url\":\"https:\/\/narteks.net\/\",\"name\":\"narteks.net\",\"description\":\"K\u00fclt\u00fcr Sanat Edebiyat Felsefe\",\"publisher\":{\"@id\":\"https:\/\/narteks.net\/#organization\"},\"alternateName\":\"K\u00fclt\u00fcr Sanat Edebiyat Felsefe\",\"potentialAction\":[{\"@type\":\"SearchAction\",\"target\":{\"@type\":\"EntryPoint\",\"urlTemplate\":\"https:\/\/narteks.net\/?s={search_term_string}\"},\"query-input\":{\"@type\":\"PropertyValueSpecification\",\"valueRequired\":true,\"valueName\":\"search_term_string\"}}],\"inLanguage\":\"tr\"},{\"@type\":\"Organization\",\"@id\":\"https:\/\/narteks.net\/#organization\",\"name\":\"narteks.net\",\"url\":\"https:\/\/narteks.net\/\",\"logo\":{\"@type\":\"ImageObject\",\"inLanguage\":\"tr\",\"@id\":\"https:\/\/narteks.net\/#\/schema\/logo\/image\/\",\"url\":\"https:\/\/narteks.net\/wp-content\/uploads\/narteks.png\",\"contentUrl\":\"https:\/\/narteks.net\/wp-content\/uploads\/narteks.png\",\"width\":300,\"height\":90,\"caption\":\"narteks.net\"},\"image\":{\"@id\":\"https:\/\/narteks.net\/#\/schema\/logo\/image\/\"},\"sameAs\":[\"https:\/\/x.com\/narteks\",\"https:\/\/instagram.com\/narteksnet\"]},{\"@type\":\"Person\",\"@id\":\"https:\/\/narteks.net\/#\/schema\/person\/61f37d9834294b72d31d274e7ed79bca\",\"name\":\"Tar\u0131k\",\"image\":{\"@type\":\"ImageObject\",\"inLanguage\":\"tr\",\"@id\":\"https:\/\/narteks.net\/#\/schema\/person\/image\/\",\"url\":\"https:\/\/secure.gravatar.com\/avatar\/50865afb55632c4ae467e0af0930f6510aa2297d8014be502a55b14f3b7550cf?s=96&d=mm&r=g\",\"contentUrl\":\"https:\/\/secure.gravatar.com\/avatar\/50865afb55632c4ae467e0af0930f6510aa2297d8014be502a55b14f3b7550cf?s=96&d=mm&r=g\",\"caption\":\"Tar\u0131k\"},\"sameAs\":[\"http:\/\/narteks.net\"],\"url\":\"https:\/\/narteks.net\/index.php\/author\/narbak\/\"}]}<\/script>\n<!-- \/ Yoast SEO Premium plugin. -->","yoast_head_json":{"title":"PATRON MASAYA GEL\u0130R - narteks.net","robots":{"index":"index","follow":"follow","max-snippet":"max-snippet:-1","max-image-preview":"max-image-preview:large","max-video-preview":"max-video-preview:-1"},"canonical":"https:\/\/narteks.net\/index.php\/2009\/12\/07\/patron-masaya-gelir\/","og_locale":"tr_TR","og_type":"article","og_title":"PATRON MASAYA GEL\u0130R","og_description":"\u00a0 Ben patronum, \u015f\u00f6yle b\u00f6yle bir adam\u0131mB\u0131rak\u0131n konu\u015fay\u0131mBir bira i\u00e7eyim konu\u015fay\u0131mKim ne derse desin kad\u0131nlara d\u00fc\u015fk\u00fcn\u00fcmNe yapay\u0131m \u00f6yleyimKad\u0131n dendi mi sanki benVi\u015fneli bir dondurmay\u0131 durmaks\u0131z\u0131n yalar\u0131m. Ruhi Beyi pek tan\u0131mamYok, hay\u0131r, belki de iyi tan\u0131r\u0131mNeden derseniz ben herkesi iyi tan\u0131r\u0131m\u0130\u015fsizim, d\u00fclgerim, boyac\u0131y\u0131mHerkesle bir olurumKi\u015filiksiz kal\u0131r\u0131m. G\u00fcn\u00fcn herhangi bir saatinde \u00e7\u0131kar gelirNas\u0131ls\u0131n\u0131z Ruhi Bey, derimO her [&hellip;]","og_url":"https:\/\/narteks.net\/index.php\/2009\/12\/07\/patron-masaya-gelir\/","og_site_name":"narteks.net","article_published_time":"2009-12-07T09:48:25+00:00","og_image":[{"width":300,"height":90,"url":"https:\/\/narteks.net\/wp-content\/uploads\/narteks.png","type":"image\/png"}],"author":"Tar\u0131k","twitter_card":"summary_large_image","twitter_creator":"@narteks","twitter_site":"@narteks","twitter_misc":{"Yazan:":"Tar\u0131k","Tahmini okuma s\u00fcresi":"2 dakika"},"schema":{"@context":"https:\/\/schema.org","@graph":[{"@type":"Article","@id":"https:\/\/narteks.net\/index.php\/2009\/12\/07\/patron-masaya-gelir\/#article","isPartOf":{"@id":"https:\/\/narteks.net\/index.php\/2009\/12\/07\/patron-masaya-gelir\/"},"author":{"name":"Tar\u0131k","@id":"https:\/\/narteks.net\/#\/schema\/person\/61f37d9834294b72d31d274e7ed79bca"},"headline":"PATRON MASAYA GEL\u0130R","datePublished":"2009-12-07T09:48:25+00:00","mainEntityOfPage":{"@id":"https:\/\/narteks.net\/index.php\/2009\/12\/07\/patron-masaya-gelir\/"},"wordCount":469,"commentCount":0,"publisher":{"@id":"https:\/\/narteks.net\/#organization"},"articleSection":["Edip CANSEVER"],"inLanguage":"tr","potentialAction":[{"@type":"CommentAction","name":"Comment","target":["https:\/\/narteks.net\/index.php\/2009\/12\/07\/patron-masaya-gelir\/#respond"]}]},{"@type":"WebPage","@id":"https:\/\/narteks.net\/index.php\/2009\/12\/07\/patron-masaya-gelir\/","url":"https:\/\/narteks.net\/index.php\/2009\/12\/07\/patron-masaya-gelir\/","name":"PATRON MASAYA GEL\u0130R - narteks.net","isPartOf":{"@id":"https:\/\/narteks.net\/#website"},"datePublished":"2009-12-07T09:48:25+00:00","breadcrumb":{"@id":"https:\/\/narteks.net\/index.php\/2009\/12\/07\/patron-masaya-gelir\/#breadcrumb"},"inLanguage":"tr","potentialAction":[{"@type":"ReadAction","target":["https:\/\/narteks.net\/index.php\/2009\/12\/07\/patron-masaya-gelir\/"]}]},{"@type":"BreadcrumbList","@id":"https:\/\/narteks.net\/index.php\/2009\/12\/07\/patron-masaya-gelir\/#breadcrumb","itemListElement":[{"@type":"ListItem","position":1,"name":"Anasayfa","item":"https:\/\/narteks.net\/"},{"@type":"ListItem","position":2,"name":"PATRON MASAYA GEL\u0130R"}]},{"@type":"WebSite","@id":"https:\/\/narteks.net\/#website","url":"https:\/\/narteks.net\/","name":"narteks.net","description":"K\u00fclt\u00fcr Sanat Edebiyat Felsefe","publisher":{"@id":"https:\/\/narteks.net\/#organization"},"alternateName":"K\u00fclt\u00fcr Sanat Edebiyat Felsefe","potentialAction":[{"@type":"SearchAction","target":{"@type":"EntryPoint","urlTemplate":"https:\/\/narteks.net\/?s={search_term_string}"},"query-input":{"@type":"PropertyValueSpecification","valueRequired":true,"valueName":"search_term_string"}}],"inLanguage":"tr"},{"@type":"Organization","@id":"https:\/\/narteks.net\/#organization","name":"narteks.net","url":"https:\/\/narteks.net\/","logo":{"@type":"ImageObject","inLanguage":"tr","@id":"https:\/\/narteks.net\/#\/schema\/logo\/image\/","url":"https:\/\/narteks.net\/wp-content\/uploads\/narteks.png","contentUrl":"https:\/\/narteks.net\/wp-content\/uploads\/narteks.png","width":300,"height":90,"caption":"narteks.net"},"image":{"@id":"https:\/\/narteks.net\/#\/schema\/logo\/image\/"},"sameAs":["https:\/\/x.com\/narteks","https:\/\/instagram.com\/narteksnet"]},{"@type":"Person","@id":"https:\/\/narteks.net\/#\/schema\/person\/61f37d9834294b72d31d274e7ed79bca","name":"Tar\u0131k","image":{"@type":"ImageObject","inLanguage":"tr","@id":"https:\/\/narteks.net\/#\/schema\/person\/image\/","url":"https:\/\/secure.gravatar.com\/avatar\/50865afb55632c4ae467e0af0930f6510aa2297d8014be502a55b14f3b7550cf?s=96&d=mm&r=g","contentUrl":"https:\/\/secure.gravatar.com\/avatar\/50865afb55632c4ae467e0af0930f6510aa2297d8014be502a55b14f3b7550cf?s=96&d=mm&r=g","caption":"Tar\u0131k"},"sameAs":["http:\/\/narteks.net"],"url":"https:\/\/narteks.net\/index.php\/author\/narbak\/"}]}},"_links":{"self":[{"href":"https:\/\/narteks.net\/index.php\/wp-json\/wp\/v2\/posts\/2734","targetHints":{"allow":["GET"]}}],"collection":[{"href":"https:\/\/narteks.net\/index.php\/wp-json\/wp\/v2\/posts"}],"about":[{"href":"https:\/\/narteks.net\/index.php\/wp-json\/wp\/v2\/types\/post"}],"author":[{"embeddable":true,"href":"https:\/\/narteks.net\/index.php\/wp-json\/wp\/v2\/users\/1"}],"replies":[{"embeddable":true,"href":"https:\/\/narteks.net\/index.php\/wp-json\/wp\/v2\/comments?post=2734"}],"version-history":[{"count":0,"href":"https:\/\/narteks.net\/index.php\/wp-json\/wp\/v2\/posts\/2734\/revisions"}],"wp:attachment":[{"href":"https:\/\/narteks.net\/index.php\/wp-json\/wp\/v2\/media?parent=2734"}],"wp:term":[{"taxonomy":"category","embeddable":true,"href":"https:\/\/narteks.net\/index.php\/wp-json\/wp\/v2\/categories?post=2734"},{"taxonomy":"post_tag","embeddable":true,"href":"https:\/\/narteks.net\/index.php\/wp-json\/wp\/v2\/tags?post=2734"}],"curies":[{"name":"wp","href":"https:\/\/api.w.org\/{rel}","templated":true}]}}