{"id":2740,"date":"2009-12-07T12:58:42","date_gmt":"2009-12-07T09:58:42","guid":{"rendered":"http:\/\/localhost\/wordpress\/2009\/12\/07\/1909-1946\/"},"modified":"2009-12-07T12:58:42","modified_gmt":"2009-12-07T09:58:42","slug":"1909-1946","status":"publish","type":"post","link":"https:\/\/narteks.net\/index.php\/2009\/12\/07\/1909-1946\/","title":{"rendered":"1909 &#8211; 1946"},"content":{"rendered":"<p>\u00a0<\/p>\n<p>( Saffet Korkut i\u00e7in )<br \/>Bir Saffet Hoca vard\u0131 dost ba\u011f\u0131nda<br \/>H\u00fcrriyet yoktu sa\u011fl\u0131\u011f\u0131nda<br \/>G\u00fcn geldi gitti incecikken<br \/>Yi\u011fitken, g\u00fczelken, gencecikken.<br \/>\u015eimdi ne kadar dost varsa arkas\u0131nda<br \/>Hasat\u00e7\u0131, \u00f6\u011frenci, \u00f6\u011fretmen<br \/>Ne kadar g\u00fcl varsa topra\u011f\u0131m\u0131zda:<br \/>Dald\u0131rma g\u00fcl, ak g\u00fcl, gonca g\u00fcl;<br \/>Ne kadar sevgili varsa arkas\u0131nda:<br \/>Tiyatro, i\u015f, kitap, \u015fiir, mar\u015f<br \/>Yanar yanar a\u011fla\u015f\u0131r c\u00fcmlesi,<br \/>\u00c7oban ate\u015fi hat\u0131ras\u0131nda.<br \/>Gavur m\u00fcsl\u00fcman demezdi<br \/>&#8220;Kendisi i\u00e7in bir \u015fey istemezdi&#8221;<br \/>Yatak \u00f6l\u00fcm\u00fc beklemezdi&#8221;<br \/>Gitti vadesiz, gencecikken<br \/>Yi\u011fitken, g\u00fczelken, incecikken<\/p>\n<p>\u00d6l\u00fcm, ad\u0131n kalle\u015f olsun!<\/p>\n<p>Enver G\u00d6K\u00c7E<\/p>\n","protected":false},"excerpt":{"rendered":"<p>\u00a0 ( Saffet Korkut i\u00e7in )Bir Saffet Hoca vard\u0131 dost ba\u011f\u0131ndaH\u00fcrriyet yoktu sa\u011fl\u0131\u011f\u0131ndaG\u00fcn geldi gitti incecikkenYi\u011fitken, g\u00fczelken, gencecikken.\u015eimdi ne kadar dost varsa arkas\u0131ndaHasat\u00e7\u0131, \u00f6\u011frenci, \u00f6\u011fretmenNe kadar g\u00fcl varsa topra\u011f\u0131m\u0131zda:Dald\u0131rma g\u00fcl, ak g\u00fcl, gonca g\u00fcl;Ne kadar sevgili varsa arkas\u0131nda:Tiyatro, i\u015f, kitap, \u015fiir, mar\u015fYanar yanar a\u011fla\u015f\u0131r c\u00fcmlesi,\u00c7oban ate\u015fi hat\u0131ras\u0131nda.Gavur m\u00fcsl\u00fcman demezdi&#8220;Kendisi i\u00e7in bir \u015fey istemezdi&#8221;Yatak \u00f6l\u00fcm\u00fc beklemezdi&#8221;Gitti [&hellip;]<\/p>\n","protected":false},"author":1,"featured_media":0,"comment_status":"open","ping_status":"open","sticky":false,"template":"","format":"standard","meta":{"footnotes":""},"categories":[20],"tags":[],"class_list":{"0":"post-2740","1":"post","2":"type-post","3":"status-publish","4":"format-standard","6":"category-enver-gokce"},"yoast_head":"<!-- This site is optimized with the Yoast SEO Premium plugin v24.9 (Yoast SEO v24.9) - https:\/\/yoast.com\/wordpress\/plugins\/seo\/ -->\n<title>1909 - 1946 - narteks.net<\/title>\n<meta name=\"robots\" content=\"index, follow, max-snippet:-1, max-image-preview:large, max-video-preview:-1\" \/>\n<link rel=\"canonical\" href=\"https:\/\/narteks.net\/index.php\/2009\/12\/07\/1909-1946\/\" \/>\n<meta property=\"og:locale\" content=\"tr_TR\" \/>\n<meta property=\"og:type\" content=\"article\" \/>\n<meta property=\"og:title\" content=\"1909 - 1946\" \/>\n<meta property=\"og:description\" content=\"\u00a0 ( Saffet Korkut i\u00e7in )Bir Saffet Hoca vard\u0131 dost ba\u011f\u0131ndaH\u00fcrriyet yoktu sa\u011fl\u0131\u011f\u0131ndaG\u00fcn geldi gitti incecikkenYi\u011fitken, g\u00fczelken, gencecikken.\u015eimdi ne kadar dost varsa arkas\u0131ndaHasat\u00e7\u0131, \u00f6\u011frenci, \u00f6\u011fretmenNe kadar g\u00fcl varsa topra\u011f\u0131m\u0131zda:Dald\u0131rma g\u00fcl, ak g\u00fcl, gonca g\u00fcl;Ne kadar sevgili varsa arkas\u0131nda:Tiyatro, i\u015f, kitap, \u015fiir, mar\u015fYanar yanar a\u011fla\u015f\u0131r c\u00fcmlesi,\u00c7oban ate\u015fi hat\u0131ras\u0131nda.Gavur m\u00fcsl\u00fcman demezdi&#8220;Kendisi i\u00e7in bir \u015fey istemezdi&#8221;Yatak \u00f6l\u00fcm\u00fc beklemezdi&#8221;Gitti [&hellip;]\" \/>\n<meta property=\"og:url\" content=\"https:\/\/narteks.net\/index.php\/2009\/12\/07\/1909-1946\/\" \/>\n<meta property=\"og:site_name\" content=\"narteks.net\" \/>\n<meta property=\"article:published_time\" content=\"2009-12-07T09:58:42+00:00\" \/>\n<meta property=\"og:image\" content=\"https:\/\/narteks.net\/wp-content\/uploads\/narteks.png\" \/>\n\t<meta property=\"og:image:width\" content=\"300\" \/>\n\t<meta property=\"og:image:height\" content=\"90\" \/>\n\t<meta property=\"og:image:type\" content=\"image\/png\" \/>\n<meta name=\"author\" content=\"Tar\u0131k\" \/>\n<meta name=\"twitter:card\" content=\"summary_large_image\" \/>\n<meta name=\"twitter:creator\" content=\"@narteks\" \/>\n<meta name=\"twitter:site\" content=\"@narteks\" \/>\n<meta name=\"twitter:label1\" content=\"Yazan:\" \/>\n\t<meta name=\"twitter:data1\" content=\"Tar\u0131k\" \/>\n\t<meta name=\"twitter:label2\" content=\"Tahmini okuma s\u00fcresi\" \/>\n\t<meta name=\"twitter:data2\" content=\"1 dakika\" \/>\n<script type=\"application\/ld+json\" class=\"yoast-schema-graph\">{\"@context\":\"https:\/\/schema.org\",\"@graph\":[{\"@type\":\"Article\",\"@id\":\"https:\/\/narteks.net\/index.php\/2009\/12\/07\/1909-1946\/#article\",\"isPartOf\":{\"@id\":\"https:\/\/narteks.net\/index.php\/2009\/12\/07\/1909-1946\/\"},\"author\":{\"name\":\"Tar\u0131k\",\"@id\":\"https:\/\/narteks.net\/#\/schema\/person\/61f37d9834294b72d31d274e7ed79bca\"},\"headline\":\"1909 &#8211; 1946\",\"datePublished\":\"2009-12-07T09:58:42+00:00\",\"mainEntityOfPage\":{\"@id\":\"https:\/\/narteks.net\/index.php\/2009\/12\/07\/1909-1946\/\"},\"wordCount\":107,\"commentCount\":0,\"publisher\":{\"@id\":\"https:\/\/narteks.net\/#organization\"},\"articleSection\":[\"Enver G\u00d6K\u00c7E\"],\"inLanguage\":\"tr\",\"potentialAction\":[{\"@type\":\"CommentAction\",\"name\":\"Comment\",\"target\":[\"https:\/\/narteks.net\/index.php\/2009\/12\/07\/1909-1946\/#respond\"]}]},{\"@type\":\"WebPage\",\"@id\":\"https:\/\/narteks.net\/index.php\/2009\/12\/07\/1909-1946\/\",\"url\":\"https:\/\/narteks.net\/index.php\/2009\/12\/07\/1909-1946\/\",\"name\":\"1909 - 1946 - narteks.net\",\"isPartOf\":{\"@id\":\"https:\/\/narteks.net\/#website\"},\"datePublished\":\"2009-12-07T09:58:42+00:00\",\"breadcrumb\":{\"@id\":\"https:\/\/narteks.net\/index.php\/2009\/12\/07\/1909-1946\/#breadcrumb\"},\"inLanguage\":\"tr\",\"potentialAction\":[{\"@type\":\"ReadAction\",\"target\":[\"https:\/\/narteks.net\/index.php\/2009\/12\/07\/1909-1946\/\"]}]},{\"@type\":\"BreadcrumbList\",\"@id\":\"https:\/\/narteks.net\/index.php\/2009\/12\/07\/1909-1946\/#breadcrumb\",\"itemListElement\":[{\"@type\":\"ListItem\",\"position\":1,\"name\":\"Anasayfa\",\"item\":\"https:\/\/narteks.net\/\"},{\"@type\":\"ListItem\",\"position\":2,\"name\":\"1909 &#8211; 1946\"}]},{\"@type\":\"WebSite\",\"@id\":\"https:\/\/narteks.net\/#website\",\"url\":\"https:\/\/narteks.net\/\",\"name\":\"narteks.net\",\"description\":\"K\u00fclt\u00fcr Sanat Edebiyat Felsefe\",\"publisher\":{\"@id\":\"https:\/\/narteks.net\/#organization\"},\"alternateName\":\"K\u00fclt\u00fcr Sanat Edebiyat Felsefe\",\"potentialAction\":[{\"@type\":\"SearchAction\",\"target\":{\"@type\":\"EntryPoint\",\"urlTemplate\":\"https:\/\/narteks.net\/?s={search_term_string}\"},\"query-input\":{\"@type\":\"PropertyValueSpecification\",\"valueRequired\":true,\"valueName\":\"search_term_string\"}}],\"inLanguage\":\"tr\"},{\"@type\":\"Organization\",\"@id\":\"https:\/\/narteks.net\/#organization\",\"name\":\"narteks.net\",\"url\":\"https:\/\/narteks.net\/\",\"logo\":{\"@type\":\"ImageObject\",\"inLanguage\":\"tr\",\"@id\":\"https:\/\/narteks.net\/#\/schema\/logo\/image\/\",\"url\":\"https:\/\/narteks.net\/wp-content\/uploads\/narteks.png\",\"contentUrl\":\"https:\/\/narteks.net\/wp-content\/uploads\/narteks.png\",\"width\":300,\"height\":90,\"caption\":\"narteks.net\"},\"image\":{\"@id\":\"https:\/\/narteks.net\/#\/schema\/logo\/image\/\"},\"sameAs\":[\"https:\/\/x.com\/narteks\",\"https:\/\/instagram.com\/narteksnet\"]},{\"@type\":\"Person\",\"@id\":\"https:\/\/narteks.net\/#\/schema\/person\/61f37d9834294b72d31d274e7ed79bca\",\"name\":\"Tar\u0131k\",\"image\":{\"@type\":\"ImageObject\",\"inLanguage\":\"tr\",\"@id\":\"https:\/\/narteks.net\/#\/schema\/person\/image\/\",\"url\":\"https:\/\/secure.gravatar.com\/avatar\/50865afb55632c4ae467e0af0930f6510aa2297d8014be502a55b14f3b7550cf?s=96&d=mm&r=g\",\"contentUrl\":\"https:\/\/secure.gravatar.com\/avatar\/50865afb55632c4ae467e0af0930f6510aa2297d8014be502a55b14f3b7550cf?s=96&d=mm&r=g\",\"caption\":\"Tar\u0131k\"},\"sameAs\":[\"http:\/\/narteks.net\"],\"url\":\"https:\/\/narteks.net\/index.php\/author\/narbak\/\"}]}<\/script>\n<!-- \/ Yoast SEO Premium plugin. -->","yoast_head_json":{"title":"1909 - 1946 - narteks.net","robots":{"index":"index","follow":"follow","max-snippet":"max-snippet:-1","max-image-preview":"max-image-preview:large","max-video-preview":"max-video-preview:-1"},"canonical":"https:\/\/narteks.net\/index.php\/2009\/12\/07\/1909-1946\/","og_locale":"tr_TR","og_type":"article","og_title":"1909 - 1946","og_description":"\u00a0 ( Saffet Korkut i\u00e7in )Bir Saffet Hoca vard\u0131 dost ba\u011f\u0131ndaH\u00fcrriyet yoktu sa\u011fl\u0131\u011f\u0131ndaG\u00fcn geldi gitti incecikkenYi\u011fitken, g\u00fczelken, gencecikken.\u015eimdi ne kadar dost varsa arkas\u0131ndaHasat\u00e7\u0131, \u00f6\u011frenci, \u00f6\u011fretmenNe kadar g\u00fcl varsa topra\u011f\u0131m\u0131zda:Dald\u0131rma g\u00fcl, ak g\u00fcl, gonca g\u00fcl;Ne kadar sevgili varsa arkas\u0131nda:Tiyatro, i\u015f, kitap, \u015fiir, mar\u015fYanar yanar a\u011fla\u015f\u0131r c\u00fcmlesi,\u00c7oban ate\u015fi hat\u0131ras\u0131nda.Gavur m\u00fcsl\u00fcman demezdi&#8220;Kendisi i\u00e7in bir \u015fey istemezdi&#8221;Yatak \u00f6l\u00fcm\u00fc beklemezdi&#8221;Gitti [&hellip;]","og_url":"https:\/\/narteks.net\/index.php\/2009\/12\/07\/1909-1946\/","og_site_name":"narteks.net","article_published_time":"2009-12-07T09:58:42+00:00","og_image":[{"width":300,"height":90,"url":"https:\/\/narteks.net\/wp-content\/uploads\/narteks.png","type":"image\/png"}],"author":"Tar\u0131k","twitter_card":"summary_large_image","twitter_creator":"@narteks","twitter_site":"@narteks","twitter_misc":{"Yazan:":"Tar\u0131k","Tahmini okuma s\u00fcresi":"1 dakika"},"schema":{"@context":"https:\/\/schema.org","@graph":[{"@type":"Article","@id":"https:\/\/narteks.net\/index.php\/2009\/12\/07\/1909-1946\/#article","isPartOf":{"@id":"https:\/\/narteks.net\/index.php\/2009\/12\/07\/1909-1946\/"},"author":{"name":"Tar\u0131k","@id":"https:\/\/narteks.net\/#\/schema\/person\/61f37d9834294b72d31d274e7ed79bca"},"headline":"1909 &#8211; 1946","datePublished":"2009-12-07T09:58:42+00:00","mainEntityOfPage":{"@id":"https:\/\/narteks.net\/index.php\/2009\/12\/07\/1909-1946\/"},"wordCount":107,"commentCount":0,"publisher":{"@id":"https:\/\/narteks.net\/#organization"},"articleSection":["Enver G\u00d6K\u00c7E"],"inLanguage":"tr","potentialAction":[{"@type":"CommentAction","name":"Comment","target":["https:\/\/narteks.net\/index.php\/2009\/12\/07\/1909-1946\/#respond"]}]},{"@type":"WebPage","@id":"https:\/\/narteks.net\/index.php\/2009\/12\/07\/1909-1946\/","url":"https:\/\/narteks.net\/index.php\/2009\/12\/07\/1909-1946\/","name":"1909 - 1946 - narteks.net","isPartOf":{"@id":"https:\/\/narteks.net\/#website"},"datePublished":"2009-12-07T09:58:42+00:00","breadcrumb":{"@id":"https:\/\/narteks.net\/index.php\/2009\/12\/07\/1909-1946\/#breadcrumb"},"inLanguage":"tr","potentialAction":[{"@type":"ReadAction","target":["https:\/\/narteks.net\/index.php\/2009\/12\/07\/1909-1946\/"]}]},{"@type":"BreadcrumbList","@id":"https:\/\/narteks.net\/index.php\/2009\/12\/07\/1909-1946\/#breadcrumb","itemListElement":[{"@type":"ListItem","position":1,"name":"Anasayfa","item":"https:\/\/narteks.net\/"},{"@type":"ListItem","position":2,"name":"1909 &#8211; 1946"}]},{"@type":"WebSite","@id":"https:\/\/narteks.net\/#website","url":"https:\/\/narteks.net\/","name":"narteks.net","description":"K\u00fclt\u00fcr Sanat Edebiyat Felsefe","publisher":{"@id":"https:\/\/narteks.net\/#organization"},"alternateName":"K\u00fclt\u00fcr Sanat Edebiyat Felsefe","potentialAction":[{"@type":"SearchAction","target":{"@type":"EntryPoint","urlTemplate":"https:\/\/narteks.net\/?s={search_term_string}"},"query-input":{"@type":"PropertyValueSpecification","valueRequired":true,"valueName":"search_term_string"}}],"inLanguage":"tr"},{"@type":"Organization","@id":"https:\/\/narteks.net\/#organization","name":"narteks.net","url":"https:\/\/narteks.net\/","logo":{"@type":"ImageObject","inLanguage":"tr","@id":"https:\/\/narteks.net\/#\/schema\/logo\/image\/","url":"https:\/\/narteks.net\/wp-content\/uploads\/narteks.png","contentUrl":"https:\/\/narteks.net\/wp-content\/uploads\/narteks.png","width":300,"height":90,"caption":"narteks.net"},"image":{"@id":"https:\/\/narteks.net\/#\/schema\/logo\/image\/"},"sameAs":["https:\/\/x.com\/narteks","https:\/\/instagram.com\/narteksnet"]},{"@type":"Person","@id":"https:\/\/narteks.net\/#\/schema\/person\/61f37d9834294b72d31d274e7ed79bca","name":"Tar\u0131k","image":{"@type":"ImageObject","inLanguage":"tr","@id":"https:\/\/narteks.net\/#\/schema\/person\/image\/","url":"https:\/\/secure.gravatar.com\/avatar\/50865afb55632c4ae467e0af0930f6510aa2297d8014be502a55b14f3b7550cf?s=96&d=mm&r=g","contentUrl":"https:\/\/secure.gravatar.com\/avatar\/50865afb55632c4ae467e0af0930f6510aa2297d8014be502a55b14f3b7550cf?s=96&d=mm&r=g","caption":"Tar\u0131k"},"sameAs":["http:\/\/narteks.net"],"url":"https:\/\/narteks.net\/index.php\/author\/narbak\/"}]}},"_links":{"self":[{"href":"https:\/\/narteks.net\/index.php\/wp-json\/wp\/v2\/posts\/2740","targetHints":{"allow":["GET"]}}],"collection":[{"href":"https:\/\/narteks.net\/index.php\/wp-json\/wp\/v2\/posts"}],"about":[{"href":"https:\/\/narteks.net\/index.php\/wp-json\/wp\/v2\/types\/post"}],"author":[{"embeddable":true,"href":"https:\/\/narteks.net\/index.php\/wp-json\/wp\/v2\/users\/1"}],"replies":[{"embeddable":true,"href":"https:\/\/narteks.net\/index.php\/wp-json\/wp\/v2\/comments?post=2740"}],"version-history":[{"count":0,"href":"https:\/\/narteks.net\/index.php\/wp-json\/wp\/v2\/posts\/2740\/revisions"}],"wp:attachment":[{"href":"https:\/\/narteks.net\/index.php\/wp-json\/wp\/v2\/media?parent=2740"}],"wp:term":[{"taxonomy":"category","embeddable":true,"href":"https:\/\/narteks.net\/index.php\/wp-json\/wp\/v2\/categories?post=2740"},{"taxonomy":"post_tag","embeddable":true,"href":"https:\/\/narteks.net\/index.php\/wp-json\/wp\/v2\/tags?post=2740"}],"curies":[{"name":"wp","href":"https:\/\/api.w.org\/{rel}","templated":true}]}}