{"id":2741,"date":"2009-12-07T12:59:06","date_gmt":"2009-12-07T09:59:06","guid":{"rendered":"http:\/\/localhost\/wordpress\/2009\/12\/07\/agit-2\/"},"modified":"2009-12-07T12:59:06","modified_gmt":"2009-12-07T09:59:06","slug":"agit-2","status":"publish","type":"post","link":"https:\/\/narteks.net\/index.php\/2009\/12\/07\/agit-2\/","title":{"rendered":"A\u011eIT"},"content":{"rendered":"<p>\u00a0<\/p>\n<p>Teller iletmez haber, direkler devrileli<br \/>Kara habercidir g\u00f6klerde ku\u015flar g\u00f6r\u00fcleli.<br \/>Anam, bac\u0131m yok i\u00e7inde, neremdir yareli?<\/p>\n<p>Adapazar! Erzincan oldun, t\u00fcrk\u00fclerdesin;<br \/>Bir bahar ak\u015fam\u0131nda \u00f6l\u00fcn, y\u00fcreklerde yas\u0131n,<br \/>\u015eahan m\u0131 vurdu kolun, yaral\u0131 turna m\u0131s\u0131n?<br \/>Doyulmaz d\u00fcnyada; insan\u0131n \u00e7ilesi \u00f6l\u00fcm.<br \/>Ne \u00e7are, geldi t\u00fcrk\u00fcler yak\u0131las\u0131 \u00f6l\u00fcm<br \/>Ah! b\u00f6yle mi kahredilir? Y\u0131k\u0131las\u0131 \u00f6l\u00fcm.<br \/>Bu muydu \u00e7ar\u015f\u0131n, mah\u015fer mi kurmu\u015flar yerine?<br \/>Yine mi &#8220;\u00e7a\u011fr\u0131\u015fak kurtlar ve ku\u015flar&#8221; yerine!<br \/>Karalar giymi\u015fiz kutlu kuma\u015flar yerine.<br \/>Gurbette yar vard\u0131, mendili i\u015flenilmemi\u015f,<br \/>Tarlalar hazand\u0131r, t\u00fct\u00fcne ba\u015flan\u0131lmam\u0131\u015f.<br \/>Bir mendil ver n&#8217;olur, \u00e7evresi ya\u015flan\u0131lmam\u0131\u015f.<br \/>A\u011flar\u0131m; bu y\u00fcrek sevdaya uyas\u0131 de\u011fil,<br \/>T\u00fcrk\u00fcm var: Harput, Diyarbak\u0131r mayas\u0131 de\u011fil.<br \/>Garibim: \u0130\u00e7imde E\u011fin&#8217;in havas\u0131 de\u011fil.<br \/>Bir yaprak sarmad\u0131m yarana yaran \u00e7\u00f6zerim.<br \/>Bir m\u0131sra g\u00fclmedim, dosta a\u011f\u0131t d\u00fczerim,<br \/>U\u011fruna destan yaz\u0131las\u0131, Adapazar\u0131m.<\/p>\n<p>Enver G\u00d6K\u00c7E<\/p>\n","protected":false},"excerpt":{"rendered":"<p>\u00a0 Teller iletmez haber, direkler devrileliKara habercidir g\u00f6klerde ku\u015flar g\u00f6r\u00fcleli.Anam, bac\u0131m yok i\u00e7inde, neremdir yareli? Adapazar! Erzincan oldun, t\u00fcrk\u00fclerdesin;Bir bahar ak\u015fam\u0131nda \u00f6l\u00fcn, y\u00fcreklerde yas\u0131n,\u015eahan m\u0131 vurdu kolun, yaral\u0131 turna m\u0131s\u0131n?Doyulmaz d\u00fcnyada; insan\u0131n \u00e7ilesi \u00f6l\u00fcm.Ne \u00e7are, geldi t\u00fcrk\u00fcler yak\u0131las\u0131 \u00f6l\u00fcmAh! b\u00f6yle mi kahredilir? Y\u0131k\u0131las\u0131 \u00f6l\u00fcm.Bu muydu \u00e7ar\u015f\u0131n, mah\u015fer mi kurmu\u015flar yerine?Yine mi &#8220;\u00e7a\u011fr\u0131\u015fak kurtlar ve ku\u015flar&#8221; [&hellip;]<\/p>\n","protected":false},"author":1,"featured_media":0,"comment_status":"open","ping_status":"open","sticky":false,"template":"","format":"standard","meta":{"footnotes":""},"categories":[20],"tags":[],"class_list":{"0":"post-2741","1":"post","2":"type-post","3":"status-publish","4":"format-standard","6":"category-enver-gokce"},"yoast_head":"<!-- This site is optimized with the Yoast SEO Premium plugin v24.9 (Yoast SEO v24.9) - https:\/\/yoast.com\/wordpress\/plugins\/seo\/ -->\n<title>A\u011eIT - narteks.net<\/title>\n<meta name=\"robots\" content=\"index, follow, max-snippet:-1, max-image-preview:large, max-video-preview:-1\" \/>\n<link rel=\"canonical\" href=\"https:\/\/narteks.net\/index.php\/2009\/12\/07\/agit-2\/\" \/>\n<meta property=\"og:locale\" content=\"tr_TR\" \/>\n<meta property=\"og:type\" content=\"article\" \/>\n<meta property=\"og:title\" content=\"A\u011eIT\" \/>\n<meta property=\"og:description\" content=\"\u00a0 Teller iletmez haber, direkler devrileliKara habercidir g\u00f6klerde ku\u015flar g\u00f6r\u00fcleli.Anam, bac\u0131m yok i\u00e7inde, neremdir yareli? Adapazar! Erzincan oldun, t\u00fcrk\u00fclerdesin;Bir bahar ak\u015fam\u0131nda \u00f6l\u00fcn, y\u00fcreklerde yas\u0131n,\u015eahan m\u0131 vurdu kolun, yaral\u0131 turna m\u0131s\u0131n?Doyulmaz d\u00fcnyada; insan\u0131n \u00e7ilesi \u00f6l\u00fcm.Ne \u00e7are, geldi t\u00fcrk\u00fcler yak\u0131las\u0131 \u00f6l\u00fcmAh! b\u00f6yle mi kahredilir? Y\u0131k\u0131las\u0131 \u00f6l\u00fcm.Bu muydu \u00e7ar\u015f\u0131n, mah\u015fer mi kurmu\u015flar yerine?Yine mi &#8220;\u00e7a\u011fr\u0131\u015fak kurtlar ve ku\u015flar&#8221; [&hellip;]\" \/>\n<meta property=\"og:url\" content=\"https:\/\/narteks.net\/index.php\/2009\/12\/07\/agit-2\/\" \/>\n<meta property=\"og:site_name\" content=\"narteks.net\" \/>\n<meta property=\"article:published_time\" content=\"2009-12-07T09:59:06+00:00\" \/>\n<meta property=\"og:image\" content=\"https:\/\/narteks.net\/wp-content\/uploads\/narteks.png\" \/>\n\t<meta property=\"og:image:width\" content=\"300\" \/>\n\t<meta property=\"og:image:height\" content=\"90\" \/>\n\t<meta property=\"og:image:type\" content=\"image\/png\" \/>\n<meta name=\"author\" content=\"Tar\u0131k\" \/>\n<meta name=\"twitter:card\" content=\"summary_large_image\" \/>\n<meta name=\"twitter:creator\" content=\"@narteks\" \/>\n<meta name=\"twitter:site\" content=\"@narteks\" \/>\n<meta name=\"twitter:label1\" content=\"Yazan:\" \/>\n\t<meta name=\"twitter:data1\" content=\"Tar\u0131k\" \/>\n\t<meta name=\"twitter:label2\" content=\"Tahmini okuma s\u00fcresi\" \/>\n\t<meta name=\"twitter:data2\" content=\"1 dakika\" \/>\n<script type=\"application\/ld+json\" class=\"yoast-schema-graph\">{\"@context\":\"https:\/\/schema.org\",\"@graph\":[{\"@type\":\"Article\",\"@id\":\"https:\/\/narteks.net\/index.php\/2009\/12\/07\/agit-2\/#article\",\"isPartOf\":{\"@id\":\"https:\/\/narteks.net\/index.php\/2009\/12\/07\/agit-2\/\"},\"author\":{\"name\":\"Tar\u0131k\",\"@id\":\"https:\/\/narteks.net\/#\/schema\/person\/61f37d9834294b72d31d274e7ed79bca\"},\"headline\":\"A\u011eIT\",\"datePublished\":\"2009-12-07T09:59:06+00:00\",\"mainEntityOfPage\":{\"@id\":\"https:\/\/narteks.net\/index.php\/2009\/12\/07\/agit-2\/\"},\"wordCount\":181,\"commentCount\":0,\"publisher\":{\"@id\":\"https:\/\/narteks.net\/#organization\"},\"articleSection\":[\"Enver G\u00d6K\u00c7E\"],\"inLanguage\":\"tr\",\"potentialAction\":[{\"@type\":\"CommentAction\",\"name\":\"Comment\",\"target\":[\"https:\/\/narteks.net\/index.php\/2009\/12\/07\/agit-2\/#respond\"]}]},{\"@type\":\"WebPage\",\"@id\":\"https:\/\/narteks.net\/index.php\/2009\/12\/07\/agit-2\/\",\"url\":\"https:\/\/narteks.net\/index.php\/2009\/12\/07\/agit-2\/\",\"name\":\"A\u011eIT - narteks.net\",\"isPartOf\":{\"@id\":\"https:\/\/narteks.net\/#website\"},\"datePublished\":\"2009-12-07T09:59:06+00:00\",\"breadcrumb\":{\"@id\":\"https:\/\/narteks.net\/index.php\/2009\/12\/07\/agit-2\/#breadcrumb\"},\"inLanguage\":\"tr\",\"potentialAction\":[{\"@type\":\"ReadAction\",\"target\":[\"https:\/\/narteks.net\/index.php\/2009\/12\/07\/agit-2\/\"]}]},{\"@type\":\"BreadcrumbList\",\"@id\":\"https:\/\/narteks.net\/index.php\/2009\/12\/07\/agit-2\/#breadcrumb\",\"itemListElement\":[{\"@type\":\"ListItem\",\"position\":1,\"name\":\"Anasayfa\",\"item\":\"https:\/\/narteks.net\/\"},{\"@type\":\"ListItem\",\"position\":2,\"name\":\"A\u011eIT\"}]},{\"@type\":\"WebSite\",\"@id\":\"https:\/\/narteks.net\/#website\",\"url\":\"https:\/\/narteks.net\/\",\"name\":\"narteks.net\",\"description\":\"K\u00fclt\u00fcr Sanat Edebiyat Felsefe\",\"publisher\":{\"@id\":\"https:\/\/narteks.net\/#organization\"},\"alternateName\":\"K\u00fclt\u00fcr Sanat Edebiyat Felsefe\",\"potentialAction\":[{\"@type\":\"SearchAction\",\"target\":{\"@type\":\"EntryPoint\",\"urlTemplate\":\"https:\/\/narteks.net\/?s={search_term_string}\"},\"query-input\":{\"@type\":\"PropertyValueSpecification\",\"valueRequired\":true,\"valueName\":\"search_term_string\"}}],\"inLanguage\":\"tr\"},{\"@type\":\"Organization\",\"@id\":\"https:\/\/narteks.net\/#organization\",\"name\":\"narteks.net\",\"url\":\"https:\/\/narteks.net\/\",\"logo\":{\"@type\":\"ImageObject\",\"inLanguage\":\"tr\",\"@id\":\"https:\/\/narteks.net\/#\/schema\/logo\/image\/\",\"url\":\"https:\/\/narteks.net\/wp-content\/uploads\/narteks.png\",\"contentUrl\":\"https:\/\/narteks.net\/wp-content\/uploads\/narteks.png\",\"width\":300,\"height\":90,\"caption\":\"narteks.net\"},\"image\":{\"@id\":\"https:\/\/narteks.net\/#\/schema\/logo\/image\/\"},\"sameAs\":[\"https:\/\/x.com\/narteks\",\"https:\/\/instagram.com\/narteksnet\"]},{\"@type\":\"Person\",\"@id\":\"https:\/\/narteks.net\/#\/schema\/person\/61f37d9834294b72d31d274e7ed79bca\",\"name\":\"Tar\u0131k\",\"image\":{\"@type\":\"ImageObject\",\"inLanguage\":\"tr\",\"@id\":\"https:\/\/narteks.net\/#\/schema\/person\/image\/\",\"url\":\"https:\/\/secure.gravatar.com\/avatar\/50865afb55632c4ae467e0af0930f6510aa2297d8014be502a55b14f3b7550cf?s=96&d=mm&r=g\",\"contentUrl\":\"https:\/\/secure.gravatar.com\/avatar\/50865afb55632c4ae467e0af0930f6510aa2297d8014be502a55b14f3b7550cf?s=96&d=mm&r=g\",\"caption\":\"Tar\u0131k\"},\"sameAs\":[\"http:\/\/narteks.net\"],\"url\":\"https:\/\/narteks.net\/index.php\/author\/narbak\/\"}]}<\/script>\n<!-- \/ Yoast SEO Premium plugin. -->","yoast_head_json":{"title":"A\u011eIT - narteks.net","robots":{"index":"index","follow":"follow","max-snippet":"max-snippet:-1","max-image-preview":"max-image-preview:large","max-video-preview":"max-video-preview:-1"},"canonical":"https:\/\/narteks.net\/index.php\/2009\/12\/07\/agit-2\/","og_locale":"tr_TR","og_type":"article","og_title":"A\u011eIT","og_description":"\u00a0 Teller iletmez haber, direkler devrileliKara habercidir g\u00f6klerde ku\u015flar g\u00f6r\u00fcleli.Anam, bac\u0131m yok i\u00e7inde, neremdir yareli? Adapazar! Erzincan oldun, t\u00fcrk\u00fclerdesin;Bir bahar ak\u015fam\u0131nda \u00f6l\u00fcn, y\u00fcreklerde yas\u0131n,\u015eahan m\u0131 vurdu kolun, yaral\u0131 turna m\u0131s\u0131n?Doyulmaz d\u00fcnyada; insan\u0131n \u00e7ilesi \u00f6l\u00fcm.Ne \u00e7are, geldi t\u00fcrk\u00fcler yak\u0131las\u0131 \u00f6l\u00fcmAh! b\u00f6yle mi kahredilir? Y\u0131k\u0131las\u0131 \u00f6l\u00fcm.Bu muydu \u00e7ar\u015f\u0131n, mah\u015fer mi kurmu\u015flar yerine?Yine mi &#8220;\u00e7a\u011fr\u0131\u015fak kurtlar ve ku\u015flar&#8221; [&hellip;]","og_url":"https:\/\/narteks.net\/index.php\/2009\/12\/07\/agit-2\/","og_site_name":"narteks.net","article_published_time":"2009-12-07T09:59:06+00:00","og_image":[{"width":300,"height":90,"url":"https:\/\/narteks.net\/wp-content\/uploads\/narteks.png","type":"image\/png"}],"author":"Tar\u0131k","twitter_card":"summary_large_image","twitter_creator":"@narteks","twitter_site":"@narteks","twitter_misc":{"Yazan:":"Tar\u0131k","Tahmini okuma s\u00fcresi":"1 dakika"},"schema":{"@context":"https:\/\/schema.org","@graph":[{"@type":"Article","@id":"https:\/\/narteks.net\/index.php\/2009\/12\/07\/agit-2\/#article","isPartOf":{"@id":"https:\/\/narteks.net\/index.php\/2009\/12\/07\/agit-2\/"},"author":{"name":"Tar\u0131k","@id":"https:\/\/narteks.net\/#\/schema\/person\/61f37d9834294b72d31d274e7ed79bca"},"headline":"A\u011eIT","datePublished":"2009-12-07T09:59:06+00:00","mainEntityOfPage":{"@id":"https:\/\/narteks.net\/index.php\/2009\/12\/07\/agit-2\/"},"wordCount":181,"commentCount":0,"publisher":{"@id":"https:\/\/narteks.net\/#organization"},"articleSection":["Enver G\u00d6K\u00c7E"],"inLanguage":"tr","potentialAction":[{"@type":"CommentAction","name":"Comment","target":["https:\/\/narteks.net\/index.php\/2009\/12\/07\/agit-2\/#respond"]}]},{"@type":"WebPage","@id":"https:\/\/narteks.net\/index.php\/2009\/12\/07\/agit-2\/","url":"https:\/\/narteks.net\/index.php\/2009\/12\/07\/agit-2\/","name":"A\u011eIT - narteks.net","isPartOf":{"@id":"https:\/\/narteks.net\/#website"},"datePublished":"2009-12-07T09:59:06+00:00","breadcrumb":{"@id":"https:\/\/narteks.net\/index.php\/2009\/12\/07\/agit-2\/#breadcrumb"},"inLanguage":"tr","potentialAction":[{"@type":"ReadAction","target":["https:\/\/narteks.net\/index.php\/2009\/12\/07\/agit-2\/"]}]},{"@type":"BreadcrumbList","@id":"https:\/\/narteks.net\/index.php\/2009\/12\/07\/agit-2\/#breadcrumb","itemListElement":[{"@type":"ListItem","position":1,"name":"Anasayfa","item":"https:\/\/narteks.net\/"},{"@type":"ListItem","position":2,"name":"A\u011eIT"}]},{"@type":"WebSite","@id":"https:\/\/narteks.net\/#website","url":"https:\/\/narteks.net\/","name":"narteks.net","description":"K\u00fclt\u00fcr Sanat Edebiyat Felsefe","publisher":{"@id":"https:\/\/narteks.net\/#organization"},"alternateName":"K\u00fclt\u00fcr Sanat Edebiyat Felsefe","potentialAction":[{"@type":"SearchAction","target":{"@type":"EntryPoint","urlTemplate":"https:\/\/narteks.net\/?s={search_term_string}"},"query-input":{"@type":"PropertyValueSpecification","valueRequired":true,"valueName":"search_term_string"}}],"inLanguage":"tr"},{"@type":"Organization","@id":"https:\/\/narteks.net\/#organization","name":"narteks.net","url":"https:\/\/narteks.net\/","logo":{"@type":"ImageObject","inLanguage":"tr","@id":"https:\/\/narteks.net\/#\/schema\/logo\/image\/","url":"https:\/\/narteks.net\/wp-content\/uploads\/narteks.png","contentUrl":"https:\/\/narteks.net\/wp-content\/uploads\/narteks.png","width":300,"height":90,"caption":"narteks.net"},"image":{"@id":"https:\/\/narteks.net\/#\/schema\/logo\/image\/"},"sameAs":["https:\/\/x.com\/narteks","https:\/\/instagram.com\/narteksnet"]},{"@type":"Person","@id":"https:\/\/narteks.net\/#\/schema\/person\/61f37d9834294b72d31d274e7ed79bca","name":"Tar\u0131k","image":{"@type":"ImageObject","inLanguage":"tr","@id":"https:\/\/narteks.net\/#\/schema\/person\/image\/","url":"https:\/\/secure.gravatar.com\/avatar\/50865afb55632c4ae467e0af0930f6510aa2297d8014be502a55b14f3b7550cf?s=96&d=mm&r=g","contentUrl":"https:\/\/secure.gravatar.com\/avatar\/50865afb55632c4ae467e0af0930f6510aa2297d8014be502a55b14f3b7550cf?s=96&d=mm&r=g","caption":"Tar\u0131k"},"sameAs":["http:\/\/narteks.net"],"url":"https:\/\/narteks.net\/index.php\/author\/narbak\/"}]}},"_links":{"self":[{"href":"https:\/\/narteks.net\/index.php\/wp-json\/wp\/v2\/posts\/2741","targetHints":{"allow":["GET"]}}],"collection":[{"href":"https:\/\/narteks.net\/index.php\/wp-json\/wp\/v2\/posts"}],"about":[{"href":"https:\/\/narteks.net\/index.php\/wp-json\/wp\/v2\/types\/post"}],"author":[{"embeddable":true,"href":"https:\/\/narteks.net\/index.php\/wp-json\/wp\/v2\/users\/1"}],"replies":[{"embeddable":true,"href":"https:\/\/narteks.net\/index.php\/wp-json\/wp\/v2\/comments?post=2741"}],"version-history":[{"count":0,"href":"https:\/\/narteks.net\/index.php\/wp-json\/wp\/v2\/posts\/2741\/revisions"}],"wp:attachment":[{"href":"https:\/\/narteks.net\/index.php\/wp-json\/wp\/v2\/media?parent=2741"}],"wp:term":[{"taxonomy":"category","embeddable":true,"href":"https:\/\/narteks.net\/index.php\/wp-json\/wp\/v2\/categories?post=2741"},{"taxonomy":"post_tag","embeddable":true,"href":"https:\/\/narteks.net\/index.php\/wp-json\/wp\/v2\/tags?post=2741"}],"curies":[{"name":"wp","href":"https:\/\/api.w.org\/{rel}","templated":true}]}}