{"id":2756,"date":"2009-12-07T13:09:26","date_gmt":"2009-12-07T10:09:26","guid":{"rendered":"http:\/\/localhost\/wordpress\/2009\/12\/07\/ilk-adim\/"},"modified":"2009-12-07T13:09:26","modified_gmt":"2009-12-07T10:09:26","slug":"ilk-adim","status":"publish","type":"post","link":"https:\/\/narteks.net\/index.php\/2009\/12\/07\/ilk-adim\/","title":{"rendered":"\u0130LK ADIM"},"content":{"rendered":"<p>\u00a0<\/p>\n<p>Bir mermi de benden aslan\u0131m,<br \/>Bir mermi de benden.<br \/>Bir mermi de benden zafer toplar\u0131<br \/>Mukaddes namlular!<br \/>Daha gelmesin mi bahar,<br \/>Daha g\u00fclmesin mi a\u011flayanlar?<br \/>Y\u0131llard\u0131r kan i\u00e7inde, sarg\u0131 i\u00e7inde<br \/>Unuttunuz mu<br \/>Sevmesini \u015fakala\u015fmas\u0131n\u0131?<br \/>\u00c7ekik g\u00f6zl\u00fcler,<br \/>K\u0131v\u0131rc\u0131k sa\u00e7l\u0131lar, ablak y\u00fczl\u00fcler!<br \/>K\u00fcller mi saz beniz etti sizi<br \/>Yabani g\u00fcller, dost bak\u0131\u015flar, otlu \u00e7i\u00e7ekler!<br \/>Ve sizler :<br \/>Adana, Aras pamu\u011fu kadar<br \/>Sevdi\u011fim y\u00fczler!<br \/>Yayla t\u00fcrk\u00fclerim kadar<br \/>Memleketlilerim kadar<br \/>Sevdi\u011fim y\u00fczler!<\/p>\n<p>Alt\u0131ya m\u0131 de\u011fdi ya\u015flar\u0131n\u0131z<br \/>Otuz dokuz do\u011fumlu \u00e7ocuklar?<br \/>\u00d6mr\u00fcn\u00fcz, g\u00f6zleriniz, uykular\u0131n\u0131z<br \/>S\u0131\u011f\u0131naklarda ge\u00e7ti harp boyunca.<br \/>Oylum oylum ate\u015fleri g\u00f6rd\u00fcn\u00fcz m\u00fc,<br \/>Cepheden d\u00f6nenleri sordunuz mu?<br \/>Tan\u0131r m\u0131s\u0131n\u0131z<br \/>Ay nedir, g\u00fcn nedir, elma nedir?<br \/>G\u00fcne\u015fi g\u00f6zlere doldurmak g\u00fczelken<br \/>Hey k\u00fc\u00e7\u00fck karde\u015fler hey<br \/>G\u00f6r\u00fcn ne hale koydular d\u00fcnyam\u0131z\u0131.<\/p>\n<p>\u015eimdi zafer toplar\u0131 g\u00fcrl\u00fcyor<br \/>Avrupa&#8217;da.<br \/>Ve deniz \u00f6tesi k\u0131talardan<br \/>\u015eark\u0131lar&#8230;<br \/>\u015eimdi kazaska oynuyor Avrupa.<br \/>\u015eimdi silah yerine bayrak tutanlar&#8230;<br \/>Hi\u00e7birini tan\u0131mad\u0131\u011f\u0131m\u0131z,<br \/>Oyunlar\u0131n\u0131 bilmedi\u011fimiz<br \/>Mi\u015figanl\u0131lar, Oksfortlular, Ukranyal\u0131lar<\/p>\n<p>\u015eimdi, g\u00f6z ayd\u0131n etme zaman\u0131d\u0131r.<br \/>Yeni bir d\u00fcnya do\u011fuyor.<br \/>\u015eorul \u015forul giden kan pahas\u0131.<br \/>M\u00fcjdeler, m\u00fcjdeler olsun<br \/>Yeni bir d\u00fcnya do\u011fuyor<br \/>Zincir seslerinden<br \/>Verem basillerinden uzakta&#8230;<\/p>\n<p>B\u00fcy\u00fck \u00f6l\u00fclerini ba\u011fr\u0131na bas\u0131p<br \/>Yaral\u0131 insanlar\u0131m\u0131z<br \/>Kahramanlar\u0131m\u0131z konu\u015fuyor :<br \/>&#8220;Benim olsun, senin olsun, bizim olsun,<br \/>Hani karde\u015flerimiz vard\u0131 ya<br \/>Bu d\u00fcnyada.<br \/>-K\u0131z karde\u015flerimiz, annelerimiz, \u015fairlerimiz-<br \/>Dumdum kur\u015funuyla vursalar da<br \/>Her zaman b\u00f6yle d\u00f6\u011f\u00fc\u015fece\u011fiz :<br \/>G\u0131rtlak g\u0131rtla\u011fa, di\u015f di\u015fe, tank tanka<br \/>Demokrasi i\u00e7in,<br \/>E\u015fitlik ve h\u00fcrl\u00fck u\u011fruna&#8221;<br \/>Bir mermi de benden aslan\u0131m<br \/>Bir mermi de benden<br \/>Bir mermi de benden<br \/>Zafer toplar\u0131, m\u00fcbarek namlular!<\/p>\n<p>Enver G\u00d6K\u00c7E<\/p>\n","protected":false},"excerpt":{"rendered":"<p>\u00a0 Bir mermi de benden aslan\u0131m,Bir mermi de benden.Bir mermi de benden zafer toplar\u0131Mukaddes namlular!Daha gelmesin mi bahar,Daha g\u00fclmesin mi a\u011flayanlar?Y\u0131llard\u0131r kan i\u00e7inde, sarg\u0131 i\u00e7indeUnuttunuz muSevmesini \u015fakala\u015fmas\u0131n\u0131?\u00c7ekik g\u00f6zl\u00fcler,K\u0131v\u0131rc\u0131k sa\u00e7l\u0131lar, ablak y\u00fczl\u00fcler!K\u00fcller mi saz beniz etti siziYabani g\u00fcller, dost bak\u0131\u015flar, otlu \u00e7i\u00e7ekler!Ve sizler :Adana, Aras pamu\u011fu kadarSevdi\u011fim y\u00fczler!Yayla t\u00fcrk\u00fclerim kadarMemleketlilerim kadarSevdi\u011fim y\u00fczler! Alt\u0131ya m\u0131 de\u011fdi ya\u015flar\u0131n\u0131zOtuz [&hellip;]<\/p>\n","protected":false},"author":1,"featured_media":0,"comment_status":"open","ping_status":"open","sticky":false,"template":"","format":"standard","meta":{"footnotes":""},"categories":[20],"tags":[],"class_list":{"0":"post-2756","1":"post","2":"type-post","3":"status-publish","4":"format-standard","6":"category-enver-gokce"},"yoast_head":"<!-- This site is optimized with the Yoast SEO Premium plugin v24.9 (Yoast SEO v24.9) - https:\/\/yoast.com\/wordpress\/plugins\/seo\/ -->\n<title>\u0130LK ADIM - narteks.net<\/title>\n<meta name=\"robots\" content=\"index, follow, max-snippet:-1, max-image-preview:large, max-video-preview:-1\" \/>\n<link rel=\"canonical\" href=\"https:\/\/narteks.net\/index.php\/2009\/12\/07\/ilk-adim\/\" \/>\n<meta property=\"og:locale\" content=\"tr_TR\" \/>\n<meta property=\"og:type\" content=\"article\" \/>\n<meta property=\"og:title\" content=\"\u0130LK ADIM\" \/>\n<meta property=\"og:description\" content=\"\u00a0 Bir mermi de benden aslan\u0131m,Bir mermi de benden.Bir mermi de benden zafer toplar\u0131Mukaddes namlular!Daha gelmesin mi bahar,Daha g\u00fclmesin mi a\u011flayanlar?Y\u0131llard\u0131r kan i\u00e7inde, sarg\u0131 i\u00e7indeUnuttunuz muSevmesini \u015fakala\u015fmas\u0131n\u0131?\u00c7ekik g\u00f6zl\u00fcler,K\u0131v\u0131rc\u0131k sa\u00e7l\u0131lar, ablak y\u00fczl\u00fcler!K\u00fcller mi saz beniz etti siziYabani g\u00fcller, dost bak\u0131\u015flar, otlu \u00e7i\u00e7ekler!Ve sizler :Adana, Aras pamu\u011fu kadarSevdi\u011fim y\u00fczler!Yayla t\u00fcrk\u00fclerim kadarMemleketlilerim kadarSevdi\u011fim y\u00fczler! Alt\u0131ya m\u0131 de\u011fdi ya\u015flar\u0131n\u0131zOtuz [&hellip;]\" \/>\n<meta property=\"og:url\" content=\"https:\/\/narteks.net\/index.php\/2009\/12\/07\/ilk-adim\/\" \/>\n<meta property=\"og:site_name\" content=\"narteks.net\" \/>\n<meta property=\"article:published_time\" content=\"2009-12-07T10:09:26+00:00\" \/>\n<meta property=\"og:image\" content=\"https:\/\/narteks.net\/wp-content\/uploads\/narteks.png\" \/>\n\t<meta property=\"og:image:width\" content=\"300\" \/>\n\t<meta property=\"og:image:height\" content=\"90\" \/>\n\t<meta property=\"og:image:type\" content=\"image\/png\" \/>\n<meta name=\"author\" content=\"Tar\u0131k\" \/>\n<meta name=\"twitter:card\" content=\"summary_large_image\" \/>\n<meta name=\"twitter:creator\" content=\"@narteks\" \/>\n<meta name=\"twitter:site\" content=\"@narteks\" \/>\n<meta name=\"twitter:label1\" content=\"Yazan:\" \/>\n\t<meta name=\"twitter:data1\" content=\"Tar\u0131k\" \/>\n\t<meta name=\"twitter:label2\" content=\"Tahmini okuma s\u00fcresi\" \/>\n\t<meta name=\"twitter:data2\" content=\"2 dakika\" \/>\n<script type=\"application\/ld+json\" class=\"yoast-schema-graph\">{\"@context\":\"https:\/\/schema.org\",\"@graph\":[{\"@type\":\"Article\",\"@id\":\"https:\/\/narteks.net\/index.php\/2009\/12\/07\/ilk-adim\/#article\",\"isPartOf\":{\"@id\":\"https:\/\/narteks.net\/index.php\/2009\/12\/07\/ilk-adim\/\"},\"author\":{\"name\":\"Tar\u0131k\",\"@id\":\"https:\/\/narteks.net\/#\/schema\/person\/61f37d9834294b72d31d274e7ed79bca\"},\"headline\":\"\u0130LK ADIM\",\"datePublished\":\"2009-12-07T10:09:26+00:00\",\"mainEntityOfPage\":{\"@id\":\"https:\/\/narteks.net\/index.php\/2009\/12\/07\/ilk-adim\/\"},\"wordCount\":321,\"commentCount\":0,\"publisher\":{\"@id\":\"https:\/\/narteks.net\/#organization\"},\"articleSection\":[\"Enver G\u00d6K\u00c7E\"],\"inLanguage\":\"tr\",\"potentialAction\":[{\"@type\":\"CommentAction\",\"name\":\"Comment\",\"target\":[\"https:\/\/narteks.net\/index.php\/2009\/12\/07\/ilk-adim\/#respond\"]}]},{\"@type\":\"WebPage\",\"@id\":\"https:\/\/narteks.net\/index.php\/2009\/12\/07\/ilk-adim\/\",\"url\":\"https:\/\/narteks.net\/index.php\/2009\/12\/07\/ilk-adim\/\",\"name\":\"\u0130LK ADIM - narteks.net\",\"isPartOf\":{\"@id\":\"https:\/\/narteks.net\/#website\"},\"datePublished\":\"2009-12-07T10:09:26+00:00\",\"breadcrumb\":{\"@id\":\"https:\/\/narteks.net\/index.php\/2009\/12\/07\/ilk-adim\/#breadcrumb\"},\"inLanguage\":\"tr\",\"potentialAction\":[{\"@type\":\"ReadAction\",\"target\":[\"https:\/\/narteks.net\/index.php\/2009\/12\/07\/ilk-adim\/\"]}]},{\"@type\":\"BreadcrumbList\",\"@id\":\"https:\/\/narteks.net\/index.php\/2009\/12\/07\/ilk-adim\/#breadcrumb\",\"itemListElement\":[{\"@type\":\"ListItem\",\"position\":1,\"name\":\"Anasayfa\",\"item\":\"https:\/\/narteks.net\/\"},{\"@type\":\"ListItem\",\"position\":2,\"name\":\"\u0130LK ADIM\"}]},{\"@type\":\"WebSite\",\"@id\":\"https:\/\/narteks.net\/#website\",\"url\":\"https:\/\/narteks.net\/\",\"name\":\"narteks.net\",\"description\":\"K\u00fclt\u00fcr Sanat Edebiyat Felsefe\",\"publisher\":{\"@id\":\"https:\/\/narteks.net\/#organization\"},\"alternateName\":\"K\u00fclt\u00fcr Sanat Edebiyat Felsefe\",\"potentialAction\":[{\"@type\":\"SearchAction\",\"target\":{\"@type\":\"EntryPoint\",\"urlTemplate\":\"https:\/\/narteks.net\/?s={search_term_string}\"},\"query-input\":{\"@type\":\"PropertyValueSpecification\",\"valueRequired\":true,\"valueName\":\"search_term_string\"}}],\"inLanguage\":\"tr\"},{\"@type\":\"Organization\",\"@id\":\"https:\/\/narteks.net\/#organization\",\"name\":\"narteks.net\",\"url\":\"https:\/\/narteks.net\/\",\"logo\":{\"@type\":\"ImageObject\",\"inLanguage\":\"tr\",\"@id\":\"https:\/\/narteks.net\/#\/schema\/logo\/image\/\",\"url\":\"https:\/\/narteks.net\/wp-content\/uploads\/narteks.png\",\"contentUrl\":\"https:\/\/narteks.net\/wp-content\/uploads\/narteks.png\",\"width\":300,\"height\":90,\"caption\":\"narteks.net\"},\"image\":{\"@id\":\"https:\/\/narteks.net\/#\/schema\/logo\/image\/\"},\"sameAs\":[\"https:\/\/x.com\/narteks\",\"https:\/\/instagram.com\/narteksnet\"]},{\"@type\":\"Person\",\"@id\":\"https:\/\/narteks.net\/#\/schema\/person\/61f37d9834294b72d31d274e7ed79bca\",\"name\":\"Tar\u0131k\",\"image\":{\"@type\":\"ImageObject\",\"inLanguage\":\"tr\",\"@id\":\"https:\/\/narteks.net\/#\/schema\/person\/image\/\",\"url\":\"https:\/\/secure.gravatar.com\/avatar\/50865afb55632c4ae467e0af0930f6510aa2297d8014be502a55b14f3b7550cf?s=96&d=mm&r=g\",\"contentUrl\":\"https:\/\/secure.gravatar.com\/avatar\/50865afb55632c4ae467e0af0930f6510aa2297d8014be502a55b14f3b7550cf?s=96&d=mm&r=g\",\"caption\":\"Tar\u0131k\"},\"sameAs\":[\"http:\/\/narteks.net\"],\"url\":\"https:\/\/narteks.net\/index.php\/author\/narbak\/\"}]}<\/script>\n<!-- \/ Yoast SEO Premium plugin. -->","yoast_head_json":{"title":"\u0130LK ADIM - narteks.net","robots":{"index":"index","follow":"follow","max-snippet":"max-snippet:-1","max-image-preview":"max-image-preview:large","max-video-preview":"max-video-preview:-1"},"canonical":"https:\/\/narteks.net\/index.php\/2009\/12\/07\/ilk-adim\/","og_locale":"tr_TR","og_type":"article","og_title":"\u0130LK ADIM","og_description":"\u00a0 Bir mermi de benden aslan\u0131m,Bir mermi de benden.Bir mermi de benden zafer toplar\u0131Mukaddes namlular!Daha gelmesin mi bahar,Daha g\u00fclmesin mi a\u011flayanlar?Y\u0131llard\u0131r kan i\u00e7inde, sarg\u0131 i\u00e7indeUnuttunuz muSevmesini \u015fakala\u015fmas\u0131n\u0131?\u00c7ekik g\u00f6zl\u00fcler,K\u0131v\u0131rc\u0131k sa\u00e7l\u0131lar, ablak y\u00fczl\u00fcler!K\u00fcller mi saz beniz etti siziYabani g\u00fcller, dost bak\u0131\u015flar, otlu \u00e7i\u00e7ekler!Ve sizler :Adana, Aras pamu\u011fu kadarSevdi\u011fim y\u00fczler!Yayla t\u00fcrk\u00fclerim kadarMemleketlilerim kadarSevdi\u011fim y\u00fczler! Alt\u0131ya m\u0131 de\u011fdi ya\u015flar\u0131n\u0131zOtuz [&hellip;]","og_url":"https:\/\/narteks.net\/index.php\/2009\/12\/07\/ilk-adim\/","og_site_name":"narteks.net","article_published_time":"2009-12-07T10:09:26+00:00","og_image":[{"width":300,"height":90,"url":"https:\/\/narteks.net\/wp-content\/uploads\/narteks.png","type":"image\/png"}],"author":"Tar\u0131k","twitter_card":"summary_large_image","twitter_creator":"@narteks","twitter_site":"@narteks","twitter_misc":{"Yazan:":"Tar\u0131k","Tahmini okuma s\u00fcresi":"2 dakika"},"schema":{"@context":"https:\/\/schema.org","@graph":[{"@type":"Article","@id":"https:\/\/narteks.net\/index.php\/2009\/12\/07\/ilk-adim\/#article","isPartOf":{"@id":"https:\/\/narteks.net\/index.php\/2009\/12\/07\/ilk-adim\/"},"author":{"name":"Tar\u0131k","@id":"https:\/\/narteks.net\/#\/schema\/person\/61f37d9834294b72d31d274e7ed79bca"},"headline":"\u0130LK ADIM","datePublished":"2009-12-07T10:09:26+00:00","mainEntityOfPage":{"@id":"https:\/\/narteks.net\/index.php\/2009\/12\/07\/ilk-adim\/"},"wordCount":321,"commentCount":0,"publisher":{"@id":"https:\/\/narteks.net\/#organization"},"articleSection":["Enver G\u00d6K\u00c7E"],"inLanguage":"tr","potentialAction":[{"@type":"CommentAction","name":"Comment","target":["https:\/\/narteks.net\/index.php\/2009\/12\/07\/ilk-adim\/#respond"]}]},{"@type":"WebPage","@id":"https:\/\/narteks.net\/index.php\/2009\/12\/07\/ilk-adim\/","url":"https:\/\/narteks.net\/index.php\/2009\/12\/07\/ilk-adim\/","name":"\u0130LK ADIM - narteks.net","isPartOf":{"@id":"https:\/\/narteks.net\/#website"},"datePublished":"2009-12-07T10:09:26+00:00","breadcrumb":{"@id":"https:\/\/narteks.net\/index.php\/2009\/12\/07\/ilk-adim\/#breadcrumb"},"inLanguage":"tr","potentialAction":[{"@type":"ReadAction","target":["https:\/\/narteks.net\/index.php\/2009\/12\/07\/ilk-adim\/"]}]},{"@type":"BreadcrumbList","@id":"https:\/\/narteks.net\/index.php\/2009\/12\/07\/ilk-adim\/#breadcrumb","itemListElement":[{"@type":"ListItem","position":1,"name":"Anasayfa","item":"https:\/\/narteks.net\/"},{"@type":"ListItem","position":2,"name":"\u0130LK ADIM"}]},{"@type":"WebSite","@id":"https:\/\/narteks.net\/#website","url":"https:\/\/narteks.net\/","name":"narteks.net","description":"K\u00fclt\u00fcr Sanat Edebiyat Felsefe","publisher":{"@id":"https:\/\/narteks.net\/#organization"},"alternateName":"K\u00fclt\u00fcr Sanat Edebiyat Felsefe","potentialAction":[{"@type":"SearchAction","target":{"@type":"EntryPoint","urlTemplate":"https:\/\/narteks.net\/?s={search_term_string}"},"query-input":{"@type":"PropertyValueSpecification","valueRequired":true,"valueName":"search_term_string"}}],"inLanguage":"tr"},{"@type":"Organization","@id":"https:\/\/narteks.net\/#organization","name":"narteks.net","url":"https:\/\/narteks.net\/","logo":{"@type":"ImageObject","inLanguage":"tr","@id":"https:\/\/narteks.net\/#\/schema\/logo\/image\/","url":"https:\/\/narteks.net\/wp-content\/uploads\/narteks.png","contentUrl":"https:\/\/narteks.net\/wp-content\/uploads\/narteks.png","width":300,"height":90,"caption":"narteks.net"},"image":{"@id":"https:\/\/narteks.net\/#\/schema\/logo\/image\/"},"sameAs":["https:\/\/x.com\/narteks","https:\/\/instagram.com\/narteksnet"]},{"@type":"Person","@id":"https:\/\/narteks.net\/#\/schema\/person\/61f37d9834294b72d31d274e7ed79bca","name":"Tar\u0131k","image":{"@type":"ImageObject","inLanguage":"tr","@id":"https:\/\/narteks.net\/#\/schema\/person\/image\/","url":"https:\/\/secure.gravatar.com\/avatar\/50865afb55632c4ae467e0af0930f6510aa2297d8014be502a55b14f3b7550cf?s=96&d=mm&r=g","contentUrl":"https:\/\/secure.gravatar.com\/avatar\/50865afb55632c4ae467e0af0930f6510aa2297d8014be502a55b14f3b7550cf?s=96&d=mm&r=g","caption":"Tar\u0131k"},"sameAs":["http:\/\/narteks.net"],"url":"https:\/\/narteks.net\/index.php\/author\/narbak\/"}]}},"_links":{"self":[{"href":"https:\/\/narteks.net\/index.php\/wp-json\/wp\/v2\/posts\/2756","targetHints":{"allow":["GET"]}}],"collection":[{"href":"https:\/\/narteks.net\/index.php\/wp-json\/wp\/v2\/posts"}],"about":[{"href":"https:\/\/narteks.net\/index.php\/wp-json\/wp\/v2\/types\/post"}],"author":[{"embeddable":true,"href":"https:\/\/narteks.net\/index.php\/wp-json\/wp\/v2\/users\/1"}],"replies":[{"embeddable":true,"href":"https:\/\/narteks.net\/index.php\/wp-json\/wp\/v2\/comments?post=2756"}],"version-history":[{"count":0,"href":"https:\/\/narteks.net\/index.php\/wp-json\/wp\/v2\/posts\/2756\/revisions"}],"wp:attachment":[{"href":"https:\/\/narteks.net\/index.php\/wp-json\/wp\/v2\/media?parent=2756"}],"wp:term":[{"taxonomy":"category","embeddable":true,"href":"https:\/\/narteks.net\/index.php\/wp-json\/wp\/v2\/categories?post=2756"},{"taxonomy":"post_tag","embeddable":true,"href":"https:\/\/narteks.net\/index.php\/wp-json\/wp\/v2\/tags?post=2756"}],"curies":[{"name":"wp","href":"https:\/\/api.w.org\/{rel}","templated":true}]}}