{"id":2757,"date":"2009-12-07T13:10:05","date_gmt":"2009-12-07T10:10:05","guid":{"rendered":"http:\/\/localhost\/wordpress\/2009\/12\/07\/kardeslik-acilari\/"},"modified":"2009-12-07T13:10:05","modified_gmt":"2009-12-07T10:10:05","slug":"kardeslik-acilari","status":"publish","type":"post","link":"https:\/\/narteks.net\/index.php\/2009\/12\/07\/kardeslik-acilari\/","title":{"rendered":"KARDE\u015eL\u0130K ACILARI"},"content":{"rendered":"<p>\u00a0<\/p>\n<p>Y\u0131llar var ki sizleri d\u00fc\u015f\u00fcn\u00fcyorum :<br \/>Yanan \u015fehirlerim,<br \/>D\u00fc\u015fmana ekmek veren tarlalar\u0131m<br \/>Teknelerim, ocaklar\u0131m, \u00f6\u011fretmenlerim!<br \/>Ve sizleri :<br \/>Caddeler, tarlalar, fak\u00fclteler,<br \/>Nehir boylar\u0131, \u015fehirler, ordular<br \/>A\u015fklar\u0131m, h\u00fcnerlerim, sefaletlerim!<\/p>\n<p>Ellerime ate\u015f d\u00fc\u015ft\u00fc<br \/>Y\u00fcre\u011fime, g\u00f6vdeme, kollar\u0131ma.<br \/>Biliyorum ey demokrasi!<br \/>B\u00fct\u00fcn \u015fairlerin \u00f6l\u00fcr<br \/>Barikatlar\u0131n susar<br \/>Ve yanar da limanlar\u0131n, iskelelerin<br \/>Zafer g\u00fclleri sensiz a\u00e7maz<br \/>B\u00f6yle bir macerada.<\/p>\n<p>Karde\u015f, karde\u015f!<br \/>Alk\u0131\u015f tutan ellerini kesmedim,<br \/>Tanklar\u0131mla tarhlar\u0131n\u0131 ezmedim.<br \/>Ben kendi halimle m\u00fcthi\u015f ki\u015fi<br \/>Ben sevici sert ve deli\u015fmen&#8230;<br \/>Ve h\u00fcrl\u00fck karde\u015flik \u00e7\u0131ras\u0131n\u0131<br \/>Kendi hissemce g\u00f6t\u00fcren insan.<br \/>Biliyorum bu d\u00fcnyada<br \/>G\u00f6ky\u00fcz\u00fc ve denizy\u00fcz\u00fc<br \/>C\u00fcmle \u00e7i\u00e7ek ve c\u00fcmle yemi\u015fler vard\u0131r<br \/>Biliyorum bu d\u00fcnyada<br \/>Yaln\u0131z ve &#8220;yaln\u0131z insanlar<br \/>Yani karde\u015fler vard\u0131r.&#8221;<\/p>\n<p>Beni \u015fehir \u015fehir beni,<br \/>Beni k\u00f6y kent beni<br \/>Beni usul, beni yolca g\u00f6t\u00fcr<br \/>Karde\u015flik treni!<br \/>A\u011f\u0131r yaral\u0131lar ta\u015f\u0131yorum<br \/>\u0130ncinmesin kollar\u0131m, ayaklar\u0131m, ellerim<br \/>I\u015f\u0131lt\u0131l\u0131 g\u00fcnd\u00fczlere gitmeliyim<br \/>Ac\u0131lar, dara\u011fa\u00e7lar\u0131, kelep\u00e7e demirleri!<br \/>Bayram \u015fenliklerine,<br \/>Demokrasi \u015fenliklerine gitmeliyim<br \/>U\u011fruna \u015fiir yaz\u0131lan, d\u00f6\u011f\u00fc\u015f\u00fclen, \u00f6l\u00fcnen insanlar!<br \/>Yeter de\u011fil bana<br \/>Zaferlerin,<br \/>Y\u0131llard\u0131r gece h\u00fccumlar\u0131na<br \/>Sokak sava\u015flar\u0131na katland\u0131\u011f\u0131m.<\/p>\n<p>Enver G\u00d6K\u00c7E<\/p>\n","protected":false},"excerpt":{"rendered":"<p>\u00a0 Y\u0131llar var ki sizleri d\u00fc\u015f\u00fcn\u00fcyorum :Yanan \u015fehirlerim,D\u00fc\u015fmana ekmek veren tarlalar\u0131mTeknelerim, ocaklar\u0131m, \u00f6\u011fretmenlerim!Ve sizleri :Caddeler, tarlalar, fak\u00fclteler,Nehir boylar\u0131, \u015fehirler, ordularA\u015fklar\u0131m, h\u00fcnerlerim, sefaletlerim! Ellerime ate\u015f d\u00fc\u015ft\u00fcY\u00fcre\u011fime, g\u00f6vdeme, kollar\u0131ma.Biliyorum ey demokrasi!B\u00fct\u00fcn \u015fairlerin \u00f6l\u00fcrBarikatlar\u0131n susarVe yanar da limanlar\u0131n, iskelelerinZafer g\u00fclleri sensiz a\u00e7mazB\u00f6yle bir macerada. Karde\u015f, karde\u015f!Alk\u0131\u015f tutan ellerini kesmedim,Tanklar\u0131mla tarhlar\u0131n\u0131 ezmedim.Ben kendi halimle m\u00fcthi\u015f ki\u015fiBen sevici sert ve [&hellip;]<\/p>\n","protected":false},"author":1,"featured_media":0,"comment_status":"open","ping_status":"open","sticky":false,"template":"","format":"standard","meta":{"footnotes":""},"categories":[20],"tags":[],"class_list":{"0":"post-2757","1":"post","2":"type-post","3":"status-publish","4":"format-standard","6":"category-enver-gokce"},"yoast_head":"<!-- This site is optimized with the Yoast SEO Premium plugin v24.9 (Yoast SEO v24.9) - https:\/\/yoast.com\/wordpress\/plugins\/seo\/ -->\n<title>KARDE\u015eL\u0130K ACILARI - narteks.net<\/title>\n<meta name=\"robots\" content=\"index, follow, max-snippet:-1, max-image-preview:large, max-video-preview:-1\" \/>\n<link rel=\"canonical\" href=\"https:\/\/narteks.net\/index.php\/2009\/12\/07\/kardeslik-acilari\/\" \/>\n<meta property=\"og:locale\" content=\"tr_TR\" \/>\n<meta property=\"og:type\" content=\"article\" \/>\n<meta property=\"og:title\" content=\"KARDE\u015eL\u0130K ACILARI\" \/>\n<meta property=\"og:description\" content=\"\u00a0 Y\u0131llar var ki sizleri d\u00fc\u015f\u00fcn\u00fcyorum :Yanan \u015fehirlerim,D\u00fc\u015fmana ekmek veren tarlalar\u0131mTeknelerim, ocaklar\u0131m, \u00f6\u011fretmenlerim!Ve sizleri :Caddeler, tarlalar, fak\u00fclteler,Nehir boylar\u0131, \u015fehirler, ordularA\u015fklar\u0131m, h\u00fcnerlerim, sefaletlerim! Ellerime ate\u015f d\u00fc\u015ft\u00fcY\u00fcre\u011fime, g\u00f6vdeme, kollar\u0131ma.Biliyorum ey demokrasi!B\u00fct\u00fcn \u015fairlerin \u00f6l\u00fcrBarikatlar\u0131n susarVe yanar da limanlar\u0131n, iskelelerinZafer g\u00fclleri sensiz a\u00e7mazB\u00f6yle bir macerada. Karde\u015f, karde\u015f!Alk\u0131\u015f tutan ellerini kesmedim,Tanklar\u0131mla tarhlar\u0131n\u0131 ezmedim.Ben kendi halimle m\u00fcthi\u015f ki\u015fiBen sevici sert ve [&hellip;]\" \/>\n<meta property=\"og:url\" content=\"https:\/\/narteks.net\/index.php\/2009\/12\/07\/kardeslik-acilari\/\" \/>\n<meta property=\"og:site_name\" content=\"narteks.net\" \/>\n<meta property=\"article:published_time\" content=\"2009-12-07T10:10:05+00:00\" \/>\n<meta property=\"og:image\" content=\"https:\/\/narteks.net\/wp-content\/uploads\/narteks.png\" \/>\n\t<meta property=\"og:image:width\" content=\"300\" \/>\n\t<meta property=\"og:image:height\" content=\"90\" \/>\n\t<meta property=\"og:image:type\" content=\"image\/png\" \/>\n<meta name=\"author\" content=\"Tar\u0131k\" \/>\n<meta name=\"twitter:card\" content=\"summary_large_image\" \/>\n<meta name=\"twitter:creator\" content=\"@narteks\" \/>\n<meta name=\"twitter:site\" content=\"@narteks\" \/>\n<meta name=\"twitter:label1\" content=\"Yazan:\" \/>\n\t<meta name=\"twitter:data1\" content=\"Tar\u0131k\" \/>\n\t<meta name=\"twitter:label2\" content=\"Tahmini okuma s\u00fcresi\" \/>\n\t<meta name=\"twitter:data2\" content=\"1 dakika\" \/>\n<script type=\"application\/ld+json\" class=\"yoast-schema-graph\">{\"@context\":\"https:\/\/schema.org\",\"@graph\":[{\"@type\":\"Article\",\"@id\":\"https:\/\/narteks.net\/index.php\/2009\/12\/07\/kardeslik-acilari\/#article\",\"isPartOf\":{\"@id\":\"https:\/\/narteks.net\/index.php\/2009\/12\/07\/kardeslik-acilari\/\"},\"author\":{\"name\":\"Tar\u0131k\",\"@id\":\"https:\/\/narteks.net\/#\/schema\/person\/61f37d9834294b72d31d274e7ed79bca\"},\"headline\":\"KARDE\u015eL\u0130K ACILARI\",\"datePublished\":\"2009-12-07T10:10:05+00:00\",\"mainEntityOfPage\":{\"@id\":\"https:\/\/narteks.net\/index.php\/2009\/12\/07\/kardeslik-acilari\/\"},\"wordCount\":218,\"commentCount\":0,\"publisher\":{\"@id\":\"https:\/\/narteks.net\/#organization\"},\"articleSection\":[\"Enver G\u00d6K\u00c7E\"],\"inLanguage\":\"tr\",\"potentialAction\":[{\"@type\":\"CommentAction\",\"name\":\"Comment\",\"target\":[\"https:\/\/narteks.net\/index.php\/2009\/12\/07\/kardeslik-acilari\/#respond\"]}]},{\"@type\":\"WebPage\",\"@id\":\"https:\/\/narteks.net\/index.php\/2009\/12\/07\/kardeslik-acilari\/\",\"url\":\"https:\/\/narteks.net\/index.php\/2009\/12\/07\/kardeslik-acilari\/\",\"name\":\"KARDE\u015eL\u0130K ACILARI - narteks.net\",\"isPartOf\":{\"@id\":\"https:\/\/narteks.net\/#website\"},\"datePublished\":\"2009-12-07T10:10:05+00:00\",\"breadcrumb\":{\"@id\":\"https:\/\/narteks.net\/index.php\/2009\/12\/07\/kardeslik-acilari\/#breadcrumb\"},\"inLanguage\":\"tr\",\"potentialAction\":[{\"@type\":\"ReadAction\",\"target\":[\"https:\/\/narteks.net\/index.php\/2009\/12\/07\/kardeslik-acilari\/\"]}]},{\"@type\":\"BreadcrumbList\",\"@id\":\"https:\/\/narteks.net\/index.php\/2009\/12\/07\/kardeslik-acilari\/#breadcrumb\",\"itemListElement\":[{\"@type\":\"ListItem\",\"position\":1,\"name\":\"Anasayfa\",\"item\":\"https:\/\/narteks.net\/\"},{\"@type\":\"ListItem\",\"position\":2,\"name\":\"KARDE\u015eL\u0130K ACILARI\"}]},{\"@type\":\"WebSite\",\"@id\":\"https:\/\/narteks.net\/#website\",\"url\":\"https:\/\/narteks.net\/\",\"name\":\"narteks.net\",\"description\":\"K\u00fclt\u00fcr Sanat Edebiyat Felsefe\",\"publisher\":{\"@id\":\"https:\/\/narteks.net\/#organization\"},\"alternateName\":\"K\u00fclt\u00fcr Sanat Edebiyat Felsefe\",\"potentialAction\":[{\"@type\":\"SearchAction\",\"target\":{\"@type\":\"EntryPoint\",\"urlTemplate\":\"https:\/\/narteks.net\/?s={search_term_string}\"},\"query-input\":{\"@type\":\"PropertyValueSpecification\",\"valueRequired\":true,\"valueName\":\"search_term_string\"}}],\"inLanguage\":\"tr\"},{\"@type\":\"Organization\",\"@id\":\"https:\/\/narteks.net\/#organization\",\"name\":\"narteks.net\",\"url\":\"https:\/\/narteks.net\/\",\"logo\":{\"@type\":\"ImageObject\",\"inLanguage\":\"tr\",\"@id\":\"https:\/\/narteks.net\/#\/schema\/logo\/image\/\",\"url\":\"https:\/\/narteks.net\/wp-content\/uploads\/narteks.png\",\"contentUrl\":\"https:\/\/narteks.net\/wp-content\/uploads\/narteks.png\",\"width\":300,\"height\":90,\"caption\":\"narteks.net\"},\"image\":{\"@id\":\"https:\/\/narteks.net\/#\/schema\/logo\/image\/\"},\"sameAs\":[\"https:\/\/x.com\/narteks\",\"https:\/\/instagram.com\/narteksnet\"]},{\"@type\":\"Person\",\"@id\":\"https:\/\/narteks.net\/#\/schema\/person\/61f37d9834294b72d31d274e7ed79bca\",\"name\":\"Tar\u0131k\",\"image\":{\"@type\":\"ImageObject\",\"inLanguage\":\"tr\",\"@id\":\"https:\/\/narteks.net\/#\/schema\/person\/image\/\",\"url\":\"https:\/\/secure.gravatar.com\/avatar\/50865afb55632c4ae467e0af0930f6510aa2297d8014be502a55b14f3b7550cf?s=96&d=mm&r=g\",\"contentUrl\":\"https:\/\/secure.gravatar.com\/avatar\/50865afb55632c4ae467e0af0930f6510aa2297d8014be502a55b14f3b7550cf?s=96&d=mm&r=g\",\"caption\":\"Tar\u0131k\"},\"sameAs\":[\"http:\/\/narteks.net\"],\"url\":\"https:\/\/narteks.net\/index.php\/author\/narbak\/\"}]}<\/script>\n<!-- \/ Yoast SEO Premium plugin. -->","yoast_head_json":{"title":"KARDE\u015eL\u0130K ACILARI - narteks.net","robots":{"index":"index","follow":"follow","max-snippet":"max-snippet:-1","max-image-preview":"max-image-preview:large","max-video-preview":"max-video-preview:-1"},"canonical":"https:\/\/narteks.net\/index.php\/2009\/12\/07\/kardeslik-acilari\/","og_locale":"tr_TR","og_type":"article","og_title":"KARDE\u015eL\u0130K ACILARI","og_description":"\u00a0 Y\u0131llar var ki sizleri d\u00fc\u015f\u00fcn\u00fcyorum :Yanan \u015fehirlerim,D\u00fc\u015fmana ekmek veren tarlalar\u0131mTeknelerim, ocaklar\u0131m, \u00f6\u011fretmenlerim!Ve sizleri :Caddeler, tarlalar, fak\u00fclteler,Nehir boylar\u0131, \u015fehirler, ordularA\u015fklar\u0131m, h\u00fcnerlerim, sefaletlerim! Ellerime ate\u015f d\u00fc\u015ft\u00fcY\u00fcre\u011fime, g\u00f6vdeme, kollar\u0131ma.Biliyorum ey demokrasi!B\u00fct\u00fcn \u015fairlerin \u00f6l\u00fcrBarikatlar\u0131n susarVe yanar da limanlar\u0131n, iskelelerinZafer g\u00fclleri sensiz a\u00e7mazB\u00f6yle bir macerada. Karde\u015f, karde\u015f!Alk\u0131\u015f tutan ellerini kesmedim,Tanklar\u0131mla tarhlar\u0131n\u0131 ezmedim.Ben kendi halimle m\u00fcthi\u015f ki\u015fiBen sevici sert ve [&hellip;]","og_url":"https:\/\/narteks.net\/index.php\/2009\/12\/07\/kardeslik-acilari\/","og_site_name":"narteks.net","article_published_time":"2009-12-07T10:10:05+00:00","og_image":[{"width":300,"height":90,"url":"https:\/\/narteks.net\/wp-content\/uploads\/narteks.png","type":"image\/png"}],"author":"Tar\u0131k","twitter_card":"summary_large_image","twitter_creator":"@narteks","twitter_site":"@narteks","twitter_misc":{"Yazan:":"Tar\u0131k","Tahmini okuma s\u00fcresi":"1 dakika"},"schema":{"@context":"https:\/\/schema.org","@graph":[{"@type":"Article","@id":"https:\/\/narteks.net\/index.php\/2009\/12\/07\/kardeslik-acilari\/#article","isPartOf":{"@id":"https:\/\/narteks.net\/index.php\/2009\/12\/07\/kardeslik-acilari\/"},"author":{"name":"Tar\u0131k","@id":"https:\/\/narteks.net\/#\/schema\/person\/61f37d9834294b72d31d274e7ed79bca"},"headline":"KARDE\u015eL\u0130K ACILARI","datePublished":"2009-12-07T10:10:05+00:00","mainEntityOfPage":{"@id":"https:\/\/narteks.net\/index.php\/2009\/12\/07\/kardeslik-acilari\/"},"wordCount":218,"commentCount":0,"publisher":{"@id":"https:\/\/narteks.net\/#organization"},"articleSection":["Enver G\u00d6K\u00c7E"],"inLanguage":"tr","potentialAction":[{"@type":"CommentAction","name":"Comment","target":["https:\/\/narteks.net\/index.php\/2009\/12\/07\/kardeslik-acilari\/#respond"]}]},{"@type":"WebPage","@id":"https:\/\/narteks.net\/index.php\/2009\/12\/07\/kardeslik-acilari\/","url":"https:\/\/narteks.net\/index.php\/2009\/12\/07\/kardeslik-acilari\/","name":"KARDE\u015eL\u0130K ACILARI - narteks.net","isPartOf":{"@id":"https:\/\/narteks.net\/#website"},"datePublished":"2009-12-07T10:10:05+00:00","breadcrumb":{"@id":"https:\/\/narteks.net\/index.php\/2009\/12\/07\/kardeslik-acilari\/#breadcrumb"},"inLanguage":"tr","potentialAction":[{"@type":"ReadAction","target":["https:\/\/narteks.net\/index.php\/2009\/12\/07\/kardeslik-acilari\/"]}]},{"@type":"BreadcrumbList","@id":"https:\/\/narteks.net\/index.php\/2009\/12\/07\/kardeslik-acilari\/#breadcrumb","itemListElement":[{"@type":"ListItem","position":1,"name":"Anasayfa","item":"https:\/\/narteks.net\/"},{"@type":"ListItem","position":2,"name":"KARDE\u015eL\u0130K ACILARI"}]},{"@type":"WebSite","@id":"https:\/\/narteks.net\/#website","url":"https:\/\/narteks.net\/","name":"narteks.net","description":"K\u00fclt\u00fcr Sanat Edebiyat Felsefe","publisher":{"@id":"https:\/\/narteks.net\/#organization"},"alternateName":"K\u00fclt\u00fcr Sanat Edebiyat Felsefe","potentialAction":[{"@type":"SearchAction","target":{"@type":"EntryPoint","urlTemplate":"https:\/\/narteks.net\/?s={search_term_string}"},"query-input":{"@type":"PropertyValueSpecification","valueRequired":true,"valueName":"search_term_string"}}],"inLanguage":"tr"},{"@type":"Organization","@id":"https:\/\/narteks.net\/#organization","name":"narteks.net","url":"https:\/\/narteks.net\/","logo":{"@type":"ImageObject","inLanguage":"tr","@id":"https:\/\/narteks.net\/#\/schema\/logo\/image\/","url":"https:\/\/narteks.net\/wp-content\/uploads\/narteks.png","contentUrl":"https:\/\/narteks.net\/wp-content\/uploads\/narteks.png","width":300,"height":90,"caption":"narteks.net"},"image":{"@id":"https:\/\/narteks.net\/#\/schema\/logo\/image\/"},"sameAs":["https:\/\/x.com\/narteks","https:\/\/instagram.com\/narteksnet"]},{"@type":"Person","@id":"https:\/\/narteks.net\/#\/schema\/person\/61f37d9834294b72d31d274e7ed79bca","name":"Tar\u0131k","image":{"@type":"ImageObject","inLanguage":"tr","@id":"https:\/\/narteks.net\/#\/schema\/person\/image\/","url":"https:\/\/secure.gravatar.com\/avatar\/50865afb55632c4ae467e0af0930f6510aa2297d8014be502a55b14f3b7550cf?s=96&d=mm&r=g","contentUrl":"https:\/\/secure.gravatar.com\/avatar\/50865afb55632c4ae467e0af0930f6510aa2297d8014be502a55b14f3b7550cf?s=96&d=mm&r=g","caption":"Tar\u0131k"},"sameAs":["http:\/\/narteks.net"],"url":"https:\/\/narteks.net\/index.php\/author\/narbak\/"}]}},"_links":{"self":[{"href":"https:\/\/narteks.net\/index.php\/wp-json\/wp\/v2\/posts\/2757","targetHints":{"allow":["GET"]}}],"collection":[{"href":"https:\/\/narteks.net\/index.php\/wp-json\/wp\/v2\/posts"}],"about":[{"href":"https:\/\/narteks.net\/index.php\/wp-json\/wp\/v2\/types\/post"}],"author":[{"embeddable":true,"href":"https:\/\/narteks.net\/index.php\/wp-json\/wp\/v2\/users\/1"}],"replies":[{"embeddable":true,"href":"https:\/\/narteks.net\/index.php\/wp-json\/wp\/v2\/comments?post=2757"}],"version-history":[{"count":0,"href":"https:\/\/narteks.net\/index.php\/wp-json\/wp\/v2\/posts\/2757\/revisions"}],"wp:attachment":[{"href":"https:\/\/narteks.net\/index.php\/wp-json\/wp\/v2\/media?parent=2757"}],"wp:term":[{"taxonomy":"category","embeddable":true,"href":"https:\/\/narteks.net\/index.php\/wp-json\/wp\/v2\/categories?post=2757"},{"taxonomy":"post_tag","embeddable":true,"href":"https:\/\/narteks.net\/index.php\/wp-json\/wp\/v2\/tags?post=2757"}],"curies":[{"name":"wp","href":"https:\/\/api.w.org\/{rel}","templated":true}]}}