{"id":2758,"date":"2009-12-07T13:11:14","date_gmt":"2009-12-07T10:11:14","guid":{"rendered":"http:\/\/localhost\/wordpress\/2009\/12\/07\/karli-kabalakli-dag\/"},"modified":"2009-12-07T13:11:14","modified_gmt":"2009-12-07T10:11:14","slug":"karli-kabalakli-dag","status":"publish","type":"post","link":"https:\/\/narteks.net\/index.php\/2009\/12\/07\/karli-kabalakli-dag\/","title":{"rendered":"KARLI KABALAKLI DA\u011e"},"content":{"rendered":"<p>\u00a0<\/p>\n<p>\u015eu<br \/>Evren<br \/>\u015eu<br \/>\u00dclker<br \/>\u015eu<br \/>Samanyolu<br \/>\u015eu<br \/>Ay<br \/>\u015eu<br \/>Z\u00fchre<br \/>\u015eu<br \/>Kervan<br \/>K\u0131ran<br \/>Belden<br \/>\u00c7ok<br \/>Evvel<br \/>Vard\u0131<br \/>Benden<br \/>Sonra da<br \/>Var<br \/>olacak<\/p>\n<p>Hey<br \/>Da\u011f<br \/>Y\u00fcce<br \/>Da\u011f<br \/>Karl\u0131<br \/>Kabalakl\u0131<br \/>Da\u011f<br \/>Essin<br \/>Ba\u011fr\u0131ma<br \/>\u00c7\u0131\u011flar\u0131n<br \/>Buzullar\u0131n<br \/>R\u00fczgar\u0131<br \/>\u0130\u015flesin<br \/>Y\u00fcre\u011fime<br \/>So\u011fuk<br \/>Zemherinin<br \/>Kar&#8217;\u0131<br \/>G\u00f6\u011fs\u00fc<br \/>G\u00fczel<br \/>Kaba<br \/>Da\u011flar<br \/>Hey<br \/>Da\u011flar<br \/>Verin<br \/>Bana<br \/>Ala<br \/>Geyikleri<br \/>Kurtlar\u0131<br \/>Kartallar\u0131<\/p>\n<p>A\u00e7s\u0131n<br \/>Koyun<br \/>G\u00f6zleri<br \/>H\u0131ra<br \/>\u00c7i\u00e7ekleri<br \/>Nergisler<br \/>Elvan<br \/>Elvan<br \/>F\u0131\u015fk\u0131rs\u0131n<br \/>Su<br \/>G\u00f6zeleri<br \/>Yerli<br \/>Kayalardan<br \/>Y\u0131ld\u0131zlar\u0131<br \/>Tutay\u0131m<br \/>Bir<br \/>Bir<br \/>Anadan<br \/>\u00dcryan<\/p>\n<p>Kulaklara<br \/>K\u00fcpe<br \/>Olsun<br \/>K\u00fcpe<br \/>Hem<br \/>Dillere<br \/>Destan<br \/>Ne<br \/>Ayak<br \/>Bass\u0131n<br \/>Topra\u011f\u0131ma<br \/>Koca<br \/>G\u00f6tl\u00fc<br \/>\u0130t<br \/>Suratl\u0131<br \/>Gavur<br \/>Ne<br \/>K\u0131rk<br \/>Ayaklar<br \/>Yesin<br \/>Ne<br \/>Y\u0131lan<br \/>K\u0131rkan<br \/>Yani<br \/>\u0130\u00e7erdeki<br \/>D\u00fc\u015fman<br \/>S\u00fct\u00fcm\u00fc<br \/>Ekme\u011fimi<br \/>Yo\u011furdumu<br \/>Kaba<br \/>Ard\u0131\u00e7lar\u0131n<br \/>\u00c7amlar\u0131nla<br \/>S\u0131\u011f\u0131rlar\u0131n<br \/>Davarlar\u0131n<br \/>Ve<br \/>Asi<br \/>\u0130nsanlar\u0131nla<br \/>Berhudar<br \/>Ol<br \/>Muzaffer<br \/>Ol<br \/>Daha da<br \/>\u00d6zg\u00fcr<br \/>Ol&#8230;<\/p>\n<p>Enver G\u00d6K\u00c7E<\/p>\n","protected":false},"excerpt":{"rendered":"<p>\u00a0 \u015euEvren\u015eu\u00dclker\u015euSamanyolu\u015euAy\u015euZ\u00fchre\u015euKervanK\u0131ranBelden\u00c7okEvvelVard\u0131BendenSonra daVarolacak HeyDa\u011fY\u00fcceDa\u011fKarl\u0131Kabalakl\u0131Da\u011fEssinBa\u011fr\u0131ma\u00c7\u0131\u011flar\u0131nBuzullar\u0131nR\u00fczgar\u0131\u0130\u015flesinY\u00fcre\u011fimeSo\u011fukZemherininKar&#8217;\u0131G\u00f6\u011fs\u00fcG\u00fczelKabaDa\u011flarHeyDa\u011flarVerinBanaAlaGeyikleriKurtlar\u0131Kartallar\u0131 A\u00e7s\u0131nKoyunG\u00f6zleriH\u0131ra\u00c7i\u00e7ekleriNergislerElvanElvanF\u0131\u015fk\u0131rs\u0131nSuG\u00f6zeleriYerliKayalardanY\u0131ld\u0131zlar\u0131Tutay\u0131mBirBirAnadan\u00dcryan KulaklaraK\u00fcpeOlsunK\u00fcpeHemDillereDestanNeAyakBass\u0131nTopra\u011f\u0131maKocaG\u00f6tl\u00fc\u0130tSuratl\u0131GavurNeK\u0131rkAyaklarYesinNeY\u0131lanK\u0131rkanYani\u0130\u00e7erdekiD\u00fc\u015fmanS\u00fct\u00fcm\u00fcEkme\u011fimiYo\u011furdumuKabaArd\u0131\u00e7lar\u0131n\u00c7amlar\u0131nlaS\u0131\u011f\u0131rlar\u0131nDavarlar\u0131nVeAsi\u0130nsanlar\u0131nlaBerhudarOlMuzafferOlDaha da\u00d6zg\u00fcrOl&#8230; Enver G\u00d6K\u00c7E<\/p>\n","protected":false},"author":1,"featured_media":0,"comment_status":"open","ping_status":"open","sticky":false,"template":"","format":"standard","meta":{"footnotes":""},"categories":[20],"tags":[],"class_list":{"0":"post-2758","1":"post","2":"type-post","3":"status-publish","4":"format-standard","6":"category-enver-gokce"},"yoast_head":"<!-- This site is optimized with the Yoast SEO Premium plugin v24.9 (Yoast SEO v24.9) - https:\/\/yoast.com\/wordpress\/plugins\/seo\/ -->\n<title>KARLI KABALAKLI DA\u011e - narteks.net<\/title>\n<meta name=\"robots\" content=\"index, follow, max-snippet:-1, max-image-preview:large, max-video-preview:-1\" \/>\n<link rel=\"canonical\" href=\"https:\/\/narteks.net\/index.php\/2009\/12\/07\/karli-kabalakli-dag\/\" \/>\n<meta property=\"og:locale\" content=\"tr_TR\" \/>\n<meta property=\"og:type\" content=\"article\" \/>\n<meta property=\"og:title\" content=\"KARLI KABALAKLI DA\u011e\" \/>\n<meta property=\"og:description\" content=\"\u00a0 \u015euEvren\u015eu\u00dclker\u015euSamanyolu\u015euAy\u015euZ\u00fchre\u015euKervanK\u0131ranBelden\u00c7okEvvelVard\u0131BendenSonra daVarolacak HeyDa\u011fY\u00fcceDa\u011fKarl\u0131Kabalakl\u0131Da\u011fEssinBa\u011fr\u0131ma\u00c7\u0131\u011flar\u0131nBuzullar\u0131nR\u00fczgar\u0131\u0130\u015flesinY\u00fcre\u011fimeSo\u011fukZemherininKar&#8217;\u0131G\u00f6\u011fs\u00fcG\u00fczelKabaDa\u011flarHeyDa\u011flarVerinBanaAlaGeyikleriKurtlar\u0131Kartallar\u0131 A\u00e7s\u0131nKoyunG\u00f6zleriH\u0131ra\u00c7i\u00e7ekleriNergislerElvanElvanF\u0131\u015fk\u0131rs\u0131nSuG\u00f6zeleriYerliKayalardanY\u0131ld\u0131zlar\u0131Tutay\u0131mBirBirAnadan\u00dcryan KulaklaraK\u00fcpeOlsunK\u00fcpeHemDillereDestanNeAyakBass\u0131nTopra\u011f\u0131maKocaG\u00f6tl\u00fc\u0130tSuratl\u0131GavurNeK\u0131rkAyaklarYesinNeY\u0131lanK\u0131rkanYani\u0130\u00e7erdekiD\u00fc\u015fmanS\u00fct\u00fcm\u00fcEkme\u011fimiYo\u011furdumuKabaArd\u0131\u00e7lar\u0131n\u00c7amlar\u0131nlaS\u0131\u011f\u0131rlar\u0131nDavarlar\u0131nVeAsi\u0130nsanlar\u0131nlaBerhudarOlMuzafferOlDaha da\u00d6zg\u00fcrOl&#8230; Enver G\u00d6K\u00c7E\" \/>\n<meta property=\"og:url\" content=\"https:\/\/narteks.net\/index.php\/2009\/12\/07\/karli-kabalakli-dag\/\" \/>\n<meta property=\"og:site_name\" content=\"narteks.net\" \/>\n<meta property=\"article:published_time\" content=\"2009-12-07T10:11:14+00:00\" \/>\n<meta property=\"og:image\" content=\"https:\/\/narteks.net\/wp-content\/uploads\/narteks.png\" \/>\n\t<meta property=\"og:image:width\" content=\"300\" \/>\n\t<meta property=\"og:image:height\" content=\"90\" \/>\n\t<meta property=\"og:image:type\" content=\"image\/png\" \/>\n<meta name=\"author\" content=\"Tar\u0131k\" \/>\n<meta name=\"twitter:card\" content=\"summary_large_image\" \/>\n<meta name=\"twitter:creator\" content=\"@narteks\" \/>\n<meta name=\"twitter:site\" content=\"@narteks\" \/>\n<meta name=\"twitter:label1\" content=\"Yazan:\" \/>\n\t<meta name=\"twitter:data1\" content=\"Tar\u0131k\" \/>\n<script type=\"application\/ld+json\" class=\"yoast-schema-graph\">{\"@context\":\"https:\/\/schema.org\",\"@graph\":[{\"@type\":\"Article\",\"@id\":\"https:\/\/narteks.net\/index.php\/2009\/12\/07\/karli-kabalakli-dag\/#article\",\"isPartOf\":{\"@id\":\"https:\/\/narteks.net\/index.php\/2009\/12\/07\/karli-kabalakli-dag\/\"},\"author\":{\"name\":\"Tar\u0131k\",\"@id\":\"https:\/\/narteks.net\/#\/schema\/person\/61f37d9834294b72d31d274e7ed79bca\"},\"headline\":\"KARLI KABALAKLI DA\u011e\",\"datePublished\":\"2009-12-07T10:11:14+00:00\",\"mainEntityOfPage\":{\"@id\":\"https:\/\/narteks.net\/index.php\/2009\/12\/07\/karli-kabalakli-dag\/\"},\"wordCount\":89,\"commentCount\":0,\"publisher\":{\"@id\":\"https:\/\/narteks.net\/#organization\"},\"articleSection\":[\"Enver G\u00d6K\u00c7E\"],\"inLanguage\":\"tr\",\"potentialAction\":[{\"@type\":\"CommentAction\",\"name\":\"Comment\",\"target\":[\"https:\/\/narteks.net\/index.php\/2009\/12\/07\/karli-kabalakli-dag\/#respond\"]}]},{\"@type\":\"WebPage\",\"@id\":\"https:\/\/narteks.net\/index.php\/2009\/12\/07\/karli-kabalakli-dag\/\",\"url\":\"https:\/\/narteks.net\/index.php\/2009\/12\/07\/karli-kabalakli-dag\/\",\"name\":\"KARLI KABALAKLI DA\u011e - narteks.net\",\"isPartOf\":{\"@id\":\"https:\/\/narteks.net\/#website\"},\"datePublished\":\"2009-12-07T10:11:14+00:00\",\"breadcrumb\":{\"@id\":\"https:\/\/narteks.net\/index.php\/2009\/12\/07\/karli-kabalakli-dag\/#breadcrumb\"},\"inLanguage\":\"tr\",\"potentialAction\":[{\"@type\":\"ReadAction\",\"target\":[\"https:\/\/narteks.net\/index.php\/2009\/12\/07\/karli-kabalakli-dag\/\"]}]},{\"@type\":\"BreadcrumbList\",\"@id\":\"https:\/\/narteks.net\/index.php\/2009\/12\/07\/karli-kabalakli-dag\/#breadcrumb\",\"itemListElement\":[{\"@type\":\"ListItem\",\"position\":1,\"name\":\"Anasayfa\",\"item\":\"https:\/\/narteks.net\/\"},{\"@type\":\"ListItem\",\"position\":2,\"name\":\"KARLI KABALAKLI DA\u011e\"}]},{\"@type\":\"WebSite\",\"@id\":\"https:\/\/narteks.net\/#website\",\"url\":\"https:\/\/narteks.net\/\",\"name\":\"narteks.net\",\"description\":\"K\u00fclt\u00fcr Sanat Edebiyat Felsefe\",\"publisher\":{\"@id\":\"https:\/\/narteks.net\/#organization\"},\"alternateName\":\"K\u00fclt\u00fcr Sanat Edebiyat Felsefe\",\"potentialAction\":[{\"@type\":\"SearchAction\",\"target\":{\"@type\":\"EntryPoint\",\"urlTemplate\":\"https:\/\/narteks.net\/?s={search_term_string}\"},\"query-input\":{\"@type\":\"PropertyValueSpecification\",\"valueRequired\":true,\"valueName\":\"search_term_string\"}}],\"inLanguage\":\"tr\"},{\"@type\":\"Organization\",\"@id\":\"https:\/\/narteks.net\/#organization\",\"name\":\"narteks.net\",\"url\":\"https:\/\/narteks.net\/\",\"logo\":{\"@type\":\"ImageObject\",\"inLanguage\":\"tr\",\"@id\":\"https:\/\/narteks.net\/#\/schema\/logo\/image\/\",\"url\":\"https:\/\/narteks.net\/wp-content\/uploads\/narteks.png\",\"contentUrl\":\"https:\/\/narteks.net\/wp-content\/uploads\/narteks.png\",\"width\":300,\"height\":90,\"caption\":\"narteks.net\"},\"image\":{\"@id\":\"https:\/\/narteks.net\/#\/schema\/logo\/image\/\"},\"sameAs\":[\"https:\/\/x.com\/narteks\",\"https:\/\/instagram.com\/narteksnet\"]},{\"@type\":\"Person\",\"@id\":\"https:\/\/narteks.net\/#\/schema\/person\/61f37d9834294b72d31d274e7ed79bca\",\"name\":\"Tar\u0131k\",\"image\":{\"@type\":\"ImageObject\",\"inLanguage\":\"tr\",\"@id\":\"https:\/\/narteks.net\/#\/schema\/person\/image\/\",\"url\":\"https:\/\/secure.gravatar.com\/avatar\/50865afb55632c4ae467e0af0930f6510aa2297d8014be502a55b14f3b7550cf?s=96&d=mm&r=g\",\"contentUrl\":\"https:\/\/secure.gravatar.com\/avatar\/50865afb55632c4ae467e0af0930f6510aa2297d8014be502a55b14f3b7550cf?s=96&d=mm&r=g\",\"caption\":\"Tar\u0131k\"},\"sameAs\":[\"http:\/\/narteks.net\"],\"url\":\"https:\/\/narteks.net\/index.php\/author\/narbak\/\"}]}<\/script>\n<!-- \/ Yoast SEO Premium plugin. -->","yoast_head_json":{"title":"KARLI KABALAKLI DA\u011e - narteks.net","robots":{"index":"index","follow":"follow","max-snippet":"max-snippet:-1","max-image-preview":"max-image-preview:large","max-video-preview":"max-video-preview:-1"},"canonical":"https:\/\/narteks.net\/index.php\/2009\/12\/07\/karli-kabalakli-dag\/","og_locale":"tr_TR","og_type":"article","og_title":"KARLI KABALAKLI DA\u011e","og_description":"\u00a0 \u015euEvren\u015eu\u00dclker\u015euSamanyolu\u015euAy\u015euZ\u00fchre\u015euKervanK\u0131ranBelden\u00c7okEvvelVard\u0131BendenSonra daVarolacak HeyDa\u011fY\u00fcceDa\u011fKarl\u0131Kabalakl\u0131Da\u011fEssinBa\u011fr\u0131ma\u00c7\u0131\u011flar\u0131nBuzullar\u0131nR\u00fczgar\u0131\u0130\u015flesinY\u00fcre\u011fimeSo\u011fukZemherininKar&#8217;\u0131G\u00f6\u011fs\u00fcG\u00fczelKabaDa\u011flarHeyDa\u011flarVerinBanaAlaGeyikleriKurtlar\u0131Kartallar\u0131 A\u00e7s\u0131nKoyunG\u00f6zleriH\u0131ra\u00c7i\u00e7ekleriNergislerElvanElvanF\u0131\u015fk\u0131rs\u0131nSuG\u00f6zeleriYerliKayalardanY\u0131ld\u0131zlar\u0131Tutay\u0131mBirBirAnadan\u00dcryan KulaklaraK\u00fcpeOlsunK\u00fcpeHemDillereDestanNeAyakBass\u0131nTopra\u011f\u0131maKocaG\u00f6tl\u00fc\u0130tSuratl\u0131GavurNeK\u0131rkAyaklarYesinNeY\u0131lanK\u0131rkanYani\u0130\u00e7erdekiD\u00fc\u015fmanS\u00fct\u00fcm\u00fcEkme\u011fimiYo\u011furdumuKabaArd\u0131\u00e7lar\u0131n\u00c7amlar\u0131nlaS\u0131\u011f\u0131rlar\u0131nDavarlar\u0131nVeAsi\u0130nsanlar\u0131nlaBerhudarOlMuzafferOlDaha da\u00d6zg\u00fcrOl&#8230; Enver G\u00d6K\u00c7E","og_url":"https:\/\/narteks.net\/index.php\/2009\/12\/07\/karli-kabalakli-dag\/","og_site_name":"narteks.net","article_published_time":"2009-12-07T10:11:14+00:00","og_image":[{"width":300,"height":90,"url":"https:\/\/narteks.net\/wp-content\/uploads\/narteks.png","type":"image\/png"}],"author":"Tar\u0131k","twitter_card":"summary_large_image","twitter_creator":"@narteks","twitter_site":"@narteks","twitter_misc":{"Yazan:":"Tar\u0131k"},"schema":{"@context":"https:\/\/schema.org","@graph":[{"@type":"Article","@id":"https:\/\/narteks.net\/index.php\/2009\/12\/07\/karli-kabalakli-dag\/#article","isPartOf":{"@id":"https:\/\/narteks.net\/index.php\/2009\/12\/07\/karli-kabalakli-dag\/"},"author":{"name":"Tar\u0131k","@id":"https:\/\/narteks.net\/#\/schema\/person\/61f37d9834294b72d31d274e7ed79bca"},"headline":"KARLI KABALAKLI DA\u011e","datePublished":"2009-12-07T10:11:14+00:00","mainEntityOfPage":{"@id":"https:\/\/narteks.net\/index.php\/2009\/12\/07\/karli-kabalakli-dag\/"},"wordCount":89,"commentCount":0,"publisher":{"@id":"https:\/\/narteks.net\/#organization"},"articleSection":["Enver G\u00d6K\u00c7E"],"inLanguage":"tr","potentialAction":[{"@type":"CommentAction","name":"Comment","target":["https:\/\/narteks.net\/index.php\/2009\/12\/07\/karli-kabalakli-dag\/#respond"]}]},{"@type":"WebPage","@id":"https:\/\/narteks.net\/index.php\/2009\/12\/07\/karli-kabalakli-dag\/","url":"https:\/\/narteks.net\/index.php\/2009\/12\/07\/karli-kabalakli-dag\/","name":"KARLI KABALAKLI DA\u011e - narteks.net","isPartOf":{"@id":"https:\/\/narteks.net\/#website"},"datePublished":"2009-12-07T10:11:14+00:00","breadcrumb":{"@id":"https:\/\/narteks.net\/index.php\/2009\/12\/07\/karli-kabalakli-dag\/#breadcrumb"},"inLanguage":"tr","potentialAction":[{"@type":"ReadAction","target":["https:\/\/narteks.net\/index.php\/2009\/12\/07\/karli-kabalakli-dag\/"]}]},{"@type":"BreadcrumbList","@id":"https:\/\/narteks.net\/index.php\/2009\/12\/07\/karli-kabalakli-dag\/#breadcrumb","itemListElement":[{"@type":"ListItem","position":1,"name":"Anasayfa","item":"https:\/\/narteks.net\/"},{"@type":"ListItem","position":2,"name":"KARLI KABALAKLI DA\u011e"}]},{"@type":"WebSite","@id":"https:\/\/narteks.net\/#website","url":"https:\/\/narteks.net\/","name":"narteks.net","description":"K\u00fclt\u00fcr Sanat Edebiyat Felsefe","publisher":{"@id":"https:\/\/narteks.net\/#organization"},"alternateName":"K\u00fclt\u00fcr Sanat Edebiyat Felsefe","potentialAction":[{"@type":"SearchAction","target":{"@type":"EntryPoint","urlTemplate":"https:\/\/narteks.net\/?s={search_term_string}"},"query-input":{"@type":"PropertyValueSpecification","valueRequired":true,"valueName":"search_term_string"}}],"inLanguage":"tr"},{"@type":"Organization","@id":"https:\/\/narteks.net\/#organization","name":"narteks.net","url":"https:\/\/narteks.net\/","logo":{"@type":"ImageObject","inLanguage":"tr","@id":"https:\/\/narteks.net\/#\/schema\/logo\/image\/","url":"https:\/\/narteks.net\/wp-content\/uploads\/narteks.png","contentUrl":"https:\/\/narteks.net\/wp-content\/uploads\/narteks.png","width":300,"height":90,"caption":"narteks.net"},"image":{"@id":"https:\/\/narteks.net\/#\/schema\/logo\/image\/"},"sameAs":["https:\/\/x.com\/narteks","https:\/\/instagram.com\/narteksnet"]},{"@type":"Person","@id":"https:\/\/narteks.net\/#\/schema\/person\/61f37d9834294b72d31d274e7ed79bca","name":"Tar\u0131k","image":{"@type":"ImageObject","inLanguage":"tr","@id":"https:\/\/narteks.net\/#\/schema\/person\/image\/","url":"https:\/\/secure.gravatar.com\/avatar\/50865afb55632c4ae467e0af0930f6510aa2297d8014be502a55b14f3b7550cf?s=96&d=mm&r=g","contentUrl":"https:\/\/secure.gravatar.com\/avatar\/50865afb55632c4ae467e0af0930f6510aa2297d8014be502a55b14f3b7550cf?s=96&d=mm&r=g","caption":"Tar\u0131k"},"sameAs":["http:\/\/narteks.net"],"url":"https:\/\/narteks.net\/index.php\/author\/narbak\/"}]}},"_links":{"self":[{"href":"https:\/\/narteks.net\/index.php\/wp-json\/wp\/v2\/posts\/2758","targetHints":{"allow":["GET"]}}],"collection":[{"href":"https:\/\/narteks.net\/index.php\/wp-json\/wp\/v2\/posts"}],"about":[{"href":"https:\/\/narteks.net\/index.php\/wp-json\/wp\/v2\/types\/post"}],"author":[{"embeddable":true,"href":"https:\/\/narteks.net\/index.php\/wp-json\/wp\/v2\/users\/1"}],"replies":[{"embeddable":true,"href":"https:\/\/narteks.net\/index.php\/wp-json\/wp\/v2\/comments?post=2758"}],"version-history":[{"count":0,"href":"https:\/\/narteks.net\/index.php\/wp-json\/wp\/v2\/posts\/2758\/revisions"}],"wp:attachment":[{"href":"https:\/\/narteks.net\/index.php\/wp-json\/wp\/v2\/media?parent=2758"}],"wp:term":[{"taxonomy":"category","embeddable":true,"href":"https:\/\/narteks.net\/index.php\/wp-json\/wp\/v2\/categories?post=2758"},{"taxonomy":"post_tag","embeddable":true,"href":"https:\/\/narteks.net\/index.php\/wp-json\/wp\/v2\/tags?post=2758"}],"curies":[{"name":"wp","href":"https:\/\/api.w.org\/{rel}","templated":true}]}}