{"id":2762,"date":"2009-12-07T13:13:50","date_gmt":"2009-12-07T10:13:50","guid":{"rendered":"http:\/\/localhost\/wordpress\/2009\/12\/07\/kirtim-kirt\/"},"modified":"2009-12-07T13:13:50","modified_gmt":"2009-12-07T10:13:50","slug":"kirtim-kirt","status":"publish","type":"post","link":"https:\/\/narteks.net\/index.php\/2009\/12\/07\/kirtim-kirt\/","title":{"rendered":"K\u0130RT\u0130M K\u0130RT (*)"},"content":{"rendered":"<p>\u00a0<\/p>\n<p>Can yoktu ki sevdala d\u00fc\u015fe,<br \/>Kurt yoktu ki k\u0131z\u0131l kana \u00fc\u015fe<br \/>Yoktum ki yol ge\u00e7e<br \/>Yoktun ki haber ula\u015fa<br \/>G\u00fcl yoktu ki, dal yoktu ki..<br \/>Ve d\u00f6ne d\u00f6ne ate\u015f<br \/>D\u00f6ne d\u00f6ne madde<br \/>G\u00f6kler yar\u0131la d\u00fcr\u00fcle<br \/>Da\u011flar savrula devrile,<br \/>K\u0131r\u0131la d\u00f6k\u00fcle y\u0131ld\u0131z<br \/>Sular evrile \u00e7evrile<br \/>D\u00f6\u011f\u00fc\u015fe d\u00f6\u011f\u00fc\u015fe madde<br \/>De\u011fi\u015fe toku\u015fa madde<\/p>\n<p>\u00d6yle bir vakte erdi ki devran<br \/>D\u00f6ne d\u00f6ne esir<br \/>D\u00f6ne d\u00f6ne gaz<br \/>D\u00f6ne d\u00f6ne atom<br \/>D\u00f6ne d\u00f6ne madde<br \/>D\u00f6\u011f\u00fc\u015fe \u00e7eki\u015fe madde<br \/>Vuru\u015fa vuru\u015fa madde<br \/>Ve zaman de\u011fi\u015fe de\u011fi\u015fe<br \/>Yosun titre\u015fe, ye\u015fille\u015fe<br \/>I\u015f\u0131k dura de\u011fi\u015fe<br \/>\u00d6yle bir vakte erdi ki devran<br \/>Ha dedi k\u0131rd\u0131 zincirini<br \/>\u0130\u00e7erdeki adam<br \/>Demir ba\u011fr\u0131\u015fa ba\u011fr\u0131\u015fa<br \/>Zindan \u00e7a\u011fr\u0131\u015fa \u00e7a\u011fr\u0131\u015fa<br \/>\u015e\u00f6yle buyurdu ki Yusuf<\/p>\n<p>D\u00f6rt kitaptan daha b\u00fcy\u00fck :<br \/>&#8220;Demek bu hayat,<br \/>\u00d6nce sana bana y\u00fck<br \/>Demek su kimin<br \/>Toprak kiminse<br \/>Motor, elektrik, ve \u0131\u015f\u0131k kiminse<br \/>Demek sultan odur.<br \/>Demek insan b\u00f6l\u00fck b\u00f6l\u00fck.<br \/>Ya\u015f\u0131yorsun \u00f6l\u00fcyorsun demek.<br \/>Nas\u0131l ya\u015f\u0131yorsan<br \/>\u00d6yle d\u00fc\u015f\u00fcn\u00fcyorsun demek<br \/>Demek insan<br \/>En y\u00fcce mertebede hayvand\u0131r<br \/>Yeni anlad\u0131m<br \/>Alet kullanan ve yapan.<br \/>Tilki tarlay\u0131 masallarda s\u00fcrer,<\/p>\n<p>Manyetoyu \u00e7eviremez tav\u015fan.<br \/>Devril ba\u015f\u0131mdaki kader<br \/>D\u00f6k\u00fcl dilimdeki yalan<br \/>Tutu\u015f beynimdeki kibrit<br \/>Kirtim kirt<br \/>Kirtim de kirt<br \/>Kirtim de kirtim<br \/>Kirtim kirt&#8221;<br \/>Bir yandan demirciler<br \/>Demir d\u00f6\u011fe denge denk<br \/>Bir yandan boyac\u0131lar<br \/>Boya vurur renge renk<br \/>Bir yanda<br \/>Kurtulu\u015f sava\u015f\u00e7\u0131lar\u0131<br \/>Bir yanda esaret<\/p>\n<p>Bir yanda termon\u00fckleer \u00e7a\u011f<br \/>Bir yanda balistik \u015firret<br \/>Evvel madde<br \/>Ahir fikir<br \/>Dolan g\u00f6\u011f\u00fcmdeki hava<br \/>Sal\u0131n yan\u0131mdaki fakir<br \/>Sal\u0131n proleterya<br \/>Geber ba\u015f\u0131mdaki bit<br \/>Kirtim kirt<br \/>Kirtim de kirt<br \/>Kirtim de kirtim<br \/>Kirtim kirt<\/p>\n<p>Enver G\u00d6K\u00c7E<\/p>\n<p>(*) Kirtim kirt : Hal\u0131 tezgahlar\u0131n\u0131n \u00e7al\u0131\u015f\u0131rken \u00e7\u0131kard\u0131\u011f\u0131 ses.<\/p>\n","protected":false},"excerpt":{"rendered":"<p>\u00a0 Can yoktu ki sevdala d\u00fc\u015fe,Kurt yoktu ki k\u0131z\u0131l kana \u00fc\u015feYoktum ki yol ge\u00e7eYoktun ki haber ula\u015faG\u00fcl yoktu ki, dal yoktu ki..Ve d\u00f6ne d\u00f6ne ate\u015fD\u00f6ne d\u00f6ne maddeG\u00f6kler yar\u0131la d\u00fcr\u00fcleDa\u011flar savrula devrile,K\u0131r\u0131la d\u00f6k\u00fcle y\u0131ld\u0131zSular evrile \u00e7evrileD\u00f6\u011f\u00fc\u015fe d\u00f6\u011f\u00fc\u015fe maddeDe\u011fi\u015fe toku\u015fa madde \u00d6yle bir vakte erdi ki devranD\u00f6ne d\u00f6ne esirD\u00f6ne d\u00f6ne gazD\u00f6ne d\u00f6ne atomD\u00f6ne d\u00f6ne maddeD\u00f6\u011f\u00fc\u015fe \u00e7eki\u015fe maddeVuru\u015fa [&hellip;]<\/p>\n","protected":false},"author":1,"featured_media":0,"comment_status":"open","ping_status":"open","sticky":false,"template":"","format":"standard","meta":{"footnotes":""},"categories":[20],"tags":[],"class_list":{"0":"post-2762","1":"post","2":"type-post","3":"status-publish","4":"format-standard","6":"category-enver-gokce"},"yoast_head":"<!-- This site is optimized with the Yoast SEO Premium plugin v24.9 (Yoast SEO v24.9) - https:\/\/yoast.com\/wordpress\/plugins\/seo\/ -->\n<title>K\u0130RT\u0130M K\u0130RT (*) - narteks.net<\/title>\n<meta name=\"robots\" content=\"index, follow, max-snippet:-1, max-image-preview:large, max-video-preview:-1\" \/>\n<link rel=\"canonical\" href=\"https:\/\/narteks.net\/index.php\/2009\/12\/07\/kirtim-kirt\/\" \/>\n<meta property=\"og:locale\" content=\"tr_TR\" \/>\n<meta property=\"og:type\" content=\"article\" \/>\n<meta property=\"og:title\" content=\"K\u0130RT\u0130M K\u0130RT (*)\" \/>\n<meta property=\"og:description\" content=\"\u00a0 Can yoktu ki sevdala d\u00fc\u015fe,Kurt yoktu ki k\u0131z\u0131l kana \u00fc\u015feYoktum ki yol ge\u00e7eYoktun ki haber ula\u015faG\u00fcl yoktu ki, dal yoktu ki..Ve d\u00f6ne d\u00f6ne ate\u015fD\u00f6ne d\u00f6ne maddeG\u00f6kler yar\u0131la d\u00fcr\u00fcleDa\u011flar savrula devrile,K\u0131r\u0131la d\u00f6k\u00fcle y\u0131ld\u0131zSular evrile \u00e7evrileD\u00f6\u011f\u00fc\u015fe d\u00f6\u011f\u00fc\u015fe maddeDe\u011fi\u015fe toku\u015fa madde \u00d6yle bir vakte erdi ki devranD\u00f6ne d\u00f6ne esirD\u00f6ne d\u00f6ne gazD\u00f6ne d\u00f6ne atomD\u00f6ne d\u00f6ne maddeD\u00f6\u011f\u00fc\u015fe \u00e7eki\u015fe maddeVuru\u015fa [&hellip;]\" \/>\n<meta property=\"og:url\" content=\"https:\/\/narteks.net\/index.php\/2009\/12\/07\/kirtim-kirt\/\" \/>\n<meta property=\"og:site_name\" content=\"narteks.net\" \/>\n<meta property=\"article:published_time\" content=\"2009-12-07T10:13:50+00:00\" \/>\n<meta property=\"og:image\" content=\"https:\/\/narteks.net\/wp-content\/uploads\/narteks.png\" \/>\n\t<meta property=\"og:image:width\" content=\"300\" \/>\n\t<meta property=\"og:image:height\" content=\"90\" \/>\n\t<meta property=\"og:image:type\" content=\"image\/png\" \/>\n<meta name=\"author\" content=\"Tar\u0131k\" \/>\n<meta name=\"twitter:card\" content=\"summary_large_image\" \/>\n<meta name=\"twitter:creator\" content=\"@narteks\" \/>\n<meta name=\"twitter:site\" content=\"@narteks\" \/>\n<meta name=\"twitter:label1\" content=\"Yazan:\" \/>\n\t<meta name=\"twitter:data1\" content=\"Tar\u0131k\" \/>\n\t<meta name=\"twitter:label2\" content=\"Tahmini okuma s\u00fcresi\" \/>\n\t<meta name=\"twitter:data2\" content=\"1 dakika\" \/>\n<script type=\"application\/ld+json\" class=\"yoast-schema-graph\">{\"@context\":\"https:\/\/schema.org\",\"@graph\":[{\"@type\":\"Article\",\"@id\":\"https:\/\/narteks.net\/index.php\/2009\/12\/07\/kirtim-kirt\/#article\",\"isPartOf\":{\"@id\":\"https:\/\/narteks.net\/index.php\/2009\/12\/07\/kirtim-kirt\/\"},\"author\":{\"name\":\"Tar\u0131k\",\"@id\":\"https:\/\/narteks.net\/#\/schema\/person\/61f37d9834294b72d31d274e7ed79bca\"},\"headline\":\"K\u0130RT\u0130M K\u0130RT (*)\",\"datePublished\":\"2009-12-07T10:13:50+00:00\",\"mainEntityOfPage\":{\"@id\":\"https:\/\/narteks.net\/index.php\/2009\/12\/07\/kirtim-kirt\/\"},\"wordCount\":292,\"commentCount\":0,\"publisher\":{\"@id\":\"https:\/\/narteks.net\/#organization\"},\"articleSection\":[\"Enver G\u00d6K\u00c7E\"],\"inLanguage\":\"tr\",\"potentialAction\":[{\"@type\":\"CommentAction\",\"name\":\"Comment\",\"target\":[\"https:\/\/narteks.net\/index.php\/2009\/12\/07\/kirtim-kirt\/#respond\"]}]},{\"@type\":\"WebPage\",\"@id\":\"https:\/\/narteks.net\/index.php\/2009\/12\/07\/kirtim-kirt\/\",\"url\":\"https:\/\/narteks.net\/index.php\/2009\/12\/07\/kirtim-kirt\/\",\"name\":\"K\u0130RT\u0130M K\u0130RT (*) - narteks.net\",\"isPartOf\":{\"@id\":\"https:\/\/narteks.net\/#website\"},\"datePublished\":\"2009-12-07T10:13:50+00:00\",\"breadcrumb\":{\"@id\":\"https:\/\/narteks.net\/index.php\/2009\/12\/07\/kirtim-kirt\/#breadcrumb\"},\"inLanguage\":\"tr\",\"potentialAction\":[{\"@type\":\"ReadAction\",\"target\":[\"https:\/\/narteks.net\/index.php\/2009\/12\/07\/kirtim-kirt\/\"]}]},{\"@type\":\"BreadcrumbList\",\"@id\":\"https:\/\/narteks.net\/index.php\/2009\/12\/07\/kirtim-kirt\/#breadcrumb\",\"itemListElement\":[{\"@type\":\"ListItem\",\"position\":1,\"name\":\"Anasayfa\",\"item\":\"https:\/\/narteks.net\/\"},{\"@type\":\"ListItem\",\"position\":2,\"name\":\"K\u0130RT\u0130M K\u0130RT (*)\"}]},{\"@type\":\"WebSite\",\"@id\":\"https:\/\/narteks.net\/#website\",\"url\":\"https:\/\/narteks.net\/\",\"name\":\"narteks.net\",\"description\":\"K\u00fclt\u00fcr Sanat Edebiyat Felsefe\",\"publisher\":{\"@id\":\"https:\/\/narteks.net\/#organization\"},\"alternateName\":\"K\u00fclt\u00fcr Sanat Edebiyat Felsefe\",\"potentialAction\":[{\"@type\":\"SearchAction\",\"target\":{\"@type\":\"EntryPoint\",\"urlTemplate\":\"https:\/\/narteks.net\/?s={search_term_string}\"},\"query-input\":{\"@type\":\"PropertyValueSpecification\",\"valueRequired\":true,\"valueName\":\"search_term_string\"}}],\"inLanguage\":\"tr\"},{\"@type\":\"Organization\",\"@id\":\"https:\/\/narteks.net\/#organization\",\"name\":\"narteks.net\",\"url\":\"https:\/\/narteks.net\/\",\"logo\":{\"@type\":\"ImageObject\",\"inLanguage\":\"tr\",\"@id\":\"https:\/\/narteks.net\/#\/schema\/logo\/image\/\",\"url\":\"https:\/\/narteks.net\/wp-content\/uploads\/narteks.png\",\"contentUrl\":\"https:\/\/narteks.net\/wp-content\/uploads\/narteks.png\",\"width\":300,\"height\":90,\"caption\":\"narteks.net\"},\"image\":{\"@id\":\"https:\/\/narteks.net\/#\/schema\/logo\/image\/\"},\"sameAs\":[\"https:\/\/x.com\/narteks\",\"https:\/\/instagram.com\/narteksnet\"]},{\"@type\":\"Person\",\"@id\":\"https:\/\/narteks.net\/#\/schema\/person\/61f37d9834294b72d31d274e7ed79bca\",\"name\":\"Tar\u0131k\",\"image\":{\"@type\":\"ImageObject\",\"inLanguage\":\"tr\",\"@id\":\"https:\/\/narteks.net\/#\/schema\/person\/image\/\",\"url\":\"https:\/\/secure.gravatar.com\/avatar\/50865afb55632c4ae467e0af0930f6510aa2297d8014be502a55b14f3b7550cf?s=96&d=mm&r=g\",\"contentUrl\":\"https:\/\/secure.gravatar.com\/avatar\/50865afb55632c4ae467e0af0930f6510aa2297d8014be502a55b14f3b7550cf?s=96&d=mm&r=g\",\"caption\":\"Tar\u0131k\"},\"sameAs\":[\"http:\/\/narteks.net\"],\"url\":\"https:\/\/narteks.net\/index.php\/author\/narbak\/\"}]}<\/script>\n<!-- \/ Yoast SEO Premium plugin. -->","yoast_head_json":{"title":"K\u0130RT\u0130M K\u0130RT (*) - narteks.net","robots":{"index":"index","follow":"follow","max-snippet":"max-snippet:-1","max-image-preview":"max-image-preview:large","max-video-preview":"max-video-preview:-1"},"canonical":"https:\/\/narteks.net\/index.php\/2009\/12\/07\/kirtim-kirt\/","og_locale":"tr_TR","og_type":"article","og_title":"K\u0130RT\u0130M K\u0130RT (*)","og_description":"\u00a0 Can yoktu ki sevdala d\u00fc\u015fe,Kurt yoktu ki k\u0131z\u0131l kana \u00fc\u015feYoktum ki yol ge\u00e7eYoktun ki haber ula\u015faG\u00fcl yoktu ki, dal yoktu ki..Ve d\u00f6ne d\u00f6ne ate\u015fD\u00f6ne d\u00f6ne maddeG\u00f6kler yar\u0131la d\u00fcr\u00fcleDa\u011flar savrula devrile,K\u0131r\u0131la d\u00f6k\u00fcle y\u0131ld\u0131zSular evrile \u00e7evrileD\u00f6\u011f\u00fc\u015fe d\u00f6\u011f\u00fc\u015fe maddeDe\u011fi\u015fe toku\u015fa madde \u00d6yle bir vakte erdi ki devranD\u00f6ne d\u00f6ne esirD\u00f6ne d\u00f6ne gazD\u00f6ne d\u00f6ne atomD\u00f6ne d\u00f6ne maddeD\u00f6\u011f\u00fc\u015fe \u00e7eki\u015fe maddeVuru\u015fa [&hellip;]","og_url":"https:\/\/narteks.net\/index.php\/2009\/12\/07\/kirtim-kirt\/","og_site_name":"narteks.net","article_published_time":"2009-12-07T10:13:50+00:00","og_image":[{"width":300,"height":90,"url":"https:\/\/narteks.net\/wp-content\/uploads\/narteks.png","type":"image\/png"}],"author":"Tar\u0131k","twitter_card":"summary_large_image","twitter_creator":"@narteks","twitter_site":"@narteks","twitter_misc":{"Yazan:":"Tar\u0131k","Tahmini okuma s\u00fcresi":"1 dakika"},"schema":{"@context":"https:\/\/schema.org","@graph":[{"@type":"Article","@id":"https:\/\/narteks.net\/index.php\/2009\/12\/07\/kirtim-kirt\/#article","isPartOf":{"@id":"https:\/\/narteks.net\/index.php\/2009\/12\/07\/kirtim-kirt\/"},"author":{"name":"Tar\u0131k","@id":"https:\/\/narteks.net\/#\/schema\/person\/61f37d9834294b72d31d274e7ed79bca"},"headline":"K\u0130RT\u0130M K\u0130RT (*)","datePublished":"2009-12-07T10:13:50+00:00","mainEntityOfPage":{"@id":"https:\/\/narteks.net\/index.php\/2009\/12\/07\/kirtim-kirt\/"},"wordCount":292,"commentCount":0,"publisher":{"@id":"https:\/\/narteks.net\/#organization"},"articleSection":["Enver G\u00d6K\u00c7E"],"inLanguage":"tr","potentialAction":[{"@type":"CommentAction","name":"Comment","target":["https:\/\/narteks.net\/index.php\/2009\/12\/07\/kirtim-kirt\/#respond"]}]},{"@type":"WebPage","@id":"https:\/\/narteks.net\/index.php\/2009\/12\/07\/kirtim-kirt\/","url":"https:\/\/narteks.net\/index.php\/2009\/12\/07\/kirtim-kirt\/","name":"K\u0130RT\u0130M K\u0130RT (*) - narteks.net","isPartOf":{"@id":"https:\/\/narteks.net\/#website"},"datePublished":"2009-12-07T10:13:50+00:00","breadcrumb":{"@id":"https:\/\/narteks.net\/index.php\/2009\/12\/07\/kirtim-kirt\/#breadcrumb"},"inLanguage":"tr","potentialAction":[{"@type":"ReadAction","target":["https:\/\/narteks.net\/index.php\/2009\/12\/07\/kirtim-kirt\/"]}]},{"@type":"BreadcrumbList","@id":"https:\/\/narteks.net\/index.php\/2009\/12\/07\/kirtim-kirt\/#breadcrumb","itemListElement":[{"@type":"ListItem","position":1,"name":"Anasayfa","item":"https:\/\/narteks.net\/"},{"@type":"ListItem","position":2,"name":"K\u0130RT\u0130M K\u0130RT (*)"}]},{"@type":"WebSite","@id":"https:\/\/narteks.net\/#website","url":"https:\/\/narteks.net\/","name":"narteks.net","description":"K\u00fclt\u00fcr Sanat Edebiyat Felsefe","publisher":{"@id":"https:\/\/narteks.net\/#organization"},"alternateName":"K\u00fclt\u00fcr Sanat Edebiyat Felsefe","potentialAction":[{"@type":"SearchAction","target":{"@type":"EntryPoint","urlTemplate":"https:\/\/narteks.net\/?s={search_term_string}"},"query-input":{"@type":"PropertyValueSpecification","valueRequired":true,"valueName":"search_term_string"}}],"inLanguage":"tr"},{"@type":"Organization","@id":"https:\/\/narteks.net\/#organization","name":"narteks.net","url":"https:\/\/narteks.net\/","logo":{"@type":"ImageObject","inLanguage":"tr","@id":"https:\/\/narteks.net\/#\/schema\/logo\/image\/","url":"https:\/\/narteks.net\/wp-content\/uploads\/narteks.png","contentUrl":"https:\/\/narteks.net\/wp-content\/uploads\/narteks.png","width":300,"height":90,"caption":"narteks.net"},"image":{"@id":"https:\/\/narteks.net\/#\/schema\/logo\/image\/"},"sameAs":["https:\/\/x.com\/narteks","https:\/\/instagram.com\/narteksnet"]},{"@type":"Person","@id":"https:\/\/narteks.net\/#\/schema\/person\/61f37d9834294b72d31d274e7ed79bca","name":"Tar\u0131k","image":{"@type":"ImageObject","inLanguage":"tr","@id":"https:\/\/narteks.net\/#\/schema\/person\/image\/","url":"https:\/\/secure.gravatar.com\/avatar\/50865afb55632c4ae467e0af0930f6510aa2297d8014be502a55b14f3b7550cf?s=96&d=mm&r=g","contentUrl":"https:\/\/secure.gravatar.com\/avatar\/50865afb55632c4ae467e0af0930f6510aa2297d8014be502a55b14f3b7550cf?s=96&d=mm&r=g","caption":"Tar\u0131k"},"sameAs":["http:\/\/narteks.net"],"url":"https:\/\/narteks.net\/index.php\/author\/narbak\/"}]}},"_links":{"self":[{"href":"https:\/\/narteks.net\/index.php\/wp-json\/wp\/v2\/posts\/2762","targetHints":{"allow":["GET"]}}],"collection":[{"href":"https:\/\/narteks.net\/index.php\/wp-json\/wp\/v2\/posts"}],"about":[{"href":"https:\/\/narteks.net\/index.php\/wp-json\/wp\/v2\/types\/post"}],"author":[{"embeddable":true,"href":"https:\/\/narteks.net\/index.php\/wp-json\/wp\/v2\/users\/1"}],"replies":[{"embeddable":true,"href":"https:\/\/narteks.net\/index.php\/wp-json\/wp\/v2\/comments?post=2762"}],"version-history":[{"count":0,"href":"https:\/\/narteks.net\/index.php\/wp-json\/wp\/v2\/posts\/2762\/revisions"}],"wp:attachment":[{"href":"https:\/\/narteks.net\/index.php\/wp-json\/wp\/v2\/media?parent=2762"}],"wp:term":[{"taxonomy":"category","embeddable":true,"href":"https:\/\/narteks.net\/index.php\/wp-json\/wp\/v2\/categories?post=2762"},{"taxonomy":"post_tag","embeddable":true,"href":"https:\/\/narteks.net\/index.php\/wp-json\/wp\/v2\/tags?post=2762"}],"curies":[{"name":"wp","href":"https:\/\/api.w.org\/{rel}","templated":true}]}}