{"id":2773,"date":"2009-12-07T13:20:05","date_gmt":"2009-12-07T10:20:05","guid":{"rendered":"http:\/\/localhost\/wordpress\/2009\/12\/07\/turan-emeksiz\/"},"modified":"2009-12-07T13:20:05","modified_gmt":"2009-12-07T10:20:05","slug":"turan-emeksiz","status":"publish","type":"post","link":"https:\/\/narteks.net\/index.php\/2009\/12\/07\/turan-emeksiz\/","title":{"rendered":"TURAN EMEKS\u0130Z"},"content":{"rendered":"<p>\u00a0<\/p>\n<p>Bir y\u00fcr\u00fcy\u00fc\u015f eylediler sabahtan<br \/>Ilg\u0131t \u0131lg\u0131t kan gider loy loy!<br \/>Dayan dizlerim dayan!<br \/>A\u011fla g\u00f6zlerim a\u011fla!<br \/>Namlu pu\u015ft olmu\u015f, ataya\u011f\u0131 pu\u015ft.<br \/>Yine d\u00fc\u015fman elindeydi vatan<\/p>\n<p>Bir o\u011ful \u00e7\u0131kt\u0131 Malatya&#8217;dan:<br \/>Anas\u0131 Y\u0131lmaz \u00e7a\u011f\u0131r\u0131rd\u0131<br \/>Haram s\u00fct emmemi\u015fti anadan.<br \/>Ve Beyaz\u0131t derler bir b\u00fcy\u00fck alan<\/p>\n<p>D\u00fc\u015fman sarm\u0131\u015ft\u0131 sa\u011f\u0131 solu<br \/>D\u00fc\u015fman \u00e7ok, cephane yoktu.<br \/>Yeti\u015fmemi\u015fti daha Cemal Pa\u015fa kolu<br \/>Amand\u0131 el aman!<\/p>\n<p>Tank paletleriydi alanda d\u00f6nen<br \/>Kusan namlularda, kalle\u015f \u00f6l\u00fcmc\u00fcl<br \/>Ve vuran ve k\u0131ran ve hayk\u0131ran<br \/>Malatyal\u0131 \u015f\u00f6yle bakt\u0131\u00a0 bir<br \/>Ana baba g\u00fcn\u00fcyd\u00fc herhal<br \/>Her y\u00f6nde toz duman!<\/p>\n<p>Vay anam vay!<br \/>Bu belal\u0131 ba\u015f\u0131nan<br \/>Kime ne diyem<br \/>Kime ne diyem<br \/>Nerelere gidem<br \/>Ya derdime derman<br \/>Ya katlime ferman!<\/p>\n<p>Ba\u015f\u0131 daral\u0131nca Y\u0131lmaz&#8217;\u0131n<br \/>Bakt\u0131 atacak ta\u015f\u0131 yoktu<br \/>Bakt\u0131 eli durmu\u015f, aya\u011f\u0131 durmu\u015ftu<br \/>Vurulmu\u015ftu.<br \/>\u00c7\u0131kard\u0131 y\u00fcre\u011fini kan i\u00e7inde<br \/>\u00c7arpt\u0131 k\u00f6t\u00fcn\u00fcn kafas\u0131na<br \/>Hay bu nas\u0131l devran?<\/p>\n<p>28<br \/>Nisand\u0131<br \/>Yavri<br \/>Hey!<br \/>Ham<br \/>Meyveyi<br \/>Kopard\u0131lar<br \/>Dal\u0131ndan.<\/p>\n<p>Enver G\u00d6K\u00c7E<\/p>\n","protected":false},"excerpt":{"rendered":"<p>\u00a0 Bir y\u00fcr\u00fcy\u00fc\u015f eylediler sabahtanIlg\u0131t \u0131lg\u0131t kan gider loy loy!Dayan dizlerim dayan!A\u011fla g\u00f6zlerim a\u011fla!Namlu pu\u015ft olmu\u015f, ataya\u011f\u0131 pu\u015ft.Yine d\u00fc\u015fman elindeydi vatan Bir o\u011ful \u00e7\u0131kt\u0131 Malatya&#8217;dan:Anas\u0131 Y\u0131lmaz \u00e7a\u011f\u0131r\u0131rd\u0131Haram s\u00fct emmemi\u015fti anadan.Ve Beyaz\u0131t derler bir b\u00fcy\u00fck alan D\u00fc\u015fman sarm\u0131\u015ft\u0131 sa\u011f\u0131 soluD\u00fc\u015fman \u00e7ok, cephane yoktu.Yeti\u015fmemi\u015fti daha Cemal Pa\u015fa koluAmand\u0131 el aman! Tank paletleriydi alanda d\u00f6nenKusan namlularda, kalle\u015f \u00f6l\u00fcmc\u00fclVe [&hellip;]<\/p>\n","protected":false},"author":1,"featured_media":0,"comment_status":"open","ping_status":"open","sticky":false,"template":"","format":"standard","meta":{"footnotes":""},"categories":[20],"tags":[],"class_list":{"0":"post-2773","1":"post","2":"type-post","3":"status-publish","4":"format-standard","6":"category-enver-gokce"},"yoast_head":"<!-- This site is optimized with the Yoast SEO Premium plugin v24.9 (Yoast SEO v24.9) - https:\/\/yoast.com\/wordpress\/plugins\/seo\/ -->\n<title>TURAN EMEKS\u0130Z - narteks.net<\/title>\n<meta name=\"robots\" content=\"index, follow, max-snippet:-1, max-image-preview:large, max-video-preview:-1\" \/>\n<link rel=\"canonical\" href=\"https:\/\/narteks.net\/index.php\/2009\/12\/07\/turan-emeksiz\/\" \/>\n<meta property=\"og:locale\" content=\"tr_TR\" \/>\n<meta property=\"og:type\" content=\"article\" \/>\n<meta property=\"og:title\" content=\"TURAN EMEKS\u0130Z\" \/>\n<meta property=\"og:description\" content=\"\u00a0 Bir y\u00fcr\u00fcy\u00fc\u015f eylediler sabahtanIlg\u0131t \u0131lg\u0131t kan gider loy loy!Dayan dizlerim dayan!A\u011fla g\u00f6zlerim a\u011fla!Namlu pu\u015ft olmu\u015f, ataya\u011f\u0131 pu\u015ft.Yine d\u00fc\u015fman elindeydi vatan Bir o\u011ful \u00e7\u0131kt\u0131 Malatya&#8217;dan:Anas\u0131 Y\u0131lmaz \u00e7a\u011f\u0131r\u0131rd\u0131Haram s\u00fct emmemi\u015fti anadan.Ve Beyaz\u0131t derler bir b\u00fcy\u00fck alan D\u00fc\u015fman sarm\u0131\u015ft\u0131 sa\u011f\u0131 soluD\u00fc\u015fman \u00e7ok, cephane yoktu.Yeti\u015fmemi\u015fti daha Cemal Pa\u015fa koluAmand\u0131 el aman! Tank paletleriydi alanda d\u00f6nenKusan namlularda, kalle\u015f \u00f6l\u00fcmc\u00fclVe [&hellip;]\" \/>\n<meta property=\"og:url\" content=\"https:\/\/narteks.net\/index.php\/2009\/12\/07\/turan-emeksiz\/\" \/>\n<meta property=\"og:site_name\" content=\"narteks.net\" \/>\n<meta property=\"article:published_time\" content=\"2009-12-07T10:20:05+00:00\" \/>\n<meta property=\"og:image\" content=\"https:\/\/narteks.net\/wp-content\/uploads\/narteks.png\" \/>\n\t<meta property=\"og:image:width\" content=\"300\" \/>\n\t<meta property=\"og:image:height\" content=\"90\" \/>\n\t<meta property=\"og:image:type\" content=\"image\/png\" \/>\n<meta name=\"author\" content=\"Tar\u0131k\" \/>\n<meta name=\"twitter:card\" content=\"summary_large_image\" \/>\n<meta name=\"twitter:creator\" content=\"@narteks\" \/>\n<meta name=\"twitter:site\" content=\"@narteks\" \/>\n<meta name=\"twitter:label1\" content=\"Yazan:\" \/>\n\t<meta name=\"twitter:data1\" content=\"Tar\u0131k\" \/>\n\t<meta name=\"twitter:label2\" content=\"Tahmini okuma s\u00fcresi\" \/>\n\t<meta name=\"twitter:data2\" content=\"1 dakika\" \/>\n<script type=\"application\/ld+json\" class=\"yoast-schema-graph\">{\"@context\":\"https:\/\/schema.org\",\"@graph\":[{\"@type\":\"Article\",\"@id\":\"https:\/\/narteks.net\/index.php\/2009\/12\/07\/turan-emeksiz\/#article\",\"isPartOf\":{\"@id\":\"https:\/\/narteks.net\/index.php\/2009\/12\/07\/turan-emeksiz\/\"},\"author\":{\"name\":\"Tar\u0131k\",\"@id\":\"https:\/\/narteks.net\/#\/schema\/person\/61f37d9834294b72d31d274e7ed79bca\"},\"headline\":\"TURAN EMEKS\u0130Z\",\"datePublished\":\"2009-12-07T10:20:05+00:00\",\"mainEntityOfPage\":{\"@id\":\"https:\/\/narteks.net\/index.php\/2009\/12\/07\/turan-emeksiz\/\"},\"wordCount\":170,\"commentCount\":0,\"publisher\":{\"@id\":\"https:\/\/narteks.net\/#organization\"},\"articleSection\":[\"Enver G\u00d6K\u00c7E\"],\"inLanguage\":\"tr\",\"potentialAction\":[{\"@type\":\"CommentAction\",\"name\":\"Comment\",\"target\":[\"https:\/\/narteks.net\/index.php\/2009\/12\/07\/turan-emeksiz\/#respond\"]}]},{\"@type\":\"WebPage\",\"@id\":\"https:\/\/narteks.net\/index.php\/2009\/12\/07\/turan-emeksiz\/\",\"url\":\"https:\/\/narteks.net\/index.php\/2009\/12\/07\/turan-emeksiz\/\",\"name\":\"TURAN EMEKS\u0130Z - narteks.net\",\"isPartOf\":{\"@id\":\"https:\/\/narteks.net\/#website\"},\"datePublished\":\"2009-12-07T10:20:05+00:00\",\"breadcrumb\":{\"@id\":\"https:\/\/narteks.net\/index.php\/2009\/12\/07\/turan-emeksiz\/#breadcrumb\"},\"inLanguage\":\"tr\",\"potentialAction\":[{\"@type\":\"ReadAction\",\"target\":[\"https:\/\/narteks.net\/index.php\/2009\/12\/07\/turan-emeksiz\/\"]}]},{\"@type\":\"BreadcrumbList\",\"@id\":\"https:\/\/narteks.net\/index.php\/2009\/12\/07\/turan-emeksiz\/#breadcrumb\",\"itemListElement\":[{\"@type\":\"ListItem\",\"position\":1,\"name\":\"Anasayfa\",\"item\":\"https:\/\/narteks.net\/\"},{\"@type\":\"ListItem\",\"position\":2,\"name\":\"TURAN EMEKS\u0130Z\"}]},{\"@type\":\"WebSite\",\"@id\":\"https:\/\/narteks.net\/#website\",\"url\":\"https:\/\/narteks.net\/\",\"name\":\"narteks.net\",\"description\":\"K\u00fclt\u00fcr Sanat Edebiyat Felsefe\",\"publisher\":{\"@id\":\"https:\/\/narteks.net\/#organization\"},\"alternateName\":\"K\u00fclt\u00fcr Sanat Edebiyat Felsefe\",\"potentialAction\":[{\"@type\":\"SearchAction\",\"target\":{\"@type\":\"EntryPoint\",\"urlTemplate\":\"https:\/\/narteks.net\/?s={search_term_string}\"},\"query-input\":{\"@type\":\"PropertyValueSpecification\",\"valueRequired\":true,\"valueName\":\"search_term_string\"}}],\"inLanguage\":\"tr\"},{\"@type\":\"Organization\",\"@id\":\"https:\/\/narteks.net\/#organization\",\"name\":\"narteks.net\",\"url\":\"https:\/\/narteks.net\/\",\"logo\":{\"@type\":\"ImageObject\",\"inLanguage\":\"tr\",\"@id\":\"https:\/\/narteks.net\/#\/schema\/logo\/image\/\",\"url\":\"https:\/\/narteks.net\/wp-content\/uploads\/narteks.png\",\"contentUrl\":\"https:\/\/narteks.net\/wp-content\/uploads\/narteks.png\",\"width\":300,\"height\":90,\"caption\":\"narteks.net\"},\"image\":{\"@id\":\"https:\/\/narteks.net\/#\/schema\/logo\/image\/\"},\"sameAs\":[\"https:\/\/x.com\/narteks\",\"https:\/\/instagram.com\/narteksnet\"]},{\"@type\":\"Person\",\"@id\":\"https:\/\/narteks.net\/#\/schema\/person\/61f37d9834294b72d31d274e7ed79bca\",\"name\":\"Tar\u0131k\",\"image\":{\"@type\":\"ImageObject\",\"inLanguage\":\"tr\",\"@id\":\"https:\/\/narteks.net\/#\/schema\/person\/image\/\",\"url\":\"https:\/\/secure.gravatar.com\/avatar\/50865afb55632c4ae467e0af0930f6510aa2297d8014be502a55b14f3b7550cf?s=96&d=mm&r=g\",\"contentUrl\":\"https:\/\/secure.gravatar.com\/avatar\/50865afb55632c4ae467e0af0930f6510aa2297d8014be502a55b14f3b7550cf?s=96&d=mm&r=g\",\"caption\":\"Tar\u0131k\"},\"sameAs\":[\"http:\/\/narteks.net\"],\"url\":\"https:\/\/narteks.net\/index.php\/author\/narbak\/\"}]}<\/script>\n<!-- \/ Yoast SEO Premium plugin. -->","yoast_head_json":{"title":"TURAN EMEKS\u0130Z - narteks.net","robots":{"index":"index","follow":"follow","max-snippet":"max-snippet:-1","max-image-preview":"max-image-preview:large","max-video-preview":"max-video-preview:-1"},"canonical":"https:\/\/narteks.net\/index.php\/2009\/12\/07\/turan-emeksiz\/","og_locale":"tr_TR","og_type":"article","og_title":"TURAN EMEKS\u0130Z","og_description":"\u00a0 Bir y\u00fcr\u00fcy\u00fc\u015f eylediler sabahtanIlg\u0131t \u0131lg\u0131t kan gider loy loy!Dayan dizlerim dayan!A\u011fla g\u00f6zlerim a\u011fla!Namlu pu\u015ft olmu\u015f, ataya\u011f\u0131 pu\u015ft.Yine d\u00fc\u015fman elindeydi vatan Bir o\u011ful \u00e7\u0131kt\u0131 Malatya&#8217;dan:Anas\u0131 Y\u0131lmaz \u00e7a\u011f\u0131r\u0131rd\u0131Haram s\u00fct emmemi\u015fti anadan.Ve Beyaz\u0131t derler bir b\u00fcy\u00fck alan D\u00fc\u015fman sarm\u0131\u015ft\u0131 sa\u011f\u0131 soluD\u00fc\u015fman \u00e7ok, cephane yoktu.Yeti\u015fmemi\u015fti daha Cemal Pa\u015fa koluAmand\u0131 el aman! Tank paletleriydi alanda d\u00f6nenKusan namlularda, kalle\u015f \u00f6l\u00fcmc\u00fclVe [&hellip;]","og_url":"https:\/\/narteks.net\/index.php\/2009\/12\/07\/turan-emeksiz\/","og_site_name":"narteks.net","article_published_time":"2009-12-07T10:20:05+00:00","og_image":[{"width":300,"height":90,"url":"https:\/\/narteks.net\/wp-content\/uploads\/narteks.png","type":"image\/png"}],"author":"Tar\u0131k","twitter_card":"summary_large_image","twitter_creator":"@narteks","twitter_site":"@narteks","twitter_misc":{"Yazan:":"Tar\u0131k","Tahmini okuma s\u00fcresi":"1 dakika"},"schema":{"@context":"https:\/\/schema.org","@graph":[{"@type":"Article","@id":"https:\/\/narteks.net\/index.php\/2009\/12\/07\/turan-emeksiz\/#article","isPartOf":{"@id":"https:\/\/narteks.net\/index.php\/2009\/12\/07\/turan-emeksiz\/"},"author":{"name":"Tar\u0131k","@id":"https:\/\/narteks.net\/#\/schema\/person\/61f37d9834294b72d31d274e7ed79bca"},"headline":"TURAN EMEKS\u0130Z","datePublished":"2009-12-07T10:20:05+00:00","mainEntityOfPage":{"@id":"https:\/\/narteks.net\/index.php\/2009\/12\/07\/turan-emeksiz\/"},"wordCount":170,"commentCount":0,"publisher":{"@id":"https:\/\/narteks.net\/#organization"},"articleSection":["Enver G\u00d6K\u00c7E"],"inLanguage":"tr","potentialAction":[{"@type":"CommentAction","name":"Comment","target":["https:\/\/narteks.net\/index.php\/2009\/12\/07\/turan-emeksiz\/#respond"]}]},{"@type":"WebPage","@id":"https:\/\/narteks.net\/index.php\/2009\/12\/07\/turan-emeksiz\/","url":"https:\/\/narteks.net\/index.php\/2009\/12\/07\/turan-emeksiz\/","name":"TURAN EMEKS\u0130Z - narteks.net","isPartOf":{"@id":"https:\/\/narteks.net\/#website"},"datePublished":"2009-12-07T10:20:05+00:00","breadcrumb":{"@id":"https:\/\/narteks.net\/index.php\/2009\/12\/07\/turan-emeksiz\/#breadcrumb"},"inLanguage":"tr","potentialAction":[{"@type":"ReadAction","target":["https:\/\/narteks.net\/index.php\/2009\/12\/07\/turan-emeksiz\/"]}]},{"@type":"BreadcrumbList","@id":"https:\/\/narteks.net\/index.php\/2009\/12\/07\/turan-emeksiz\/#breadcrumb","itemListElement":[{"@type":"ListItem","position":1,"name":"Anasayfa","item":"https:\/\/narteks.net\/"},{"@type":"ListItem","position":2,"name":"TURAN EMEKS\u0130Z"}]},{"@type":"WebSite","@id":"https:\/\/narteks.net\/#website","url":"https:\/\/narteks.net\/","name":"narteks.net","description":"K\u00fclt\u00fcr Sanat Edebiyat Felsefe","publisher":{"@id":"https:\/\/narteks.net\/#organization"},"alternateName":"K\u00fclt\u00fcr Sanat Edebiyat Felsefe","potentialAction":[{"@type":"SearchAction","target":{"@type":"EntryPoint","urlTemplate":"https:\/\/narteks.net\/?s={search_term_string}"},"query-input":{"@type":"PropertyValueSpecification","valueRequired":true,"valueName":"search_term_string"}}],"inLanguage":"tr"},{"@type":"Organization","@id":"https:\/\/narteks.net\/#organization","name":"narteks.net","url":"https:\/\/narteks.net\/","logo":{"@type":"ImageObject","inLanguage":"tr","@id":"https:\/\/narteks.net\/#\/schema\/logo\/image\/","url":"https:\/\/narteks.net\/wp-content\/uploads\/narteks.png","contentUrl":"https:\/\/narteks.net\/wp-content\/uploads\/narteks.png","width":300,"height":90,"caption":"narteks.net"},"image":{"@id":"https:\/\/narteks.net\/#\/schema\/logo\/image\/"},"sameAs":["https:\/\/x.com\/narteks","https:\/\/instagram.com\/narteksnet"]},{"@type":"Person","@id":"https:\/\/narteks.net\/#\/schema\/person\/61f37d9834294b72d31d274e7ed79bca","name":"Tar\u0131k","image":{"@type":"ImageObject","inLanguage":"tr","@id":"https:\/\/narteks.net\/#\/schema\/person\/image\/","url":"https:\/\/secure.gravatar.com\/avatar\/50865afb55632c4ae467e0af0930f6510aa2297d8014be502a55b14f3b7550cf?s=96&d=mm&r=g","contentUrl":"https:\/\/secure.gravatar.com\/avatar\/50865afb55632c4ae467e0af0930f6510aa2297d8014be502a55b14f3b7550cf?s=96&d=mm&r=g","caption":"Tar\u0131k"},"sameAs":["http:\/\/narteks.net"],"url":"https:\/\/narteks.net\/index.php\/author\/narbak\/"}]}},"_links":{"self":[{"href":"https:\/\/narteks.net\/index.php\/wp-json\/wp\/v2\/posts\/2773","targetHints":{"allow":["GET"]}}],"collection":[{"href":"https:\/\/narteks.net\/index.php\/wp-json\/wp\/v2\/posts"}],"about":[{"href":"https:\/\/narteks.net\/index.php\/wp-json\/wp\/v2\/types\/post"}],"author":[{"embeddable":true,"href":"https:\/\/narteks.net\/index.php\/wp-json\/wp\/v2\/users\/1"}],"replies":[{"embeddable":true,"href":"https:\/\/narteks.net\/index.php\/wp-json\/wp\/v2\/comments?post=2773"}],"version-history":[{"count":0,"href":"https:\/\/narteks.net\/index.php\/wp-json\/wp\/v2\/posts\/2773\/revisions"}],"wp:attachment":[{"href":"https:\/\/narteks.net\/index.php\/wp-json\/wp\/v2\/media?parent=2773"}],"wp:term":[{"taxonomy":"category","embeddable":true,"href":"https:\/\/narteks.net\/index.php\/wp-json\/wp\/v2\/categories?post=2773"},{"taxonomy":"post_tag","embeddable":true,"href":"https:\/\/narteks.net\/index.php\/wp-json\/wp\/v2\/tags?post=2773"}],"curies":[{"name":"wp","href":"https:\/\/api.w.org\/{rel}","templated":true}]}}