{"id":2777,"date":"2009-12-07T13:22:24","date_gmt":"2009-12-07T10:22:24","guid":{"rendered":"http:\/\/localhost\/wordpress\/2009\/12\/07\/yarim-siirler\/"},"modified":"2009-12-07T13:22:24","modified_gmt":"2009-12-07T10:22:24","slug":"yarim-siirler","status":"publish","type":"post","link":"https:\/\/narteks.net\/index.php\/2009\/12\/07\/yarim-siirler\/","title":{"rendered":"YARIM \u015e\u0130\u0130RLER"},"content":{"rendered":"<p>&#8220;&#8230;.<\/p>\n<p>B\u00fct\u00fcn yaz\u0131lacak \u015feyler<br \/>Bunlar i\u00e7in,<br \/>Darg\u0131n\u0131m sana Aragon.&#8221;<\/p>\n<p>Pare pare halk\u0131m olmu\u015f,<br \/>Urba bin dert bin, ayak bin pare<br \/>Ya\u015fama\u011fa d\u00fc\u015fm\u00fc\u015fler \u00f6ylece<br \/>Ba\u015ftan aya\u011fa yare.<br \/>Asfaltlar\u0131 ben d\u00f6\u015fedim<br \/>\u015eu raylar\u0131 ben&#8230;<br \/>Telgraf\u0131n tellerini ben<br \/>Telgraf\u0131n telerine ku\u015flar m\u0131 konar<br \/>Telgraf\u0131n tellerinde ben<br \/>Ben senden m\u00fclhemim karde\u015f<br \/>Yaral\u0131 karde\u015f, bin yerinden<br \/>Ben senden m\u00fclhemim end\u00fcstri<br \/>K\u00f6m\u00fcrden<br \/> \u00e7elikten<br \/> demirden<br \/>Binlerce t\u00fcrk\u00fcn\u00fc toplad\u0131m<br \/>A\u015fk ile, kalb ile, fikrile<br \/>Tu\u011flac\u0131, d\u00fclger ve \u0131rgat dilinden<br \/>Kokun gelir bana taze<br \/>Kokun gelir bana dost!<br \/>Dost elinden can elinden.<br \/>Ben senden m\u00fclhemim deniz<br \/>Memleketimin denizlerinden.<\/p>\n<p>Bu kavga<br \/>Sana berg\u00fczar olsun<br \/>Ey<br \/>Temmuzda donanm\u0131i da\u011flar<br \/>Ey<br \/>Yaz\u0131 yaban\u0131 turalay\u0131p ge\u00e7ti\u011fimiz<br \/>Ey<br \/>Ay\u0131 izi kurt izine kar\u0131\u015fm\u0131\u015f<br \/>Gazdan<br \/>Ve g\u00f6k ta\u015f\u0131ndan yap\u0131lm\u0131\u015f madde<br \/>Ey \u00f6zg\u00fcrl\u00fck<br \/>Ey madde<br \/>Seni ate\u015flere yakar\u0131m.<\/p>\n<p>Her \u015feyin bir vakti var<br \/>D\u00f6llemenin ve \u00f6lmenin<br \/>Dikmenin vakti var<br \/>Ve s\u00f6kmenin<br \/>\u00d6ld\u00fcrmenin ve \u015fifan\u0131n<br \/>Y\u0131kman\u0131n vakti var<br \/>A\u011flaman\u0131n vakti var<br \/>Ve g\u00fclmenin.<\/p>\n<p>EKMEK<\/p>\n<p>Ate\u015fle<br \/>Suyla<br \/>Ve undan<br \/>Yap\u0131lm\u0131\u015fs\u0131n<br \/>Ekmek<br \/>Kalk\u0131yorsun<br \/>Hafif\u00e7e ey.<\/p>\n<p>\u00dcretime ba\u015flayal\u0131m<br \/>Pay alal\u0131m pay<br \/>Y\u0131kal\u0131m \u00e7eli\u015fkiyi<br \/>Beraber i\u015fe ba\u015flayal\u0131m<br \/>Hay karda\u015f\u0131m hay<\/p>\n<p>Bireyci olmayal\u0131m<br \/>Hep beraber i\u015fleyelim<br \/>Can derdine d\u00fc\u015fmeyelim<br \/>Vay karda\u015f\u0131m vay.<\/p>\n<p>(&#8230;)<\/p>\n<p>Karda\u015f<br \/>Gelecek \u00f6yle bir g\u00fcn<br \/>\u00d6yle bir g\u00fcn ki:<br \/>O zaman kalbim \u00f6yle \u00f6lg\u00fcn ki<br \/>A\u00e7acak felek bir mezar ba\u015f\u0131ma&#8230;<\/p>\n<p>(&#8230;)<\/p>\n<p>Senin emek\u00e7in olayd\u0131m<br \/> \u015fen olas\u0131 t\u00fcrk\u00fcs\u00fc<br \/>Dost kokusu, dost selam\u0131 T\u00fcrkiye<\/p>\n<p>\u0130nci mercan<br \/> bal\u0131klara nas\u0131l bakar\u0131m<br \/> eski bak\u0131r oldunuz.<\/p>\n<p>Senin<br \/>Emek\u00e7in<br \/>Olayd\u0131m<br \/>\u015een<br \/>Olas\u0131<br \/>T\u00fcrk\u00fcs\u00fc<br \/>Elvan<br \/>Elvan<br \/>Burcu<br \/>Burcu<br \/>Kokun<br \/>Gelir<br \/>Bana<br \/>T\u00fcrkiyem.<\/p>\n<p>(&#8230;)<\/p>\n<p>Yanar\u0131m,<br \/>Al\u0131nm\u0131\u015ft\u0131r a\u011fz\u0131m dilim elimden<\/p>\n<p>Yanar\u0131m<br \/>Al\u0131nm\u0131\u015ft\u0131r a\u011fz\u0131m dilim elimden<br \/>Konu\u015famam yanar\u0131m.<br \/>&#8230;<br \/>Sen ey yedi kol \u0131\u015f\u0131kl\u0131<br \/> g\u00fcne\u015f ba\u015fl\u0131 kavs-i kuzeh<br \/> sen ey elleri \u00f6p\u00fclesi hoca.<br \/>Y\u00fcre\u011fim, sevincim ac\u0131m,<br \/> \u00e7ak\u0131r g\u00f6zl\u00fc, ince uzun parmakl\u0131<br \/> darbukac\u0131m.<br \/>Ve sen ey sa\u00e7\u0131n\u0131n tek telini sevdi\u011fim.<br \/>&#8230;<br \/>Yine iki mars bir oyunla<br \/> tavlada haklar\u0131m sizleri,<br \/>Yine berbat \u015fiirlerimden okur<br \/>Yine \u00e7ilingir sofras\u0131 kurar\u0131z bir ak\u015fam,<br \/> Ve ben E\u011fin t\u00fcrk\u00fcleri s\u00f6ylerim.<br \/>&#8230;<br \/>Onlara nispet<br \/> kollar\u0131m\u0131 boyunlar\u0131n\u0131za dolay\u0131p,<br \/>Size sat\u0131lm\u0131\u015f provokat\u00f6rlerin ge\u00e7mi\u015fini<br \/> anlataca\u011f\u0131m.<br \/>Ve sizden uykusuz geceler boyunca<\/p>\n<p>Ve sizden uykusuz geceler boyunca i\u00e7ti\u011fim<br \/> sigara paketlerinin ac\u0131s\u0131n\u0131 alaca\u011f\u0131m.<\/p>\n<p>Enver G\u00d6K\u00c7E<\/p>\n","protected":false},"excerpt":{"rendered":"<p>&#8220;&#8230;. B\u00fct\u00fcn yaz\u0131lacak \u015feylerBunlar i\u00e7in,Darg\u0131n\u0131m sana Aragon.&#8221; Pare pare halk\u0131m olmu\u015f,Urba bin dert bin, ayak bin pareYa\u015fama\u011fa d\u00fc\u015fm\u00fc\u015fler \u00f6yleceBa\u015ftan aya\u011fa yare.Asfaltlar\u0131 ben d\u00f6\u015fedim\u015eu raylar\u0131 ben&#8230;Telgraf\u0131n tellerini benTelgraf\u0131n telerine ku\u015flar m\u0131 konarTelgraf\u0131n tellerinde benBen senden m\u00fclhemim karde\u015fYaral\u0131 karde\u015f, bin yerindenBen senden m\u00fclhemim end\u00fcstriK\u00f6m\u00fcrden \u00e7elikten demirdenBinlerce t\u00fcrk\u00fcn\u00fc toplad\u0131mA\u015fk ile, kalb ile, fikrileTu\u011flac\u0131, d\u00fclger ve \u0131rgat dilindenKokun gelir [&hellip;]<\/p>\n","protected":false},"author":1,"featured_media":0,"comment_status":"open","ping_status":"open","sticky":false,"template":"","format":"standard","meta":{"footnotes":""},"categories":[20],"tags":[],"class_list":{"0":"post-2777","1":"post","2":"type-post","3":"status-publish","4":"format-standard","6":"category-enver-gokce"},"yoast_head":"<!-- This site is optimized with the Yoast SEO Premium plugin v24.9 (Yoast SEO v24.9) - https:\/\/yoast.com\/wordpress\/plugins\/seo\/ -->\n<title>YARIM \u015e\u0130\u0130RLER - narteks.net<\/title>\n<meta name=\"robots\" content=\"index, follow, max-snippet:-1, max-image-preview:large, max-video-preview:-1\" \/>\n<link rel=\"canonical\" href=\"https:\/\/narteks.net\/index.php\/2009\/12\/07\/yarim-siirler\/\" \/>\n<meta property=\"og:locale\" content=\"tr_TR\" \/>\n<meta property=\"og:type\" content=\"article\" \/>\n<meta property=\"og:title\" content=\"YARIM \u015e\u0130\u0130RLER\" \/>\n<meta property=\"og:description\" content=\"&#8220;&#8230;. B\u00fct\u00fcn yaz\u0131lacak \u015feylerBunlar i\u00e7in,Darg\u0131n\u0131m sana Aragon.&#8221; Pare pare halk\u0131m olmu\u015f,Urba bin dert bin, ayak bin pareYa\u015fama\u011fa d\u00fc\u015fm\u00fc\u015fler \u00f6yleceBa\u015ftan aya\u011fa yare.Asfaltlar\u0131 ben d\u00f6\u015fedim\u015eu raylar\u0131 ben&#8230;Telgraf\u0131n tellerini benTelgraf\u0131n telerine ku\u015flar m\u0131 konarTelgraf\u0131n tellerinde benBen senden m\u00fclhemim karde\u015fYaral\u0131 karde\u015f, bin yerindenBen senden m\u00fclhemim end\u00fcstriK\u00f6m\u00fcrden \u00e7elikten demirdenBinlerce t\u00fcrk\u00fcn\u00fc toplad\u0131mA\u015fk ile, kalb ile, fikrileTu\u011flac\u0131, d\u00fclger ve \u0131rgat dilindenKokun gelir [&hellip;]\" \/>\n<meta property=\"og:url\" content=\"https:\/\/narteks.net\/index.php\/2009\/12\/07\/yarim-siirler\/\" \/>\n<meta property=\"og:site_name\" content=\"narteks.net\" \/>\n<meta property=\"article:published_time\" content=\"2009-12-07T10:22:24+00:00\" \/>\n<meta property=\"og:image\" content=\"https:\/\/narteks.net\/wp-content\/uploads\/narteks.png\" \/>\n\t<meta property=\"og:image:width\" content=\"300\" \/>\n\t<meta property=\"og:image:height\" content=\"90\" \/>\n\t<meta property=\"og:image:type\" content=\"image\/png\" \/>\n<meta name=\"author\" content=\"Tar\u0131k\" \/>\n<meta name=\"twitter:card\" content=\"summary_large_image\" \/>\n<meta name=\"twitter:creator\" content=\"@narteks\" \/>\n<meta name=\"twitter:site\" content=\"@narteks\" \/>\n<meta name=\"twitter:label1\" content=\"Yazan:\" \/>\n\t<meta name=\"twitter:data1\" content=\"Tar\u0131k\" \/>\n\t<meta name=\"twitter:label2\" content=\"Tahmini okuma s\u00fcresi\" \/>\n\t<meta name=\"twitter:data2\" content=\"2 dakika\" \/>\n<script type=\"application\/ld+json\" class=\"yoast-schema-graph\">{\"@context\":\"https:\/\/schema.org\",\"@graph\":[{\"@type\":\"Article\",\"@id\":\"https:\/\/narteks.net\/index.php\/2009\/12\/07\/yarim-siirler\/#article\",\"isPartOf\":{\"@id\":\"https:\/\/narteks.net\/index.php\/2009\/12\/07\/yarim-siirler\/\"},\"author\":{\"name\":\"Tar\u0131k\",\"@id\":\"https:\/\/narteks.net\/#\/schema\/person\/61f37d9834294b72d31d274e7ed79bca\"},\"headline\":\"YARIM \u015e\u0130\u0130RLER\",\"datePublished\":\"2009-12-07T10:22:24+00:00\",\"mainEntityOfPage\":{\"@id\":\"https:\/\/narteks.net\/index.php\/2009\/12\/07\/yarim-siirler\/\"},\"wordCount\":409,\"commentCount\":0,\"publisher\":{\"@id\":\"https:\/\/narteks.net\/#organization\"},\"articleSection\":[\"Enver G\u00d6K\u00c7E\"],\"inLanguage\":\"tr\",\"potentialAction\":[{\"@type\":\"CommentAction\",\"name\":\"Comment\",\"target\":[\"https:\/\/narteks.net\/index.php\/2009\/12\/07\/yarim-siirler\/#respond\"]}]},{\"@type\":\"WebPage\",\"@id\":\"https:\/\/narteks.net\/index.php\/2009\/12\/07\/yarim-siirler\/\",\"url\":\"https:\/\/narteks.net\/index.php\/2009\/12\/07\/yarim-siirler\/\",\"name\":\"YARIM \u015e\u0130\u0130RLER - narteks.net\",\"isPartOf\":{\"@id\":\"https:\/\/narteks.net\/#website\"},\"datePublished\":\"2009-12-07T10:22:24+00:00\",\"breadcrumb\":{\"@id\":\"https:\/\/narteks.net\/index.php\/2009\/12\/07\/yarim-siirler\/#breadcrumb\"},\"inLanguage\":\"tr\",\"potentialAction\":[{\"@type\":\"ReadAction\",\"target\":[\"https:\/\/narteks.net\/index.php\/2009\/12\/07\/yarim-siirler\/\"]}]},{\"@type\":\"BreadcrumbList\",\"@id\":\"https:\/\/narteks.net\/index.php\/2009\/12\/07\/yarim-siirler\/#breadcrumb\",\"itemListElement\":[{\"@type\":\"ListItem\",\"position\":1,\"name\":\"Anasayfa\",\"item\":\"https:\/\/narteks.net\/\"},{\"@type\":\"ListItem\",\"position\":2,\"name\":\"YARIM \u015e\u0130\u0130RLER\"}]},{\"@type\":\"WebSite\",\"@id\":\"https:\/\/narteks.net\/#website\",\"url\":\"https:\/\/narteks.net\/\",\"name\":\"narteks.net\",\"description\":\"K\u00fclt\u00fcr Sanat Edebiyat Felsefe\",\"publisher\":{\"@id\":\"https:\/\/narteks.net\/#organization\"},\"alternateName\":\"K\u00fclt\u00fcr Sanat Edebiyat Felsefe\",\"potentialAction\":[{\"@type\":\"SearchAction\",\"target\":{\"@type\":\"EntryPoint\",\"urlTemplate\":\"https:\/\/narteks.net\/?s={search_term_string}\"},\"query-input\":{\"@type\":\"PropertyValueSpecification\",\"valueRequired\":true,\"valueName\":\"search_term_string\"}}],\"inLanguage\":\"tr\"},{\"@type\":\"Organization\",\"@id\":\"https:\/\/narteks.net\/#organization\",\"name\":\"narteks.net\",\"url\":\"https:\/\/narteks.net\/\",\"logo\":{\"@type\":\"ImageObject\",\"inLanguage\":\"tr\",\"@id\":\"https:\/\/narteks.net\/#\/schema\/logo\/image\/\",\"url\":\"https:\/\/narteks.net\/wp-content\/uploads\/narteks.png\",\"contentUrl\":\"https:\/\/narteks.net\/wp-content\/uploads\/narteks.png\",\"width\":300,\"height\":90,\"caption\":\"narteks.net\"},\"image\":{\"@id\":\"https:\/\/narteks.net\/#\/schema\/logo\/image\/\"},\"sameAs\":[\"https:\/\/x.com\/narteks\",\"https:\/\/instagram.com\/narteksnet\"]},{\"@type\":\"Person\",\"@id\":\"https:\/\/narteks.net\/#\/schema\/person\/61f37d9834294b72d31d274e7ed79bca\",\"name\":\"Tar\u0131k\",\"image\":{\"@type\":\"ImageObject\",\"inLanguage\":\"tr\",\"@id\":\"https:\/\/narteks.net\/#\/schema\/person\/image\/\",\"url\":\"https:\/\/secure.gravatar.com\/avatar\/50865afb55632c4ae467e0af0930f6510aa2297d8014be502a55b14f3b7550cf?s=96&d=mm&r=g\",\"contentUrl\":\"https:\/\/secure.gravatar.com\/avatar\/50865afb55632c4ae467e0af0930f6510aa2297d8014be502a55b14f3b7550cf?s=96&d=mm&r=g\",\"caption\":\"Tar\u0131k\"},\"sameAs\":[\"http:\/\/narteks.net\"],\"url\":\"https:\/\/narteks.net\/index.php\/author\/narbak\/\"}]}<\/script>\n<!-- \/ Yoast SEO Premium plugin. -->","yoast_head_json":{"title":"YARIM \u015e\u0130\u0130RLER - narteks.net","robots":{"index":"index","follow":"follow","max-snippet":"max-snippet:-1","max-image-preview":"max-image-preview:large","max-video-preview":"max-video-preview:-1"},"canonical":"https:\/\/narteks.net\/index.php\/2009\/12\/07\/yarim-siirler\/","og_locale":"tr_TR","og_type":"article","og_title":"YARIM \u015e\u0130\u0130RLER","og_description":"&#8220;&#8230;. B\u00fct\u00fcn yaz\u0131lacak \u015feylerBunlar i\u00e7in,Darg\u0131n\u0131m sana Aragon.&#8221; Pare pare halk\u0131m olmu\u015f,Urba bin dert bin, ayak bin pareYa\u015fama\u011fa d\u00fc\u015fm\u00fc\u015fler \u00f6yleceBa\u015ftan aya\u011fa yare.Asfaltlar\u0131 ben d\u00f6\u015fedim\u015eu raylar\u0131 ben&#8230;Telgraf\u0131n tellerini benTelgraf\u0131n telerine ku\u015flar m\u0131 konarTelgraf\u0131n tellerinde benBen senden m\u00fclhemim karde\u015fYaral\u0131 karde\u015f, bin yerindenBen senden m\u00fclhemim end\u00fcstriK\u00f6m\u00fcrden \u00e7elikten demirdenBinlerce t\u00fcrk\u00fcn\u00fc toplad\u0131mA\u015fk ile, kalb ile, fikrileTu\u011flac\u0131, d\u00fclger ve \u0131rgat dilindenKokun gelir [&hellip;]","og_url":"https:\/\/narteks.net\/index.php\/2009\/12\/07\/yarim-siirler\/","og_site_name":"narteks.net","article_published_time":"2009-12-07T10:22:24+00:00","og_image":[{"width":300,"height":90,"url":"https:\/\/narteks.net\/wp-content\/uploads\/narteks.png","type":"image\/png"}],"author":"Tar\u0131k","twitter_card":"summary_large_image","twitter_creator":"@narteks","twitter_site":"@narteks","twitter_misc":{"Yazan:":"Tar\u0131k","Tahmini okuma s\u00fcresi":"2 dakika"},"schema":{"@context":"https:\/\/schema.org","@graph":[{"@type":"Article","@id":"https:\/\/narteks.net\/index.php\/2009\/12\/07\/yarim-siirler\/#article","isPartOf":{"@id":"https:\/\/narteks.net\/index.php\/2009\/12\/07\/yarim-siirler\/"},"author":{"name":"Tar\u0131k","@id":"https:\/\/narteks.net\/#\/schema\/person\/61f37d9834294b72d31d274e7ed79bca"},"headline":"YARIM \u015e\u0130\u0130RLER","datePublished":"2009-12-07T10:22:24+00:00","mainEntityOfPage":{"@id":"https:\/\/narteks.net\/index.php\/2009\/12\/07\/yarim-siirler\/"},"wordCount":409,"commentCount":0,"publisher":{"@id":"https:\/\/narteks.net\/#organization"},"articleSection":["Enver G\u00d6K\u00c7E"],"inLanguage":"tr","potentialAction":[{"@type":"CommentAction","name":"Comment","target":["https:\/\/narteks.net\/index.php\/2009\/12\/07\/yarim-siirler\/#respond"]}]},{"@type":"WebPage","@id":"https:\/\/narteks.net\/index.php\/2009\/12\/07\/yarim-siirler\/","url":"https:\/\/narteks.net\/index.php\/2009\/12\/07\/yarim-siirler\/","name":"YARIM \u015e\u0130\u0130RLER - narteks.net","isPartOf":{"@id":"https:\/\/narteks.net\/#website"},"datePublished":"2009-12-07T10:22:24+00:00","breadcrumb":{"@id":"https:\/\/narteks.net\/index.php\/2009\/12\/07\/yarim-siirler\/#breadcrumb"},"inLanguage":"tr","potentialAction":[{"@type":"ReadAction","target":["https:\/\/narteks.net\/index.php\/2009\/12\/07\/yarim-siirler\/"]}]},{"@type":"BreadcrumbList","@id":"https:\/\/narteks.net\/index.php\/2009\/12\/07\/yarim-siirler\/#breadcrumb","itemListElement":[{"@type":"ListItem","position":1,"name":"Anasayfa","item":"https:\/\/narteks.net\/"},{"@type":"ListItem","position":2,"name":"YARIM \u015e\u0130\u0130RLER"}]},{"@type":"WebSite","@id":"https:\/\/narteks.net\/#website","url":"https:\/\/narteks.net\/","name":"narteks.net","description":"K\u00fclt\u00fcr Sanat Edebiyat Felsefe","publisher":{"@id":"https:\/\/narteks.net\/#organization"},"alternateName":"K\u00fclt\u00fcr Sanat Edebiyat Felsefe","potentialAction":[{"@type":"SearchAction","target":{"@type":"EntryPoint","urlTemplate":"https:\/\/narteks.net\/?s={search_term_string}"},"query-input":{"@type":"PropertyValueSpecification","valueRequired":true,"valueName":"search_term_string"}}],"inLanguage":"tr"},{"@type":"Organization","@id":"https:\/\/narteks.net\/#organization","name":"narteks.net","url":"https:\/\/narteks.net\/","logo":{"@type":"ImageObject","inLanguage":"tr","@id":"https:\/\/narteks.net\/#\/schema\/logo\/image\/","url":"https:\/\/narteks.net\/wp-content\/uploads\/narteks.png","contentUrl":"https:\/\/narteks.net\/wp-content\/uploads\/narteks.png","width":300,"height":90,"caption":"narteks.net"},"image":{"@id":"https:\/\/narteks.net\/#\/schema\/logo\/image\/"},"sameAs":["https:\/\/x.com\/narteks","https:\/\/instagram.com\/narteksnet"]},{"@type":"Person","@id":"https:\/\/narteks.net\/#\/schema\/person\/61f37d9834294b72d31d274e7ed79bca","name":"Tar\u0131k","image":{"@type":"ImageObject","inLanguage":"tr","@id":"https:\/\/narteks.net\/#\/schema\/person\/image\/","url":"https:\/\/secure.gravatar.com\/avatar\/50865afb55632c4ae467e0af0930f6510aa2297d8014be502a55b14f3b7550cf?s=96&d=mm&r=g","contentUrl":"https:\/\/secure.gravatar.com\/avatar\/50865afb55632c4ae467e0af0930f6510aa2297d8014be502a55b14f3b7550cf?s=96&d=mm&r=g","caption":"Tar\u0131k"},"sameAs":["http:\/\/narteks.net"],"url":"https:\/\/narteks.net\/index.php\/author\/narbak\/"}]}},"_links":{"self":[{"href":"https:\/\/narteks.net\/index.php\/wp-json\/wp\/v2\/posts\/2777","targetHints":{"allow":["GET"]}}],"collection":[{"href":"https:\/\/narteks.net\/index.php\/wp-json\/wp\/v2\/posts"}],"about":[{"href":"https:\/\/narteks.net\/index.php\/wp-json\/wp\/v2\/types\/post"}],"author":[{"embeddable":true,"href":"https:\/\/narteks.net\/index.php\/wp-json\/wp\/v2\/users\/1"}],"replies":[{"embeddable":true,"href":"https:\/\/narteks.net\/index.php\/wp-json\/wp\/v2\/comments?post=2777"}],"version-history":[{"count":0,"href":"https:\/\/narteks.net\/index.php\/wp-json\/wp\/v2\/posts\/2777\/revisions"}],"wp:attachment":[{"href":"https:\/\/narteks.net\/index.php\/wp-json\/wp\/v2\/media?parent=2777"}],"wp:term":[{"taxonomy":"category","embeddable":true,"href":"https:\/\/narteks.net\/index.php\/wp-json\/wp\/v2\/categories?post=2777"},{"taxonomy":"post_tag","embeddable":true,"href":"https:\/\/narteks.net\/index.php\/wp-json\/wp\/v2\/tags?post=2777"}],"curies":[{"name":"wp","href":"https:\/\/api.w.org\/{rel}","templated":true}]}}