{"id":278,"date":"2009-03-01T14:30:09","date_gmt":"2009-03-01T11:30:09","guid":{"rendered":"http:\/\/localhost\/wordpress\/2009\/03\/01\/k-marks-18-mart-1871-komununun-yildonumunu-kutlamak-icin-yapilan-mitingde-alinan-kararlar\/"},"modified":"2009-03-01T14:30:09","modified_gmt":"2009-03-01T11:30:09","slug":"k-marks-18-mart-1871-komununun-yildonumunu-kutlamak-icin-yapilan-mitingde-alinan-kararlar","status":"publish","type":"post","link":"https:\/\/narteks.net\/index.php\/2009\/03\/01\/k-marks-18-mart-1871-komununun-yildonumunu-kutlamak-icin-yapilan-mitingde-alinan-kararlar\/","title":{"rendered":"K. Marks: 18 Mart 1871 Kom\u00fcn\u00fcn\u00fcn Y\u0131ld\u00f6n\u00fcm\u00fcn\u00fc Kutlamak \u0130\u00e7in Yap\u0131lan Mitingde Al\u0131nan Kararlar"},"content":{"rendered":"<p style=\"text-align: justify;\"><img decoding=\"async\" src=\"images\/stories\/karl_marx.jpg\" border=\"0\" style=\"float: left;\" \/>18 Mart 1871&#8217;in y\u0131ld\u00f6n\u00fcm\u00fcn\u00fc kutlamak i\u00e7in yap\u0131lan miting, a\u015fa\u011f\u0131daki kararlar\u0131 alm\u0131\u015ft\u0131r:<\/p>\n<p>[I]<\/p>\n<p> Miting, 18 Mart g\u00fcn\u00fc ba\u015flayan \u015fanl\u0131 hareketi, insanl\u0131\u011f\u0131 s\u0131n\u0131flar rejiminden her zaman i\u00e7in kurtaracak olan b\u00fcy\u00fck toplumsal devrimin \u015fafa\u011f\u0131 olarak g\u00f6r\u00fcr.<\/p>\n<p>[II]<\/p>\n<p> Miting, t\u00fcm Avrupa&#8217;da, emek\u00e7ilere kar\u015f\u0131 duyduklar\u0131 nefret i\u00e7inde birle\u015fmi\u015f bulunan burjuva s\u0131n\u0131flar\u0131n ahmakl\u0131k (sayfa 341) ve cinayetlerinin, kralc\u0131 ya da cumhuriyet\u00e7i, h\u00fck\u00fcmet bi\u00e7imleri ne olursa olsun, eski toplumu \u00f6l\u00fcme mahkum ettiklerini ilan eder.<\/p>\n<p>[III]<\/p>\n<p> Miting, b\u00fct\u00fcn h\u00fck\u00fcmetlerin Enternasyonale kar\u015f\u0131 a\u00e7t\u0131klar\u0131 ha\u00e7l\u0131lar seferi ve Versailles katillerinin y\u0131ld\u0131r\u0131lar\u0131n\u0131n, Prusyal\u0131 yenicilerinin y\u0131ld\u0131r\u0131lar\u0131 gibi, ba\u015far\u0131lar\u0131n\u0131n bo\u015flu\u011funa tan\u0131kl\u0131k ettiklerini ve Thiers ile Guillaume&#8217;un birle\u015fmi\u015f g\u00fc\u00e7leri taraf\u0131ndan ezilmi\u015f kahraman \u00f6nc\u00fcs\u00fcn\u00fcn arkas\u0131nda evrensel proletaryan\u0131n tehdit edici ordusunun varl\u0131\u011f\u0131n\u0131 olumlad\u0131klar\u0131n\u0131 bildirir. (sayfa 342)<\/p>\n<p> 13-18 Mart 1872 g\u00fcnlerinde Marks taraf\u0131ndan yaz\u0131lm\u0131\u015ft\u0131r<\/p>\n<p> 24 Mart 1972 g\u00fcn\u00fc La Libert\u00e9, n\u00b0 12, ve 20 Mart 1872 g\u00fcnl\u00fc The \u0130nternational Herold,n\u00b0 3, gazetelerinde yay\u0131nlanm\u0131\u015ft\u0131r<\/p>\n<p><strong>Dipnotlar<\/strong><br \/>[242] 20 \u015eubat 1872 g\u00fcn\u00fc, Enternasyonal Genel Konseyi, Paris Kom\u00fcn\u00fcn\u00fcn birinci y\u0131ld\u00f6n\u00fcm\u00fcn\u00fc Londra&#8217;da b\u00fcy\u00fck bir miting ile kutlamay\u0131 kararla\u015ft\u0131rd\u0131. Bir komisyon kuruldu ve Karl Marks ba\u015fl\u0131ca konu\u015fmac\u0131lardan biri olarak se\u00e7ildi. Kararla\u015ft\u0131r\u0131lan salon sahibi salonunu kiralamay\u0131 kabul etmedi\u011finden, a\u00e7\u0131k miting olmad\u0131. Gene de, 18 Mart g\u00fcn\u00fc, Enternasyonal \u00fcyeleri eski kom\u00fcnc\u00fcler, t\u00f6rensel bir toplant\u0131da, ilk proleter devrimin y\u0131ld\u00f6n\u00fcm\u00fcn\u00fc kutlad\u0131lar. Kom\u00fcn \u00fcyeleri Theisz ve Camelinat ile Genel Konsey \u00fcyesi Milner&#8217;in \u00f6nerileri \u00fczerine, bu toplant\u0131da \u00fc\u00e7 karar kabul edildi; bu kararlar bas\u0131nda yay\u0131nlanm\u0131\u015f, ve bize de\u011fi\u015f gelen elyazmas\u0131 metni, Marks&#8217;\u0131n k\u0131z\u0131 Jenny taraf\u0131ndan kopya edilmi\u015f ve yazar taraf\u0131ndan da g\u00f6r\u00fclm\u00fc\u015ft\u00fcr. -341<\/p>\n","protected":false},"excerpt":{"rendered":"<p>18 Mart 1871&#8217;in y\u0131ld\u00f6n\u00fcm\u00fcn\u00fc kutlamak i\u00e7in yap\u0131lan miting, a\u015fa\u011f\u0131daki kararlar\u0131 alm\u0131\u015ft\u0131r: [I] Miting, 18 Mart g\u00fcn\u00fc ba\u015flayan \u015fanl\u0131 hareketi, insanl\u0131\u011f\u0131 s\u0131n\u0131flar rejiminden her zaman i\u00e7in kurtaracak olan b\u00fcy\u00fck toplumsal devrimin \u015fafa\u011f\u0131 olarak g\u00f6r\u00fcr. [II] Miting, t\u00fcm Avrupa&#8217;da, emek\u00e7ilere kar\u015f\u0131 duyduklar\u0131 nefret i\u00e7inde birle\u015fmi\u015f bulunan burjuva s\u0131n\u0131flar\u0131n ahmakl\u0131k (sayfa 341) ve cinayetlerinin, kralc\u0131 ya da cumhuriyet\u00e7i, [&hellip;]<\/p>\n","protected":false},"author":1,"featured_media":0,"comment_status":"open","ping_status":"open","sticky":false,"template":"","format":"standard","meta":{"footnotes":""},"categories":[33],"tags":[],"class_list":{"0":"post-278","1":"post","2":"type-post","3":"status-publish","4":"format-standard","6":"category-karl-marx-friedrich-engels-arsivi"},"yoast_head":"<!-- This site is optimized with the Yoast SEO Premium plugin v24.9 (Yoast SEO v24.9) - https:\/\/yoast.com\/wordpress\/plugins\/seo\/ -->\n<title>K. Marks: 18 Mart 1871 Kom\u00fcn\u00fcn\u00fcn Y\u0131ld\u00f6n\u00fcm\u00fcn\u00fc Kutlamak \u0130\u00e7in Yap\u0131lan Mitingde Al\u0131nan Kararlar - narteks.net<\/title>\n<meta name=\"robots\" content=\"index, follow, max-snippet:-1, max-image-preview:large, max-video-preview:-1\" \/>\n<link rel=\"canonical\" href=\"https:\/\/narteks.net\/index.php\/2009\/03\/01\/k-marks-18-mart-1871-komununun-yildonumunu-kutlamak-icin-yapilan-mitingde-alinan-kararlar\/\" \/>\n<meta property=\"og:locale\" content=\"tr_TR\" \/>\n<meta property=\"og:type\" content=\"article\" \/>\n<meta property=\"og:title\" content=\"K. Marks: 18 Mart 1871 Kom\u00fcn\u00fcn\u00fcn Y\u0131ld\u00f6n\u00fcm\u00fcn\u00fc Kutlamak \u0130\u00e7in Yap\u0131lan Mitingde Al\u0131nan Kararlar\" \/>\n<meta property=\"og:description\" content=\"18 Mart 1871&#8217;in y\u0131ld\u00f6n\u00fcm\u00fcn\u00fc kutlamak i\u00e7in yap\u0131lan miting, a\u015fa\u011f\u0131daki kararlar\u0131 alm\u0131\u015ft\u0131r: [I] Miting, 18 Mart g\u00fcn\u00fc ba\u015flayan \u015fanl\u0131 hareketi, insanl\u0131\u011f\u0131 s\u0131n\u0131flar rejiminden her zaman i\u00e7in kurtaracak olan b\u00fcy\u00fck toplumsal devrimin \u015fafa\u011f\u0131 olarak g\u00f6r\u00fcr. [II] Miting, t\u00fcm Avrupa&#8217;da, emek\u00e7ilere kar\u015f\u0131 duyduklar\u0131 nefret i\u00e7inde birle\u015fmi\u015f bulunan burjuva s\u0131n\u0131flar\u0131n ahmakl\u0131k (sayfa 341) ve cinayetlerinin, kralc\u0131 ya da cumhuriyet\u00e7i, [&hellip;]\" \/>\n<meta property=\"og:url\" content=\"https:\/\/narteks.net\/index.php\/2009\/03\/01\/k-marks-18-mart-1871-komununun-yildonumunu-kutlamak-icin-yapilan-mitingde-alinan-kararlar\/\" \/>\n<meta property=\"og:site_name\" content=\"narteks.net\" \/>\n<meta property=\"article:published_time\" content=\"2009-03-01T11:30:09+00:00\" \/>\n<meta property=\"og:image\" content=\"https:\/\/narteks.net\/wp-content\/uploads\/narteks.png\" \/>\n\t<meta property=\"og:image:width\" content=\"300\" \/>\n\t<meta property=\"og:image:height\" content=\"90\" \/>\n\t<meta property=\"og:image:type\" content=\"image\/png\" \/>\n<meta name=\"author\" content=\"Tar\u0131k\" \/>\n<meta name=\"twitter:card\" content=\"summary_large_image\" \/>\n<meta name=\"twitter:creator\" content=\"@narteks\" \/>\n<meta name=\"twitter:site\" content=\"@narteks\" \/>\n<meta name=\"twitter:label1\" content=\"Yazan:\" \/>\n\t<meta name=\"twitter:data1\" content=\"Tar\u0131k\" \/>\n\t<meta name=\"twitter:label2\" content=\"Tahmini okuma s\u00fcresi\" \/>\n\t<meta name=\"twitter:data2\" content=\"2 dakika\" \/>\n<script type=\"application\/ld+json\" class=\"yoast-schema-graph\">{\"@context\":\"https:\/\/schema.org\",\"@graph\":[{\"@type\":\"Article\",\"@id\":\"https:\/\/narteks.net\/index.php\/2009\/03\/01\/k-marks-18-mart-1871-komununun-yildonumunu-kutlamak-icin-yapilan-mitingde-alinan-kararlar\/#article\",\"isPartOf\":{\"@id\":\"https:\/\/narteks.net\/index.php\/2009\/03\/01\/k-marks-18-mart-1871-komununun-yildonumunu-kutlamak-icin-yapilan-mitingde-alinan-kararlar\/\"},\"author\":{\"name\":\"Tar\u0131k\",\"@id\":\"https:\/\/narteks.net\/#\/schema\/person\/61f37d9834294b72d31d274e7ed79bca\"},\"headline\":\"K. Marks: 18 Mart 1871 Kom\u00fcn\u00fcn\u00fcn Y\u0131ld\u00f6n\u00fcm\u00fcn\u00fc Kutlamak \u0130\u00e7in Yap\u0131lan Mitingde Al\u0131nan Kararlar\",\"datePublished\":\"2009-03-01T11:30:09+00:00\",\"mainEntityOfPage\":{\"@id\":\"https:\/\/narteks.net\/index.php\/2009\/03\/01\/k-marks-18-mart-1871-komununun-yildonumunu-kutlamak-icin-yapilan-mitingde-alinan-kararlar\/\"},\"wordCount\":360,\"commentCount\":0,\"publisher\":{\"@id\":\"https:\/\/narteks.net\/#organization\"},\"articleSection\":[\"Karl Marx - Friedrich Engels Ar\u015fivi\"],\"inLanguage\":\"tr\",\"potentialAction\":[{\"@type\":\"CommentAction\",\"name\":\"Comment\",\"target\":[\"https:\/\/narteks.net\/index.php\/2009\/03\/01\/k-marks-18-mart-1871-komununun-yildonumunu-kutlamak-icin-yapilan-mitingde-alinan-kararlar\/#respond\"]}]},{\"@type\":\"WebPage\",\"@id\":\"https:\/\/narteks.net\/index.php\/2009\/03\/01\/k-marks-18-mart-1871-komununun-yildonumunu-kutlamak-icin-yapilan-mitingde-alinan-kararlar\/\",\"url\":\"https:\/\/narteks.net\/index.php\/2009\/03\/01\/k-marks-18-mart-1871-komununun-yildonumunu-kutlamak-icin-yapilan-mitingde-alinan-kararlar\/\",\"name\":\"K. Marks: 18 Mart 1871 Kom\u00fcn\u00fcn\u00fcn Y\u0131ld\u00f6n\u00fcm\u00fcn\u00fc Kutlamak \u0130\u00e7in Yap\u0131lan Mitingde Al\u0131nan Kararlar - narteks.net\",\"isPartOf\":{\"@id\":\"https:\/\/narteks.net\/#website\"},\"datePublished\":\"2009-03-01T11:30:09+00:00\",\"breadcrumb\":{\"@id\":\"https:\/\/narteks.net\/index.php\/2009\/03\/01\/k-marks-18-mart-1871-komununun-yildonumunu-kutlamak-icin-yapilan-mitingde-alinan-kararlar\/#breadcrumb\"},\"inLanguage\":\"tr\",\"potentialAction\":[{\"@type\":\"ReadAction\",\"target\":[\"https:\/\/narteks.net\/index.php\/2009\/03\/01\/k-marks-18-mart-1871-komununun-yildonumunu-kutlamak-icin-yapilan-mitingde-alinan-kararlar\/\"]}]},{\"@type\":\"BreadcrumbList\",\"@id\":\"https:\/\/narteks.net\/index.php\/2009\/03\/01\/k-marks-18-mart-1871-komununun-yildonumunu-kutlamak-icin-yapilan-mitingde-alinan-kararlar\/#breadcrumb\",\"itemListElement\":[{\"@type\":\"ListItem\",\"position\":1,\"name\":\"Anasayfa\",\"item\":\"https:\/\/narteks.net\/\"},{\"@type\":\"ListItem\",\"position\":2,\"name\":\"K. Marks: 18 Mart 1871 Kom\u00fcn\u00fcn\u00fcn Y\u0131ld\u00f6n\u00fcm\u00fcn\u00fc Kutlamak \u0130\u00e7in Yap\u0131lan Mitingde Al\u0131nan Kararlar\"}]},{\"@type\":\"WebSite\",\"@id\":\"https:\/\/narteks.net\/#website\",\"url\":\"https:\/\/narteks.net\/\",\"name\":\"narteks.net\",\"description\":\"K\u00fclt\u00fcr Sanat Edebiyat Felsefe\",\"publisher\":{\"@id\":\"https:\/\/narteks.net\/#organization\"},\"alternateName\":\"K\u00fclt\u00fcr Sanat Edebiyat Felsefe\",\"potentialAction\":[{\"@type\":\"SearchAction\",\"target\":{\"@type\":\"EntryPoint\",\"urlTemplate\":\"https:\/\/narteks.net\/?s={search_term_string}\"},\"query-input\":{\"@type\":\"PropertyValueSpecification\",\"valueRequired\":true,\"valueName\":\"search_term_string\"}}],\"inLanguage\":\"tr\"},{\"@type\":\"Organization\",\"@id\":\"https:\/\/narteks.net\/#organization\",\"name\":\"narteks.net\",\"url\":\"https:\/\/narteks.net\/\",\"logo\":{\"@type\":\"ImageObject\",\"inLanguage\":\"tr\",\"@id\":\"https:\/\/narteks.net\/#\/schema\/logo\/image\/\",\"url\":\"https:\/\/narteks.net\/wp-content\/uploads\/narteks.png\",\"contentUrl\":\"https:\/\/narteks.net\/wp-content\/uploads\/narteks.png\",\"width\":300,\"height\":90,\"caption\":\"narteks.net\"},\"image\":{\"@id\":\"https:\/\/narteks.net\/#\/schema\/logo\/image\/\"},\"sameAs\":[\"https:\/\/x.com\/narteks\",\"https:\/\/instagram.com\/narteksnet\"]},{\"@type\":\"Person\",\"@id\":\"https:\/\/narteks.net\/#\/schema\/person\/61f37d9834294b72d31d274e7ed79bca\",\"name\":\"Tar\u0131k\",\"image\":{\"@type\":\"ImageObject\",\"inLanguage\":\"tr\",\"@id\":\"https:\/\/narteks.net\/#\/schema\/person\/image\/\",\"url\":\"https:\/\/secure.gravatar.com\/avatar\/50865afb55632c4ae467e0af0930f6510aa2297d8014be502a55b14f3b7550cf?s=96&d=mm&r=g\",\"contentUrl\":\"https:\/\/secure.gravatar.com\/avatar\/50865afb55632c4ae467e0af0930f6510aa2297d8014be502a55b14f3b7550cf?s=96&d=mm&r=g\",\"caption\":\"Tar\u0131k\"},\"sameAs\":[\"http:\/\/narteks.net\"],\"url\":\"https:\/\/narteks.net\/index.php\/author\/narbak\/\"}]}<\/script>\n<!-- \/ Yoast SEO Premium plugin. -->","yoast_head_json":{"title":"K. Marks: 18 Mart 1871 Kom\u00fcn\u00fcn\u00fcn Y\u0131ld\u00f6n\u00fcm\u00fcn\u00fc Kutlamak \u0130\u00e7in Yap\u0131lan Mitingde Al\u0131nan Kararlar - narteks.net","robots":{"index":"index","follow":"follow","max-snippet":"max-snippet:-1","max-image-preview":"max-image-preview:large","max-video-preview":"max-video-preview:-1"},"canonical":"https:\/\/narteks.net\/index.php\/2009\/03\/01\/k-marks-18-mart-1871-komununun-yildonumunu-kutlamak-icin-yapilan-mitingde-alinan-kararlar\/","og_locale":"tr_TR","og_type":"article","og_title":"K. Marks: 18 Mart 1871 Kom\u00fcn\u00fcn\u00fcn Y\u0131ld\u00f6n\u00fcm\u00fcn\u00fc Kutlamak \u0130\u00e7in Yap\u0131lan Mitingde Al\u0131nan Kararlar","og_description":"18 Mart 1871&#8217;in y\u0131ld\u00f6n\u00fcm\u00fcn\u00fc kutlamak i\u00e7in yap\u0131lan miting, a\u015fa\u011f\u0131daki kararlar\u0131 alm\u0131\u015ft\u0131r: [I] Miting, 18 Mart g\u00fcn\u00fc ba\u015flayan \u015fanl\u0131 hareketi, insanl\u0131\u011f\u0131 s\u0131n\u0131flar rejiminden her zaman i\u00e7in kurtaracak olan b\u00fcy\u00fck toplumsal devrimin \u015fafa\u011f\u0131 olarak g\u00f6r\u00fcr. [II] Miting, t\u00fcm Avrupa&#8217;da, emek\u00e7ilere kar\u015f\u0131 duyduklar\u0131 nefret i\u00e7inde birle\u015fmi\u015f bulunan burjuva s\u0131n\u0131flar\u0131n ahmakl\u0131k (sayfa 341) ve cinayetlerinin, kralc\u0131 ya da cumhuriyet\u00e7i, [&hellip;]","og_url":"https:\/\/narteks.net\/index.php\/2009\/03\/01\/k-marks-18-mart-1871-komununun-yildonumunu-kutlamak-icin-yapilan-mitingde-alinan-kararlar\/","og_site_name":"narteks.net","article_published_time":"2009-03-01T11:30:09+00:00","og_image":[{"width":300,"height":90,"url":"https:\/\/narteks.net\/wp-content\/uploads\/narteks.png","type":"image\/png"}],"author":"Tar\u0131k","twitter_card":"summary_large_image","twitter_creator":"@narteks","twitter_site":"@narteks","twitter_misc":{"Yazan:":"Tar\u0131k","Tahmini okuma s\u00fcresi":"2 dakika"},"schema":{"@context":"https:\/\/schema.org","@graph":[{"@type":"Article","@id":"https:\/\/narteks.net\/index.php\/2009\/03\/01\/k-marks-18-mart-1871-komununun-yildonumunu-kutlamak-icin-yapilan-mitingde-alinan-kararlar\/#article","isPartOf":{"@id":"https:\/\/narteks.net\/index.php\/2009\/03\/01\/k-marks-18-mart-1871-komununun-yildonumunu-kutlamak-icin-yapilan-mitingde-alinan-kararlar\/"},"author":{"name":"Tar\u0131k","@id":"https:\/\/narteks.net\/#\/schema\/person\/61f37d9834294b72d31d274e7ed79bca"},"headline":"K. Marks: 18 Mart 1871 Kom\u00fcn\u00fcn\u00fcn Y\u0131ld\u00f6n\u00fcm\u00fcn\u00fc Kutlamak \u0130\u00e7in Yap\u0131lan Mitingde Al\u0131nan Kararlar","datePublished":"2009-03-01T11:30:09+00:00","mainEntityOfPage":{"@id":"https:\/\/narteks.net\/index.php\/2009\/03\/01\/k-marks-18-mart-1871-komununun-yildonumunu-kutlamak-icin-yapilan-mitingde-alinan-kararlar\/"},"wordCount":360,"commentCount":0,"publisher":{"@id":"https:\/\/narteks.net\/#organization"},"articleSection":["Karl Marx - Friedrich Engels Ar\u015fivi"],"inLanguage":"tr","potentialAction":[{"@type":"CommentAction","name":"Comment","target":["https:\/\/narteks.net\/index.php\/2009\/03\/01\/k-marks-18-mart-1871-komununun-yildonumunu-kutlamak-icin-yapilan-mitingde-alinan-kararlar\/#respond"]}]},{"@type":"WebPage","@id":"https:\/\/narteks.net\/index.php\/2009\/03\/01\/k-marks-18-mart-1871-komununun-yildonumunu-kutlamak-icin-yapilan-mitingde-alinan-kararlar\/","url":"https:\/\/narteks.net\/index.php\/2009\/03\/01\/k-marks-18-mart-1871-komununun-yildonumunu-kutlamak-icin-yapilan-mitingde-alinan-kararlar\/","name":"K. Marks: 18 Mart 1871 Kom\u00fcn\u00fcn\u00fcn Y\u0131ld\u00f6n\u00fcm\u00fcn\u00fc Kutlamak \u0130\u00e7in Yap\u0131lan Mitingde Al\u0131nan Kararlar - narteks.net","isPartOf":{"@id":"https:\/\/narteks.net\/#website"},"datePublished":"2009-03-01T11:30:09+00:00","breadcrumb":{"@id":"https:\/\/narteks.net\/index.php\/2009\/03\/01\/k-marks-18-mart-1871-komununun-yildonumunu-kutlamak-icin-yapilan-mitingde-alinan-kararlar\/#breadcrumb"},"inLanguage":"tr","potentialAction":[{"@type":"ReadAction","target":["https:\/\/narteks.net\/index.php\/2009\/03\/01\/k-marks-18-mart-1871-komununun-yildonumunu-kutlamak-icin-yapilan-mitingde-alinan-kararlar\/"]}]},{"@type":"BreadcrumbList","@id":"https:\/\/narteks.net\/index.php\/2009\/03\/01\/k-marks-18-mart-1871-komununun-yildonumunu-kutlamak-icin-yapilan-mitingde-alinan-kararlar\/#breadcrumb","itemListElement":[{"@type":"ListItem","position":1,"name":"Anasayfa","item":"https:\/\/narteks.net\/"},{"@type":"ListItem","position":2,"name":"K. Marks: 18 Mart 1871 Kom\u00fcn\u00fcn\u00fcn Y\u0131ld\u00f6n\u00fcm\u00fcn\u00fc Kutlamak \u0130\u00e7in Yap\u0131lan Mitingde Al\u0131nan Kararlar"}]},{"@type":"WebSite","@id":"https:\/\/narteks.net\/#website","url":"https:\/\/narteks.net\/","name":"narteks.net","description":"K\u00fclt\u00fcr Sanat Edebiyat Felsefe","publisher":{"@id":"https:\/\/narteks.net\/#organization"},"alternateName":"K\u00fclt\u00fcr Sanat Edebiyat Felsefe","potentialAction":[{"@type":"SearchAction","target":{"@type":"EntryPoint","urlTemplate":"https:\/\/narteks.net\/?s={search_term_string}"},"query-input":{"@type":"PropertyValueSpecification","valueRequired":true,"valueName":"search_term_string"}}],"inLanguage":"tr"},{"@type":"Organization","@id":"https:\/\/narteks.net\/#organization","name":"narteks.net","url":"https:\/\/narteks.net\/","logo":{"@type":"ImageObject","inLanguage":"tr","@id":"https:\/\/narteks.net\/#\/schema\/logo\/image\/","url":"https:\/\/narteks.net\/wp-content\/uploads\/narteks.png","contentUrl":"https:\/\/narteks.net\/wp-content\/uploads\/narteks.png","width":300,"height":90,"caption":"narteks.net"},"image":{"@id":"https:\/\/narteks.net\/#\/schema\/logo\/image\/"},"sameAs":["https:\/\/x.com\/narteks","https:\/\/instagram.com\/narteksnet"]},{"@type":"Person","@id":"https:\/\/narteks.net\/#\/schema\/person\/61f37d9834294b72d31d274e7ed79bca","name":"Tar\u0131k","image":{"@type":"ImageObject","inLanguage":"tr","@id":"https:\/\/narteks.net\/#\/schema\/person\/image\/","url":"https:\/\/secure.gravatar.com\/avatar\/50865afb55632c4ae467e0af0930f6510aa2297d8014be502a55b14f3b7550cf?s=96&d=mm&r=g","contentUrl":"https:\/\/secure.gravatar.com\/avatar\/50865afb55632c4ae467e0af0930f6510aa2297d8014be502a55b14f3b7550cf?s=96&d=mm&r=g","caption":"Tar\u0131k"},"sameAs":["http:\/\/narteks.net"],"url":"https:\/\/narteks.net\/index.php\/author\/narbak\/"}]}},"_links":{"self":[{"href":"https:\/\/narteks.net\/index.php\/wp-json\/wp\/v2\/posts\/278","targetHints":{"allow":["GET"]}}],"collection":[{"href":"https:\/\/narteks.net\/index.php\/wp-json\/wp\/v2\/posts"}],"about":[{"href":"https:\/\/narteks.net\/index.php\/wp-json\/wp\/v2\/types\/post"}],"author":[{"embeddable":true,"href":"https:\/\/narteks.net\/index.php\/wp-json\/wp\/v2\/users\/1"}],"replies":[{"embeddable":true,"href":"https:\/\/narteks.net\/index.php\/wp-json\/wp\/v2\/comments?post=278"}],"version-history":[{"count":0,"href":"https:\/\/narteks.net\/index.php\/wp-json\/wp\/v2\/posts\/278\/revisions"}],"wp:attachment":[{"href":"https:\/\/narteks.net\/index.php\/wp-json\/wp\/v2\/media?parent=278"}],"wp:term":[{"taxonomy":"category","embeddable":true,"href":"https:\/\/narteks.net\/index.php\/wp-json\/wp\/v2\/categories?post=278"},{"taxonomy":"post_tag","embeddable":true,"href":"https:\/\/narteks.net\/index.php\/wp-json\/wp\/v2\/tags?post=278"}],"curies":[{"name":"wp","href":"https:\/\/api.w.org\/{rel}","templated":true}]}}