{"id":2784,"date":"2009-12-07T13:32:40","date_gmt":"2009-12-07T10:32:40","guid":{"rendered":"http:\/\/localhost\/wordpress\/2009\/12\/07\/sen-buyu\/"},"modified":"2009-12-07T13:32:40","modified_gmt":"2009-12-07T10:32:40","slug":"sen-buyu","status":"publish","type":"post","link":"https:\/\/narteks.net\/index.php\/2009\/12\/07\/sen-buyu\/","title":{"rendered":"SEN B\u00dcY\u00dc"},"content":{"rendered":"<p>\u00a0<\/p>\n<p>1<\/p>\n<p>nicedir it \u00fcr\u00fcm\u00fc\u015f kap\u0131m\u0131zda<br \/>soka\u011f\u0131m\u0131z bildik sokak de\u011filmi\u015f<br \/>tertemiz kefenmi\u015f evlerin duvarlar\u0131<br \/>saks\u0131lar\u0131na ayr\u0131l\u0131k dikilmi\u015f<br \/>kent karart\u0131yormu\u015f da yapraklar\u0131n\u0131<br \/>\u00e7i\u00e7ekler da\u011flara \u00e7ekilmi\u015f<\/p>\n<p>\u00e7ocuklar\u0131n bacaklar\u0131nda<br \/>k\u0131rlang\u0131\u00e7 kanatlar\u0131 k\u0131r\u0131l\u0131rm\u0131\u015f<br \/>bu y\u00fczden bas\u0131p topra\u011fa<br \/>tiril tiril b\u00fcy\u00fcrm\u00fc\u015fs\u00fcn<br \/>yan\u0131na yana\u015f\u0131nca delikanl\u0131lar<br \/>bir selvi dal olur y\u00fcr\u00fcrm\u00fc\u015fs\u00fcn<\/p>\n<p>2<\/p>\n<p>ac\u0131n\u0131n her dal\u0131nda \u00f6kse kurdum<br \/>sabr\u0131n s\u0131n\u0131r\u0131na var\u0131p oturdum<br \/>kavaklar giyindi kavaklar soyundu<br \/>\u00e7ak\u0131r kanatlar vuruldu vuruldu<br \/>ellerimde tadamad\u0131m boyunu<br \/>ah karde\u015fim ka\u00e7 y\u0131l oldu<\/p>\n<p>k\u00f6m\u00fcr karas\u0131 bir \u00e7ocuktun<br \/>sa\u00e7\u0131n olu\u011funda akard\u0131 s\u0131rt\u0131n\u0131n<br \/>bir g\u00f6l uyan\u0131rd\u0131 g\u00f6zlerinde<br \/>sazl\u0131\u011f\u0131ndan ka\u00e7 t\u00fcfek bakard\u0131<br \/>bilmezdin t\u0131rman\u0131rd\u0131n dizlerime<br \/>ellerin ate\u015f olur yakard\u0131<\/p>\n<p>3<\/p>\n<p>da\u011f da\u011fa d\u00f6nd\u00fc y\u00fcz\u00fcn\u00fc<br \/>bug\u00fcn yar\u0131na sen umuda<br \/>pa\u00e7am\u0131 \u00e7ekip yukar\u0131 arar\u0131m<br \/>ellerini dizlerimde tut<br \/>\u00e7\u00f6k\u00fcverir olur olmaz<br \/>ba\u015f\u0131ma bir serseri bulut<\/p>\n<p>4<\/p>\n<p>\u00e7atallans\u0131n g\u00f6\u011fs\u00fcn<br \/>\u00e7atallans\u0131n y\u00fcre\u011fin<br \/>h\u00fccrem kadar bas\u0131ksa da<br \/>\u00fclkemin g\u00f6\u011f\u00fc<br \/>ben ta\u015f\u0131r\u0131m omuzlar\u0131mda<br \/>can\u0131m karde\u015fim sen b\u00fcy\u00fc<\/p>\n<p> Kas\u0131m 1984<\/p>\n<p>Nevzat \u00c7EL\u0130K<\/p>\n","protected":false},"excerpt":{"rendered":"<p>\u00a0 1 nicedir it \u00fcr\u00fcm\u00fc\u015f kap\u0131m\u0131zdasoka\u011f\u0131m\u0131z bildik sokak de\u011filmi\u015ftertemiz kefenmi\u015f evlerin duvarlar\u0131saks\u0131lar\u0131na ayr\u0131l\u0131k dikilmi\u015fkent karart\u0131yormu\u015f da yapraklar\u0131n\u0131\u00e7i\u00e7ekler da\u011flara \u00e7ekilmi\u015f \u00e7ocuklar\u0131n bacaklar\u0131ndak\u0131rlang\u0131\u00e7 kanatlar\u0131 k\u0131r\u0131l\u0131rm\u0131\u015fbu y\u00fczden bas\u0131p topra\u011fatiril tiril b\u00fcy\u00fcrm\u00fc\u015fs\u00fcnyan\u0131na yana\u015f\u0131nca delikanl\u0131larbir selvi dal olur y\u00fcr\u00fcrm\u00fc\u015fs\u00fcn 2 ac\u0131n\u0131n her dal\u0131nda \u00f6kse kurdumsabr\u0131n s\u0131n\u0131r\u0131na var\u0131p oturdumkavaklar giyindi kavaklar soyundu\u00e7ak\u0131r kanatlar vuruldu vurulduellerimde tadamad\u0131m boyunuah karde\u015fim ka\u00e7 y\u0131l oldu [&hellip;]<\/p>\n","protected":false},"author":1,"featured_media":0,"comment_status":"open","ping_status":"open","sticky":false,"template":"","format":"standard","meta":{"footnotes":""},"categories":[25],"tags":[],"class_list":{"0":"post-2784","1":"post","2":"type-post","3":"status-publish","4":"format-standard","6":"category-nevzat-celik"},"yoast_head":"<!-- This site is optimized with the Yoast SEO Premium plugin v24.9 (Yoast SEO v24.9) - https:\/\/yoast.com\/wordpress\/plugins\/seo\/ -->\n<title>SEN B\u00dcY\u00dc - narteks.net<\/title>\n<meta name=\"robots\" content=\"index, follow, max-snippet:-1, max-image-preview:large, max-video-preview:-1\" \/>\n<link rel=\"canonical\" href=\"https:\/\/narteks.net\/index.php\/2009\/12\/07\/sen-buyu\/\" \/>\n<meta property=\"og:locale\" content=\"tr_TR\" \/>\n<meta property=\"og:type\" content=\"article\" \/>\n<meta property=\"og:title\" content=\"SEN B\u00dcY\u00dc\" \/>\n<meta property=\"og:description\" content=\"\u00a0 1 nicedir it \u00fcr\u00fcm\u00fc\u015f kap\u0131m\u0131zdasoka\u011f\u0131m\u0131z bildik sokak de\u011filmi\u015ftertemiz kefenmi\u015f evlerin duvarlar\u0131saks\u0131lar\u0131na ayr\u0131l\u0131k dikilmi\u015fkent karart\u0131yormu\u015f da yapraklar\u0131n\u0131\u00e7i\u00e7ekler da\u011flara \u00e7ekilmi\u015f \u00e7ocuklar\u0131n bacaklar\u0131ndak\u0131rlang\u0131\u00e7 kanatlar\u0131 k\u0131r\u0131l\u0131rm\u0131\u015fbu y\u00fczden bas\u0131p topra\u011fatiril tiril b\u00fcy\u00fcrm\u00fc\u015fs\u00fcnyan\u0131na yana\u015f\u0131nca delikanl\u0131larbir selvi dal olur y\u00fcr\u00fcrm\u00fc\u015fs\u00fcn 2 ac\u0131n\u0131n her dal\u0131nda \u00f6kse kurdumsabr\u0131n s\u0131n\u0131r\u0131na var\u0131p oturdumkavaklar giyindi kavaklar soyundu\u00e7ak\u0131r kanatlar vuruldu vurulduellerimde tadamad\u0131m boyunuah karde\u015fim ka\u00e7 y\u0131l oldu [&hellip;]\" \/>\n<meta property=\"og:url\" content=\"https:\/\/narteks.net\/index.php\/2009\/12\/07\/sen-buyu\/\" \/>\n<meta property=\"og:site_name\" content=\"narteks.net\" \/>\n<meta property=\"article:published_time\" content=\"2009-12-07T10:32:40+00:00\" \/>\n<meta property=\"og:image\" content=\"https:\/\/narteks.net\/wp-content\/uploads\/narteks.png\" \/>\n\t<meta property=\"og:image:width\" content=\"300\" \/>\n\t<meta property=\"og:image:height\" content=\"90\" \/>\n\t<meta property=\"og:image:type\" content=\"image\/png\" \/>\n<meta name=\"author\" content=\"Tar\u0131k\" \/>\n<meta name=\"twitter:card\" content=\"summary_large_image\" \/>\n<meta name=\"twitter:creator\" content=\"@narteks\" \/>\n<meta name=\"twitter:site\" content=\"@narteks\" \/>\n<meta name=\"twitter:label1\" content=\"Yazan:\" \/>\n\t<meta name=\"twitter:data1\" content=\"Tar\u0131k\" \/>\n\t<meta name=\"twitter:label2\" content=\"Tahmini okuma s\u00fcresi\" \/>\n\t<meta name=\"twitter:data2\" content=\"1 dakika\" \/>\n<script type=\"application\/ld+json\" class=\"yoast-schema-graph\">{\"@context\":\"https:\/\/schema.org\",\"@graph\":[{\"@type\":\"Article\",\"@id\":\"https:\/\/narteks.net\/index.php\/2009\/12\/07\/sen-buyu\/#article\",\"isPartOf\":{\"@id\":\"https:\/\/narteks.net\/index.php\/2009\/12\/07\/sen-buyu\/\"},\"author\":{\"name\":\"Tar\u0131k\",\"@id\":\"https:\/\/narteks.net\/#\/schema\/person\/61f37d9834294b72d31d274e7ed79bca\"},\"headline\":\"SEN B\u00dcY\u00dc\",\"datePublished\":\"2009-12-07T10:32:40+00:00\",\"mainEntityOfPage\":{\"@id\":\"https:\/\/narteks.net\/index.php\/2009\/12\/07\/sen-buyu\/\"},\"wordCount\":204,\"commentCount\":0,\"publisher\":{\"@id\":\"https:\/\/narteks.net\/#organization\"},\"articleSection\":[\"Nevzat \u00c7ELIK\"],\"inLanguage\":\"tr\",\"potentialAction\":[{\"@type\":\"CommentAction\",\"name\":\"Comment\",\"target\":[\"https:\/\/narteks.net\/index.php\/2009\/12\/07\/sen-buyu\/#respond\"]}]},{\"@type\":\"WebPage\",\"@id\":\"https:\/\/narteks.net\/index.php\/2009\/12\/07\/sen-buyu\/\",\"url\":\"https:\/\/narteks.net\/index.php\/2009\/12\/07\/sen-buyu\/\",\"name\":\"SEN B\u00dcY\u00dc - narteks.net\",\"isPartOf\":{\"@id\":\"https:\/\/narteks.net\/#website\"},\"datePublished\":\"2009-12-07T10:32:40+00:00\",\"breadcrumb\":{\"@id\":\"https:\/\/narteks.net\/index.php\/2009\/12\/07\/sen-buyu\/#breadcrumb\"},\"inLanguage\":\"tr\",\"potentialAction\":[{\"@type\":\"ReadAction\",\"target\":[\"https:\/\/narteks.net\/index.php\/2009\/12\/07\/sen-buyu\/\"]}]},{\"@type\":\"BreadcrumbList\",\"@id\":\"https:\/\/narteks.net\/index.php\/2009\/12\/07\/sen-buyu\/#breadcrumb\",\"itemListElement\":[{\"@type\":\"ListItem\",\"position\":1,\"name\":\"Anasayfa\",\"item\":\"https:\/\/narteks.net\/\"},{\"@type\":\"ListItem\",\"position\":2,\"name\":\"SEN B\u00dcY\u00dc\"}]},{\"@type\":\"WebSite\",\"@id\":\"https:\/\/narteks.net\/#website\",\"url\":\"https:\/\/narteks.net\/\",\"name\":\"narteks.net\",\"description\":\"K\u00fclt\u00fcr Sanat Edebiyat Felsefe\",\"publisher\":{\"@id\":\"https:\/\/narteks.net\/#organization\"},\"alternateName\":\"K\u00fclt\u00fcr Sanat Edebiyat Felsefe\",\"potentialAction\":[{\"@type\":\"SearchAction\",\"target\":{\"@type\":\"EntryPoint\",\"urlTemplate\":\"https:\/\/narteks.net\/?s={search_term_string}\"},\"query-input\":{\"@type\":\"PropertyValueSpecification\",\"valueRequired\":true,\"valueName\":\"search_term_string\"}}],\"inLanguage\":\"tr\"},{\"@type\":\"Organization\",\"@id\":\"https:\/\/narteks.net\/#organization\",\"name\":\"narteks.net\",\"url\":\"https:\/\/narteks.net\/\",\"logo\":{\"@type\":\"ImageObject\",\"inLanguage\":\"tr\",\"@id\":\"https:\/\/narteks.net\/#\/schema\/logo\/image\/\",\"url\":\"https:\/\/narteks.net\/wp-content\/uploads\/narteks.png\",\"contentUrl\":\"https:\/\/narteks.net\/wp-content\/uploads\/narteks.png\",\"width\":300,\"height\":90,\"caption\":\"narteks.net\"},\"image\":{\"@id\":\"https:\/\/narteks.net\/#\/schema\/logo\/image\/\"},\"sameAs\":[\"https:\/\/x.com\/narteks\",\"https:\/\/instagram.com\/narteksnet\"]},{\"@type\":\"Person\",\"@id\":\"https:\/\/narteks.net\/#\/schema\/person\/61f37d9834294b72d31d274e7ed79bca\",\"name\":\"Tar\u0131k\",\"image\":{\"@type\":\"ImageObject\",\"inLanguage\":\"tr\",\"@id\":\"https:\/\/narteks.net\/#\/schema\/person\/image\/\",\"url\":\"https:\/\/secure.gravatar.com\/avatar\/50865afb55632c4ae467e0af0930f6510aa2297d8014be502a55b14f3b7550cf?s=96&d=mm&r=g\",\"contentUrl\":\"https:\/\/secure.gravatar.com\/avatar\/50865afb55632c4ae467e0af0930f6510aa2297d8014be502a55b14f3b7550cf?s=96&d=mm&r=g\",\"caption\":\"Tar\u0131k\"},\"sameAs\":[\"http:\/\/narteks.net\"],\"url\":\"https:\/\/narteks.net\/index.php\/author\/narbak\/\"}]}<\/script>\n<!-- \/ Yoast SEO Premium plugin. -->","yoast_head_json":{"title":"SEN B\u00dcY\u00dc - narteks.net","robots":{"index":"index","follow":"follow","max-snippet":"max-snippet:-1","max-image-preview":"max-image-preview:large","max-video-preview":"max-video-preview:-1"},"canonical":"https:\/\/narteks.net\/index.php\/2009\/12\/07\/sen-buyu\/","og_locale":"tr_TR","og_type":"article","og_title":"SEN B\u00dcY\u00dc","og_description":"\u00a0 1 nicedir it \u00fcr\u00fcm\u00fc\u015f kap\u0131m\u0131zdasoka\u011f\u0131m\u0131z bildik sokak de\u011filmi\u015ftertemiz kefenmi\u015f evlerin duvarlar\u0131saks\u0131lar\u0131na ayr\u0131l\u0131k dikilmi\u015fkent karart\u0131yormu\u015f da yapraklar\u0131n\u0131\u00e7i\u00e7ekler da\u011flara \u00e7ekilmi\u015f \u00e7ocuklar\u0131n bacaklar\u0131ndak\u0131rlang\u0131\u00e7 kanatlar\u0131 k\u0131r\u0131l\u0131rm\u0131\u015fbu y\u00fczden bas\u0131p topra\u011fatiril tiril b\u00fcy\u00fcrm\u00fc\u015fs\u00fcnyan\u0131na yana\u015f\u0131nca delikanl\u0131larbir selvi dal olur y\u00fcr\u00fcrm\u00fc\u015fs\u00fcn 2 ac\u0131n\u0131n her dal\u0131nda \u00f6kse kurdumsabr\u0131n s\u0131n\u0131r\u0131na var\u0131p oturdumkavaklar giyindi kavaklar soyundu\u00e7ak\u0131r kanatlar vuruldu vurulduellerimde tadamad\u0131m boyunuah karde\u015fim ka\u00e7 y\u0131l oldu [&hellip;]","og_url":"https:\/\/narteks.net\/index.php\/2009\/12\/07\/sen-buyu\/","og_site_name":"narteks.net","article_published_time":"2009-12-07T10:32:40+00:00","og_image":[{"width":300,"height":90,"url":"https:\/\/narteks.net\/wp-content\/uploads\/narteks.png","type":"image\/png"}],"author":"Tar\u0131k","twitter_card":"summary_large_image","twitter_creator":"@narteks","twitter_site":"@narteks","twitter_misc":{"Yazan:":"Tar\u0131k","Tahmini okuma s\u00fcresi":"1 dakika"},"schema":{"@context":"https:\/\/schema.org","@graph":[{"@type":"Article","@id":"https:\/\/narteks.net\/index.php\/2009\/12\/07\/sen-buyu\/#article","isPartOf":{"@id":"https:\/\/narteks.net\/index.php\/2009\/12\/07\/sen-buyu\/"},"author":{"name":"Tar\u0131k","@id":"https:\/\/narteks.net\/#\/schema\/person\/61f37d9834294b72d31d274e7ed79bca"},"headline":"SEN B\u00dcY\u00dc","datePublished":"2009-12-07T10:32:40+00:00","mainEntityOfPage":{"@id":"https:\/\/narteks.net\/index.php\/2009\/12\/07\/sen-buyu\/"},"wordCount":204,"commentCount":0,"publisher":{"@id":"https:\/\/narteks.net\/#organization"},"articleSection":["Nevzat \u00c7ELIK"],"inLanguage":"tr","potentialAction":[{"@type":"CommentAction","name":"Comment","target":["https:\/\/narteks.net\/index.php\/2009\/12\/07\/sen-buyu\/#respond"]}]},{"@type":"WebPage","@id":"https:\/\/narteks.net\/index.php\/2009\/12\/07\/sen-buyu\/","url":"https:\/\/narteks.net\/index.php\/2009\/12\/07\/sen-buyu\/","name":"SEN B\u00dcY\u00dc - narteks.net","isPartOf":{"@id":"https:\/\/narteks.net\/#website"},"datePublished":"2009-12-07T10:32:40+00:00","breadcrumb":{"@id":"https:\/\/narteks.net\/index.php\/2009\/12\/07\/sen-buyu\/#breadcrumb"},"inLanguage":"tr","potentialAction":[{"@type":"ReadAction","target":["https:\/\/narteks.net\/index.php\/2009\/12\/07\/sen-buyu\/"]}]},{"@type":"BreadcrumbList","@id":"https:\/\/narteks.net\/index.php\/2009\/12\/07\/sen-buyu\/#breadcrumb","itemListElement":[{"@type":"ListItem","position":1,"name":"Anasayfa","item":"https:\/\/narteks.net\/"},{"@type":"ListItem","position":2,"name":"SEN B\u00dcY\u00dc"}]},{"@type":"WebSite","@id":"https:\/\/narteks.net\/#website","url":"https:\/\/narteks.net\/","name":"narteks.net","description":"K\u00fclt\u00fcr Sanat Edebiyat Felsefe","publisher":{"@id":"https:\/\/narteks.net\/#organization"},"alternateName":"K\u00fclt\u00fcr Sanat Edebiyat Felsefe","potentialAction":[{"@type":"SearchAction","target":{"@type":"EntryPoint","urlTemplate":"https:\/\/narteks.net\/?s={search_term_string}"},"query-input":{"@type":"PropertyValueSpecification","valueRequired":true,"valueName":"search_term_string"}}],"inLanguage":"tr"},{"@type":"Organization","@id":"https:\/\/narteks.net\/#organization","name":"narteks.net","url":"https:\/\/narteks.net\/","logo":{"@type":"ImageObject","inLanguage":"tr","@id":"https:\/\/narteks.net\/#\/schema\/logo\/image\/","url":"https:\/\/narteks.net\/wp-content\/uploads\/narteks.png","contentUrl":"https:\/\/narteks.net\/wp-content\/uploads\/narteks.png","width":300,"height":90,"caption":"narteks.net"},"image":{"@id":"https:\/\/narteks.net\/#\/schema\/logo\/image\/"},"sameAs":["https:\/\/x.com\/narteks","https:\/\/instagram.com\/narteksnet"]},{"@type":"Person","@id":"https:\/\/narteks.net\/#\/schema\/person\/61f37d9834294b72d31d274e7ed79bca","name":"Tar\u0131k","image":{"@type":"ImageObject","inLanguage":"tr","@id":"https:\/\/narteks.net\/#\/schema\/person\/image\/","url":"https:\/\/secure.gravatar.com\/avatar\/50865afb55632c4ae467e0af0930f6510aa2297d8014be502a55b14f3b7550cf?s=96&d=mm&r=g","contentUrl":"https:\/\/secure.gravatar.com\/avatar\/50865afb55632c4ae467e0af0930f6510aa2297d8014be502a55b14f3b7550cf?s=96&d=mm&r=g","caption":"Tar\u0131k"},"sameAs":["http:\/\/narteks.net"],"url":"https:\/\/narteks.net\/index.php\/author\/narbak\/"}]}},"_links":{"self":[{"href":"https:\/\/narteks.net\/index.php\/wp-json\/wp\/v2\/posts\/2784","targetHints":{"allow":["GET"]}}],"collection":[{"href":"https:\/\/narteks.net\/index.php\/wp-json\/wp\/v2\/posts"}],"about":[{"href":"https:\/\/narteks.net\/index.php\/wp-json\/wp\/v2\/types\/post"}],"author":[{"embeddable":true,"href":"https:\/\/narteks.net\/index.php\/wp-json\/wp\/v2\/users\/1"}],"replies":[{"embeddable":true,"href":"https:\/\/narteks.net\/index.php\/wp-json\/wp\/v2\/comments?post=2784"}],"version-history":[{"count":0,"href":"https:\/\/narteks.net\/index.php\/wp-json\/wp\/v2\/posts\/2784\/revisions"}],"wp:attachment":[{"href":"https:\/\/narteks.net\/index.php\/wp-json\/wp\/v2\/media?parent=2784"}],"wp:term":[{"taxonomy":"category","embeddable":true,"href":"https:\/\/narteks.net\/index.php\/wp-json\/wp\/v2\/categories?post=2784"},{"taxonomy":"post_tag","embeddable":true,"href":"https:\/\/narteks.net\/index.php\/wp-json\/wp\/v2\/tags?post=2784"}],"curies":[{"name":"wp","href":"https:\/\/api.w.org\/{rel}","templated":true}]}}