{"id":2788,"date":"2009-12-07T13:34:43","date_gmt":"2009-12-07T10:34:43","guid":{"rendered":"http:\/\/localhost\/wordpress\/2009\/12\/07\/tahliye-olan\/"},"modified":"2009-12-07T13:34:43","modified_gmt":"2009-12-07T10:34:43","slug":"tahliye-olan","status":"publish","type":"post","link":"https:\/\/narteks.net\/index.php\/2009\/12\/07\/tahliye-olan\/","title":{"rendered":"TAHL\u0130YE OLAN"},"content":{"rendered":"<p>\u00a0<\/p>\n<p>I<\/p>\n<p>kara s\u00fcr\u00fclmesin diye anam\u0131z\u0131n ak s\u00fct\u00fcne<br \/>ba\u015f\u0131m\u0131z\u0131n g\u00f6lgesini bile d\u00fc\u015f\u00fcrmedik \u00f6n\u00fcm\u00fcze<br \/>ko\u015farak gelirdi seksek \u00e7izgisinden \u00e7ocuklar\u0131n sesi<br \/>ac\u0131n\u0131n aynas\u0131nda yans\u0131rd\u0131 yurdumun o can sureti<\/p>\n<p>II<\/p>\n<p>apans\u0131z kar f\u0131rt\u0131nas\u0131 tozard\u0131 uykular\u0131m\u0131z<br \/>duyard\u0131k bas\u0131lm\u0131\u015f yuvalar\u0131 da\u011fk\u0131rlang\u0131\u00e7lar\u0131n\u0131n<br \/>sesimiz sesimizi kucaklayarak a\u015fard\u0131 duvar\u0131<br \/> kar akl\u0131\u011f\u0131n\u0131 kan yakmas\u0131n<br \/> a\u00e7\u0131n kanatlar\u0131n\u0131z\u0131 k\u0131rlang\u0131\u00e7lar\u0131m<br \/> mavi da\u011f duman\u0131n\u0131<br \/> sar\u0131n kanatlar\u0131n\u0131za k\u0131rlang\u0131\u00e7lar\u0131m<br \/> umut umut da\u011flar\u0131m\u0131zda<br \/> kanatlan\u0131n k\u0131rlang\u0131\u00e7lar\u0131m<\/p>\n<p>III<\/p>\n<p>\u00e7at\u0131m\u0131z\u0131n \u00fczerinde g\u00f6ky\u00fcz\u00fc diye bir \u015fey vard\u0131<br \/>bo\u015f bir tabut gibi yatard\u0131 havaland\u0131rmada bizsiz<br \/>bir zaman \u00e7\u0131plakl\u0131\u011f\u0131m\u0131z\u0131 \u0131s\u0131tan giysilerimiz<br \/>ve g\u00f6r\u00fc\u015f\u00e7\u00fclerimiz vard\u0131 y\u00fczleri yasakt\u0131<br \/>o yasakt\u0131 bu yasakt\u0131 \u015fu yasak<br \/>yasaklar aras\u0131ndan bir g\u00fczelim yasak<br \/>k\u0131r\u0131p atard\u0131 yasaklar\u0131 elimizden yuvarlasak<\/p>\n<p>mektupsuz kitaps\u0131z uykusuz kald\u0131k<br \/>kad\u0131ns\u0131z topraks\u0131z a\u011fa\u00e7s\u0131z kald\u0131k<br \/>y\u0131l y\u0131l mapus mapus kald\u0131k a\u00e7 a\u00e7\u0131k<br \/>ta\u015ft\u0131k.. dayand\u0131k.. kimseler duymad\u0131<br \/>gelip de \u00e7atmasa ka\u015f\u0131n\u0131 ayr\u0131l\u0131k<br \/>dostlar gene birlikte dayan\u0131rd\u0131k<\/p>\n<p>IV<\/p>\n<p>ne ya\u015fl\u0131 bir kavak gibi son deminde \u00fc\u015f\u00fcyen babam\u0131<br \/> ne yaprak yaprak d\u00fc\u015fleri savrulan anam\u0131<br \/>ne bin y\u0131ll\u0131k kavgam\u0131z\u0131n ba\u011fbozumunu<br \/> ne bir ak\u015fam vakti yanan denizin ufkunu<br \/>ne beyninin y\u00fcre\u011finin ve g\u00f6vdesinin<br \/> b\u00fct\u00fcn kap\u0131lar\u0131n\u0131 aralad\u0131\u011f\u0131m \u00fc\u00e7 ayl\u0131k kar\u0131m\u0131<br \/>ne de kar\u0131m\u0131n karn\u0131nda yatan yar\u0131 can\u0131m\u0131<br \/>b\u0131rak\u0131p da d\u00fc\u015fmek i\u00e7eri dostlar<br \/>koymad\u0131<br \/> sizi parmakl\u0131\u011fa as\u0131p gitmek kadar<\/p>\n<p> Ocak-\u015eubat<\/p>\n<p>Nevzat \u00c7EL\u0130K<\/p>\n","protected":false},"excerpt":{"rendered":"<p>\u00a0 I kara s\u00fcr\u00fclmesin diye anam\u0131z\u0131n ak s\u00fct\u00fcneba\u015f\u0131m\u0131z\u0131n g\u00f6lgesini bile d\u00fc\u015f\u00fcrmedik \u00f6n\u00fcm\u00fczeko\u015farak gelirdi seksek \u00e7izgisinden \u00e7ocuklar\u0131n sesiac\u0131n\u0131n aynas\u0131nda yans\u0131rd\u0131 yurdumun o can sureti II apans\u0131z kar f\u0131rt\u0131nas\u0131 tozard\u0131 uykular\u0131m\u0131zduyard\u0131k bas\u0131lm\u0131\u015f yuvalar\u0131 da\u011fk\u0131rlang\u0131\u00e7lar\u0131n\u0131nsesimiz sesimizi kucaklayarak a\u015fard\u0131 duvar\u0131 kar akl\u0131\u011f\u0131n\u0131 kan yakmas\u0131n a\u00e7\u0131n kanatlar\u0131n\u0131z\u0131 k\u0131rlang\u0131\u00e7lar\u0131m mavi da\u011f duman\u0131n\u0131 sar\u0131n kanatlar\u0131n\u0131za k\u0131rlang\u0131\u00e7lar\u0131m umut umut da\u011flar\u0131m\u0131zda kanatlan\u0131n k\u0131rlang\u0131\u00e7lar\u0131m III [&hellip;]<\/p>\n","protected":false},"author":1,"featured_media":0,"comment_status":"open","ping_status":"open","sticky":false,"template":"","format":"standard","meta":{"footnotes":""},"categories":[25],"tags":[],"class_list":{"0":"post-2788","1":"post","2":"type-post","3":"status-publish","4":"format-standard","6":"category-nevzat-celik"},"yoast_head":"<!-- This site is optimized with the Yoast SEO Premium plugin v24.9 (Yoast SEO v24.9) - https:\/\/yoast.com\/wordpress\/plugins\/seo\/ -->\n<title>TAHL\u0130YE OLAN - narteks.net<\/title>\n<meta name=\"robots\" content=\"index, follow, max-snippet:-1, max-image-preview:large, max-video-preview:-1\" \/>\n<link rel=\"canonical\" href=\"https:\/\/narteks.net\/index.php\/2009\/12\/07\/tahliye-olan\/\" \/>\n<meta property=\"og:locale\" content=\"tr_TR\" \/>\n<meta property=\"og:type\" content=\"article\" \/>\n<meta property=\"og:title\" content=\"TAHL\u0130YE OLAN\" \/>\n<meta property=\"og:description\" content=\"\u00a0 I kara s\u00fcr\u00fclmesin diye anam\u0131z\u0131n ak s\u00fct\u00fcneba\u015f\u0131m\u0131z\u0131n g\u00f6lgesini bile d\u00fc\u015f\u00fcrmedik \u00f6n\u00fcm\u00fczeko\u015farak gelirdi seksek \u00e7izgisinden \u00e7ocuklar\u0131n sesiac\u0131n\u0131n aynas\u0131nda yans\u0131rd\u0131 yurdumun o can sureti II apans\u0131z kar f\u0131rt\u0131nas\u0131 tozard\u0131 uykular\u0131m\u0131zduyard\u0131k bas\u0131lm\u0131\u015f yuvalar\u0131 da\u011fk\u0131rlang\u0131\u00e7lar\u0131n\u0131nsesimiz sesimizi kucaklayarak a\u015fard\u0131 duvar\u0131 kar akl\u0131\u011f\u0131n\u0131 kan yakmas\u0131n a\u00e7\u0131n kanatlar\u0131n\u0131z\u0131 k\u0131rlang\u0131\u00e7lar\u0131m mavi da\u011f duman\u0131n\u0131 sar\u0131n kanatlar\u0131n\u0131za k\u0131rlang\u0131\u00e7lar\u0131m umut umut da\u011flar\u0131m\u0131zda kanatlan\u0131n k\u0131rlang\u0131\u00e7lar\u0131m III [&hellip;]\" \/>\n<meta property=\"og:url\" content=\"https:\/\/narteks.net\/index.php\/2009\/12\/07\/tahliye-olan\/\" \/>\n<meta property=\"og:site_name\" content=\"narteks.net\" \/>\n<meta property=\"article:published_time\" content=\"2009-12-07T10:34:43+00:00\" \/>\n<meta property=\"og:image\" content=\"https:\/\/narteks.net\/wp-content\/uploads\/narteks.png\" \/>\n\t<meta property=\"og:image:width\" content=\"300\" \/>\n\t<meta property=\"og:image:height\" content=\"90\" \/>\n\t<meta property=\"og:image:type\" content=\"image\/png\" \/>\n<meta name=\"author\" content=\"Tar\u0131k\" \/>\n<meta name=\"twitter:card\" content=\"summary_large_image\" \/>\n<meta name=\"twitter:creator\" content=\"@narteks\" \/>\n<meta name=\"twitter:site\" content=\"@narteks\" \/>\n<meta name=\"twitter:label1\" content=\"Yazan:\" \/>\n\t<meta name=\"twitter:data1\" content=\"Tar\u0131k\" \/>\n\t<meta name=\"twitter:label2\" content=\"Tahmini okuma s\u00fcresi\" \/>\n\t<meta name=\"twitter:data2\" content=\"1 dakika\" \/>\n<script type=\"application\/ld+json\" class=\"yoast-schema-graph\">{\"@context\":\"https:\/\/schema.org\",\"@graph\":[{\"@type\":\"Article\",\"@id\":\"https:\/\/narteks.net\/index.php\/2009\/12\/07\/tahliye-olan\/#article\",\"isPartOf\":{\"@id\":\"https:\/\/narteks.net\/index.php\/2009\/12\/07\/tahliye-olan\/\"},\"author\":{\"name\":\"Tar\u0131k\",\"@id\":\"https:\/\/narteks.net\/#\/schema\/person\/61f37d9834294b72d31d274e7ed79bca\"},\"headline\":\"TAHL\u0130YE OLAN\",\"datePublished\":\"2009-12-07T10:34:43+00:00\",\"mainEntityOfPage\":{\"@id\":\"https:\/\/narteks.net\/index.php\/2009\/12\/07\/tahliye-olan\/\"},\"wordCount\":295,\"commentCount\":0,\"publisher\":{\"@id\":\"https:\/\/narteks.net\/#organization\"},\"articleSection\":[\"Nevzat \u00c7ELIK\"],\"inLanguage\":\"tr\",\"potentialAction\":[{\"@type\":\"CommentAction\",\"name\":\"Comment\",\"target\":[\"https:\/\/narteks.net\/index.php\/2009\/12\/07\/tahliye-olan\/#respond\"]}]},{\"@type\":\"WebPage\",\"@id\":\"https:\/\/narteks.net\/index.php\/2009\/12\/07\/tahliye-olan\/\",\"url\":\"https:\/\/narteks.net\/index.php\/2009\/12\/07\/tahliye-olan\/\",\"name\":\"TAHL\u0130YE OLAN - narteks.net\",\"isPartOf\":{\"@id\":\"https:\/\/narteks.net\/#website\"},\"datePublished\":\"2009-12-07T10:34:43+00:00\",\"breadcrumb\":{\"@id\":\"https:\/\/narteks.net\/index.php\/2009\/12\/07\/tahliye-olan\/#breadcrumb\"},\"inLanguage\":\"tr\",\"potentialAction\":[{\"@type\":\"ReadAction\",\"target\":[\"https:\/\/narteks.net\/index.php\/2009\/12\/07\/tahliye-olan\/\"]}]},{\"@type\":\"BreadcrumbList\",\"@id\":\"https:\/\/narteks.net\/index.php\/2009\/12\/07\/tahliye-olan\/#breadcrumb\",\"itemListElement\":[{\"@type\":\"ListItem\",\"position\":1,\"name\":\"Anasayfa\",\"item\":\"https:\/\/narteks.net\/\"},{\"@type\":\"ListItem\",\"position\":2,\"name\":\"TAHL\u0130YE OLAN\"}]},{\"@type\":\"WebSite\",\"@id\":\"https:\/\/narteks.net\/#website\",\"url\":\"https:\/\/narteks.net\/\",\"name\":\"narteks.net\",\"description\":\"K\u00fclt\u00fcr Sanat Edebiyat Felsefe\",\"publisher\":{\"@id\":\"https:\/\/narteks.net\/#organization\"},\"alternateName\":\"K\u00fclt\u00fcr Sanat Edebiyat Felsefe\",\"potentialAction\":[{\"@type\":\"SearchAction\",\"target\":{\"@type\":\"EntryPoint\",\"urlTemplate\":\"https:\/\/narteks.net\/?s={search_term_string}\"},\"query-input\":{\"@type\":\"PropertyValueSpecification\",\"valueRequired\":true,\"valueName\":\"search_term_string\"}}],\"inLanguage\":\"tr\"},{\"@type\":\"Organization\",\"@id\":\"https:\/\/narteks.net\/#organization\",\"name\":\"narteks.net\",\"url\":\"https:\/\/narteks.net\/\",\"logo\":{\"@type\":\"ImageObject\",\"inLanguage\":\"tr\",\"@id\":\"https:\/\/narteks.net\/#\/schema\/logo\/image\/\",\"url\":\"https:\/\/narteks.net\/wp-content\/uploads\/narteks.png\",\"contentUrl\":\"https:\/\/narteks.net\/wp-content\/uploads\/narteks.png\",\"width\":300,\"height\":90,\"caption\":\"narteks.net\"},\"image\":{\"@id\":\"https:\/\/narteks.net\/#\/schema\/logo\/image\/\"},\"sameAs\":[\"https:\/\/x.com\/narteks\",\"https:\/\/instagram.com\/narteksnet\"]},{\"@type\":\"Person\",\"@id\":\"https:\/\/narteks.net\/#\/schema\/person\/61f37d9834294b72d31d274e7ed79bca\",\"name\":\"Tar\u0131k\",\"image\":{\"@type\":\"ImageObject\",\"inLanguage\":\"tr\",\"@id\":\"https:\/\/narteks.net\/#\/schema\/person\/image\/\",\"url\":\"https:\/\/secure.gravatar.com\/avatar\/50865afb55632c4ae467e0af0930f6510aa2297d8014be502a55b14f3b7550cf?s=96&d=mm&r=g\",\"contentUrl\":\"https:\/\/secure.gravatar.com\/avatar\/50865afb55632c4ae467e0af0930f6510aa2297d8014be502a55b14f3b7550cf?s=96&d=mm&r=g\",\"caption\":\"Tar\u0131k\"},\"sameAs\":[\"http:\/\/narteks.net\"],\"url\":\"https:\/\/narteks.net\/index.php\/author\/narbak\/\"}]}<\/script>\n<!-- \/ Yoast SEO Premium plugin. -->","yoast_head_json":{"title":"TAHL\u0130YE OLAN - narteks.net","robots":{"index":"index","follow":"follow","max-snippet":"max-snippet:-1","max-image-preview":"max-image-preview:large","max-video-preview":"max-video-preview:-1"},"canonical":"https:\/\/narteks.net\/index.php\/2009\/12\/07\/tahliye-olan\/","og_locale":"tr_TR","og_type":"article","og_title":"TAHL\u0130YE OLAN","og_description":"\u00a0 I kara s\u00fcr\u00fclmesin diye anam\u0131z\u0131n ak s\u00fct\u00fcneba\u015f\u0131m\u0131z\u0131n g\u00f6lgesini bile d\u00fc\u015f\u00fcrmedik \u00f6n\u00fcm\u00fczeko\u015farak gelirdi seksek \u00e7izgisinden \u00e7ocuklar\u0131n sesiac\u0131n\u0131n aynas\u0131nda yans\u0131rd\u0131 yurdumun o can sureti II apans\u0131z kar f\u0131rt\u0131nas\u0131 tozard\u0131 uykular\u0131m\u0131zduyard\u0131k bas\u0131lm\u0131\u015f yuvalar\u0131 da\u011fk\u0131rlang\u0131\u00e7lar\u0131n\u0131nsesimiz sesimizi kucaklayarak a\u015fard\u0131 duvar\u0131 kar akl\u0131\u011f\u0131n\u0131 kan yakmas\u0131n a\u00e7\u0131n kanatlar\u0131n\u0131z\u0131 k\u0131rlang\u0131\u00e7lar\u0131m mavi da\u011f duman\u0131n\u0131 sar\u0131n kanatlar\u0131n\u0131za k\u0131rlang\u0131\u00e7lar\u0131m umut umut da\u011flar\u0131m\u0131zda kanatlan\u0131n k\u0131rlang\u0131\u00e7lar\u0131m III [&hellip;]","og_url":"https:\/\/narteks.net\/index.php\/2009\/12\/07\/tahliye-olan\/","og_site_name":"narteks.net","article_published_time":"2009-12-07T10:34:43+00:00","og_image":[{"width":300,"height":90,"url":"https:\/\/narteks.net\/wp-content\/uploads\/narteks.png","type":"image\/png"}],"author":"Tar\u0131k","twitter_card":"summary_large_image","twitter_creator":"@narteks","twitter_site":"@narteks","twitter_misc":{"Yazan:":"Tar\u0131k","Tahmini okuma s\u00fcresi":"1 dakika"},"schema":{"@context":"https:\/\/schema.org","@graph":[{"@type":"Article","@id":"https:\/\/narteks.net\/index.php\/2009\/12\/07\/tahliye-olan\/#article","isPartOf":{"@id":"https:\/\/narteks.net\/index.php\/2009\/12\/07\/tahliye-olan\/"},"author":{"name":"Tar\u0131k","@id":"https:\/\/narteks.net\/#\/schema\/person\/61f37d9834294b72d31d274e7ed79bca"},"headline":"TAHL\u0130YE OLAN","datePublished":"2009-12-07T10:34:43+00:00","mainEntityOfPage":{"@id":"https:\/\/narteks.net\/index.php\/2009\/12\/07\/tahliye-olan\/"},"wordCount":295,"commentCount":0,"publisher":{"@id":"https:\/\/narteks.net\/#organization"},"articleSection":["Nevzat \u00c7ELIK"],"inLanguage":"tr","potentialAction":[{"@type":"CommentAction","name":"Comment","target":["https:\/\/narteks.net\/index.php\/2009\/12\/07\/tahliye-olan\/#respond"]}]},{"@type":"WebPage","@id":"https:\/\/narteks.net\/index.php\/2009\/12\/07\/tahliye-olan\/","url":"https:\/\/narteks.net\/index.php\/2009\/12\/07\/tahliye-olan\/","name":"TAHL\u0130YE OLAN - narteks.net","isPartOf":{"@id":"https:\/\/narteks.net\/#website"},"datePublished":"2009-12-07T10:34:43+00:00","breadcrumb":{"@id":"https:\/\/narteks.net\/index.php\/2009\/12\/07\/tahliye-olan\/#breadcrumb"},"inLanguage":"tr","potentialAction":[{"@type":"ReadAction","target":["https:\/\/narteks.net\/index.php\/2009\/12\/07\/tahliye-olan\/"]}]},{"@type":"BreadcrumbList","@id":"https:\/\/narteks.net\/index.php\/2009\/12\/07\/tahliye-olan\/#breadcrumb","itemListElement":[{"@type":"ListItem","position":1,"name":"Anasayfa","item":"https:\/\/narteks.net\/"},{"@type":"ListItem","position":2,"name":"TAHL\u0130YE OLAN"}]},{"@type":"WebSite","@id":"https:\/\/narteks.net\/#website","url":"https:\/\/narteks.net\/","name":"narteks.net","description":"K\u00fclt\u00fcr Sanat Edebiyat Felsefe","publisher":{"@id":"https:\/\/narteks.net\/#organization"},"alternateName":"K\u00fclt\u00fcr Sanat Edebiyat Felsefe","potentialAction":[{"@type":"SearchAction","target":{"@type":"EntryPoint","urlTemplate":"https:\/\/narteks.net\/?s={search_term_string}"},"query-input":{"@type":"PropertyValueSpecification","valueRequired":true,"valueName":"search_term_string"}}],"inLanguage":"tr"},{"@type":"Organization","@id":"https:\/\/narteks.net\/#organization","name":"narteks.net","url":"https:\/\/narteks.net\/","logo":{"@type":"ImageObject","inLanguage":"tr","@id":"https:\/\/narteks.net\/#\/schema\/logo\/image\/","url":"https:\/\/narteks.net\/wp-content\/uploads\/narteks.png","contentUrl":"https:\/\/narteks.net\/wp-content\/uploads\/narteks.png","width":300,"height":90,"caption":"narteks.net"},"image":{"@id":"https:\/\/narteks.net\/#\/schema\/logo\/image\/"},"sameAs":["https:\/\/x.com\/narteks","https:\/\/instagram.com\/narteksnet"]},{"@type":"Person","@id":"https:\/\/narteks.net\/#\/schema\/person\/61f37d9834294b72d31d274e7ed79bca","name":"Tar\u0131k","image":{"@type":"ImageObject","inLanguage":"tr","@id":"https:\/\/narteks.net\/#\/schema\/person\/image\/","url":"https:\/\/secure.gravatar.com\/avatar\/50865afb55632c4ae467e0af0930f6510aa2297d8014be502a55b14f3b7550cf?s=96&d=mm&r=g","contentUrl":"https:\/\/secure.gravatar.com\/avatar\/50865afb55632c4ae467e0af0930f6510aa2297d8014be502a55b14f3b7550cf?s=96&d=mm&r=g","caption":"Tar\u0131k"},"sameAs":["http:\/\/narteks.net"],"url":"https:\/\/narteks.net\/index.php\/author\/narbak\/"}]}},"_links":{"self":[{"href":"https:\/\/narteks.net\/index.php\/wp-json\/wp\/v2\/posts\/2788","targetHints":{"allow":["GET"]}}],"collection":[{"href":"https:\/\/narteks.net\/index.php\/wp-json\/wp\/v2\/posts"}],"about":[{"href":"https:\/\/narteks.net\/index.php\/wp-json\/wp\/v2\/types\/post"}],"author":[{"embeddable":true,"href":"https:\/\/narteks.net\/index.php\/wp-json\/wp\/v2\/users\/1"}],"replies":[{"embeddable":true,"href":"https:\/\/narteks.net\/index.php\/wp-json\/wp\/v2\/comments?post=2788"}],"version-history":[{"count":0,"href":"https:\/\/narteks.net\/index.php\/wp-json\/wp\/v2\/posts\/2788\/revisions"}],"wp:attachment":[{"href":"https:\/\/narteks.net\/index.php\/wp-json\/wp\/v2\/media?parent=2788"}],"wp:term":[{"taxonomy":"category","embeddable":true,"href":"https:\/\/narteks.net\/index.php\/wp-json\/wp\/v2\/categories?post=2788"},{"taxonomy":"post_tag","embeddable":true,"href":"https:\/\/narteks.net\/index.php\/wp-json\/wp\/v2\/tags?post=2788"}],"curies":[{"name":"wp","href":"https:\/\/api.w.org\/{rel}","templated":true}]}}