{"id":2790,"date":"2009-12-07T13:35:45","date_gmt":"2009-12-07T10:35:45","guid":{"rendered":"http:\/\/localhost\/wordpress\/2009\/12\/07\/yagmur-yagmasaydi\/"},"modified":"2009-12-07T13:35:45","modified_gmt":"2009-12-07T10:35:45","slug":"yagmur-yagmasaydi","status":"publish","type":"post","link":"https:\/\/narteks.net\/index.php\/2009\/12\/07\/yagmur-yagmasaydi\/","title":{"rendered":"YA\u011eMUR YA\u011eMASAYDI"},"content":{"rendered":"<p>\u00a0<\/p>\n<p>\u00f6nce ya\u011fmur vard\u0131<\/p>\n<p>adam i\u00e7erden kekeme ad\u0131mlarla \u00e7\u0131kt\u0131<br \/>burnunun ucuna d\u00fc\u015fen g\u00f6zl\u00fc\u011f\u00fcn\u00fc d\u00fczeltti<br \/>arkadan ba\u011fl\u0131 de\u011fildi kollar\u0131<br \/>ama o bunu farketmedi<br \/>bakt\u0131 bir ufka yat\u0131p bakar gibi bir ufka<br \/>g\u00f6r\u00fc\u015f\u00e7\u00fclerin aras\u0131na kar\u0131\u015ft\u0131m<br \/>oysa ben de\u011fildim arad\u0131\u011f\u0131<\/p>\n<p>sar\u0131ld\u0131lar boynuna adam\u0131n<br \/>sar\u0131lanlar\u0131 tan\u0131yordum<\/p>\n<p>\u00e7ok iyi tan\u0131yordum<\/p>\n<p>adam \u00f6pt\u00fc onlar\u0131 koklad\u0131<br \/>adam birini arad\u0131 durmadan<br \/>ben de\u011fildim arad\u0131\u011f\u0131<br \/>sendin<br \/>usulca ellerimi tutan<\/p>\n<p>seni ya\u011fmurlar\u0131n ald\u0131\u011f\u0131n\u0131 biliyordu<br \/>belki bilmiyordu<br \/>adam durmadan seni arad\u0131<br \/>ad\u0131n\u0131 ba\u011f\u0131rd\u0131m<\/p>\n<p>duymad\u0131<\/p>\n<p>beni benden ba\u015fka kimse duymad\u0131<\/p>\n<p>barbaros kafe&#8217;nin balkonunda oturuyorduk<br \/>masada bir eylemin ba\u015flang\u0131c\u0131 duruyordu<br \/>ya\u011fmurun alt\u0131nda ak\u015fam oluyordu<\/p>\n<p>ya\u011fmur ya\u011fmasa ak\u015fam olmayacakt\u0131<br \/>belki bunlar\u0131n hi\u00e7biri olmayacakt\u0131<\/p>\n<p>\u015fiirden ayr\u0131lan bir dize gibi kalkt\u0131n<br \/>bir dizesi eksik \u015fiir gibi kalkt\u0131n<\/p>\n<p>onsekiz ya\u015f\u0131n\u0131 al\u0131p masadan<\/p>\n<p>arabaya bindirdiler adam\u0131<br \/>bu\u011fulu cama dayad\u0131 \u0131slak burnunu<br \/>kollar\u0131 ba\u011fl\u0131 de\u011fildi fark\u0131na varmad\u0131<br \/>seni ya\u011fmurlar\u0131n ald\u0131\u011f\u0131n\u0131 biliyordu<br \/>belki bilmiyordu<br \/>bakt\u0131m arkas\u0131ndan ko\u015ftum arkas\u0131ndan<\/p>\n<p>aram\u0131zda sekiz y\u0131l vard\u0131<\/p>\n<p>ya\u011fmur ve ak\u015fam<\/p>\n<p>ba\u011f\u0131rd\u0131\u011f\u0131m\u0131 duymad\u0131m ama ba\u011f\u0131rd\u0131\u011f\u0131m\u0131 biliyorum<br \/>elini arad\u0131m elin yoktu<br \/>deh\u015fetle girdim bal\u0131k\u00e7\u0131 pazar\u0131na<br \/>i\u015fte b\u00f6yle ya\u011fmurlu bir ak\u015famd\u0131<br \/>sakal\u0131m ve kederim yoktu \u00f6nceden<br \/>ve be\u015fikta\u015f&#8217;ta bal\u0131klar<br \/> bu kadar pahal\u0131<br \/> de\u011fildi<\/p>\n<p>ka\u00e7 adam d\u00fc\u015fer bal\u0131k\u00e7\u0131 tezgah\u0131na<\/p>\n<p>vurulup tezgah\u0131n\u0131za d\u00fc\u015ft\u00fc\u011f\u00fcm bir ak\u015famd\u0131<br \/>kan\u0131m\u0131n bal\u0131klar\u0131 boyad\u0131\u011f\u0131 bir ak\u015famd\u0131<\/p>\n<p>seni ya\u011fmurlar\u0131n ald\u0131\u011f\u0131 bir ak\u015famd\u0131<\/p>\n<p>seni ya\u011fmurlar\u0131n ald\u0131\u011f\u0131 bir ak\u015famd\u0131<br \/>karn\u0131ndan vurulmu\u015ftu o kalbini tuttu<br \/>aln\u0131ndan vurulmay\u0131 sevmiyordu<\/p>\n<p> g\u00fcl dese de \u015fairler<\/p>\n<p>kadavra gibi diktiler karn\u0131n\u0131<br \/>kalbini avu\u00e7layarak kalkt\u0131 adam<br \/>g\u00f6zl\u00fc\u011f\u00fcn\u00fc arad\u0131 y\u00fcz\u00fcnde<br \/>hen\u00fcz g\u00f6zl\u00fck kullanm\u0131yordu bunu unuttu<br \/>bir leylak ge\u00e7ti \u00f6n\u00fcnden eflatun mu ak m\u0131<br \/>kokusundan tan\u0131d\u0131 bir leylak ge\u00e7ti \u00f6n\u00fcnden<br \/>bakt\u0131 arkas\u0131ndan ko\u015ftu arkas\u0131ndan<br \/>seni tan\u0131m\u0131yordu bunu da unuttu<\/p>\n<p>bu\u011fulu cama dayad\u0131 \u0131slak burnunu<\/p>\n<p>y\u00fcz\u00fcn\u00fcn \u0131slakl\u0131\u011f\u0131n\u0131 ya\u011fmura yordular<br \/>belki cama dayamazd\u0131 burnunu<br \/>biryazg\u00fcn\u00fc a\u00e7\u0131lsayd\u0131 kap\u0131lar<\/p>\n<p>biryazg\u00fcn\u00fc a\u00e7\u0131lsayd\u0131 kap\u0131lar<br \/>ya\u011fmur ya\u011fmasayd\u0131<br \/>seni ya\u011fmurlar almasayd\u0131<br \/>\u0131sl\u0131\u011f\u0131mla ok\u015fayacakt\u0131m<br \/>heybetinden yan\u0131na var\u0131lmaz<br \/> da\u011flar\u0131<\/p>\n<p>solu\u011fum da\u011f<br \/>kurdun ku\u015fun u\u011framad\u0131\u011f\u0131 taze bir \u015feftali<br \/>bir fesle\u011fen bir \u0131t\u0131r bir sardunya kokusu<br \/>ko\u015facakt\u0131m sana<\/p>\n<p>ihtimal ben kap\u0131y\u0131 vurmadan a\u00e7acakt\u0131n<\/p>\n<p>ellerimi bulacakt\u0131n<\/p>\n<p>ya\u011fmur ya\u011fmasayd\u0131<br \/>seni ya\u011fmurlar almasayd\u0131<br \/>nizamiye kap\u0131s\u0131nda dururdun<br \/>g\u00fcne\u015f sa\u00e7lar\u0131nda dururdu<br \/>g\u00f6r\u00fc\u015f\u00e7\u00fclerin g\u00f6zlerinde<br \/>n\u00f6bet\u00e7inin kepinde dururdu<\/p>\n<p>kimbilir ellerin nas\u0131l dururdu<\/p>\n<p>kiremit renkli aral\u0131k<br \/>beni i\u00e7ine al\u0131yordu<br \/>sen yoktun<br \/>s\u00f6zlerini bulamad\u0131\u011f\u0131m<br \/>bir \u015fark\u0131n\u0131n m\u00fczi\u011fi vard\u0131<br \/>k\u00fc\u00e7\u00fck eski bir yara izi gibi<br \/>t\u00fcfeklerin d\u00f6n\u00fcp bakt\u0131\u011f\u0131<br \/>bir \u015fark\u0131n\u0131n m\u00fczi\u011fi vard\u0131<\/p>\n<p>sen yoktun<\/p>\n<p>ben kederimi ellerinden tuttum<\/p>\n<p>ya\u011fmur ya\u011fmasa ak\u015fam olmayacakt\u0131<br \/>belki bunlar\u0131n hi\u00e7biri olmayacakt\u0131<br \/>ya\u011fmurda b\u00fct\u00fcn \u0131\u015f\u0131klar \u00f6l\u00fcyordu<br \/>sakall\u0131 bir karanl\u0131k y\u00fcr\u00fcyordu<br \/>lalezar caddesi&#8217;nde \u00e7\u0131\u011f\u0131rtkan sesleri<br \/> sinemalar tiyatrolar s\u00f6nm\u00fc\u015ft\u00fc<\/p>\n<p>y\u0131ld\u0131zlar dahil lalezar caddesi \u00f6lm\u00fc\u015ft\u00fc<\/p>\n<p>cafe naderi&#8217;de oturuyorduk<br \/>cadde istanbul karar\u0131yordu<br \/>tek tek \u00f6l\u00fcyordu \u0131\u015f\u0131klar<br \/>ellerin ellerimde uyuyordu<br \/>g\u00f6zlerin ba\u015fka s\u00f6yl\u00fcyordu<br \/>birden \u00e7\u0131kard\u0131n tokalar\u0131n\u0131<br \/>sa\u00e7lar\u0131n omuzlar\u0131ndan akt\u0131<\/p>\n<p>masaya b\u0131rakt\u0131n<\/p>\n<p>furu\u011f&#8217;la oturmu\u015ftuk soltanpur&#8217;la kalkt\u0131n<br \/>sakall\u0131 karanl\u0131k \u00fcst\u00fcm\u00fcze y\u00fcr\u00fcyordu<br \/>y\u0131ld\u0131zlar dahil b\u00fct\u00fcn \u0131\u015f\u0131klar \u00f6l\u00fcyordu<br \/>furu\u011f&#8217;la oturmu\u015ftuk soltanpur&#8217;la kalkt\u0131n<br \/>onsekiz ya\u015f\u0131n\u0131 al\u0131p masadan g\u00fcl\u00fcm<br \/>karanl\u0131\u011f\u0131n \u00fcst\u00fcne bir \u015fim\u015fek gibi \u00e7akt\u0131n<\/p>\n<p>ya merg ya azadi<\/p>\n<p>tahran&#8217;da ak\u015fam oluyordu<br \/>geceye d\u00f6n\u00fcyordu ya\u011fmur<\/p>\n<p>yoktun<\/p>\n<p>zendan-e evin&#8217;de bir \u015fafak<br \/>belki ast\u0131 seni bu kapkara devrim<br \/>belki ya\u011fmura kar\u0131\u015ft\u0131n<\/p>\n<p>ne as\u0131lanlar\u0131n aras\u0131nda ad\u0131n<br \/>ne ya\u011fmurda kokun<\/p>\n<p>olsa duyard\u0131m<br \/>gecenin y\u00fcz\u00fcne vururdu<br \/>cublar\u0131n aynas\u0131na vururdu<\/p>\n<p>kalbim dururdu<\/p>\n<p>kimbilir ellerim nas\u0131l dururdu<\/p>\n<p>kimselere sormad\u0131m seni<br \/>cublara bakarak y\u00fcr\u00fcd\u00fcm<br \/>suretini d\u00fc\u015f\u00fcrmedi suya<br \/>aln\u0131 a\u00e7\u0131k tek bir kad\u0131n<\/p>\n<p>seni kimselere sormad\u0131m<br \/>onsekiz ya\u015f\u0131n\u0131 al\u0131p kalkt\u0131n<br \/>\u0131srarla u\u00e7tu sa\u00e7lar\u0131n<br \/>bir pasdar gelip yap\u0131\u015ft\u0131<br \/>bir pasdar bir pasdar daha<\/p>\n<p>\u00fc\u00e7\u00fcn\u00fc de arkamda b\u0131rakt\u0131m<\/p>\n<p>\u00fc\u00e7 kur\u015fun \u0131sl\u0131\u011f\u0131 \u00e7al\u0131p<\/p>\n<p>tahran&#8217;da ak\u015fam oluyordu<br \/>geceye d\u00f6n\u00fcyordu ya\u011fmur<br \/>yoktun<\/p>\n<p>ya\u011fmur da yoktu<\/p>\n<p>ben kederimi ellerinden tuttum<\/p>\n<p>\u0131slak burnunu cama dayad\u0131 adam<br \/>ben kederimi ellerinden tuttum<br \/>kollar\u0131 ba\u011fl\u0131 de\u011fildi arkadan<br \/>benim kollar\u0131mdayd\u0131 bunu unuttum<\/p>\n<p>bakt\u0131m arkas\u0131ndan ko\u015ftum arkas\u0131ndan<\/p>\n<p>yan\u0131nda sen yoktun<\/p>\n<p>ranzamda<br \/>a\u00e7l\u0131\u011f\u0131n buza kesen ayaz\u0131nda yat\u0131yordum<br \/>\u00e7iftle\u015fen s\u0131\u00e7anlar\u0131n \u00fczerinde<br \/>gece huzursuz bir e\u015fkiya gibi<br \/> k\u0131p\u0131rdan\u0131yordu<\/p>\n<p>uyumuyordum<br \/>s\u0131\u00e7anlar da uyumuyordu<br \/>n\u00f6bet\u00e7iler a\u00e7 de\u011fildi<br \/>onlar da uyumuyordu<\/p>\n<p>sen<\/p>\n<p>sen de uyumuyordun<br \/>\u00e7\u00fcnk\u00fc yoktun<\/p>\n<p>\u00e7\u00fcnk\u00fc ya\u011fmur yoktu<\/p>\n<p>s\u0131\u00e7anlar vard\u0131<br \/>ve en iyi onlar bilirdi<br \/>a\u00e7l\u0131k grevlerinde<br \/> \u00f6l\u00fcme yakla\u015fan insan\u0131<\/p>\n<p>askerlerden sonra \u00e7o\u011fal\u0131p<br \/>bas\u0131yorlard\u0131 ko\u011fu\u015fu \u00fc\u00e7er be\u015fer<br \/>ka\u00e7 kez e\u011filip konu\u015ftum<br \/>ku\u015flarla anla\u015famamak korkusu belki<br \/>belki sen yoktun<br \/>belki ya\u011fmur<\/p>\n<p>ka\u00e7 kez e\u011filip konu\u015ftum<\/p>\n<p>\u00f6l\u00fcm istedi\u011fi yerde istedi\u011fi bi\u00e7imde dursun<br \/>ben girerdim d\u00fc\u015flerimin \u00e7atala\u011f\u0131zlar\u0131na<br \/>\u00e7ak\u015f\u0131rlar\u0131 \u00e7at\u0131lar\u0131 ok\u015fayan g\u00fcvercinler<br \/> uzak mavileri \u00e7a\u011f\u0131ldayan kanatlar\u0131n\u0131 a\u00e7ard\u0131<\/p>\n<p>biz \u00e7atakta oturur zeytin ekmek yerdik<\/p>\n<p>haki mintan\u0131ma yap\u0131\u015fan \u00e7amsak\u0131zlar\u0131<br \/>senin u\u00e7urdu\u011fun r\u00fczgarlar\u0131 toplard\u0131<br \/>t\u00fcfeklerin patlad\u0131\u011f\u0131 yere koyard\u0131<br \/>kalbimi al\u0131p oraya koyard\u0131<\/p>\n<p>bir \u00e7aylak g\u00f6lgesini koyard\u0131<\/p>\n<p>vururduk \u00e7elimsiz g\u00f6vdelerimizi<br \/> \u00e7etelerin s\u0131rtlar\u0131n\u0131 verdikleri da\u011flara<br \/>kur\u015funlar \u00e7\u0131vard\u0131 da omuzverdi\u011fimiz kayalardan<br \/>gidip \u00e7ayla\u011f\u0131n g\u00f6lgesini vurmazd\u0131<\/p>\n<p>\u00e7\u00fcnk\u00fc sen yoktun<\/p>\n<p>\u00e7\u00fcnk\u00fc ya\u011fmur yoktu<\/p>\n<p>ben kederimi ellerinden tuttum<\/p>\n<p>ellerin platin ve elmas kokuyor<br \/>b\u00fct\u00fcn tarihin<br \/> \u00fcst\u00fcn ba\u015f\u0131n<\/p>\n<p>bunu s\u00f6yleyen ilk kad\u0131n<br \/>dokundu\u011fum ilk beyaz<br \/> kom\u00fcnist kad\u0131n<br \/> sendin<\/p>\n<p>\u00e7\u00fcnk\u00fc alamazd\u0131 kokusunu platinin ve elmas\u0131n<br \/>platin ve elmas kokan bantu kad\u0131n<\/p>\n<p>babama dedesinden ge\u00e7mi\u015f bu koku<br \/>dedesinin y\u00fcz\u00fcn\u00fc avu\u00e7lar\u0131na al\u0131p<br \/>\u00f6zg\u00fcrl\u00fck \u015fark\u0131lar\u0131n\u0131 f\u0131s\u0131ldad\u0131\u011f\u0131nda kula\u011f\u0131na<br \/> onun dedesi<\/p>\n<p>her gece korkulu r\u00fcyalar do\u011furur<br \/> beyazlar\u0131n kap\u0131 mandal\u0131<\/p>\n<p>babana dedesinden ge\u00e7mi\u015f bu korku<br \/>bir elinde incili \u00f6tekinde silah\u0131<br \/>zululu sava\u015f\u00e7\u0131 dedemin dedesini<br \/>topra\u011f\u0131m\u0131za evimize girip \u00f6ld\u00fcr\u00fcld\u00fc\u011f\u00fcnde<br \/> boerli dedenin dedesi<\/p>\n<p>plastik bir le\u011fende<br \/>sabun ve su i\u00e7inde<br \/>annesinin rengini az ovdu\u011fu<br \/>ben karaderili \u00e7ocuk<br \/>bantu \u00e7ocuk<br \/>senjenina m\u0131r\u0131ldan\u0131yorum<br \/>petrol lambas\u0131nda islenen<br \/>sesinden al\u0131p annemin<\/p>\n<p>biraz daha ov anneci\u011fim<br \/>akarnan d\u00f6rt kara \u00e7ocuk<br \/>korkmas\u0131n<br \/>bir k\u00fc\u00e7\u00fck beyaz \u00e7ocuktan<br \/>biraz daha ov anneci\u011fim<\/p>\n<p> biraz daha<\/p>\n<p>her sabah \u00e7\u0131k\u0131p langatownship&#8217;ten<br \/>cilal\u0131 bir gece gibi gireyim kentlere<br \/> aln\u0131mda kara\u00e7al\u0131&#8217;n\u0131n aln\u0131<br \/>biraz daha ov anneci\u011fim biraz daha<br \/>korkulu r\u00fcyalar do\u011fursun g\u00fcpeg\u00fcnd\u00fcz<\/p>\n<p>beyazlar\u0131n kap\u0131 mandal\u0131<\/p>\n<p>robben island&#8217;da<br \/>bir duvar \u00f6temde<br \/>kayalara vurdu\u011fu yerde<br \/>y\u0131llard\u0131r kalbimi bir f\u0131nd\u0131k kabu\u011fu gibi sallayan<br \/> dalgalar kadar yak\u0131n<br \/> dalgalar kadar uzaks\u0131n bana<br \/>seni kara tenimde y\u00fcr\u00fcyen bulutlar gibi<br \/>seni \u00f6zg\u00fcrl\u00fck<br \/>seni kurtulu\u015f gibi d\u00fc\u015f\u00fcn\u00fcyorum<\/p>\n<p>karda kalm\u0131\u015f ser\u00e7e gibi \u00fc\u015f\u00fcyorum<\/p>\n<p>\u00fc\u015f\u00fcyorum<\/p>\n<p>d\u00fc\u015f\u00fck bir sat\u0131r gibi s\u0131r\u0131t\u0131yor n\u00f6bet\u00e7i<br \/>ustura gibi \u00e7ekiyorum kendimi ranzadan<\/p>\n<p>beynimde bir ta\u015f\u0131n unufak olma iste\u011fi<\/p>\n<p>seni kimlere sormal\u0131<\/p>\n<p>seni<br \/>t\u0131n\u0131s\u0131na yenilgi d\u00fc\u015f\u00fcrmeyen \u00e7\u0131\u011fl\u0131klara sormal\u0131<\/p>\n<p>nereden geldi\u011fi bilinmez bir u\u011fultu<br \/> karanl\u0131klar\u0131n yedi\u011fi<br \/>d\u00fc\u015flerimin izd\u00fc\u015f\u00fcm\u00fcn\u00fc kar\u0131\u015ft\u0131r\u0131yordu<\/p>\n<p>a\u011fa\u00e7lar\u0131n dallar\u0131 var m\u0131yd\u0131 yok muydu<\/p>\n<p>h\u0131\u015f\u0131rt\u0131lar dallar\u0131n\u0131n oldu\u011funu d\u00fc\u015f\u00fcnd\u00fcr\u00fcyordu<\/p>\n<p>ve asl\u0131nda<br \/>karanl\u0131k bir korkunun dallara \u00e7\u0131kt\u0131\u011f\u0131<br \/> ad\u0131mlar\u0131m\u0131z\u0131n kekelemesinden belliydi<\/p>\n<p>y\u00fcre\u011fimi a\u011fz\u0131ma getiren ku\u015f<br \/>bayku\u015f demi\u015fti k\u0131rsal bir ses<br \/>mola verdi\u011fimizde baca\u011f\u0131n\u0131 k\u0131v\u0131r\u0131p alt\u0131na alan<br \/>ba\u015f\u0131n\u0131n silueti hepimizden yukarda olan<\/p>\n<p>kur\u015funun ilk de\u011fece\u011fi adam<\/p>\n<p>y\u00fcr\u00fcd\u00fck sonra<br \/>evet y\u00fcr\u00fcd\u00fc\u011f\u00fcm\u00fcz\u00fc an\u0131ms\u0131yorum<\/p>\n<p>sen yoktun<\/p>\n<p>sen hi\u00e7 yoktun<br \/>gibi susuyordum<br \/>netle\u015ftirmek i\u00e7in<\/p>\n<p>g\u00f6vdemi<\/p>\n<p>i\u015fkenceciyi \u00e7\u0131ld\u0131rtm\u0131\u015f olabilir<br \/>geceye \u00e7alan sakallar\u0131m\u0131n<br \/>hep ba\u015fka bir y\u00f6n\u00fc g\u00f6stermesi<br \/>yoksa ne diye yolmaya kalks\u0131n<\/p>\n<p>olmayan sakallar\u0131m\u0131<\/p>\n<p>daha d\u00fcn de\u011fil miydi<br \/>olmayan sakallar\u0131m\u0131n<br \/>gizli bir umut gibi<\/p>\n<p>durmas\u0131<\/p>\n<p>daha d\u00fcn de\u011fil miydi dedi\u011finde<br \/>\u00e7ocuk ellerimin ta\u015flad\u0131\u011f\u0131 karga<br \/>g\u00fcle g\u00fcle kalk\u0131yor bir a\u011fa\u00e7tan<br \/> bir a\u011faca<\/p>\n<p> o da kalkarsa<\/p>\n<p>ka\u00e7 paral\u0131k \u00f6mr\u00fcn var ki ka\u00e7 y\u0131ll\u0131k<\/p>\n<p> ha ha ha ha ha ha<\/p>\n<p>ama daha d\u00fcn de\u011fil miydi<br \/>biz onsekiz ondokuz ya\u015f\u0131ndakilerin<br \/>uykular\u0131na bas\u0131ld\u0131\u011f\u0131nda bir \u015fafak<br \/>on y\u0131l<\/p>\n<p> ya\u015flanmas\u0131<\/p>\n<p>daha d\u00fcn<\/p>\n<p>an\u0131msa<\/p>\n<p>an\u0131ms\u0131yorum<\/p>\n<p>yap\u0131i\u015f\u00e7ilerinin kald\u0131klar\u0131 oda toprakt\u0131 \u0131slakt\u0131<br \/>bekarevlerinin duvarlar\u0131na s\u00fcm\u00fckl\u00fcb\u00f6cekler haritalar \u00e7izer<br \/>biz topra\u011fa \u00e7izmi\u015ftik istanbul&#8217;un b\u00fct\u00fcn sokaklar\u0131n\u0131<\/p>\n<p>sonra geceye y\u00fcr\u00fcd\u00fck<\/p>\n<p>sonra geceye y\u00fcr\u00fcd\u00fcm o gen\u00e7 ve esmer dili konu\u015fan i\u015f\u00e7ilerle<\/p>\n<p>iki i\u015f\u00e7i yaz\u0131 yazm\u0131\u015ft\u0131 duvarlara<br \/>ihtimal elleri kanam\u0131\u015ft\u0131<br \/>koyarken o duvarlar\u0131n harc\u0131n\u0131<\/p>\n<p> ta\u015f\u0131n\u0131<\/p>\n<p>e\u011fri b\u00fc\u011fr\u00fc yaz\u0131yorlard\u0131<\/p>\n<p>ne g\u00fczel yaz\u0131yorlard\u0131<\/p>\n<p>sonra vuruldu biri<br \/>\u00e7amura buland\u0131<br \/>elindeki<\/p>\n<p>f\u0131r\u00e7as\u0131<\/p>\n<p>ya m\u0131z\u0131kas\u0131<\/p>\n<p>ya<\/p>\n<p>m\u0131z\u0131kas\u0131<\/p>\n<p>bir i\u015f\u00e7inin koluna girip y\u00fcr\u00fcmek miydi<br \/> s\u00f6zlerini bulamad\u0131\u011f\u0131m o \u015fark\u0131<\/p>\n<p>t\u00fcfeklerin d\u00f6n\u00fcp bakt\u0131\u011f\u0131<\/p>\n<p>t\u00fcfeklerin d\u00f6n\u00fcp bakt\u0131\u011f\u0131<br \/> kafiye tutmaz ad\u0131n\u0131<br \/>kime sorsam<br \/>metruk yap\u0131lar gibi kapat\u0131yor<\/p>\n<p> kap\u0131s\u0131n\u0131<\/p>\n<p>sic itur ad astra<\/p>\n<p>evet ama<br \/>\u00f6nce da\u011flara \u00e7\u0131kar<\/p>\n<p>bu\u011fulanm\u0131\u015f camdan burnunu \u00e7ekti adam<br \/>ayn\u0131 anda kalkt\u0131 i\u00e7imden bir s\u00fcr\u00fc vapur<br \/>vapur d\u00fcd\u00fckleri sensiz mart\u0131lar\u0131 vurur<br \/>ne kent ta\u015f\u0131yabilir kederini ne deniz<br \/>lodos y\u00fcz\u00fcnde bir tokat gibi durur<\/p>\n<p>adam y\u00fcz\u00fcn\u00fc d\u00f6nd\u00fc istanbul&#8217;dan<br \/>manuel marcial federico bir de ben<br \/>bir gece gizlice ka\u00e7t\u0131k leon&#8217;dan<\/p>\n<p>bizi kamp yerine g\u00f6t\u00fcrecek olan campesino<br \/>yorulmak nedir bilmeyen bir deli<br \/>hay dinine yand\u0131\u011f\u0131m\u0131n az yava\u015f y\u00fcr\u00fcsen olmaz m\u0131<br \/>bu campesino ke\u00e7i soyundan be federico<br \/>kur\u015fun s\u0131ksan yeti\u015fmez arkas\u0131ndan<br \/>seni beni bulursa kur\u015fun kampa varmadan<br \/>companerolar\u0131 bulmadan<br \/>da\u011fadam\u0131 olmadan<br \/>federico<br \/>yaz\u0131k olur bize<\/p>\n<p>patria libre o morir<\/p>\n<p>federico s\u00f6yle<br \/>hangimizin y\u00fcz\u00fcnde<\/p>\n<p> \u00f6l\u00fcm<\/p>\n<p>bug\u00fcn yan\u0131nda olan yar\u0131n \u00f6l\u00fcr<br \/>omuz ba\u015f\u0131nda hayali y\u00fcr\u00fcr<\/p>\n<p>tello&#8217;yu an\u0131ms\u0131yor musun federico<br \/>k\u0131\u015fa d\u00f6nen bir ak\u015fam gibi as\u0131kt\u0131 surat\u0131<br \/>\u00e7evik y\u0131rt\u0131c\u0131 bir hayvand\u0131 ormanda<br \/>fena kur\u015fun atard\u0131 d\u00fc\u015fmana<br \/>bu adam asla \u00f6lmez derdin<\/p>\n<p>kur\u015fundan \u00f6nce bulur k\u00f6t\u00fc haber adam\u0131<br \/>da\u011fa \u00e7\u0131kt\u0131\u011f\u0131n\u0131n ilk ay\u0131 dolmadan<br \/> terketmi\u015f sevdi\u011fi kad\u0131n onu<br \/>federico a\u00e7ma \u015fu kad\u0131n meselesini<\/p>\n<p>a\u011flatma tello&#8217;yu<\/p>\n<p>da\u011fda bir a\u011fa\u00e7t\u0131k suda bal\u0131k a\u011fa\u00e7ta maymun<br \/>\u00e7orbas\u0131n\u0131 yap\u0131p i\u00e7ti\u011fimiz bir maymunduk biz<br \/>irile\u015fti \u00e7enelerimiz di\u015flerimizi kenetlemekten<br \/>bir patika gibi tehlikeyle inceldi ka\u015flar\u0131m\u0131z<br \/>m\u00fcmk\u00fcn\u00fc yok tan\u0131yamazd\u0131n<br \/>da\u011fda ormanda birer hayvand\u0131k biz<br \/>buz gibi sulara girerdik sabah\u0131n k\u00f6r\u00fcnde<br \/> iti atsan durmaz iki dakika<br \/>tek bir \u00e7\u0131t\u0131rt\u0131 ka\u00e7maz n\u00f6bette<br \/>ve \u00fcstelik biliriz bu neyin \u00e7\u0131t\u0131rt\u0131s\u0131<br \/>hangi a\u011fac\u0131n dal\u0131 titredi<br \/>hangi hayvan h\u0131\u015f\u0131rdatt\u0131 yapra\u011f\u0131<br \/>da\u011fda ormanda birer hayvand\u0131k biz<\/p>\n<p>ve yaln\u0131zd\u0131k onlar kadar<\/p>\n<p>subtiava&#8217;da bir k\u0131z\u0131lderili vard\u0131<br \/>akraband\u0131 senin iyi adamd\u0131<br \/>adiac&#8217;\u0131n torunlar\u0131 der saklard\u0131 bizi<br \/>onun kulubesinde ba\u015flad\u0131 ilk<br \/>ellerimizin ve kalbimizin<br \/> b\u00fcy\u00fck maceras\u0131<\/p>\n<p>y\u0131ld\u0131zlara \u00e7\u0131kt\u0131k damdaki aral\u0131ktan<\/p>\n<p>damdaki aral\u0131ktan<\/p>\n<p>ayr\u0131l\u0131\u011fa \u00e7\u0131kt\u0131k<\/p>\n<p>ayr\u0131l\u0131k i\u00e7imi macheteyle bi\u00e7er<br \/>kalbimin kuytular\u0131 titredi de da\u011flarda<\/p>\n<p> ge\u00e7medi senden tek bir haber<\/p>\n<p>ad\u0131 neydi o k\u0131z\u0131lderilinin<br \/>iyi adamd\u0131 akraband\u0131 senin<br \/>atabal\u0131n\u0131 al\u0131p \u00e7\u0131kard\u0131 barrioya<br \/>barangan-bangaran<br \/>bu ak\u015fam yedide meydanda<\/p>\n<p>barangan-bangaran<br \/>bu ak\u015fam yedide meydanda<\/p>\n<p>ak\u015fam g\u00f6sterilerinde yakt\u0131\u011f\u0131m\u0131z mumlar<br \/>\u00e7obanate\u015fleri oldu barriolarda<br \/>her barrioda da\u011fate\u015fleri g\u00fcl\u00fcm<br \/>sizinkiler y\u00fcr\u00fcd\u00fc<br \/>adiac&#8217;\u0131n torunlar\u0131<\/p>\n<p>bak\u0131r ve kalay madenleri y\u00fcr\u00fcd\u00fc<br \/>kau\u00e7uk plantasyonlar\u0131 andlar<br \/>b\u00fct\u00fcn latin amerika y\u00fcr\u00fcd\u00fc<\/p>\n<p>kalbimin kuytular\u0131 titredi de<br \/>ge\u00e7medi senden tek bir haber<\/p>\n<p>devrim kentlere y\u00fcr\u00fcd\u00fc<\/p>\n<p>prio reis<br \/>ya\u015fl\u0131 kurt<br \/>jesus christ&#8217;i dinletirdin bize<br \/>dipteki masada ikimiz<br \/>a\u011f\u0131za\u011f\u0131za verir konu\u015furduk<br \/>as\u0131msad\u0131n m\u0131<br \/>bira paras\u0131 de\u011fil<br \/>\u015fiir verirmi\u015f sana ruben dario<br \/>\u00e7ok y\u0131llar ge\u00e7ti reis<br \/>kald\u0131 m\u0131 bilmem<br \/>dipteki masada<\/p>\n<p>izimiz<\/p>\n<p>sana da\u011f\u0131 ve hapishaneyi getirdim<br \/> \u015fiiri bir de<br \/>mutlaka gelmi\u015ftir<br \/>sa\u00e7lar\u0131n\u0131 kestiyse bir o\u011flan \u00e7ocu\u011fu gibi<br \/>kara bir g\u00f6zl\u00fc\u011f\u00fcn ard\u0131na gizlediyse g\u00f6zlerini<br \/>y\u00fcr\u00fcy\u00fc\u015f\u00fcn\u00fc ne yaps\u0131n reis<\/p>\n<p> g\u00fcl\u00fc\u015f\u00fcn\u00fc<\/p>\n<p>g\u00fcl\u00fc\u015f\u00fc bir r\u00fczgard\u0131<br \/>ku\u015flar\u0131n kanad\u0131na binip giden<br \/>ku\u015flar\u0131n u\u00e7ma merak\u0131na<br \/>onun r\u00fczgarlar\u0131 neden<\/p>\n<p>b\u0131\u00e7aklar\u0131mla keserim g\u00fcr\u00fclt\u00fcy\u00fc<br \/>eski plaklardan koy<br \/>\u00fc\u00e7 de bira getir reis<br \/>sen<br \/>ben<br \/> bir de onun hayali<\/p>\n<p>kar\u015f\u0131l\u0131kl\u0131 i\u00e7eriz<\/p>\n<p>kollar\u0131m ba\u011fl\u0131<br \/>de\u011fildi<br \/>bunu<br \/>anlad\u0131m<\/p>\n<p>oyunhavalar\u0131<br \/>klarnet<br \/>darbuka<\/p>\n<p>rak\u0131<\/p>\n<p>rak\u0131l\u0131<br \/>uzun masalarda insan kendini e\u011fri \u00e7akar<\/p>\n<p>benim i\u00e7imde zenci bir ak\u015fam vard\u0131<br \/>pastoral bir ay utanmas\u0131z soyunuyordu<br \/>\u00e7obank\u00f6pekleri kal\u0131n havlad\u0131<br \/>ku\u015fluk vakti sokuldum ranzama<br \/>oyunhavalar\u0131 klarnet darbuka rak\u0131<br \/>benim i\u00e7imde zenci bir ak\u015fam vard\u0131<\/p>\n<p>\u00e7ingeneler k\u00fcst\u00fc<\/p>\n<p>oyunhavalar\u0131<br \/>klarnet<br \/>darbuka<\/p>\n<p>k\u00fcst\u00fc<\/p>\n<p>saksofona d\u00f6nd\u00fcm y\u00fcz\u00fcm\u00fc<\/p>\n<p>ipince girdi geceye soprano saksofon<br \/>\u00f6ld\u00fcr\u00fclenler ambrosia i\u00e7er dedi<br \/>\u00f6ld\u00fcr\u00fclenlerin \u00f6lmedi\u011fini saksofon s\u00f6yledi<br \/>o dere bu dere miydi diye sordum k\u0131z\u0131l<br \/> dere miydi kalbimin ufkuna k\u0131vr\u0131larak yatm\u0131\u015f<br \/> her k\u0131vr\u0131m\u0131 bir ba\u015fka t\u00fcrl\u00fc baruta batm\u0131\u015f<\/p>\n<p>allegro dedi i\u00e7imdeki maystro<\/p>\n<p> allegro be<\/p>\n<p>bacaklar\u0131m uzad\u0131 da<\/p>\n<p>sokaklara s\u0131\u011famad\u0131m<\/p>\n<p>sokaklarda<\/p>\n<p>sen<\/p>\n<p>yoktun<\/p>\n<p>ben kederimi ellerinden tuttum<\/p>\n<p>arananlar listesinde afi\u015fe olmu\u015f y\u00fcz\u00fcn<br \/>\u015fark\u0131lar\u0131n ve polisin bilmedi\u011fi ad\u0131n\u0131<br \/>kafiye d\u00fc\u015fmez ad\u0131n\u0131<br \/>ba\u011f\u0131rsam<\/p>\n<p> ba\u011f\u0131rsam<\/p>\n<p>duvarlarda y\u00fcz\u00fcn kalm\u0131\u015f<br \/>gidip g\u00f6rd\u00fcm<br \/>kimseler g\u00f6rmedi<\/p>\n<p>ellerimi y\u00fcz\u00fcme s\u00fcrd\u00fcm<\/p>\n<p>ellerim y\u00fcz\u00fcmde geziyorum<\/p>\n<p>ya\u011fmurlar ya\u011fmazd\u0131 eskiden b\u00f6yle<\/p>\n<p>g\u00fcnlerdir y\u00fcz\u00fcm\u00fcn \u0131slakl\u0131\u011f\u0131n\u0131 ya\u011fmura yordum<\/p>\n<p>sen yoktun<br \/>belki ya\u011fmur<\/p>\n<p>ben kederimi ellerinden tuttum<\/p>\n<p>kalk\u0131p oynayabildi\u011fime g\u00f6re despina&#8217;da<br \/> oyunhavalar\u0131 da bilmem \u00fcstelik<br \/>kollar\u0131m ba\u011fl\u0131 de\u011fildi bunu anlad\u0131m<br \/>\u00e7ingeneler klarnet darbuka rak\u0131<br \/>kalk\u0131p oynayabildi\u011fime g\u00f6re despina&#8217;da<br \/>kollar\u0131m ba\u011fl\u0131 de\u011fildi<\/p>\n<p> bunu anlad\u0131m<\/p>\n<p>yan\u0131mdaki kad\u0131n kimdi<\/p>\n<p>sen de\u011fildin buna eminim<br \/>senin ellerinden elleri vard\u0131<br \/>belki bu y\u00fczden vard\u0131<br \/>ve hatta g\u00f6zlerinden g\u00f6zleri vard\u0131<br \/>belki bu y\u00fczden vard\u0131<br \/>ama sen de\u011fildin<\/p>\n<p>buna eminim<\/p>\n<p>g\u00fcl\u00fc\u015f\u00fcn bir r\u00fczgard\u0131 senin<br \/>ku\u015flar\u0131n kanad\u0131na binip giden<br \/>ku\u015flar\u0131n u\u00e7ma merak\u0131na<br \/>senin r\u00fczgarlar\u0131n neden<\/p>\n<p>nerdesin<\/p>\n<p>muslu\u011fu a\u00e7an ellerinde<br \/>belli de\u011fil<br \/>su mu akard\u0131<\/p>\n<p> g\u00fcm\u00fc\u015f m\u00fc<\/p>\n<p>nerdesin<\/p>\n<p>yoruldu kalbim<br \/>kad\u0131nlarda<br \/>aramaktan<br \/>seni<\/p>\n<p>t\u00fcketiyorum onlar\u0131<\/p>\n<p>kendimi<\/p>\n<p> nerdesin<\/p>\n<p>bir ak\u015fam vakti zifiri d\u00fc\u015f\u00fcnd\u00fcm<\/p>\n<p>bir tuhaf dursa da kadifeler<\/p>\n<p> hatmiler<\/p>\n<p> cudi da\u011f\u0131&#8217;n\u0131n cay\u0131rt\u0131s\u0131na sar\u0131n\u0131p y\u00fcr\u00fcd\u00fcm<\/p>\n<p>kolu kanad\u0131 k\u0131r\u0131k bir \u00e7\u0131kr\u0131k gibi duruyor evin<br \/>az \u00f6tede suluboya bir dere ak\u0131yor gibi<br \/> akm\u0131yor gibi<br \/>\u00e7ocuklar\u0131n \u00e7ite yaslanm\u0131\u015f hayali bak\u0131yor gibi<br \/> bakm\u0131yor gibi<\/p>\n<p>duvarlardaki kur\u015fun oyuklar\u0131na bat\u0131yor<br \/>uzayan g\u00f6lgeleri<\/p>\n<p> f\u0131s\u0131lt\u0131lar\u0131m\u0131z\u0131n<\/p>\n<p>baban<br \/>o dev gibi adam<br \/>varla yok<br \/> aras\u0131<\/p>\n<p>kendi dilinde gizlice b\u00fcy\u00fcyor k\u00fc\u00e7\u00fck karde\u015fin<br \/>\u00f6r\u00fcp \u00e7\u00f6z\u00fcyor<br \/>\u00e7\u00f6z\u00fcp \u00f6r\u00fcyor sa\u00e7lar\u0131n\u0131 annen<br \/> g\u00f6lgesi geceden kara<br \/>bir g\u00fclebilse<br \/>nar gibi sa\u00e7\u0131lacak odaya<\/p>\n<p>kahkahan<\/p>\n<p>\u015filan<br \/>muhtar fena adam<br \/>ihbar edecek beni<br \/>korucu d\u00fcd\u00fckleri<br \/>y\u0131rt\u0131yor geceyi<\/p>\n<p> korkudan<\/p>\n<p>kalbimin haritalar\u0131 kar\u0131\u015ft\u0131<br \/>birbirine \u00e7\u0131km\u0131yor yollar\u0131<br \/>ne izin var y\u0131rt\u0131lan gecede<br \/>ne kederimde tutunacak bir dal<\/p>\n<p>ho\u015f\u00e7akal \u015filan&#8217;\u0131n annesi<br \/>babas\u0131 karde\u015fi<\/p>\n<p> \u00fclkesi<\/p>\n<p>ho\u015f\u00e7akal<\/p>\n<p>dedesi b\u0131rakm\u0131yor yatmaya<br \/>mart\u0131lar\u0131 kanats\u0131z d\u00fc\u015f\u00fcnmek<\/p>\n<p>g\u00f6z\u00fcm\u00fc a\u00e7\u0131yorum turuncudan k\u0131rm\u0131z\u0131ya<\/p>\n<p>\u00e7\u00fcnk\u00fc yakamozlar akl\u0131m\u0131 \u00e7eliyor<\/p>\n<p>bu ba\u011f\u0131rmak ne ay\u0131\u015f\u0131\u011f\u0131<\/p>\n<p> Ocak 1988 &#8211; Mart 1990<\/p>\n<p>NOTLAR<\/p>\n<p>lalezar caddesi<br \/>Tahran&#8217;da bir cadde ; sinemalar\u0131, tiyatrolar\u0131 ve e\u011flence yerleriyle \u00fcnl\u00fc.<\/p>\n<p>furu\u011f farrohzad (1934 &#8211; 1966)<br \/>\u015eiirleri bir \u00e7ok dile \u00e7evrilen \u00fcnl\u00fc kad\u0131n \u015fair. \u00c7a\u011fda\u015f \u0130ran \u015eiiri&#8217;nin \u00f6nde gelen adlar\u0131ndan. Ayn\u0131 zamanda sinemac\u0131d\u0131r.<\/p>\n<p>Said soltanpur<br \/>\u0130ranl\u0131 \u015fair Soltanpur. \u015eah&#8217;\u0131n devrilmesinden sonra \u00fclkesine d\u00f6n\u00fcyor ve politik i\u00e7erikli sokak tiyatrosu yap\u0131yor. 19 Haziran 1981&#8217;de, Humeyni iktidar\u0131 taraf\u0131ndan idam ediliyor.<\/p>\n<p>ya merg ya azadi<br \/>Ya \u00f6zg\u00fcrl\u00fck ya \u00f6l\u00fcm.<\/p>\n<p>zendan-e evin<br \/>Tahran&#8217;\u0131n kuzeyinde, infazlar\u0131 ve i\u015fkenceleriyle \u00fcnl\u00fc olan cezaevi.<\/p>\n<p>cub<br \/>Tahran&#8217;da ve kimi ba\u015fka kentlerde, caddelerin her iki yan\u0131ndan akan su kanallar\u0131.<\/p>\n<p>pasdar<br \/>Devrim muhaf\u0131z\u0131.<\/p>\n<p>boer<br \/>Afrikaaner.<\/p>\n<p>bantu<br \/>Siyah.<\/p>\n<p>senjenina<br \/>G\u00fcney Afrika&#8217;da, e\u015fleri cezaevine d\u00fc\u015fen kad\u0131nlar\u0131n \u00e7ocuklar\u0131na okuduklar\u0131 bir t\u00fcr a\u011f\u0131tninni.<\/p>\n<p>akarnan<br \/>Hen\u00fcz \u00e7ocukken, babas\u0131, Arkadya kral\u0131 Phegeus taraf\u0131ndan \u00f6ld\u00fcr\u00fclen Akarnan&#8217;\u0131n annesi, tanr\u0131 Zeus&#8217;tan o\u011flunun \u00e7abuk b\u00fcy\u00fcmesini dilemi\u015f. Akarnan, bir ka\u00e7 ay i\u00e7inde ergenlik \u00e7a\u011f\u0131na ermi\u015f ve babas\u0131n\u0131n \u00f6c\u00fcn\u00fc alm\u0131\u015f.<\/p>\n<p>kara\u00e7al\u0131<br \/>The Black Pimpernal<br \/>Mandela&#8217;ya halk\u0131n takt\u0131\u011f\u0131 ad. Bu da mandela&#8217;y\u0131 G\u00fcney Afrika efsanesinin ba\u015f kahraman\u0131 yap\u0131yor.<\/p>\n<p>langatownship<br \/>B\u00fcy\u00fck kentlerin yak\u0131nlar\u0131nda kurulan ve siyahlar\u0131n oturmak zorunda olduklar\u0131 gettolar.<\/p>\n<p>robben island<br \/>Capetown a\u00e7\u0131klar\u0131ndaki bir adaya yap\u0131lm\u0131\u015f ve Mandela&#8217;n\u0131n da uzun y\u0131llar yatt\u0131\u011f\u0131 bir zindan.<\/p>\n<p>sic itur ad astra<br \/>Bu kap\u0131lardan insan y\u0131ld\u0131zlara \u00e7\u0131kar.<br \/>Nikaragua&#8217;da, Hukuk Fak\u00fcltesi&#8217;nin kap\u0131s\u0131nda yaz\u0131l\u0131 olan bir \u00f6zdeyi\u015f.<\/p>\n<p>leon<br \/>Kent.<\/p>\n<p>campesino<br \/>K\u0131rsal kesimde ya\u015fayan erkek. K\u00f6yl\u00fc erkek.<\/p>\n<p>companero<br \/>Yolda\u015f.<\/p>\n<p>patria libre o morir<br \/>Ya \u00f6zg\u00fcrl\u00fck ya \u00f6l\u00fcm.<\/p>\n<p>subtiava<br \/>FSLN&#8217;nin kuruldu\u011fu ve \u00f6rg\u00fctl\u00fc m\u00fccadeleye ba\u015flad\u0131\u011f\u0131 ilk y\u0131llarda en g\u00fc\u00e7l\u00fc oldu\u011fu b\u00f6lge.<\/p>\n<p>adiac<br \/>Efsanevi bir k\u0131z\u0131lderili lideri.<\/p>\n<p>machete<br \/>Kam\u0131\u015f kesmekte kullan\u0131lan b\u00fcy\u00fck ve a\u011f\u0131r pala.<\/p>\n<p>atabal<br \/>Alt\u0131 bak\u0131r ya da pirin\u00e7 olan b\u00fcy\u00fck bir davul.<\/p>\n<p>barrio<br \/>Mahalle.<\/p>\n<p>ruben dario (1867 &#8211; 1916)<br \/>Nikaragual\u0131 bir \u015fair.<\/p>\n<p>tacho<br \/>Somoza&#8217;ya tak\u0131lan bir ad.<\/p>\n<p>ambrosia<br \/>B\u00fcy\u00fcl\u00fc bal.<br \/>Olympos tanr\u0131lar\u0131 bu balla beslenirlermi\u015f. \u00d6l\u00fcms\u00fcz anlam\u0131na geliyor. Bu bal insanlara i\u00e7irildi\u011finde, onlara gen\u00e7lik, mutluluk ve \u00f6l\u00fcms\u00fczl\u00fck sa\u011flarm\u0131\u015f.<\/p>\n<p>Nevzat \u00c7EL\u0130K<\/p>\n","protected":false},"excerpt":{"rendered":"<p>\u00a0 \u00f6nce ya\u011fmur vard\u0131 adam i\u00e7erden kekeme ad\u0131mlarla \u00e7\u0131kt\u0131burnunun ucuna d\u00fc\u015fen g\u00f6zl\u00fc\u011f\u00fcn\u00fc d\u00fczelttiarkadan ba\u011fl\u0131 de\u011fildi kollar\u0131ama o bunu farketmedibakt\u0131 bir ufka yat\u0131p bakar gibi bir ufkag\u00f6r\u00fc\u015f\u00e7\u00fclerin aras\u0131na kar\u0131\u015ft\u0131moysa ben de\u011fildim arad\u0131\u011f\u0131 sar\u0131ld\u0131lar boynuna adam\u0131nsar\u0131lanlar\u0131 tan\u0131yordum \u00e7ok iyi tan\u0131yordum adam \u00f6pt\u00fc onlar\u0131 koklad\u0131adam birini arad\u0131 durmadanben de\u011fildim arad\u0131\u011f\u0131sendinusulca ellerimi tutan seni ya\u011fmurlar\u0131n ald\u0131\u011f\u0131n\u0131 biliyordubelki bilmiyorduadam durmadan [&hellip;]<\/p>\n","protected":false},"author":1,"featured_media":0,"comment_status":"open","ping_status":"open","sticky":false,"template":"","format":"standard","meta":{"footnotes":""},"categories":[25],"tags":[],"class_list":{"0":"post-2790","1":"post","2":"type-post","3":"status-publish","4":"format-standard","6":"category-nevzat-celik"},"yoast_head":"<!-- This site is optimized with the Yoast SEO Premium plugin v24.9 (Yoast SEO v24.9) - https:\/\/yoast.com\/wordpress\/plugins\/seo\/ -->\n<title>YA\u011eMUR YA\u011eMASAYDI - narteks.net<\/title>\n<meta name=\"robots\" content=\"index, follow, max-snippet:-1, max-image-preview:large, max-video-preview:-1\" \/>\n<link rel=\"canonical\" href=\"https:\/\/narteks.net\/index.php\/2009\/12\/07\/yagmur-yagmasaydi\/\" \/>\n<meta property=\"og:locale\" content=\"tr_TR\" \/>\n<meta property=\"og:type\" content=\"article\" \/>\n<meta property=\"og:title\" content=\"YA\u011eMUR YA\u011eMASAYDI\" \/>\n<meta property=\"og:description\" content=\"\u00a0 \u00f6nce ya\u011fmur vard\u0131 adam i\u00e7erden kekeme ad\u0131mlarla \u00e7\u0131kt\u0131burnunun ucuna d\u00fc\u015fen g\u00f6zl\u00fc\u011f\u00fcn\u00fc d\u00fczelttiarkadan ba\u011fl\u0131 de\u011fildi kollar\u0131ama o bunu farketmedibakt\u0131 bir ufka yat\u0131p bakar gibi bir ufkag\u00f6r\u00fc\u015f\u00e7\u00fclerin aras\u0131na kar\u0131\u015ft\u0131moysa ben de\u011fildim arad\u0131\u011f\u0131 sar\u0131ld\u0131lar boynuna adam\u0131nsar\u0131lanlar\u0131 tan\u0131yordum \u00e7ok iyi tan\u0131yordum adam \u00f6pt\u00fc onlar\u0131 koklad\u0131adam birini arad\u0131 durmadanben de\u011fildim arad\u0131\u011f\u0131sendinusulca ellerimi tutan seni ya\u011fmurlar\u0131n ald\u0131\u011f\u0131n\u0131 biliyordubelki bilmiyorduadam durmadan [&hellip;]\" \/>\n<meta property=\"og:url\" content=\"https:\/\/narteks.net\/index.php\/2009\/12\/07\/yagmur-yagmasaydi\/\" \/>\n<meta property=\"og:site_name\" content=\"narteks.net\" \/>\n<meta property=\"article:published_time\" content=\"2009-12-07T10:35:45+00:00\" \/>\n<meta property=\"og:image\" content=\"https:\/\/narteks.net\/wp-content\/uploads\/narteks.png\" \/>\n\t<meta property=\"og:image:width\" content=\"300\" \/>\n\t<meta property=\"og:image:height\" content=\"90\" \/>\n\t<meta property=\"og:image:type\" content=\"image\/png\" \/>\n<meta name=\"author\" content=\"Tar\u0131k\" \/>\n<meta name=\"twitter:card\" content=\"summary_large_image\" \/>\n<meta name=\"twitter:creator\" content=\"@narteks\" \/>\n<meta name=\"twitter:site\" content=\"@narteks\" \/>\n<meta name=\"twitter:label1\" content=\"Yazan:\" \/>\n\t<meta name=\"twitter:data1\" content=\"Tar\u0131k\" \/>\n\t<meta name=\"twitter:label2\" content=\"Tahmini okuma s\u00fcresi\" \/>\n\t<meta name=\"twitter:data2\" content=\"15 dakika\" \/>\n<script type=\"application\/ld+json\" class=\"yoast-schema-graph\">{\"@context\":\"https:\/\/schema.org\",\"@graph\":[{\"@type\":\"Article\",\"@id\":\"https:\/\/narteks.net\/index.php\/2009\/12\/07\/yagmur-yagmasaydi\/#article\",\"isPartOf\":{\"@id\":\"https:\/\/narteks.net\/index.php\/2009\/12\/07\/yagmur-yagmasaydi\/\"},\"author\":{\"name\":\"Tar\u0131k\",\"@id\":\"https:\/\/narteks.net\/#\/schema\/person\/61f37d9834294b72d31d274e7ed79bca\"},\"headline\":\"YA\u011eMUR YA\u011eMASAYDI\",\"datePublished\":\"2009-12-07T10:35:45+00:00\",\"mainEntityOfPage\":{\"@id\":\"https:\/\/narteks.net\/index.php\/2009\/12\/07\/yagmur-yagmasaydi\/\"},\"wordCount\":3059,\"commentCount\":0,\"publisher\":{\"@id\":\"https:\/\/narteks.net\/#organization\"},\"articleSection\":[\"Nevzat \u00c7ELIK\"],\"inLanguage\":\"tr\",\"potentialAction\":[{\"@type\":\"CommentAction\",\"name\":\"Comment\",\"target\":[\"https:\/\/narteks.net\/index.php\/2009\/12\/07\/yagmur-yagmasaydi\/#respond\"]}]},{\"@type\":\"WebPage\",\"@id\":\"https:\/\/narteks.net\/index.php\/2009\/12\/07\/yagmur-yagmasaydi\/\",\"url\":\"https:\/\/narteks.net\/index.php\/2009\/12\/07\/yagmur-yagmasaydi\/\",\"name\":\"YA\u011eMUR YA\u011eMASAYDI - narteks.net\",\"isPartOf\":{\"@id\":\"https:\/\/narteks.net\/#website\"},\"datePublished\":\"2009-12-07T10:35:45+00:00\",\"breadcrumb\":{\"@id\":\"https:\/\/narteks.net\/index.php\/2009\/12\/07\/yagmur-yagmasaydi\/#breadcrumb\"},\"inLanguage\":\"tr\",\"potentialAction\":[{\"@type\":\"ReadAction\",\"target\":[\"https:\/\/narteks.net\/index.php\/2009\/12\/07\/yagmur-yagmasaydi\/\"]}]},{\"@type\":\"BreadcrumbList\",\"@id\":\"https:\/\/narteks.net\/index.php\/2009\/12\/07\/yagmur-yagmasaydi\/#breadcrumb\",\"itemListElement\":[{\"@type\":\"ListItem\",\"position\":1,\"name\":\"Anasayfa\",\"item\":\"https:\/\/narteks.net\/\"},{\"@type\":\"ListItem\",\"position\":2,\"name\":\"YA\u011eMUR YA\u011eMASAYDI\"}]},{\"@type\":\"WebSite\",\"@id\":\"https:\/\/narteks.net\/#website\",\"url\":\"https:\/\/narteks.net\/\",\"name\":\"narteks.net\",\"description\":\"K\u00fclt\u00fcr Sanat Edebiyat Felsefe\",\"publisher\":{\"@id\":\"https:\/\/narteks.net\/#organization\"},\"alternateName\":\"K\u00fclt\u00fcr Sanat Edebiyat Felsefe\",\"potentialAction\":[{\"@type\":\"SearchAction\",\"target\":{\"@type\":\"EntryPoint\",\"urlTemplate\":\"https:\/\/narteks.net\/?s={search_term_string}\"},\"query-input\":{\"@type\":\"PropertyValueSpecification\",\"valueRequired\":true,\"valueName\":\"search_term_string\"}}],\"inLanguage\":\"tr\"},{\"@type\":\"Organization\",\"@id\":\"https:\/\/narteks.net\/#organization\",\"name\":\"narteks.net\",\"url\":\"https:\/\/narteks.net\/\",\"logo\":{\"@type\":\"ImageObject\",\"inLanguage\":\"tr\",\"@id\":\"https:\/\/narteks.net\/#\/schema\/logo\/image\/\",\"url\":\"https:\/\/narteks.net\/wp-content\/uploads\/narteks.png\",\"contentUrl\":\"https:\/\/narteks.net\/wp-content\/uploads\/narteks.png\",\"width\":300,\"height\":90,\"caption\":\"narteks.net\"},\"image\":{\"@id\":\"https:\/\/narteks.net\/#\/schema\/logo\/image\/\"},\"sameAs\":[\"https:\/\/x.com\/narteks\",\"https:\/\/instagram.com\/narteksnet\"]},{\"@type\":\"Person\",\"@id\":\"https:\/\/narteks.net\/#\/schema\/person\/61f37d9834294b72d31d274e7ed79bca\",\"name\":\"Tar\u0131k\",\"image\":{\"@type\":\"ImageObject\",\"inLanguage\":\"tr\",\"@id\":\"https:\/\/narteks.net\/#\/schema\/person\/image\/\",\"url\":\"https:\/\/secure.gravatar.com\/avatar\/50865afb55632c4ae467e0af0930f6510aa2297d8014be502a55b14f3b7550cf?s=96&d=mm&r=g\",\"contentUrl\":\"https:\/\/secure.gravatar.com\/avatar\/50865afb55632c4ae467e0af0930f6510aa2297d8014be502a55b14f3b7550cf?s=96&d=mm&r=g\",\"caption\":\"Tar\u0131k\"},\"sameAs\":[\"http:\/\/narteks.net\"],\"url\":\"https:\/\/narteks.net\/index.php\/author\/narbak\/\"}]}<\/script>\n<!-- \/ Yoast SEO Premium plugin. -->","yoast_head_json":{"title":"YA\u011eMUR YA\u011eMASAYDI - narteks.net","robots":{"index":"index","follow":"follow","max-snippet":"max-snippet:-1","max-image-preview":"max-image-preview:large","max-video-preview":"max-video-preview:-1"},"canonical":"https:\/\/narteks.net\/index.php\/2009\/12\/07\/yagmur-yagmasaydi\/","og_locale":"tr_TR","og_type":"article","og_title":"YA\u011eMUR YA\u011eMASAYDI","og_description":"\u00a0 \u00f6nce ya\u011fmur vard\u0131 adam i\u00e7erden kekeme ad\u0131mlarla \u00e7\u0131kt\u0131burnunun ucuna d\u00fc\u015fen g\u00f6zl\u00fc\u011f\u00fcn\u00fc d\u00fczelttiarkadan ba\u011fl\u0131 de\u011fildi kollar\u0131ama o bunu farketmedibakt\u0131 bir ufka yat\u0131p bakar gibi bir ufkag\u00f6r\u00fc\u015f\u00e7\u00fclerin aras\u0131na kar\u0131\u015ft\u0131moysa ben de\u011fildim arad\u0131\u011f\u0131 sar\u0131ld\u0131lar boynuna adam\u0131nsar\u0131lanlar\u0131 tan\u0131yordum \u00e7ok iyi tan\u0131yordum adam \u00f6pt\u00fc onlar\u0131 koklad\u0131adam birini arad\u0131 durmadanben de\u011fildim arad\u0131\u011f\u0131sendinusulca ellerimi tutan seni ya\u011fmurlar\u0131n ald\u0131\u011f\u0131n\u0131 biliyordubelki bilmiyorduadam durmadan [&hellip;]","og_url":"https:\/\/narteks.net\/index.php\/2009\/12\/07\/yagmur-yagmasaydi\/","og_site_name":"narteks.net","article_published_time":"2009-12-07T10:35:45+00:00","og_image":[{"width":300,"height":90,"url":"https:\/\/narteks.net\/wp-content\/uploads\/narteks.png","type":"image\/png"}],"author":"Tar\u0131k","twitter_card":"summary_large_image","twitter_creator":"@narteks","twitter_site":"@narteks","twitter_misc":{"Yazan:":"Tar\u0131k","Tahmini okuma s\u00fcresi":"15 dakika"},"schema":{"@context":"https:\/\/schema.org","@graph":[{"@type":"Article","@id":"https:\/\/narteks.net\/index.php\/2009\/12\/07\/yagmur-yagmasaydi\/#article","isPartOf":{"@id":"https:\/\/narteks.net\/index.php\/2009\/12\/07\/yagmur-yagmasaydi\/"},"author":{"name":"Tar\u0131k","@id":"https:\/\/narteks.net\/#\/schema\/person\/61f37d9834294b72d31d274e7ed79bca"},"headline":"YA\u011eMUR YA\u011eMASAYDI","datePublished":"2009-12-07T10:35:45+00:00","mainEntityOfPage":{"@id":"https:\/\/narteks.net\/index.php\/2009\/12\/07\/yagmur-yagmasaydi\/"},"wordCount":3059,"commentCount":0,"publisher":{"@id":"https:\/\/narteks.net\/#organization"},"articleSection":["Nevzat \u00c7ELIK"],"inLanguage":"tr","potentialAction":[{"@type":"CommentAction","name":"Comment","target":["https:\/\/narteks.net\/index.php\/2009\/12\/07\/yagmur-yagmasaydi\/#respond"]}]},{"@type":"WebPage","@id":"https:\/\/narteks.net\/index.php\/2009\/12\/07\/yagmur-yagmasaydi\/","url":"https:\/\/narteks.net\/index.php\/2009\/12\/07\/yagmur-yagmasaydi\/","name":"YA\u011eMUR YA\u011eMASAYDI - narteks.net","isPartOf":{"@id":"https:\/\/narteks.net\/#website"},"datePublished":"2009-12-07T10:35:45+00:00","breadcrumb":{"@id":"https:\/\/narteks.net\/index.php\/2009\/12\/07\/yagmur-yagmasaydi\/#breadcrumb"},"inLanguage":"tr","potentialAction":[{"@type":"ReadAction","target":["https:\/\/narteks.net\/index.php\/2009\/12\/07\/yagmur-yagmasaydi\/"]}]},{"@type":"BreadcrumbList","@id":"https:\/\/narteks.net\/index.php\/2009\/12\/07\/yagmur-yagmasaydi\/#breadcrumb","itemListElement":[{"@type":"ListItem","position":1,"name":"Anasayfa","item":"https:\/\/narteks.net\/"},{"@type":"ListItem","position":2,"name":"YA\u011eMUR YA\u011eMASAYDI"}]},{"@type":"WebSite","@id":"https:\/\/narteks.net\/#website","url":"https:\/\/narteks.net\/","name":"narteks.net","description":"K\u00fclt\u00fcr Sanat Edebiyat Felsefe","publisher":{"@id":"https:\/\/narteks.net\/#organization"},"alternateName":"K\u00fclt\u00fcr Sanat Edebiyat Felsefe","potentialAction":[{"@type":"SearchAction","target":{"@type":"EntryPoint","urlTemplate":"https:\/\/narteks.net\/?s={search_term_string}"},"query-input":{"@type":"PropertyValueSpecification","valueRequired":true,"valueName":"search_term_string"}}],"inLanguage":"tr"},{"@type":"Organization","@id":"https:\/\/narteks.net\/#organization","name":"narteks.net","url":"https:\/\/narteks.net\/","logo":{"@type":"ImageObject","inLanguage":"tr","@id":"https:\/\/narteks.net\/#\/schema\/logo\/image\/","url":"https:\/\/narteks.net\/wp-content\/uploads\/narteks.png","contentUrl":"https:\/\/narteks.net\/wp-content\/uploads\/narteks.png","width":300,"height":90,"caption":"narteks.net"},"image":{"@id":"https:\/\/narteks.net\/#\/schema\/logo\/image\/"},"sameAs":["https:\/\/x.com\/narteks","https:\/\/instagram.com\/narteksnet"]},{"@type":"Person","@id":"https:\/\/narteks.net\/#\/schema\/person\/61f37d9834294b72d31d274e7ed79bca","name":"Tar\u0131k","image":{"@type":"ImageObject","inLanguage":"tr","@id":"https:\/\/narteks.net\/#\/schema\/person\/image\/","url":"https:\/\/secure.gravatar.com\/avatar\/50865afb55632c4ae467e0af0930f6510aa2297d8014be502a55b14f3b7550cf?s=96&d=mm&r=g","contentUrl":"https:\/\/secure.gravatar.com\/avatar\/50865afb55632c4ae467e0af0930f6510aa2297d8014be502a55b14f3b7550cf?s=96&d=mm&r=g","caption":"Tar\u0131k"},"sameAs":["http:\/\/narteks.net"],"url":"https:\/\/narteks.net\/index.php\/author\/narbak\/"}]}},"_links":{"self":[{"href":"https:\/\/narteks.net\/index.php\/wp-json\/wp\/v2\/posts\/2790","targetHints":{"allow":["GET"]}}],"collection":[{"href":"https:\/\/narteks.net\/index.php\/wp-json\/wp\/v2\/posts"}],"about":[{"href":"https:\/\/narteks.net\/index.php\/wp-json\/wp\/v2\/types\/post"}],"author":[{"embeddable":true,"href":"https:\/\/narteks.net\/index.php\/wp-json\/wp\/v2\/users\/1"}],"replies":[{"embeddable":true,"href":"https:\/\/narteks.net\/index.php\/wp-json\/wp\/v2\/comments?post=2790"}],"version-history":[{"count":0,"href":"https:\/\/narteks.net\/index.php\/wp-json\/wp\/v2\/posts\/2790\/revisions"}],"wp:attachment":[{"href":"https:\/\/narteks.net\/index.php\/wp-json\/wp\/v2\/media?parent=2790"}],"wp:term":[{"taxonomy":"category","embeddable":true,"href":"https:\/\/narteks.net\/index.php\/wp-json\/wp\/v2\/categories?post=2790"},{"taxonomy":"post_tag","embeddable":true,"href":"https:\/\/narteks.net\/index.php\/wp-json\/wp\/v2\/tags?post=2790"}],"curies":[{"name":"wp","href":"https:\/\/api.w.org\/{rel}","templated":true}]}}